{"id":7176,"date":"2017-03-09T08:15:46","date_gmt":"2017-03-09T11:15:46","guid":{"rendered":"http:\/\/lavras.tv\/site\/?p=7176"},"modified":"2017-03-09T08:15:46","modified_gmt":"2017-03-09T11:15:46","slug":"informe-parlamentar-camara-de-lavras-discute-implantacao-da-procuradoria-da-mulher","status":"publish","type":"post","link":"https:\/\/lavras.tv\/site\/2017\/03\/09\/informe-parlamentar-camara-de-lavras-discute-implantacao-da-procuradoria-da-mulher\/","title":{"rendered":"[Informe Parlamentar] C\u00e2mara de Lavras discute implanta\u00e7\u00e3o da Procuradoria da Mulher"},"content":{"rendered":"<div class=\"lavra-antes-do-conteudo_2\" id=\"lavra-3786173848\"><div id=\"lavra-slider-27\" class=\"custom-slider lavra-slider-283000407 lavra-slider\"><ul><li><div style=\"margin-left: auto;margin-right: auto;text-align: center;\" id=\"lavra-4124422993\"><a href=\"https:\/\/sistemas.lavras.mg.gov.br\/portalcidadao\/#df1b1a7c7b2a290bcb31e32771e610784662739a88807c0dacac58ede5f391a7530e299dc302d611ee73cb143fc22eaf93592e53e7b5bdb01b00a0b8d28dae460c141dd2ff83412e4dc1c31b16b25f33144a9e5620ea73b13f5bc1c59411d98439ad226e8af03840603796067d87afe130812cf3de24982d0e306f9e61e764e5\" aria-label=\"Lavras-TV&#8211;720x104px (1) (1)\"><img src=\"https:\/\/lavras.tv\/site\/wp-content\/uploads\/2025\/01\/Lavras-TV-720x104px-1-1.png\" alt=\"\"  srcset=\"https:\/\/lavras.tv\/site\/wp-content\/uploads\/2025\/01\/Lavras-TV-720x104px-1-1.png 720w, https:\/\/lavras.tv\/site\/wp-content\/uploads\/2025\/01\/Lavras-TV-720x104px-1-1-470x68.png 470w, https:\/\/lavras.tv\/site\/wp-content\/uploads\/2025\/01\/Lavras-TV-720x104px-1-1-170x25.png 170w, https:\/\/lavras.tv\/site\/wp-content\/uploads\/2025\/01\/Lavras-TV-720x104px-1-1-200x29.png 200w\" sizes=\"(max-width: 720px) 100vw, 720px\" width=\"720\" height=\"104\"  style=\"display: inline-block;\" \/><\/a><\/div><\/li><li><a href=\"https:\/\/sistemas.lavras.mg.gov.br\/portalcidadao\/#df1b1a7c7b2a290bcb31e32771e610784662739a88807c0dacac58ede5f391a7530e299dc302d611ee73cb143fc22eaf93592e53e7b5bdb01b00a0b8d28dae460c141dd2ff83412e4dc1c31b16b25f33144a9e5620ea73b13f5bc1c59411d98439ad226e8af03840603796067d87afe130812cf3de24982d0e306f9e61e764e5\" aria-label=\"Banner_Emprego_PortallavrasTV\"><img src=\"https:\/\/lavras.tv\/site\/wp-content\/uploads\/2025\/03\/Banner_Emprego_PortallavrasTV.png\" alt=\"\"  srcset=\"https:\/\/lavras.tv\/site\/wp-content\/uploads\/2025\/03\/Banner_Emprego_PortallavrasTV.png 720w, https:\/\/lavras.tv\/site\/wp-content\/uploads\/2025\/03\/Banner_Emprego_PortallavrasTV-470x68.png 470w, https:\/\/lavras.tv\/site\/wp-content\/uploads\/2025\/03\/Banner_Emprego_PortallavrasTV-170x25.png 170w, https:\/\/lavras.tv\/site\/wp-content\/uploads\/2025\/03\/Banner_Emprego_PortallavrasTV-200x29.png 200w\" sizes=\"(max-width: 720px) 100vw, 720px\" width=\"720\" height=\"104\"   \/><\/a><\/li><li><a href=\"https:\/\/sistemas.lavras.mg.gov.br\/portalcidadao\/#df1b1a7c7b2a290bcb31e32771e610784662739a88807c0dacac58ede5f391a7530e299dc302d611ee73cb143fc22eaf93592e53e7b5bdb01b00a0b8d28dae460c141dd2ff83412e4dc1c31b16b25f33144a9e5620ea73b13f5bc1c59411d98439ad226e8af03840603796067d87afe130812cf3de24982d0e306f9e61e764e5\" aria-label=\"Banner_Obras_PortallavrasTV\"><img src=\"https:\/\/lavras.tv\/site\/wp-content\/uploads\/2025\/03\/Banner_Obras_PortallavrasTV.png\" alt=\"\"  srcset=\"https:\/\/lavras.tv\/site\/wp-content\/uploads\/2025\/03\/Banner_Obras_PortallavrasTV.png 720w, https:\/\/lavras.tv\/site\/wp-content\/uploads\/2025\/03\/Banner_Obras_PortallavrasTV-470x68.png 470w, https:\/\/lavras.tv\/site\/wp-content\/uploads\/2025\/03\/Banner_Obras_PortallavrasTV-170x25.png 170w, https:\/\/lavras.tv\/site\/wp-content\/uploads\/2025\/03\/Banner_Obras_PortallavrasTV-200x29.png 200w\" sizes=\"(max-width: 720px) 100vw, 720px\" width=\"720\" height=\"104\"   \/><\/a><\/li><li><div style=\"margin-left: auto;margin-right: auto;text-align: center;\" id=\"lavra-2047102182\"><a href=\"https:\/\/sistemas.lavras.mg.gov.br\/portalcidadao\/#df1b1a7c7b2a290bcb31e32771e610784662739a88807c0dacac58ede5f391a7530e299dc302d611ee73cb143fc22eaf93592e53e7b5bdb01b00a0b8d28dae460c141dd2ff83412e4dc1c31b16b25f33144a9e5620ea73b13f5bc1c59411d98439ad226e8af03840603796067d87afe130812cf3de24982d0e306f9e61e764e5\" aria-label=\"Banner_Educa\u00e7\u00e3o_PortallavrasTV\"><img src=\"https:\/\/lavras.tv\/site\/wp-content\/uploads\/2025\/01\/Banner_Educacao_PortallavrasTV.png\" alt=\"\"  srcset=\"https:\/\/lavras.tv\/site\/wp-content\/uploads\/2025\/01\/Banner_Educacao_PortallavrasTV.png 720w, https:\/\/lavras.tv\/site\/wp-content\/uploads\/2025\/01\/Banner_Educacao_PortallavrasTV-470x68.png 470w, https:\/\/lavras.tv\/site\/wp-content\/uploads\/2025\/01\/Banner_Educacao_PortallavrasTV-170x25.png 170w, https:\/\/lavras.tv\/site\/wp-content\/uploads\/2025\/01\/Banner_Educacao_PortallavrasTV-200x29.png 200w\" sizes=\"(max-width: 720px) 100vw, 720px\" width=\"720\" height=\"104\"  style=\"display: inline-block;\" \/><\/a><\/div><\/li><li><a href=\"https:\/\/sistemas.lavras.mg.gov.br\/portalcidadao\/#df1b1a7c7b2a290bcb31e32771e610784662739a88807c0dacac58ede5f391a7530e299dc302d611ee73cb143fc22eaf93592e53e7b5bdb01b00a0b8d28dae460c141dd2ff83412e4dc1c31b16b25f33144a9e5620ea73b13f5bc1c59411d98439ad226e8af03840603796067d87afe130812cf3de24982d0e306f9e61e764e5\" aria-label=\"Banner_Sa\u00fade_PortallavrasTV\"><img src=\"https:\/\/lavras.tv\/site\/wp-content\/uploads\/2025\/03\/Banner_Saude_PortallavrasTV.png\" alt=\"\"  srcset=\"https:\/\/lavras.tv\/site\/wp-content\/uploads\/2025\/03\/Banner_Saude_PortallavrasTV.png 720w, https:\/\/lavras.tv\/site\/wp-content\/uploads\/2025\/03\/Banner_Saude_PortallavrasTV-470x68.png 470w, https:\/\/lavras.tv\/site\/wp-content\/uploads\/2025\/03\/Banner_Saude_PortallavrasTV-170x25.png 170w, https:\/\/lavras.tv\/site\/wp-content\/uploads\/2025\/03\/Banner_Saude_PortallavrasTV-200x29.png 200w\" sizes=\"(max-width: 720px) 100vw, 720px\" width=\"720\" height=\"104\"   \/><\/a><\/li><li><div id=\"lavra-1915556922\" style=\"width:720px;height:104px;background-color:#ddd;overflow:scroll;\">\n\t<strong>Sa\u00edda da depura\u00e7\u00e3o de an\u00fancios<\/strong>\n\t<br><br>\n\tO an\u00fancio n\u00e3o \u00e9 exibido na p\u00e1gina<br><br>post atual: [Informe Parlamentar] C\u00e2mara de Lavras discute implanta\u00e7\u00e3o da Procuradoria da Mulher, ID: 7176<br><br><span style=\"color: red;\">O post atual n\u00e3o \u00e9 id\u00eantico ao post principal.<\/span><br><br>An\u00fancios: ROXO - TOPO INTERNA - ROTATIVO 2 (197)<br \/>Grupo de an\u00fancios: Princ_Meio01_720x104 (27)<br><br>Condi\u00e7\u00f5es de exibi\u00e7\u00e3o<div style=\"margin-bottom: 20px; white-space: pre-wrap; font-family: monospace; width: 100%; background: #ffe9e9;\"><strong>condi\u00e7\u00f5es gerais<\/strong><table border=\"1\"><thead><tr><th><\/th><th>An\u00fancios<\/th><th>wp_the_query<\/th><\/tr><\/thead><tr><td>is_main_query<\/td><td>1<\/td><td>1<\/td><\/tr><tr><td>is_rest_api<\/td><td>0<\/td><td>1<\/td><\/tr><tr><td>page<\/td><td>0<\/td><td>1<\/td><\/tr><tr><td>numpages<\/td><td>0<\/td><td>1<\/td><\/tr><tr><td>is_archive<\/td><td>1<\/td><td><\/td><\/tr><tr><td>is_search<\/td><td>1<\/td><td><\/td><\/tr><tr><td>is_home<\/td><td>1<\/td><td><\/td><\/tr><tr><td>is_404<\/td><td>1<\/td><td><\/td><\/tr><tr><td>is_attachment<\/td><td>1<\/td><td><\/td><\/tr><tr><td>is_singular<\/td><td>1<\/td><td><\/td><\/tr><tr><td>is_front_page<\/td><td>1<\/td><td><\/td><\/tr><tr><td>is_feed<\/td><td>1<\/td><td><\/td><\/tr><\/table><\/div><br><br><span style=\"color: red;\">Seu site usa HTTPS, mas o c\u00f3digo do an\u00fancio cont\u00e9m HTTP e pode n\u00e3o funcionar.<\/span>\t<br><br>\n\t<a style=\"color: green;\" href=\"https:\/\/wpadvancedads.com\/manual\/ad-debug-mode\/?utm_source=advanced-ads&utm_medium=link&utm_campaign=ad-debug-mode\" target=\"_blank\" rel=\"nofollow\">Encontre solu\u00e7\u00f5es no manual<\/a>\n<\/div>\n<\/li><\/ul><\/div><script>( window.advanced_ads_ready || jQuery( document ).ready ).call( null, function() {var $lavraslider283000407 = jQuery( \".lavra-slider-283000407\" );$lavraslider283000407.on( \"unslider.ready\", function() { jQuery( \"div.custom-slider ul li\" ).css( \"display\", \"block\" ); });$lavraslider283000407.unslider({ delay:4000, autoplay:true, nav:false, arrows:false, infinite:true });$lavraslider283000407.on(\"mouseover\", function() {$lavraslider283000407.unslider(\"stop\");}).on(\"mouseout\", function() {$lavraslider283000407.unslider(\"start\");});});<\/script><\/div><p class=\"m_-8332012296403261605m_-8514899335022733905gmail-Standard\">Em homenagem ao \u2018Dia Internacional das Mulher\u2019, a C\u00e2mara dos Vereadores em Lavras, durante sess\u00e3o extraordin\u00e1ria, promoveu um debate com as vereadoras Cristiane Costa, Nan\u00e1 Ferreira e Daia Protetora.<!--more--> Foi a primeira vez que a Casa foi presidida por uma mesa feminina. Nas elei\u00e7\u00f5es de 2016, tr\u00eas mulheres assumiram o cargo, um feito tamb\u00e9m in\u00e9dito no munic\u00edpio.<\/p>\n<p class=\"m_-8332012296403261605m_-8514899335022733905gmail-Standard\"><img fetchpriority=\"high\" decoding=\"async\" class=\"size-full wp-image-7177 aligncenter\" src=\"http:\/\/lavras.tv\/site\/wp-content\/uploads\/2017\/03\/WhatsApp-Image-2017-03-08-at-11.02.50.jpeg\" alt=\"damina\" width=\"1600\" height=\"1067\" srcset=\"https:\/\/lavras.tv\/site\/wp-content\/uploads\/2017\/03\/WhatsApp-Image-2017-03-08-at-11.02.50.jpeg 1600w, https:\/\/lavras.tv\/site\/wp-content\/uploads\/2017\/03\/WhatsApp-Image-2017-03-08-at-11.02.50-150x100.jpeg 150w, https:\/\/lavras.tv\/site\/wp-content\/uploads\/2017\/03\/WhatsApp-Image-2017-03-08-at-11.02.50-300x200.jpeg 300w, https:\/\/lavras.tv\/site\/wp-content\/uploads\/2017\/03\/WhatsApp-Image-2017-03-08-at-11.02.50-1024x683.jpeg 1024w, https:\/\/lavras.tv\/site\/wp-content\/uploads\/2017\/03\/WhatsApp-Image-2017-03-08-at-11.02.50-480x320.jpeg 480w, https:\/\/lavras.tv\/site\/wp-content\/uploads\/2017\/03\/WhatsApp-Image-2017-03-08-at-11.02.50-272x182.jpeg 272w\" sizes=\"(max-width: 1600px) 100vw, 1600px\" \/><\/p>\n<p class=\"m_-8332012296403261605m_-8514899335022733905gmail-Standard\">Na oportunidade a vereadora Nan\u00e1 falou do projeto que institui a Procuradoria da Mulher em Lavras. A cria\u00e7\u00e3o do \u00f3rg\u00e3o foi sugerida pela deputada federal D\u00e2mina Pereira (PSL), durante uma reuni\u00e3o com vereadoras e a delegada titular da Delegacia da Mulher, Dra Ana Paula Arruda.<\/p>\n<p class=\"m_-8332012296403261605m_-8514899335022733905gmail-Standard\">Representando a parlamentar, sua assessora S\u00e3ozinha Ribeiro falou sobre a import\u00e2ncia da implanta\u00e7\u00e3o da procuradoria da mulher na cidade. \u201cA procuradoria \u00e9 de grande valor para a cidade, atrav\u00e9s dela pode-se criar tamb\u00e9m uma casa de apoio \u00e0 mulher. Muitas vezes elas se desentendem com o companheiro, n\u00e3o tem para aonde ir e acabam voltando a conviv\u00eancia\u201d, explicou.<\/p>\n<p class=\"m_-8332012296403261605m_-8514899335022733905gmail-Standard\">Segundo o vereador Carlos Lindomar, o projeto ser\u00e1 analisado pela Comiss\u00e3o de Constitui\u00e7\u00e3o e Justi\u00e7a e seguir\u00e1 os tr\u00e2mites dentro da casa para ent\u00e3o ser colocado em vota\u00e7\u00e3o. \u201cA Dra. Ana Paula ser\u00e1 inclusive convidada a comparecer \u00e0 C\u00e2mara para falar mais sobre o assunto\u201d, concluiu.<\/p>\n<p class=\"m_-8332012296403261605m_-8514899335022733905gmail-Standard\">Fonte: Gabinete da deputada D\u00e2mina Pereira<\/p>\n","protected":false},"excerpt":{"rendered":"<p>Em homenagem ao \u2018Dia Internacional das Mulher\u2019, a C\u00e2mara dos Vereadores em Lavras, durante sess\u00e3o extraordin\u00e1ria, promoveu um debate com as vereadoras Cristiane Costa, Nan\u00e1 Ferreira e Daia Protetora.<\/p>\n","protected":false},"author":2,"featured_media":7177,"comment_status":"closed","ping_status":"open","sticky":false,"template":"","format":"standard","meta":{"advgb_blocks_editor_width":"","advgb_blocks_columns_visual_guide":"","_exactmetrics_skip_tracking":false,"_exactmetrics_sitenote_active":false,"_exactmetrics_sitenote_note":"","_exactmetrics_sitenote_category":0,"footnotes":""},"categories":[7,12],"tags":[1457,671,34,2726,2782,2876],"class_list":["post-7176","post","type-post","status-publish","format-standard","has-post-thumbnail","hentry","category-destaques","category-politica","tag-camara-de-lavras","tag-damina-pereira","tag-lavras","tag-mulher","tag-procuradoria-da-mulher","tag-vereadoras"],"better_featured_image":{"id":7177,"alt_text":"","caption":"","description":"","media_type":"image","media_details":{"width":1600,"height":1067,"file":"2017\/03\/WhatsApp-Image-2017-03-08-at-11.02.50.jpeg","sizes":{"thumbnail":{"file":"WhatsApp-Image-2017-03-08-at-11.02.50-150x100.jpeg","width":150,"height":100,"mime-type":"image\/jpeg","source_url":"https:\/\/lavras.tv\/site\/wp-content\/uploads\/2017\/03\/WhatsApp-Image-2017-03-08-at-11.02.50-150x100.jpeg"},"medium":{"file":"WhatsApp-Image-2017-03-08-at-11.02.50-300x200.jpeg","width":300,"height":200,"mime-type":"image\/jpeg","source_url":"https:\/\/lavras.tv\/site\/wp-content\/uploads\/2017\/03\/WhatsApp-Image-2017-03-08-at-11.02.50-300x200.jpeg"},"large":{"file":"WhatsApp-Image-2017-03-08-at-11.02.50-1024x683.jpeg","width":1024,"height":683,"mime-type":"image\/jpeg","source_url":"https:\/\/lavras.tv\/site\/wp-content\/uploads\/2017\/03\/WhatsApp-Image-2017-03-08-at-11.02.50-1024x683.jpeg"},"featured-slider-img":{"file":"WhatsApp-Image-2017-03-08-at-11.02.50-640x480.jpeg","width":640,"height":480,"mime-type":"image\/jpeg","source_url":"https:\/\/lavras.tv\/site\/wp-content\/uploads\/2017\/03\/WhatsApp-Image-2017-03-08-at-11.02.50-640x480.jpeg"},"featured-post-img":{"file":"WhatsApp-Image-2017-03-08-at-11.02.50-480x320.jpeg","width":480,"height":320,"mime-type":"image\/jpeg","source_url":"https:\/\/lavras.tv\/site\/wp-content\/uploads\/2017\/03\/WhatsApp-Image-2017-03-08-at-11.02.50-480x320.jpeg"},"sow-carousel-default":{"file":"WhatsApp-Image-2017-03-08-at-11.02.50-272x182.jpeg","width":272,"height":182,"mime-type":"image\/jpeg","source_url":"https:\/\/lavras.tv\/site\/wp-content\/uploads\/2017\/03\/WhatsApp-Image-2017-03-08-at-11.02.50-272x182.jpeg"}},"image_meta":{"aperture":"0","credit":"","camera":"","caption":"","created_timestamp":"0","copyright":"","focal_length":"0","iso":"0","shutter_speed":"0","title":"","orientation":"0","keywords":[]}},"post":7176,"source_url":"https:\/\/lavras.tv\/site\/wp-content\/uploads\/2017\/03\/WhatsApp-Image-2017-03-08-at-11.02.50.jpeg"},"author_meta":{"display_name":"Lavras TV","author_link":"https:\/\/lavras.tv\/site\/author\/lavrastv\/"},"featured_img":"https:\/\/lavras.tv\/site\/wp-content\/uploads\/2017\/03\/WhatsApp-Image-2017-03-08-at-11.02.50-300x200.jpeg","coauthors":[],"tax_additional":{"categories":{"linked":["<a href=\"https:\/\/lavras.tv\/site\/category\/destaques\/\" class=\"advgb-post-tax-term\">Destaques<\/a>","<a href=\"https:\/\/lavras.tv\/site\/category\/politica\/\" class=\"advgb-post-tax-term\">Pol\u00edtica<\/a>"],"unlinked":["<span class=\"advgb-post-tax-term\">Destaques<\/span>","<span class=\"advgb-post-tax-term\">Pol\u00edtica<\/span>"]},"tags":{"linked":["<a href=\"https:\/\/lavras.tv\/site\/category\/politica\/\" class=\"advgb-post-tax-term\">C\u00e2mara de Lavras<\/a>","<a href=\"https:\/\/lavras.tv\/site\/category\/politica\/\" class=\"advgb-post-tax-term\">D\u00e2mina Pereira<\/a>","<a href=\"https:\/\/lavras.tv\/site\/category\/politica\/\" class=\"advgb-post-tax-term\">lavras<\/a>","<a href=\"https:\/\/lavras.tv\/site\/category\/politica\/\" class=\"advgb-post-tax-term\">mulher<\/a>","<a href=\"https:\/\/lavras.tv\/site\/category\/politica\/\" class=\"advgb-post-tax-term\">procuradoria da mulher<\/a>","<a href=\"https:\/\/lavras.tv\/site\/category\/politica\/\" class=\"advgb-post-tax-term\">vereadoras<\/a>"],"unlinked":["<span class=\"advgb-post-tax-term\">C\u00e2mara de Lavras<\/span>","<span class=\"advgb-post-tax-term\">D\u00e2mina Pereira<\/span>","<span class=\"advgb-post-tax-term\">lavras<\/span>","<span class=\"advgb-post-tax-term\">mulher<\/span>","<span class=\"advgb-post-tax-term\">procuradoria da mulher<\/span>","<span class=\"advgb-post-tax-term\">vereadoras<\/span>"]}},"comment_count":"0","relative_dates":{"created":"Publicado 9 anos atr\u00e1s","modified":"Atualizado 9 anos atr\u00e1s"},"absolute_dates":{"created":"Publicado em 9 de mar\u00e7o de 2017","modified":"Atualizado em 9 de mar\u00e7o de 2017"},"absolute_dates_time":{"created":"Publicado em 9 de mar\u00e7o de 2017 08:15","modified":"Atualizado em 9 de mar\u00e7o de 2017 08:15"},"featured_img_caption":"","series_order":"","_links":{"self":[{"href":"https:\/\/lavras.tv\/site\/wp-json\/wp\/v2\/posts\/7176","targetHints":{"allow":["GET"]}}],"collection":[{"href":"https:\/\/lavras.tv\/site\/wp-json\/wp\/v2\/posts"}],"about":[{"href":"https:\/\/lavras.tv\/site\/wp-json\/wp\/v2\/types\/post"}],"author":[{"embeddable":true,"href":"https:\/\/lavras.tv\/site\/wp-json\/wp\/v2\/users\/2"}],"replies":[{"embeddable":true,"href":"https:\/\/lavras.tv\/site\/wp-json\/wp\/v2\/comments?post=7176"}],"version-history":[{"count":1,"href":"https:\/\/lavras.tv\/site\/wp-json\/wp\/v2\/posts\/7176\/revisions"}],"predecessor-version":[{"id":7178,"href":"https:\/\/lavras.tv\/site\/wp-json\/wp\/v2\/posts\/7176\/revisions\/7178"}],"wp:featuredmedia":[{"embeddable":true,"href":"https:\/\/lavras.tv\/site\/wp-json\/wp\/v2\/media\/7177"}],"wp:attachment":[{"href":"https:\/\/lavras.tv\/site\/wp-json\/wp\/v2\/media?parent=7176"}],"wp:term":[{"taxonomy":"category","embeddable":true,"href":"https:\/\/lavras.tv\/site\/wp-json\/wp\/v2\/categories?post=7176"},{"taxonomy":"post_tag","embeddable":true,"href":"https:\/\/lavras.tv\/site\/wp-json\/wp\/v2\/tags?post=7176"}],"curies":[{"name":"wp","href":"https:\/\/api.w.org\/{rel}","templated":true}]}}