{"id":7185,"date":"2017-03-09T08:53:09","date_gmt":"2017-03-09T11:53:09","guid":{"rendered":"http:\/\/lavras.tv\/site\/?p=7185"},"modified":"2017-03-09T08:53:09","modified_gmt":"2017-03-09T11:53:09","slug":"ufla-consegue-nota-maxima-em-avaliacao-do-mec","status":"publish","type":"post","link":"https:\/\/lavras.tv\/site\/2017\/03\/09\/ufla-consegue-nota-maxima-em-avaliacao-do-mec\/","title":{"rendered":"UFLA consegue nota m\u00e1xima em avalia\u00e7\u00e3o do MEC"},"content":{"rendered":"<div class=\"lavra-antes-do-conteudo_2\" id=\"lavra-3165231322\"><div id=\"lavra-slider-27\" class=\"custom-slider lavra-slider-1529270030 lavra-slider\"><ul><li><div style=\"margin-left: auto;margin-right: auto;text-align: center;\" id=\"lavra-3481054200\"><a href=\"https:\/\/sistemas.lavras.mg.gov.br\/portalcidadao\/#df1b1a7c7b2a290bcb31e32771e610784662739a88807c0dacac58ede5f391a7530e299dc302d611ee73cb143fc22eaf93592e53e7b5bdb01b00a0b8d28dae460c141dd2ff83412e4dc1c31b16b25f33144a9e5620ea73b13f5bc1c59411d98439ad226e8af03840603796067d87afe130812cf3de24982d0e306f9e61e764e5\" aria-label=\"Lavras-TV&#8211;720x104px (1) (1)\"><img src=\"https:\/\/lavras.tv\/site\/wp-content\/uploads\/2025\/01\/Lavras-TV-720x104px-1-1.png\" alt=\"\"  srcset=\"https:\/\/lavras.tv\/site\/wp-content\/uploads\/2025\/01\/Lavras-TV-720x104px-1-1.png 720w, https:\/\/lavras.tv\/site\/wp-content\/uploads\/2025\/01\/Lavras-TV-720x104px-1-1-470x68.png 470w, https:\/\/lavras.tv\/site\/wp-content\/uploads\/2025\/01\/Lavras-TV-720x104px-1-1-170x25.png 170w, https:\/\/lavras.tv\/site\/wp-content\/uploads\/2025\/01\/Lavras-TV-720x104px-1-1-200x29.png 200w\" sizes=\"(max-width: 720px) 100vw, 720px\" width=\"720\" height=\"104\"  style=\"display: inline-block;\" \/><\/a><\/div><\/li><li><a href=\"https:\/\/sistemas.lavras.mg.gov.br\/portalcidadao\/#df1b1a7c7b2a290bcb31e32771e610784662739a88807c0dacac58ede5f391a7530e299dc302d611ee73cb143fc22eaf93592e53e7b5bdb01b00a0b8d28dae460c141dd2ff83412e4dc1c31b16b25f33144a9e5620ea73b13f5bc1c59411d98439ad226e8af03840603796067d87afe130812cf3de24982d0e306f9e61e764e5\" aria-label=\"Banner_Emprego_PortallavrasTV\"><img src=\"https:\/\/lavras.tv\/site\/wp-content\/uploads\/2025\/03\/Banner_Emprego_PortallavrasTV.png\" alt=\"\"  srcset=\"https:\/\/lavras.tv\/site\/wp-content\/uploads\/2025\/03\/Banner_Emprego_PortallavrasTV.png 720w, https:\/\/lavras.tv\/site\/wp-content\/uploads\/2025\/03\/Banner_Emprego_PortallavrasTV-470x68.png 470w, https:\/\/lavras.tv\/site\/wp-content\/uploads\/2025\/03\/Banner_Emprego_PortallavrasTV-170x25.png 170w, https:\/\/lavras.tv\/site\/wp-content\/uploads\/2025\/03\/Banner_Emprego_PortallavrasTV-200x29.png 200w\" sizes=\"(max-width: 720px) 100vw, 720px\" width=\"720\" height=\"104\"   \/><\/a><\/li><li><a href=\"https:\/\/sistemas.lavras.mg.gov.br\/portalcidadao\/#df1b1a7c7b2a290bcb31e32771e610784662739a88807c0dacac58ede5f391a7530e299dc302d611ee73cb143fc22eaf93592e53e7b5bdb01b00a0b8d28dae460c141dd2ff83412e4dc1c31b16b25f33144a9e5620ea73b13f5bc1c59411d98439ad226e8af03840603796067d87afe130812cf3de24982d0e306f9e61e764e5\" aria-label=\"Banner_Obras_PortallavrasTV\"><img src=\"https:\/\/lavras.tv\/site\/wp-content\/uploads\/2025\/03\/Banner_Obras_PortallavrasTV.png\" alt=\"\"  srcset=\"https:\/\/lavras.tv\/site\/wp-content\/uploads\/2025\/03\/Banner_Obras_PortallavrasTV.png 720w, https:\/\/lavras.tv\/site\/wp-content\/uploads\/2025\/03\/Banner_Obras_PortallavrasTV-470x68.png 470w, https:\/\/lavras.tv\/site\/wp-content\/uploads\/2025\/03\/Banner_Obras_PortallavrasTV-170x25.png 170w, https:\/\/lavras.tv\/site\/wp-content\/uploads\/2025\/03\/Banner_Obras_PortallavrasTV-200x29.png 200w\" sizes=\"(max-width: 720px) 100vw, 720px\" width=\"720\" height=\"104\"   \/><\/a><\/li><li><div style=\"margin-left: auto;margin-right: auto;text-align: center;\" id=\"lavra-1160806078\"><a href=\"https:\/\/sistemas.lavras.mg.gov.br\/portalcidadao\/#df1b1a7c7b2a290bcb31e32771e610784662739a88807c0dacac58ede5f391a7530e299dc302d611ee73cb143fc22eaf93592e53e7b5bdb01b00a0b8d28dae460c141dd2ff83412e4dc1c31b16b25f33144a9e5620ea73b13f5bc1c59411d98439ad226e8af03840603796067d87afe130812cf3de24982d0e306f9e61e764e5\" aria-label=\"Banner_Educa\u00e7\u00e3o_PortallavrasTV\"><img src=\"https:\/\/lavras.tv\/site\/wp-content\/uploads\/2025\/01\/Banner_Educacao_PortallavrasTV.png\" alt=\"\"  srcset=\"https:\/\/lavras.tv\/site\/wp-content\/uploads\/2025\/01\/Banner_Educacao_PortallavrasTV.png 720w, https:\/\/lavras.tv\/site\/wp-content\/uploads\/2025\/01\/Banner_Educacao_PortallavrasTV-470x68.png 470w, https:\/\/lavras.tv\/site\/wp-content\/uploads\/2025\/01\/Banner_Educacao_PortallavrasTV-170x25.png 170w, https:\/\/lavras.tv\/site\/wp-content\/uploads\/2025\/01\/Banner_Educacao_PortallavrasTV-200x29.png 200w\" sizes=\"(max-width: 720px) 100vw, 720px\" width=\"720\" height=\"104\"  style=\"display: inline-block;\" \/><\/a><\/div><\/li><li><a href=\"https:\/\/sistemas.lavras.mg.gov.br\/portalcidadao\/#df1b1a7c7b2a290bcb31e32771e610784662739a88807c0dacac58ede5f391a7530e299dc302d611ee73cb143fc22eaf93592e53e7b5bdb01b00a0b8d28dae460c141dd2ff83412e4dc1c31b16b25f33144a9e5620ea73b13f5bc1c59411d98439ad226e8af03840603796067d87afe130812cf3de24982d0e306f9e61e764e5\" aria-label=\"Banner_Sa\u00fade_PortallavrasTV\"><img src=\"https:\/\/lavras.tv\/site\/wp-content\/uploads\/2025\/03\/Banner_Saude_PortallavrasTV.png\" alt=\"\"  srcset=\"https:\/\/lavras.tv\/site\/wp-content\/uploads\/2025\/03\/Banner_Saude_PortallavrasTV.png 720w, https:\/\/lavras.tv\/site\/wp-content\/uploads\/2025\/03\/Banner_Saude_PortallavrasTV-470x68.png 470w, https:\/\/lavras.tv\/site\/wp-content\/uploads\/2025\/03\/Banner_Saude_PortallavrasTV-170x25.png 170w, https:\/\/lavras.tv\/site\/wp-content\/uploads\/2025\/03\/Banner_Saude_PortallavrasTV-200x29.png 200w\" sizes=\"(max-width: 720px) 100vw, 720px\" width=\"720\" height=\"104\"   \/><\/a><\/li><li><div id=\"lavra-2163009411\" style=\"width:720px;height:104px;background-color:#ddd;overflow:scroll;\">\n\t<strong>Sa\u00edda da depura\u00e7\u00e3o de an\u00fancios<\/strong>\n\t<br><br>\n\tO an\u00fancio n\u00e3o \u00e9 exibido na p\u00e1gina<br><br>post atual: UFLA consegue nota m\u00e1xima em avalia\u00e7\u00e3o do MEC, ID: 7185<br><br><span style=\"color: red;\">O post atual n\u00e3o \u00e9 id\u00eantico ao post principal.<\/span><br><br>An\u00fancios: ROXO - TOPO INTERNA - ROTATIVO 2 (197)<br \/>Grupo de an\u00fancios: Princ_Meio01_720x104 (27)<br><br>Condi\u00e7\u00f5es de exibi\u00e7\u00e3o<div style=\"margin-bottom: 20px; white-space: pre-wrap; font-family: monospace; width: 100%; background: #ffe9e9;\"><strong>condi\u00e7\u00f5es gerais<\/strong><table border=\"1\"><thead><tr><th><\/th><th>An\u00fancios<\/th><th>wp_the_query<\/th><\/tr><\/thead><tr><td>is_main_query<\/td><td>1<\/td><td>1<\/td><\/tr><tr><td>is_rest_api<\/td><td>0<\/td><td>1<\/td><\/tr><tr><td>page<\/td><td>0<\/td><td>1<\/td><\/tr><tr><td>numpages<\/td><td>0<\/td><td>1<\/td><\/tr><tr><td>is_archive<\/td><td>1<\/td><td><\/td><\/tr><tr><td>is_search<\/td><td>1<\/td><td><\/td><\/tr><tr><td>is_home<\/td><td>1<\/td><td><\/td><\/tr><tr><td>is_404<\/td><td>1<\/td><td><\/td><\/tr><tr><td>is_attachment<\/td><td>1<\/td><td><\/td><\/tr><tr><td>is_singular<\/td><td>1<\/td><td><\/td><\/tr><tr><td>is_front_page<\/td><td>1<\/td><td><\/td><\/tr><tr><td>is_feed<\/td><td>1<\/td><td><\/td><\/tr><\/table><\/div><br><br><span style=\"color: red;\">Seu site usa HTTPS, mas o c\u00f3digo do an\u00fancio cont\u00e9m HTTP e pode n\u00e3o funcionar.<\/span>\t<br><br>\n\t<a style=\"color: green;\" href=\"https:\/\/wpadvancedads.com\/manual\/ad-debug-mode\/?utm_source=advanced-ads&utm_medium=link&utm_campaign=ad-debug-mode\" target=\"_blank\" rel=\"nofollow\">Encontre solu\u00e7\u00f5es no manual<\/a>\n<\/div>\n<\/li><\/ul><\/div><script>( window.advanced_ads_ready || jQuery( document ).ready ).call( null, function() {var $lavraslider1529270030 = jQuery( \".lavra-slider-1529270030\" );$lavraslider1529270030.on( \"unslider.ready\", function() { jQuery( \"div.custom-slider ul li\" ).css( \"display\", \"block\" ); });$lavraslider1529270030.unslider({ delay:4000, autoplay:true, nav:false, arrows:false, infinite:true });$lavraslider1529270030.on(\"mouseover\", function() {$lavraslider1529270030.unslider(\"stop\");}).on(\"mouseout\", function() {$lavraslider1529270030.unslider(\"start\");});});<\/script><\/div><p>A Universidade Federal de Lavras (UFLA) \u00e9 uma das onze institui\u00e7\u00f5es de ensino superior brasileiras que alcan\u00e7aram o conceito m\u00e1ximo no \u00cdndice Geral de Cursos (IGC), avalia\u00e7\u00e3o divulgada pelo Minist\u00e9rio da Educa\u00e7\u00e3o nesta quarta-feira (8\/3).<!--more--> Com o resultado, a Universidade se mant\u00e9m no grupo de destaque, ocupando a 9\u00aa posi\u00e7\u00e3o no Pa\u00eds e a 3\u00aa coloca\u00e7\u00e3o em Minas Gerais. Das 2.109 institui\u00e7\u00f5es avaliadas, entre p\u00fablicas e privadas, apenas 0,5% obtiveram o conceito 5, considerado de excel\u00eancia. Os dados s\u00e3o referentes a 2015. Em rela\u00e7\u00e3o \u00e0 avalia\u00e7\u00e3o anterior (2014), a UFLA avan\u00e7ou uma posi\u00e7\u00e3o no cen\u00e1rio nacional.<\/p>\n<p><img fetchpriority=\"high\" decoding=\"async\" class=\"size-full wp-image-1328 aligncenter\" src=\"http:\/\/lavras.tv\/site\/wp-content\/uploads\/2016\/08\/uflacampus.jpg\" alt=\"uflacampus\" width=\"512\" height=\"384\" srcset=\"https:\/\/lavras.tv\/site\/wp-content\/uploads\/2016\/08\/uflacampus.jpg 512w, https:\/\/lavras.tv\/site\/wp-content\/uploads\/2016\/08\/uflacampus-150x113.jpg 150w, https:\/\/lavras.tv\/site\/wp-content\/uploads\/2016\/08\/uflacampus-300x225.jpg 300w\" sizes=\"(max-width: 512px) 100vw, 512px\" \/><\/p>\n<p>Os Indicadores de Qualidade da Educa\u00e7\u00e3o Superior s\u00e3o apurados pelo Instituto Nacional de Estudos e Pesquisas Educacionais An\u00edsio Teixeira (Inep) e revelam, em uma escala de notas de 1 a 5, como est\u00e3o avaliados os cursos de gradua\u00e7\u00e3o de todas as institui\u00e7\u00f5es de ensino superior do Pa\u00eds. S\u00e3o considerados o conceito obtido pelos estudantes no Exame Nacional de Desempenho de Estudantes (Enade); o Conceito Preliminar de Curso (CPC) e o \u00cdndice Geral de Cursos Avaliados da Institui\u00e7\u00e3o (IGC). Em 2015, ano base sobre o qual foram calculados os resultados rec\u00e9m-divulgados, integraram a avalia\u00e7\u00e3o cursos das \u00e1reas de Ci\u00eancias Sociais Aplicadas, Ci\u00eancias Humanas e \u00e1reas afins e os Eixos Tecnol\u00f3gicos em Gest\u00e3o e Neg\u00f3cios, Apoio Escolar, Hospitalidade e Lazer, Produ\u00e7\u00e3o Cultural e Design.<\/p>\n<p>O reitor da UFLA, professor Jos\u00e9 Roberto Soares Scolforo, avalia que os resultados alcan\u00e7ados pela institui\u00e7\u00e3o nos indicadores do Inep refletem o esfor\u00e7o conjunto de toda a comunidade acad\u00eamica \u2013 estudantes, professores e t\u00e9cnicos administrativos, al\u00e9m de demais colaboradores e parceiros. \u00a0\u201c\u00c9 sempre um orgulho para n\u00f3s saber que estamos em um grupo de excel\u00eancia, mesmo sendo ainda uma universidade de menor porte, localizada em uma cidade de interior do Estado de Minas Gerais. As avalia\u00e7\u00f5es externas nos incentivam a perseverar na busca por melhorias cont\u00ednuas, sempre com o objetivo de prestar um servi\u00e7o de alta qualidade \u00e0 sociedade\u201d.<\/p>\n<p>O trabalho desenvolvido na UFLA tem buscado privilegiar uma intera\u00e7\u00e3o permanente de a\u00e7\u00f5es de assist\u00eancia estudantil, extens\u00e3o, atividades extracurriculares, infraestrutura, incentivo \u00e0 pesquisa e ao empreendedorismo. A avalia\u00e7\u00e3o \u00e9 de que a aten\u00e7\u00e3o a todos esses projetos e iniciativas projetam reflexos positivos na qualidade do ensino e dos cursos, assim como no desempenho dos estudantes. Como institui\u00e7\u00e3o centen\u00e1ria, as conquistas do presente s\u00e3o tamb\u00e9m consideradas como frutos do trabalho de uma sequ\u00eancia de gera\u00e7\u00f5es que v\u00eam se empenhando para consolidar a qualidade da Institui\u00e7\u00e3o.<\/p>\n<p><strong>Os indicadores considerados pelo Inep<\/strong><\/p>\n<p><em>Conceito do Enade:<\/em> baseado no desempenho obtido pelos dos estudantes concluintes da gradua\u00e7\u00e3o na prova do Enade, que avalia pontos de forma\u00e7\u00e3o geral e de conhecimentos espec\u00edficos.<\/p>\n<p><em>CPC:<\/em> inclui vari\u00e1veis como o resultado do Enade, titula\u00e7\u00e3o e regime de trabalho do corpo docente; percep\u00e7\u00f5es dos estudantes sobre a organiza\u00e7\u00e3o did\u00e1tico-pedag\u00f3gica, infraestrutura e oportunidades de amplia\u00e7\u00e3o da forma\u00e7\u00e3o acad\u00eamica e profissional.<\/p>\n<p><em>IGC:<\/em> calculado com base na m\u00e9dia dos CPCs dos cursos de gradua\u00e7\u00e3o avaliados (ponderada pelo n\u00famero de matr\u00edculas) e na m\u00e9dia dos conceitos de avalia\u00e7\u00e3o da Capes dos programas de p\u00f3s-gradua\u00e7\u00e3o stricto sensu.<\/p>\n<p><strong>Altera\u00e7\u00e3o de c\u00e1lculo<\/strong><\/p>\n<p>Essa \u00faltima edi\u00e7\u00e3o dos indicadores trouxe uma altera\u00e7\u00e3o no c\u00e1lculo do conceito do Enade e do CPC , que passou a ser feito para cada curso de gradua\u00e7\u00e3o avaliado na institui\u00e7\u00e3o, e n\u00e3o mais para o conjunto de cursos que comp\u00f5em determinada \u00e1rea de avalia\u00e7\u00e3o. A mudan\u00e7a permite uma interpreta\u00e7\u00e3o espec\u00edfica dos resultados dos cursos.<\/p>\n<p><strong>Institui\u00e7\u00f5es com conceito m\u00e1ximo (5)<a href=\"http:\/\/www.ufla.br\/ascom\/wp-content\/uploads\/2017\/03\/tabela-igc.jpg\"><img decoding=\"async\" class=\"aligncenter wp-image-127996 size-large\" src=\"http:\/\/www.ufla.br\/ascom\/wp-content\/uploads\/2017\/03\/tabela-igc-612x254.jpg\" sizes=\"(max-width: 612px) 100vw, 612px\" srcset=\"http:\/\/www.ufla.br\/ascom\/wp-content\/uploads\/2017\/03\/tabela-igc-612x254.jpg 612w, http:\/\/www.ufla.br\/ascom\/wp-content\/uploads\/2017\/03\/tabela-igc-249x103.jpg 249w, http:\/\/www.ufla.br\/ascom\/wp-content\/uploads\/2017\/03\/tabela-igc-768x319.jpg 768w, http:\/\/www.ufla.br\/ascom\/wp-content\/uploads\/2017\/03\/tabela-igc.jpg 963w\" alt=\"\" width=\"612\" height=\"254\" \/><\/a><\/strong><\/p>\n<p><a href=\"http:\/\/portal.inep.gov.br\/artigo\/-\/asset_publisher\/B4AQV9zFY7Bv\/content\/id\/666223\">Acesse o site do Inep e consulte os relat\u00f3rios\u00a0completos.<\/a><\/p>\n<p>Fonte: UFLA<\/p>\n","protected":false},"excerpt":{"rendered":"<p>A Universidade Federal de Lavras (UFLA) \u00e9 uma das onze institui\u00e7\u00f5es de ensino superior brasileiras que alcan\u00e7aram o conceito m\u00e1ximo no \u00cdndice Geral de Cursos (IGC), avalia\u00e7\u00e3o divulgada pelo Minist\u00e9rio da Educa\u00e7\u00e3o nesta quarta-feira (8\/3).<\/p>\n","protected":false},"author":2,"featured_media":1328,"comment_status":"closed","ping_status":"open","sticky":false,"template":"","format":"standard","meta":{"advgb_blocks_editor_width":"","advgb_blocks_columns_visual_guide":"","_exactmetrics_skip_tracking":false,"_exactmetrics_sitenote_active":false,"_exactmetrics_sitenote_note":"","_exactmetrics_sitenote_category":0,"footnotes":""},"categories":[7,2],"tags":[2268,2877,1564,2878,2879,56],"class_list":["post-7185","post","type-post","status-publish","format-standard","has-post-thumbnail","hentry","category-destaques","category-noticias","tag-educacao","tag-igc","tag-mec","tag-melhores-universidade","tag-ranking","tag-ufla"],"better_featured_image":{"id":1328,"alt_text":"","caption":"","description":"","media_type":"image","media_details":{"width":512,"height":384,"file":"2016\/08\/uflacampus.jpg","sizes":{"thumbnail":{"file":"uflacampus-150x113.jpg","width":150,"height":113,"mime-type":"image\/jpeg","source_url":"https:\/\/lavras.tv\/site\/wp-content\/uploads\/2016\/08\/uflacampus-150x113.jpg"},"medium":{"file":"uflacampus-300x225.jpg","width":300,"height":225,"mime-type":"image\/jpeg","source_url":"https:\/\/lavras.tv\/site\/wp-content\/uploads\/2016\/08\/uflacampus-300x225.jpg"},"featured-post-img":{"file":"uflacampus-480x320.jpg","width":480,"height":320,"mime-type":"image\/jpeg","source_url":"https:\/\/lavras.tv\/site\/wp-content\/uploads\/2016\/08\/uflacampus-480x320.jpg"},"sow-carousel-default":{"file":"uflacampus-272x182.jpg","width":272,"height":182,"mime-type":"image\/jpeg","source_url":"https:\/\/lavras.tv\/site\/wp-content\/uploads\/2016\/08\/uflacampus-272x182.jpg"}},"image_meta":{"aperture":"0","credit":"","camera":"","caption":"","created_timestamp":"0","copyright":"","focal_length":"0","iso":"0","shutter_speed":"0","title":"","orientation":"0","keywords":[]}},"post":1327,"source_url":"https:\/\/lavras.tv\/site\/wp-content\/uploads\/2016\/08\/uflacampus.jpg"},"author_meta":{"display_name":"Lavras TV","author_link":"https:\/\/lavras.tv\/site\/author\/lavrastv\/"},"featured_img":"https:\/\/lavras.tv\/site\/wp-content\/uploads\/2016\/08\/uflacampus-300x225.jpg","coauthors":[],"tax_additional":{"categories":{"linked":["<a href=\"https:\/\/lavras.tv\/site\/category\/destaques\/\" class=\"advgb-post-tax-term\">Destaques<\/a>","<a href=\"https:\/\/lavras.tv\/site\/category\/noticias\/\" class=\"advgb-post-tax-term\">Not\u00edcias<\/a>"],"unlinked":["<span class=\"advgb-post-tax-term\">Destaques<\/span>","<span class=\"advgb-post-tax-term\">Not\u00edcias<\/span>"]},"tags":{"linked":["<a href=\"https:\/\/lavras.tv\/site\/category\/noticias\/\" class=\"advgb-post-tax-term\">educa\u00e7\u00e3o<\/a>","<a href=\"https:\/\/lavras.tv\/site\/category\/noticias\/\" class=\"advgb-post-tax-term\">IGC<\/a>","<a href=\"https:\/\/lavras.tv\/site\/category\/noticias\/\" class=\"advgb-post-tax-term\">MEC<\/a>","<a href=\"https:\/\/lavras.tv\/site\/category\/noticias\/\" class=\"advgb-post-tax-term\">melhores universidade<\/a>","<a href=\"https:\/\/lavras.tv\/site\/category\/noticias\/\" class=\"advgb-post-tax-term\">ranking<\/a>","<a href=\"https:\/\/lavras.tv\/site\/category\/noticias\/\" class=\"advgb-post-tax-term\">ufla<\/a>"],"unlinked":["<span class=\"advgb-post-tax-term\">educa\u00e7\u00e3o<\/span>","<span class=\"advgb-post-tax-term\">IGC<\/span>","<span class=\"advgb-post-tax-term\">MEC<\/span>","<span class=\"advgb-post-tax-term\">melhores universidade<\/span>","<span class=\"advgb-post-tax-term\">ranking<\/span>","<span class=\"advgb-post-tax-term\">ufla<\/span>"]}},"comment_count":"0","relative_dates":{"created":"Publicado 9 anos atr\u00e1s","modified":"Atualizado 9 anos atr\u00e1s"},"absolute_dates":{"created":"Publicado em 9 de mar\u00e7o de 2017","modified":"Atualizado em 9 de mar\u00e7o de 2017"},"absolute_dates_time":{"created":"Publicado em 9 de mar\u00e7o de 2017 08:53","modified":"Atualizado em 9 de mar\u00e7o de 2017 08:53"},"featured_img_caption":"","series_order":"","_links":{"self":[{"href":"https:\/\/lavras.tv\/site\/wp-json\/wp\/v2\/posts\/7185","targetHints":{"allow":["GET"]}}],"collection":[{"href":"https:\/\/lavras.tv\/site\/wp-json\/wp\/v2\/posts"}],"about":[{"href":"https:\/\/lavras.tv\/site\/wp-json\/wp\/v2\/types\/post"}],"author":[{"embeddable":true,"href":"https:\/\/lavras.tv\/site\/wp-json\/wp\/v2\/users\/2"}],"replies":[{"embeddable":true,"href":"https:\/\/lavras.tv\/site\/wp-json\/wp\/v2\/comments?post=7185"}],"version-history":[{"count":1,"href":"https:\/\/lavras.tv\/site\/wp-json\/wp\/v2\/posts\/7185\/revisions"}],"predecessor-version":[{"id":7186,"href":"https:\/\/lavras.tv\/site\/wp-json\/wp\/v2\/posts\/7185\/revisions\/7186"}],"wp:featuredmedia":[{"embeddable":true,"href":"https:\/\/lavras.tv\/site\/wp-json\/wp\/v2\/media\/1328"}],"wp:attachment":[{"href":"https:\/\/lavras.tv\/site\/wp-json\/wp\/v2\/media?parent=7185"}],"wp:term":[{"taxonomy":"category","embeddable":true,"href":"https:\/\/lavras.tv\/site\/wp-json\/wp\/v2\/categories?post=7185"},{"taxonomy":"post_tag","embeddable":true,"href":"https:\/\/lavras.tv\/site\/wp-json\/wp\/v2\/tags?post=7185"}],"curies":[{"name":"wp","href":"https:\/\/api.w.org\/{rel}","templated":true}]}}