{"id":7198,"date":"2017-03-09T16:16:32","date_gmt":"2017-03-09T19:16:32","guid":{"rendered":"http:\/\/lavras.tv\/site\/?p=7198"},"modified":"2017-03-09T16:16:32","modified_gmt":"2017-03-09T19:16:32","slug":"informe-parlamentar-damina-pereira-camara-aprovou-importantes-projetos-para-as-mulheres-do-nosso-pais","status":"publish","type":"post","link":"https:\/\/lavras.tv\/site\/2017\/03\/09\/informe-parlamentar-damina-pereira-camara-aprovou-importantes-projetos-para-as-mulheres-do-nosso-pais\/","title":{"rendered":"[Informe Parlamentar] D\u00e2mina Pereira:  \u201cC\u00e2mara aprovou importantes projetos para as mulheres do nosso pa\u00eds\u201d"},"content":{"rendered":"<div class=\"lavra-antes-do-conteudo_2\" id=\"lavra-3004900799\"><div id=\"lavra-slider-27\" class=\"custom-slider lavra-slider-1199955486 lavra-slider\"><ul><li><div style=\"margin-left: auto;margin-right: auto;text-align: center;\" id=\"lavra-522238124\"><a href=\"https:\/\/sistemas.lavras.mg.gov.br\/portalcidadao\/#df1b1a7c7b2a290bcb31e32771e610784662739a88807c0dacac58ede5f391a7530e299dc302d611ee73cb143fc22eaf93592e53e7b5bdb01b00a0b8d28dae460c141dd2ff83412e4dc1c31b16b25f33144a9e5620ea73b13f5bc1c59411d98439ad226e8af03840603796067d87afe130812cf3de24982d0e306f9e61e764e5\" aria-label=\"Lavras-TV&#8211;720x104px (1) (1)\"><img src=\"https:\/\/lavras.tv\/site\/wp-content\/uploads\/2025\/01\/Lavras-TV-720x104px-1-1.png\" alt=\"\"  srcset=\"https:\/\/lavras.tv\/site\/wp-content\/uploads\/2025\/01\/Lavras-TV-720x104px-1-1.png 720w, https:\/\/lavras.tv\/site\/wp-content\/uploads\/2025\/01\/Lavras-TV-720x104px-1-1-470x68.png 470w, https:\/\/lavras.tv\/site\/wp-content\/uploads\/2025\/01\/Lavras-TV-720x104px-1-1-170x25.png 170w, https:\/\/lavras.tv\/site\/wp-content\/uploads\/2025\/01\/Lavras-TV-720x104px-1-1-200x29.png 200w\" sizes=\"(max-width: 720px) 100vw, 720px\" width=\"720\" height=\"104\"  style=\"display: inline-block;\" \/><\/a><\/div><\/li><li><a href=\"https:\/\/sistemas.lavras.mg.gov.br\/portalcidadao\/#df1b1a7c7b2a290bcb31e32771e610784662739a88807c0dacac58ede5f391a7530e299dc302d611ee73cb143fc22eaf93592e53e7b5bdb01b00a0b8d28dae460c141dd2ff83412e4dc1c31b16b25f33144a9e5620ea73b13f5bc1c59411d98439ad226e8af03840603796067d87afe130812cf3de24982d0e306f9e61e764e5\" aria-label=\"Banner_Emprego_PortallavrasTV\"><img src=\"https:\/\/lavras.tv\/site\/wp-content\/uploads\/2025\/03\/Banner_Emprego_PortallavrasTV.png\" alt=\"\"  srcset=\"https:\/\/lavras.tv\/site\/wp-content\/uploads\/2025\/03\/Banner_Emprego_PortallavrasTV.png 720w, https:\/\/lavras.tv\/site\/wp-content\/uploads\/2025\/03\/Banner_Emprego_PortallavrasTV-470x68.png 470w, https:\/\/lavras.tv\/site\/wp-content\/uploads\/2025\/03\/Banner_Emprego_PortallavrasTV-170x25.png 170w, https:\/\/lavras.tv\/site\/wp-content\/uploads\/2025\/03\/Banner_Emprego_PortallavrasTV-200x29.png 200w\" sizes=\"(max-width: 720px) 100vw, 720px\" width=\"720\" height=\"104\"   \/><\/a><\/li><li><a href=\"https:\/\/sistemas.lavras.mg.gov.br\/portalcidadao\/#df1b1a7c7b2a290bcb31e32771e610784662739a88807c0dacac58ede5f391a7530e299dc302d611ee73cb143fc22eaf93592e53e7b5bdb01b00a0b8d28dae460c141dd2ff83412e4dc1c31b16b25f33144a9e5620ea73b13f5bc1c59411d98439ad226e8af03840603796067d87afe130812cf3de24982d0e306f9e61e764e5\" aria-label=\"Banner_Obras_PortallavrasTV\"><img src=\"https:\/\/lavras.tv\/site\/wp-content\/uploads\/2025\/03\/Banner_Obras_PortallavrasTV.png\" alt=\"\"  srcset=\"https:\/\/lavras.tv\/site\/wp-content\/uploads\/2025\/03\/Banner_Obras_PortallavrasTV.png 720w, https:\/\/lavras.tv\/site\/wp-content\/uploads\/2025\/03\/Banner_Obras_PortallavrasTV-470x68.png 470w, https:\/\/lavras.tv\/site\/wp-content\/uploads\/2025\/03\/Banner_Obras_PortallavrasTV-170x25.png 170w, https:\/\/lavras.tv\/site\/wp-content\/uploads\/2025\/03\/Banner_Obras_PortallavrasTV-200x29.png 200w\" sizes=\"(max-width: 720px) 100vw, 720px\" width=\"720\" height=\"104\"   \/><\/a><\/li><li><div style=\"margin-left: auto;margin-right: auto;text-align: center;\" id=\"lavra-1750626770\"><a href=\"https:\/\/sistemas.lavras.mg.gov.br\/portalcidadao\/#df1b1a7c7b2a290bcb31e32771e610784662739a88807c0dacac58ede5f391a7530e299dc302d611ee73cb143fc22eaf93592e53e7b5bdb01b00a0b8d28dae460c141dd2ff83412e4dc1c31b16b25f33144a9e5620ea73b13f5bc1c59411d98439ad226e8af03840603796067d87afe130812cf3de24982d0e306f9e61e764e5\" aria-label=\"Banner_Educa\u00e7\u00e3o_PortallavrasTV\"><img src=\"https:\/\/lavras.tv\/site\/wp-content\/uploads\/2025\/01\/Banner_Educacao_PortallavrasTV.png\" alt=\"\"  srcset=\"https:\/\/lavras.tv\/site\/wp-content\/uploads\/2025\/01\/Banner_Educacao_PortallavrasTV.png 720w, https:\/\/lavras.tv\/site\/wp-content\/uploads\/2025\/01\/Banner_Educacao_PortallavrasTV-470x68.png 470w, https:\/\/lavras.tv\/site\/wp-content\/uploads\/2025\/01\/Banner_Educacao_PortallavrasTV-170x25.png 170w, https:\/\/lavras.tv\/site\/wp-content\/uploads\/2025\/01\/Banner_Educacao_PortallavrasTV-200x29.png 200w\" sizes=\"(max-width: 720px) 100vw, 720px\" width=\"720\" height=\"104\"  style=\"display: inline-block;\" \/><\/a><\/div><\/li><li><a href=\"https:\/\/sistemas.lavras.mg.gov.br\/portalcidadao\/#df1b1a7c7b2a290bcb31e32771e610784662739a88807c0dacac58ede5f391a7530e299dc302d611ee73cb143fc22eaf93592e53e7b5bdb01b00a0b8d28dae460c141dd2ff83412e4dc1c31b16b25f33144a9e5620ea73b13f5bc1c59411d98439ad226e8af03840603796067d87afe130812cf3de24982d0e306f9e61e764e5\" aria-label=\"Banner_Sa\u00fade_PortallavrasTV\"><img src=\"https:\/\/lavras.tv\/site\/wp-content\/uploads\/2025\/03\/Banner_Saude_PortallavrasTV.png\" alt=\"\"  srcset=\"https:\/\/lavras.tv\/site\/wp-content\/uploads\/2025\/03\/Banner_Saude_PortallavrasTV.png 720w, https:\/\/lavras.tv\/site\/wp-content\/uploads\/2025\/03\/Banner_Saude_PortallavrasTV-470x68.png 470w, https:\/\/lavras.tv\/site\/wp-content\/uploads\/2025\/03\/Banner_Saude_PortallavrasTV-170x25.png 170w, https:\/\/lavras.tv\/site\/wp-content\/uploads\/2025\/03\/Banner_Saude_PortallavrasTV-200x29.png 200w\" sizes=\"(max-width: 720px) 100vw, 720px\" width=\"720\" height=\"104\"   \/><\/a><\/li><li><div id=\"lavra-2880871062\" style=\"width:720px;height:104px;background-color:#ddd;overflow:scroll;\">\n\t<strong>Sa\u00edda da depura\u00e7\u00e3o de an\u00fancios<\/strong>\n\t<br><br>\n\tO an\u00fancio n\u00e3o \u00e9 exibido na p\u00e1gina<br><br>post atual: [Informe Parlamentar] D\u00e2mina Pereira:  \u201cC\u00e2mara aprovou importantes projetos para as mulheres do nosso pa\u00eds\u201d, ID: 7198<br><br><span style=\"color: red;\">O post atual n\u00e3o \u00e9 id\u00eantico ao post principal.<\/span><br><br>An\u00fancios: ROXO - TOPO INTERNA - ROTATIVO 2 (197)<br \/>Grupo de an\u00fancios: Princ_Meio01_720x104 (27)<br><br>Condi\u00e7\u00f5es de exibi\u00e7\u00e3o<div style=\"margin-bottom: 20px; white-space: pre-wrap; font-family: monospace; width: 100%; background: #ffe9e9;\"><strong>condi\u00e7\u00f5es gerais<\/strong><table border=\"1\"><thead><tr><th><\/th><th>An\u00fancios<\/th><th>wp_the_query<\/th><\/tr><\/thead><tr><td>is_main_query<\/td><td>1<\/td><td>1<\/td><\/tr><tr><td>is_rest_api<\/td><td>0<\/td><td>1<\/td><\/tr><tr><td>page<\/td><td>0<\/td><td>1<\/td><\/tr><tr><td>numpages<\/td><td>0<\/td><td>1<\/td><\/tr><tr><td>is_archive<\/td><td>1<\/td><td><\/td><\/tr><tr><td>is_search<\/td><td>1<\/td><td><\/td><\/tr><tr><td>is_home<\/td><td>1<\/td><td><\/td><\/tr><tr><td>is_404<\/td><td>1<\/td><td><\/td><\/tr><tr><td>is_attachment<\/td><td>1<\/td><td><\/td><\/tr><tr><td>is_singular<\/td><td>1<\/td><td><\/td><\/tr><tr><td>is_front_page<\/td><td>1<\/td><td><\/td><\/tr><tr><td>is_feed<\/td><td>1<\/td><td><\/td><\/tr><\/table><\/div><br><br><span style=\"color: red;\">Seu site usa HTTPS, mas o c\u00f3digo do an\u00fancio cont\u00e9m HTTP e pode n\u00e3o funcionar.<\/span>\t<br><br>\n\t<a style=\"color: green;\" href=\"https:\/\/wpadvancedads.com\/manual\/ad-debug-mode\/?utm_source=advanced-ads&utm_medium=link&utm_campaign=ad-debug-mode\" target=\"_blank\" rel=\"nofollow\">Encontre solu\u00e7\u00f5es no manual<\/a>\n<\/div>\n<\/li><\/ul><\/div><script>( window.advanced_ads_ready || jQuery( document ).ready ).call( null, function() {var $lavraslider1199955486 = jQuery( \".lavra-slider-1199955486\" );$lavraslider1199955486.on( \"unslider.ready\", function() { jQuery( \"div.custom-slider ul li\" ).css( \"display\", \"block\" ); });$lavraslider1199955486.unslider({ delay:4000, autoplay:true, nav:false, arrows:false, infinite:true });$lavraslider1199955486.on(\"mouseover\", function() {$lavraslider1199955486.unslider(\"stop\");}).on(\"mouseout\", function() {$lavraslider1199955486.unslider(\"start\");});});<\/script><\/div><p>O Dia Internacional da Mulher marcou a aprova\u00e7\u00e3o de quatro projetos de interesse da Bancada Feminina na C\u00e2mara dos Deputados. <!--more-->A deputada federal D\u00e2mina Pereira (PSL-MG), Coordenadora dos Direitos da Mulher na Casa, acompanhou de perto toda a articula\u00e7\u00e3o.<\/p>\n<p><img fetchpriority=\"high\" decoding=\"async\" class=\"wp-image-7199 aligncenter\" src=\"http:\/\/lavras.tv\/site\/wp-content\/uploads\/2017\/03\/biIMG_8536.jpg\" alt=\"biIMG_8536\" width=\"1086\" height=\"725\" srcset=\"https:\/\/lavras.tv\/site\/wp-content\/uploads\/2017\/03\/biIMG_8536.jpg 1800w, https:\/\/lavras.tv\/site\/wp-content\/uploads\/2017\/03\/biIMG_8536-150x100.jpg 150w, https:\/\/lavras.tv\/site\/wp-content\/uploads\/2017\/03\/biIMG_8536-300x200.jpg 300w, https:\/\/lavras.tv\/site\/wp-content\/uploads\/2017\/03\/biIMG_8536-1024x683.jpg 1024w, https:\/\/lavras.tv\/site\/wp-content\/uploads\/2017\/03\/biIMG_8536-480x320.jpg 480w, https:\/\/lavras.tv\/site\/wp-content\/uploads\/2017\/03\/biIMG_8536-272x182.jpg 272w\" sizes=\"(max-width: 1086px) 100vw, 1086px\" \/><\/p>\n<p>A amamenta\u00e7\u00e3o foi objeto de dois projetos aprovados. Um deles torna agosto o m\u00eas do aleitamento materno, com realiza\u00e7\u00e3o de palestras e evento; divulga\u00e7\u00e3o na m\u00eddia; e ilumina\u00e7\u00e3o especial de pr\u00e9dios p\u00fablicos com a cor dourada (PL 3452\/15).<\/p>\n<p>A outra proposta obriga hospitais e demais estabelecimentos de aten\u00e7\u00e3o \u00e0 sa\u00fade de gestantes, p\u00fablicos ou privados, a acompanhar a pr\u00e1tica do processo de amamenta\u00e7\u00e3o, prestando orienta\u00e7\u00f5es \u00e0 m\u00e3e quanto \u00e0 t\u00e9cnica adequada (PL 3170\/15). Essas orienta\u00e7\u00f5es dever\u00e3o ser feitas pela equipe do hospital.<\/p>\n<p>Tamb\u00e9m foi aprovado a proibi\u00e7\u00e3o do uso de algemas em presas gr\u00e1vidas durante os atos m\u00e9dico-hospitalares preparat\u00f3rios para a realiza\u00e7\u00e3o do parto, durante o trabalho de parto e durante o per\u00edodo de puerp\u00e9rio imediato. A proposta (PL 4176\/15) inclui na lei uma medida j\u00e1 prevista em um decreto presidencial.<\/p>\n<p>A \u00faltima aprova\u00e7\u00e3o inscreve o nome de Zuleika Angel Jones, a Zuzu Angel, no Livro dos Her\u00f3is da P\u00e1tria (PL 4411\/16). O texto tamb\u00e9m determina que a distin\u00e7\u00e3o passe a ser chamada de Livro de Her\u00f3is e Hero\u00ednas da P\u00e1tria.<\/p>\n<p>Al\u00e9m disso, foi aprovado o regime de urg\u00eancia para oito projetos de lei relacionados a quest\u00f5es defendidas pela Bancada Feminina, com vota\u00e7\u00f5es que poder\u00e3o ocorrer ao longo do m\u00eas.<\/p>\n<p><img decoding=\"async\" class=\"wp-image-7200 aligncenter\" src=\"http:\/\/lavras.tv\/site\/wp-content\/uploads\/2017\/03\/Fot\u00f4grafo-Brizza-Cavalcante-3.jpg\" alt=\"Fot\u00f4grafo Brizza Cavalcante (3)\" width=\"1111\" height=\"741\" srcset=\"https:\/\/lavras.tv\/site\/wp-content\/uploads\/2017\/03\/Fot\u00f4grafo-Brizza-Cavalcante-3.jpg 1800w, https:\/\/lavras.tv\/site\/wp-content\/uploads\/2017\/03\/Fot\u00f4grafo-Brizza-Cavalcante-3-150x100.jpg 150w, https:\/\/lavras.tv\/site\/wp-content\/uploads\/2017\/03\/Fot\u00f4grafo-Brizza-Cavalcante-3-300x200.jpg 300w, https:\/\/lavras.tv\/site\/wp-content\/uploads\/2017\/03\/Fot\u00f4grafo-Brizza-Cavalcante-3-1024x683.jpg 1024w, https:\/\/lavras.tv\/site\/wp-content\/uploads\/2017\/03\/Fot\u00f4grafo-Brizza-Cavalcante-3-480x320.jpg 480w, https:\/\/lavras.tv\/site\/wp-content\/uploads\/2017\/03\/Fot\u00f4grafo-Brizza-Cavalcante-3-272x182.jpg 272w\" sizes=\"(max-width: 1111px) 100vw, 1111px\" \/><\/p>\n<p><strong>Lei Maria da Penha<\/strong><\/p>\n<p>A C\u00e2mara tamb\u00e9m entregou nesta quarta-feira (8) pr\u00eamios do concurso de fotografia pelos 10 anos da Lei Maria da Penha. Na quinta edi\u00e7\u00e3o, o concurso busca retratar os efeitos sociais, culturais e psicol\u00f3gicos da lei (11.340\/06) que estabelece os mecanismos para combater a viol\u00eancia dom\u00e9stica e familiar contra a mulher.<\/p>\n<p>Neste ano, as 881 fotos concorrentes trataram de &#8220;empoderamento feminino e supera\u00e7\u00e3o da viol\u00eancia&#8221;. Seus autores foram divididos em duas categorias: jovens, de 14 a 17 anos de idade; e adultos, acima de 18 anos. Foram premiados os tr\u00eas primeiros colocados de cada categoria, al\u00e9m de 15 men\u00e7\u00f5es honrosas.<\/p>\n<p>A deputada D\u00e2mina elogiou as conquistas das mulheres em torno da Lei Maria da Penha, mas disse que seu conte\u00fado ainda precisa ser definitivamente incorporado \u00e0s pr\u00e1ticas de delegados, promotores, ju\u00edzes e desembargadores.<\/p>\n<p>Os vencedores foram premiados com trof\u00e9us e a publica\u00e7\u00e3o das fotos em livros, que ser\u00e3o distribu\u00eddos em museus e em feiras itinerantes do Brasil e de v\u00e1rios pa\u00edses. Para ampliar a visibilidade dos trabalhos, as fotos tamb\u00e9m ser\u00e3o distribu\u00eddas em 3 mil escolas brasileiras e j\u00e1 est\u00e3o expostas na C\u00e2mara dos Deputados.<\/p>\n<p><img decoding=\"async\" class=\"wp-image-7201 aligncenter\" src=\"http:\/\/lavras.tv\/site\/wp-content\/uploads\/2017\/03\/IMG_8635.jpg\" alt=\"IMG_8635\" width=\"1116\" height=\"745\" srcset=\"https:\/\/lavras.tv\/site\/wp-content\/uploads\/2017\/03\/IMG_8635.jpg 1800w, https:\/\/lavras.tv\/site\/wp-content\/uploads\/2017\/03\/IMG_8635-150x100.jpg 150w, https:\/\/lavras.tv\/site\/wp-content\/uploads\/2017\/03\/IMG_8635-300x200.jpg 300w, https:\/\/lavras.tv\/site\/wp-content\/uploads\/2017\/03\/IMG_8635-1024x683.jpg 1024w, https:\/\/lavras.tv\/site\/wp-content\/uploads\/2017\/03\/IMG_8635-480x320.jpg 480w, https:\/\/lavras.tv\/site\/wp-content\/uploads\/2017\/03\/IMG_8635-272x182.jpg 272w\" sizes=\"(max-width: 1116px) 100vw, 1116px\" \/><\/p>\n<p>Acompanhe tudo pelo site: www.concursoleimariadapenha.com.br<\/p>\n<p>Fonte: Ag\u00eancia C\u00e2mara<\/p>\n","protected":false},"excerpt":{"rendered":"<p>O Dia Internacional da Mulher marcou a aprova\u00e7\u00e3o de quatro projetos de interesse da Bancada Feminina na C\u00e2mara dos Deputados.<\/p>\n","protected":false},"author":2,"featured_media":7199,"comment_status":"closed","ping_status":"open","sticky":false,"template":"","format":"standard","meta":{"advgb_blocks_editor_width":"","advgb_blocks_columns_visual_guide":"","_exactmetrics_skip_tracking":false,"_exactmetrics_sitenote_active":false,"_exactmetrics_sitenote_note":"","_exactmetrics_sitenote_category":0,"footnotes":""},"categories":[12],"tags":[2652,2867,396],"class_list":["post-7198","post","type-post","status-publish","format-standard","has-post-thumbnail","hentry","category-politica","tag-deputada-damina-pereira","tag-dia-internacional-da-mulher","tag-politica"],"better_featured_image":{"id":7199,"alt_text":"","caption":"","description":"","media_type":"image","media_details":{"width":1800,"height":1201,"file":"2017\/03\/biIMG_8536.jpg","sizes":{"thumbnail":{"file":"biIMG_8536-150x100.jpg","width":150,"height":100,"mime-type":"image\/jpeg","source_url":"https:\/\/lavras.tv\/site\/wp-content\/uploads\/2017\/03\/biIMG_8536-150x100.jpg"},"medium":{"file":"biIMG_8536-300x200.jpg","width":300,"height":200,"mime-type":"image\/jpeg","source_url":"https:\/\/lavras.tv\/site\/wp-content\/uploads\/2017\/03\/biIMG_8536-300x200.jpg"},"large":{"file":"biIMG_8536-1024x683.jpg","width":1024,"height":683,"mime-type":"image\/jpeg","source_url":"https:\/\/lavras.tv\/site\/wp-content\/uploads\/2017\/03\/biIMG_8536-1024x683.jpg"},"featured-slider-img":{"file":"biIMG_8536-640x480.jpg","width":640,"height":480,"mime-type":"image\/jpeg","source_url":"https:\/\/lavras.tv\/site\/wp-content\/uploads\/2017\/03\/biIMG_8536-640x480.jpg"},"featured-post-img":{"file":"biIMG_8536-480x320.jpg","width":480,"height":320,"mime-type":"image\/jpeg","source_url":"https:\/\/lavras.tv\/site\/wp-content\/uploads\/2017\/03\/biIMG_8536-480x320.jpg"},"sow-carousel-default":{"file":"biIMG_8536-272x182.jpg","width":272,"height":182,"mime-type":"image\/jpeg","source_url":"https:\/\/lavras.tv\/site\/wp-content\/uploads\/2017\/03\/biIMG_8536-272x182.jpg"}},"image_meta":{"aperture":"4.5","credit":"","camera":"Canon EOS 5D Mark II","caption":"","created_timestamp":"1488997170","copyright":"","focal_length":"50","iso":"2000","shutter_speed":"0.0166666666667","title":"","orientation":"1","keywords":[]}},"post":7198,"source_url":"https:\/\/lavras.tv\/site\/wp-content\/uploads\/2017\/03\/biIMG_8536.jpg"},"author_meta":{"display_name":"Lavras TV","author_link":"https:\/\/lavras.tv\/site\/author\/lavrastv\/"},"featured_img":"https:\/\/lavras.tv\/site\/wp-content\/uploads\/2017\/03\/biIMG_8536-300x200.jpg","coauthors":[],"tax_additional":{"categories":{"linked":["<a href=\"https:\/\/lavras.tv\/site\/category\/politica\/\" class=\"advgb-post-tax-term\">Pol\u00edtica<\/a>"],"unlinked":["<span class=\"advgb-post-tax-term\">Pol\u00edtica<\/span>"]},"tags":{"linked":["<a href=\"https:\/\/lavras.tv\/site\/category\/politica\/\" class=\"advgb-post-tax-term\">Deputada D\u00e2mina Pereira<\/a>","<a href=\"https:\/\/lavras.tv\/site\/category\/politica\/\" class=\"advgb-post-tax-term\">Dia internacional da mulher<\/a>","<a href=\"https:\/\/lavras.tv\/site\/category\/politica\/\" class=\"advgb-post-tax-term\">pol\u00edtica<\/a>"],"unlinked":["<span class=\"advgb-post-tax-term\">Deputada D\u00e2mina Pereira<\/span>","<span class=\"advgb-post-tax-term\">Dia internacional da mulher<\/span>","<span class=\"advgb-post-tax-term\">pol\u00edtica<\/span>"]}},"comment_count":"0","relative_dates":{"created":"Publicado 9 anos atr\u00e1s","modified":"Atualizado 9 anos atr\u00e1s"},"absolute_dates":{"created":"Publicado em 9 de mar\u00e7o de 2017","modified":"Atualizado em 9 de mar\u00e7o de 2017"},"absolute_dates_time":{"created":"Publicado em 9 de mar\u00e7o de 2017 16:16","modified":"Atualizado em 9 de mar\u00e7o de 2017 16:16"},"featured_img_caption":"","series_order":"","_links":{"self":[{"href":"https:\/\/lavras.tv\/site\/wp-json\/wp\/v2\/posts\/7198","targetHints":{"allow":["GET"]}}],"collection":[{"href":"https:\/\/lavras.tv\/site\/wp-json\/wp\/v2\/posts"}],"about":[{"href":"https:\/\/lavras.tv\/site\/wp-json\/wp\/v2\/types\/post"}],"author":[{"embeddable":true,"href":"https:\/\/lavras.tv\/site\/wp-json\/wp\/v2\/users\/2"}],"replies":[{"embeddable":true,"href":"https:\/\/lavras.tv\/site\/wp-json\/wp\/v2\/comments?post=7198"}],"version-history":[{"count":1,"href":"https:\/\/lavras.tv\/site\/wp-json\/wp\/v2\/posts\/7198\/revisions"}],"predecessor-version":[{"id":7202,"href":"https:\/\/lavras.tv\/site\/wp-json\/wp\/v2\/posts\/7198\/revisions\/7202"}],"wp:featuredmedia":[{"embeddable":true,"href":"https:\/\/lavras.tv\/site\/wp-json\/wp\/v2\/media\/7199"}],"wp:attachment":[{"href":"https:\/\/lavras.tv\/site\/wp-json\/wp\/v2\/media?parent=7198"}],"wp:term":[{"taxonomy":"category","embeddable":true,"href":"https:\/\/lavras.tv\/site\/wp-json\/wp\/v2\/categories?post=7198"},{"taxonomy":"post_tag","embeddable":true,"href":"https:\/\/lavras.tv\/site\/wp-json\/wp\/v2\/tags?post=7198"}],"curies":[{"name":"wp","href":"https:\/\/api.w.org\/{rel}","templated":true}]}}