{"id":7208,"date":"2017-03-10T07:49:54","date_gmt":"2017-03-10T10:49:54","guid":{"rendered":"http:\/\/lavras.tv\/site\/?p=7208"},"modified":"2017-03-10T08:31:48","modified_gmt":"2017-03-10T11:31:48","slug":"saques-das-contas-inativas-do-fgts-comecam-com-fila-em-lavras","status":"publish","type":"post","link":"https:\/\/lavras.tv\/site\/2017\/03\/10\/saques-das-contas-inativas-do-fgts-comecam-com-fila-em-lavras\/","title":{"rendered":"Saques das contas inativas do FGTS come\u00e7am com fila em Lavras"},"content":{"rendered":"<div class=\"lavra-antes-do-conteudo_2\" id=\"lavra-3289743766\"><div id=\"lavra-slider-27\" class=\"custom-slider lavra-slider-2171450446 lavra-slider\"><ul><li><div style=\"margin-left: auto;margin-right: auto;text-align: center;\" id=\"lavra-70006084\"><a href=\"https:\/\/sistemas.lavras.mg.gov.br\/portalcidadao\/#df1b1a7c7b2a290bcb31e32771e610784662739a88807c0dacac58ede5f391a7530e299dc302d611ee73cb143fc22eaf93592e53e7b5bdb01b00a0b8d28dae460c141dd2ff83412e4dc1c31b16b25f33144a9e5620ea73b13f5bc1c59411d98439ad226e8af03840603796067d87afe130812cf3de24982d0e306f9e61e764e5\" aria-label=\"Lavras-TV&#8211;720x104px (1) (1)\"><img src=\"https:\/\/lavras.tv\/site\/wp-content\/uploads\/2025\/01\/Lavras-TV-720x104px-1-1.png\" alt=\"\"  srcset=\"https:\/\/lavras.tv\/site\/wp-content\/uploads\/2025\/01\/Lavras-TV-720x104px-1-1.png 720w, https:\/\/lavras.tv\/site\/wp-content\/uploads\/2025\/01\/Lavras-TV-720x104px-1-1-470x68.png 470w, https:\/\/lavras.tv\/site\/wp-content\/uploads\/2025\/01\/Lavras-TV-720x104px-1-1-170x25.png 170w, https:\/\/lavras.tv\/site\/wp-content\/uploads\/2025\/01\/Lavras-TV-720x104px-1-1-200x29.png 200w\" sizes=\"(max-width: 720px) 100vw, 720px\" width=\"720\" height=\"104\"  style=\"display: inline-block;\" \/><\/a><\/div><\/li><li><a href=\"https:\/\/sistemas.lavras.mg.gov.br\/portalcidadao\/#df1b1a7c7b2a290bcb31e32771e610784662739a88807c0dacac58ede5f391a7530e299dc302d611ee73cb143fc22eaf93592e53e7b5bdb01b00a0b8d28dae460c141dd2ff83412e4dc1c31b16b25f33144a9e5620ea73b13f5bc1c59411d98439ad226e8af03840603796067d87afe130812cf3de24982d0e306f9e61e764e5\" aria-label=\"Banner_Emprego_PortallavrasTV\"><img src=\"https:\/\/lavras.tv\/site\/wp-content\/uploads\/2025\/03\/Banner_Emprego_PortallavrasTV.png\" alt=\"\"  srcset=\"https:\/\/lavras.tv\/site\/wp-content\/uploads\/2025\/03\/Banner_Emprego_PortallavrasTV.png 720w, https:\/\/lavras.tv\/site\/wp-content\/uploads\/2025\/03\/Banner_Emprego_PortallavrasTV-470x68.png 470w, https:\/\/lavras.tv\/site\/wp-content\/uploads\/2025\/03\/Banner_Emprego_PortallavrasTV-170x25.png 170w, https:\/\/lavras.tv\/site\/wp-content\/uploads\/2025\/03\/Banner_Emprego_PortallavrasTV-200x29.png 200w\" sizes=\"(max-width: 720px) 100vw, 720px\" width=\"720\" height=\"104\"   \/><\/a><\/li><li><a href=\"https:\/\/sistemas.lavras.mg.gov.br\/portalcidadao\/#df1b1a7c7b2a290bcb31e32771e610784662739a88807c0dacac58ede5f391a7530e299dc302d611ee73cb143fc22eaf93592e53e7b5bdb01b00a0b8d28dae460c141dd2ff83412e4dc1c31b16b25f33144a9e5620ea73b13f5bc1c59411d98439ad226e8af03840603796067d87afe130812cf3de24982d0e306f9e61e764e5\" aria-label=\"Banner_Obras_PortallavrasTV\"><img src=\"https:\/\/lavras.tv\/site\/wp-content\/uploads\/2025\/03\/Banner_Obras_PortallavrasTV.png\" alt=\"\"  srcset=\"https:\/\/lavras.tv\/site\/wp-content\/uploads\/2025\/03\/Banner_Obras_PortallavrasTV.png 720w, https:\/\/lavras.tv\/site\/wp-content\/uploads\/2025\/03\/Banner_Obras_PortallavrasTV-470x68.png 470w, https:\/\/lavras.tv\/site\/wp-content\/uploads\/2025\/03\/Banner_Obras_PortallavrasTV-170x25.png 170w, https:\/\/lavras.tv\/site\/wp-content\/uploads\/2025\/03\/Banner_Obras_PortallavrasTV-200x29.png 200w\" sizes=\"(max-width: 720px) 100vw, 720px\" width=\"720\" height=\"104\"   \/><\/a><\/li><li><div style=\"margin-left: auto;margin-right: auto;text-align: center;\" id=\"lavra-3476310874\"><a href=\"https:\/\/sistemas.lavras.mg.gov.br\/portalcidadao\/#df1b1a7c7b2a290bcb31e32771e610784662739a88807c0dacac58ede5f391a7530e299dc302d611ee73cb143fc22eaf93592e53e7b5bdb01b00a0b8d28dae460c141dd2ff83412e4dc1c31b16b25f33144a9e5620ea73b13f5bc1c59411d98439ad226e8af03840603796067d87afe130812cf3de24982d0e306f9e61e764e5\" aria-label=\"Banner_Educa\u00e7\u00e3o_PortallavrasTV\"><img src=\"https:\/\/lavras.tv\/site\/wp-content\/uploads\/2025\/01\/Banner_Educacao_PortallavrasTV.png\" alt=\"\"  srcset=\"https:\/\/lavras.tv\/site\/wp-content\/uploads\/2025\/01\/Banner_Educacao_PortallavrasTV.png 720w, https:\/\/lavras.tv\/site\/wp-content\/uploads\/2025\/01\/Banner_Educacao_PortallavrasTV-470x68.png 470w, https:\/\/lavras.tv\/site\/wp-content\/uploads\/2025\/01\/Banner_Educacao_PortallavrasTV-170x25.png 170w, https:\/\/lavras.tv\/site\/wp-content\/uploads\/2025\/01\/Banner_Educacao_PortallavrasTV-200x29.png 200w\" sizes=\"(max-width: 720px) 100vw, 720px\" width=\"720\" height=\"104\"  style=\"display: inline-block;\" \/><\/a><\/div><\/li><li><a href=\"https:\/\/sistemas.lavras.mg.gov.br\/portalcidadao\/#df1b1a7c7b2a290bcb31e32771e610784662739a88807c0dacac58ede5f391a7530e299dc302d611ee73cb143fc22eaf93592e53e7b5bdb01b00a0b8d28dae460c141dd2ff83412e4dc1c31b16b25f33144a9e5620ea73b13f5bc1c59411d98439ad226e8af03840603796067d87afe130812cf3de24982d0e306f9e61e764e5\" aria-label=\"Banner_Sa\u00fade_PortallavrasTV\"><img src=\"https:\/\/lavras.tv\/site\/wp-content\/uploads\/2025\/03\/Banner_Saude_PortallavrasTV.png\" alt=\"\"  srcset=\"https:\/\/lavras.tv\/site\/wp-content\/uploads\/2025\/03\/Banner_Saude_PortallavrasTV.png 720w, https:\/\/lavras.tv\/site\/wp-content\/uploads\/2025\/03\/Banner_Saude_PortallavrasTV-470x68.png 470w, https:\/\/lavras.tv\/site\/wp-content\/uploads\/2025\/03\/Banner_Saude_PortallavrasTV-170x25.png 170w, https:\/\/lavras.tv\/site\/wp-content\/uploads\/2025\/03\/Banner_Saude_PortallavrasTV-200x29.png 200w\" sizes=\"(max-width: 720px) 100vw, 720px\" width=\"720\" height=\"104\"   \/><\/a><\/li><li><div id=\"lavra-1664970583\" style=\"width:720px;height:104px;background-color:#ddd;overflow:scroll;\">\n\t<strong>Sa\u00edda da depura\u00e7\u00e3o de an\u00fancios<\/strong>\n\t<br><br>\n\tO an\u00fancio n\u00e3o \u00e9 exibido na p\u00e1gina<br><br>post atual: Saques das contas inativas do FGTS come\u00e7am com fila em Lavras, ID: 7208<br><br><span style=\"color: red;\">O post atual n\u00e3o \u00e9 id\u00eantico ao post principal.<\/span><br><br>An\u00fancios: ROXO - TOPO INTERNA - ROTATIVO 2 (197)<br \/>Grupo de an\u00fancios: Princ_Meio01_720x104 (27)<br><br>Condi\u00e7\u00f5es de exibi\u00e7\u00e3o<div style=\"margin-bottom: 20px; white-space: pre-wrap; font-family: monospace; width: 100%; background: #ffe9e9;\"><strong>condi\u00e7\u00f5es gerais<\/strong><table border=\"1\"><thead><tr><th><\/th><th>An\u00fancios<\/th><th>wp_the_query<\/th><\/tr><\/thead><tr><td>is_main_query<\/td><td>1<\/td><td>1<\/td><\/tr><tr><td>is_rest_api<\/td><td>0<\/td><td>1<\/td><\/tr><tr><td>page<\/td><td>0<\/td><td>1<\/td><\/tr><tr><td>numpages<\/td><td>0<\/td><td>1<\/td><\/tr><tr><td>is_archive<\/td><td>1<\/td><td><\/td><\/tr><tr><td>is_search<\/td><td>1<\/td><td><\/td><\/tr><tr><td>is_home<\/td><td>1<\/td><td><\/td><\/tr><tr><td>is_404<\/td><td>1<\/td><td><\/td><\/tr><tr><td>is_attachment<\/td><td>1<\/td><td><\/td><\/tr><tr><td>is_singular<\/td><td>1<\/td><td><\/td><\/tr><tr><td>is_front_page<\/td><td>1<\/td><td><\/td><\/tr><tr><td>is_feed<\/td><td>1<\/td><td><\/td><\/tr><\/table><\/div><br><br><span style=\"color: red;\">Seu site usa HTTPS, mas o c\u00f3digo do an\u00fancio cont\u00e9m HTTP e pode n\u00e3o funcionar.<\/span>\t<br><br>\n\t<a style=\"color: green;\" href=\"https:\/\/wpadvancedads.com\/manual\/ad-debug-mode\/?utm_source=advanced-ads&utm_medium=link&utm_campaign=ad-debug-mode\" target=\"_blank\" rel=\"nofollow\">Encontre solu\u00e7\u00f5es no manual<\/a>\n<\/div>\n<\/li><\/ul><\/div><script>( window.advanced_ads_ready || jQuery( document ).ready ).call( null, function() {var $lavraslider2171450446 = jQuery( \".lavra-slider-2171450446\" );$lavraslider2171450446.on( \"unslider.ready\", function() { jQuery( \"div.custom-slider ul li\" ).css( \"display\", \"block\" ); });$lavraslider2171450446.unslider({ delay:4000, autoplay:true, nav:false, arrows:false, infinite:true });$lavraslider2171450446.on(\"mouseover\", function() {$lavraslider2171450446.unslider(\"stop\");}).on(\"mouseout\", function() {$lavraslider2171450446.unslider(\"start\");});});<\/script><\/div><div class=\"mc-column content-text active-extra-styles active-capital-letter\" data-block-type=\"unstyled\" data-block-weight=\"54\">\n<p class=\"content-text__container theme-color-primary-first-letter\" data-track-category=\"Link no Texto\" data-track-links=\"\">O saque das contas inativas do Fundo de Garantia do Tempo de Servi\u00e7o (FGTS) come\u00e7a nesta sexta-feira (10) para os 4,8 milh\u00f5es de benefici\u00e1rios nascidos nos meses de janeiro e fevereiro. O cronograma de saques se estende at\u00e9 o dia 31 de julho e varia de acordo com a data de nascimento dos trabalhadores.<\/p>\n<\/div>\n<p><!--more--><\/p>\n<div class=\"mc-column content-text active-extra-styles \" data-block-type=\"unstyled\" data-block-weight=\"30\">\n<p class=\"content-text__container \" data-track-category=\"Link no Texto\" data-track-links=\"\">A previs\u00e3o \u00e9 de que os saques dos benefici\u00e1rios nascidos nesses dois meses totalizem R$ 6,96 bilh\u00f5es, equivalente a 15,9% do total dispon\u00edvel, de acordo com a Caixa Econ\u00f4mica Federal.<\/p>\n<figure id=\"attachment_7209\" aria-describedby=\"caption-attachment-7209\" style=\"width: 1065px\" class=\"wp-caption aligncenter\"><img fetchpriority=\"high\" decoding=\"async\" class=\" wp-image-7209\" src=\"http:\/\/lavras.tv\/site\/wp-content\/uploads\/2017\/03\/caixa-e1489142935473.jpg\" alt=\"Em Lavras a fila na porta da ag\u00eancia da Caixa come\u00e7ou cedo\" width=\"1065\" height=\"762\" srcset=\"https:\/\/lavras.tv\/site\/wp-content\/uploads\/2017\/03\/caixa-e1489142935473.jpg 1295w, https:\/\/lavras.tv\/site\/wp-content\/uploads\/2017\/03\/caixa-e1489142935473-150x107.jpg 150w, https:\/\/lavras.tv\/site\/wp-content\/uploads\/2017\/03\/caixa-e1489142935473-300x215.jpg 300w, https:\/\/lavras.tv\/site\/wp-content\/uploads\/2017\/03\/caixa-e1489142935473-1024x732.jpg 1024w\" sizes=\"(max-width: 1065px) 100vw, 1065px\" \/><figcaption id=\"caption-attachment-7209\" class=\"wp-caption-text\">Em Lavras a fila na porta da ag\u00eancia da Caixa come\u00e7ou cedo<\/figcaption><\/figure>\n<\/div>\n<div class=\"mc-column content-text active-extra-styles \" data-block-type=\"unstyled\" data-block-weight=\"48\">\n<p class=\"content-text__container \" data-track-category=\"Link no Texto\" data-track-links=\"\">Cerca de 1,65 milh\u00e3o de trabalhadores (34%) receber\u00e3o automaticamente o cr\u00e9dito em suas contas na Caixa nesta sexta-feira. Mais de 1,2 milh\u00e3o (25%) poder\u00e1 sacar utilizando o Cart\u00e3o do Cidad\u00e3o no autoatendimento, lot\u00e9ricas e Correspondentes Caixa Aqui. Os demais trabalhadores dever\u00e3o sacar seus recursos nas ag\u00eancias da Caixa.<\/p>\n<\/div>\n<div class=\"mc-column content-text active-extra-styles \" data-block-type=\"unstyled\" data-block-weight=\"40\">\n<p class=\"content-text__container \" data-track-category=\"Link no Texto\" data-track-links=\"\">Para atender a popula\u00e7\u00e3o interessada no FGTS, a Caixa vai abrir as todas as ag\u00eancias com duas horas de anteced\u00eancia nesta sexta, na segunda (13) e na ter\u00e7a-feira (13). Nesse per\u00edodo ser\u00e3o atendidos apenas os casos relacionados \u00e0s contas inativas.<\/p>\n<\/div>\n<div class=\"mc-column content-text active-extra-styles \" data-block-type=\"unstyled\" data-block-weight=\"9\">\n<p class=\"content-text__container \" data-track-category=\"Link no Texto\" data-track-links=\"\">O m\u00eas de mar\u00e7o corresponde a 16% de todos os trabalhadores com direito a sacar o dinheiro. O m\u00eas de abril tem a maior propor\u00e7\u00e3o: 26%. J\u00e1 o m\u00eas de julho tem a menor propor\u00e7\u00e3o: 8%. Maio e junho correspondem a 25% dos saques cada um.<\/p>\n<\/div>\n<div class=\"mc-column content-media content-media--normal\" data-block-type=\"backstage-photo\">\n<div class=\"content-media__container\">\n<div class=\"content-media__image-centered\">\n<div class=\"progressive-img\" data-min-size-url=\"http:\/\/s2.glbimg.com\/k5WdHquOXA60OXSxh4oD93rOJdQ=\/0x0:620x750\/1008x0\/smart\/filters:strip_icc()\/s.glbimg.com\/jo\/g1\/f\/original\/2017\/02\/18\/calendario.jpg\" data-min-size=\"1008x1219\" data-max-size=\"1600x1935\" data-max-size-url=\"http:\/\/s2.glbimg.com\/5hLDwkJ7MdxheQ0m-2xxqaKDkEs=\/0x0:620x750\/1600x0\/smart\/filters:strip_icc()\/s.glbimg.com\/jo\/g1\/f\/original\/2017\/02\/18\/calendario.jpg\"><img decoding=\"async\" class=\"progressive-draft\" title=\"Calend\u00e1rio do FGTS (Foto: Arte\/G1)\" src=\"data:image\/jpeg;base64,\/9j\/4AAQSkZJRgABAQAAAQABAAD\/2wBDAAMCAgMCAgMDAwMEAwMEBQgFBQQEBQoHBwYIDAoMDAsKCwsNDhIQDQ4RDgsLEBYQERMUFRUVDA8XGBYUGBIUFRT\/2wBDAQMEBAUEBQkFBQkUDQsNFBQUFBQUFBQUFBQUFBQUFBQUFBQUFBQUFBQUFBQUFBQUFBQUFBQUFBQUFBQUFBQUFBT\/wgARCAAeABkDASIAAhEBAxEB\/8QAGQAAAgMBAAAAAAAAAAAAAAAAAwUABAYI\/8QAFQEBAQAAAAAAAAAAAAAAAAAAAAH\/2gAMAwEAAhADEAAAAehgvZKraiYKjHQiXtDjdef\/xAAhEAABBAIBBQEAAAAAAAAAAAAEAAEDBQIRBhASExQWIf\/aAAgBAQABBQIiDx5MJ2sOFDIvVjROtS6QuuhVgKyytRNQWom0\/F64jN+J1K+Tq3f9X\/\/EABgRAAMBAQAAAAAAAAAAAAAAAAABMQIh\/9oACAEDAQE\/AUapGPp\/\/8QAFBEBAAAAAAAAAAAAAAAAAAAAIP\/aAAgBAgEBPwEf\/8QAKxAAAQMCAwUJAQAAAAAAAAAAAQIDEQAEEiExEBNhcaEFFSIkQUKCkcGS\/9oACAEBAAY\/Alw06sHOQ7EmkncPZzMv6da8SHEni8T+17v7NJnTFQmBzTNKgpPJGHYUG7ZQtJzG8EjrSfONfF1NHFeN8MbqPzYt64sbdVw4ZWoDWsuz2Pqge7rcxplXpX\/\/xAAiEAEBAAIABQUBAAAAAAAAAAABEQAhEFFhsfAxQYGRwdH\/2gAIAQEAAT8hNcIG2FoV1P3AgDqrZ2fJ5YKo727Njyf1zRxQNlwlPRYQXqjzXhrkKppyRGadWb7uuAChZS+q4N3Db3fW5PtvV4qSnWpjwv\/aAAwDAQACAAMAAAAQuGa2\/8QAGREBAQEAAwAAAAAAAAAAAAAAAREAQZHw\/9oACAEDAQE\/EBWYAg93myeMqu\/\/xAAXEQEBAQEAAAAAAAAAAAAAAAAAATEh\/9oACAECAQE\/EKmNicf\/xAAgEAEBAAMAAQQDAAAAAAAAAAABEQAhMWEQQVGRcYGh\/9oACAEBAAE\/EGEQ9lIIeA+wgDjNX+lAGsdoT4e+s0PJFSJXThOfrPBkhOlNIJvW9H5x5JUDqQ5OZ2sDbnvb6GZqEctQB8O8AEWJO4e7\/i5JhQPLZB5Tvj0fjDilbKKpLTtyisdQhPtwCdpMkRLzYfWX4\/Zz\/9k=\" alt=\"Calend\u00e1rio do FGTS (Foto: Arte\/G1)\" \/><picture><source srcset=\"http:\/\/s2.glbimg.com\/rba9qKWc_uYWzci0zK0tk1TY1c4=\/0x0:620x750\/600x0\/smart\/filters:strip_icc()\/s.glbimg.com\/jo\/g1\/f\/original\/2017\/02\/18\/calendario.jpg 1x, http:\/\/s2.glbimg.com\/EWpyJ08FL4RDiJpzGe7r3Y0lRLk=\/0x0:620x750\/1200x0\/smart\/filters:strip_icc()\/s.glbimg.com\/jo\/g1\/f\/original\/2017\/02\/18\/calendario.jpg 2x\" media=\"(max-width: 1024px)\" data-src=\"http:\/\/s2.glbimg.com\/rba9qKWc_uYWzci0zK0tk1TY1c4=\/0x0:620x750\/600x0\/smart\/filters:strip_icc()\/s.glbimg.com\/jo\/g1\/f\/original\/2017\/02\/18\/calendario.jpg 1x, http:\/\/s2.glbimg.com\/EWpyJ08FL4RDiJpzGe7r3Y0lRLk=\/0x0:620x750\/1200x0\/smart\/filters:strip_icc()\/s.glbimg.com\/jo\/g1\/f\/original\/2017\/02\/18\/calendario.jpg 2x\" \/><source srcset=\"http:\/\/s2.glbimg.com\/Boo-V0PibWW7vG9fEzO0q0TNpxg=\/0x0:620x750\/640x0\/smart\/filters:strip_icc()\/s.glbimg.com\/jo\/g1\/f\/original\/2017\/02\/18\/calendario.jpg 1x, http:\/\/s2.glbimg.com\/zegg0qzy6UtGe1BNdJr1tpncwN0=\/0x0:620x750\/1280x0\/smart\/filters:strip_icc()\/s.glbimg.com\/jo\/g1\/f\/original\/2017\/02\/18\/calendario.jpg 2x\" media=\"(max-width: 1280px)\" data-src=\"http:\/\/s2.glbimg.com\/Boo-V0PibWW7vG9fEzO0q0TNpxg=\/0x0:620x750\/640x0\/smart\/filters:strip_icc()\/s.glbimg.com\/jo\/g1\/f\/original\/2017\/02\/18\/calendario.jpg 1x, http:\/\/s2.glbimg.com\/zegg0qzy6UtGe1BNdJr1tpncwN0=\/0x0:620x750\/1280x0\/smart\/filters:strip_icc()\/s.glbimg.com\/jo\/g1\/f\/original\/2017\/02\/18\/calendario.jpg 2x\" \/><source srcset=\"http:\/\/s2.glbimg.com\/DF7aKM7pIV2MPoloMMDJmJUYUjg=\/0x0:620x750\/984x0\/smart\/filters:strip_icc()\/s.glbimg.com\/jo\/g1\/f\/original\/2017\/02\/18\/calendario.jpg 1x, http:\/\/s2.glbimg.com\/wQAwa59i00UttWLN6O4RH1YPhZU=\/0x0:620x750\/1968x0\/smart\/filters:strip_icc()\/s.glbimg.com\/jo\/g1\/f\/original\/2017\/02\/18\/calendario.jpg 2x\" media=\"(max-width: 1360px)\" data-src=\"http:\/\/s2.glbimg.com\/DF7aKM7pIV2MPoloMMDJmJUYUjg=\/0x0:620x750\/984x0\/smart\/filters:strip_icc()\/s.glbimg.com\/jo\/g1\/f\/original\/2017\/02\/18\/calendario.jpg 1x, http:\/\/s2.glbimg.com\/wQAwa59i00UttWLN6O4RH1YPhZU=\/0x0:620x750\/1968x0\/smart\/filters:strip_icc()\/s.glbimg.com\/jo\/g1\/f\/original\/2017\/02\/18\/calendario.jpg 2x\" \/><source srcset=\"http:\/\/s2.glbimg.com\/tV-MYmmNPfGDzgXIG3WHh5QKvc8=\/0x0:620x750\/1000x0\/smart\/filters:strip_icc()\/s.glbimg.com\/jo\/g1\/f\/original\/2017\/02\/18\/calendario.jpg 1x, http:\/\/s2.glbimg.com\/jCYUo9BFHcChAVQzwhSKWDDHLrA=\/0x0:620x750\/2000x0\/smart\/filters:strip_icc()\/s.glbimg.com\/jo\/g1\/f\/original\/2017\/02\/18\/calendario.jpg 2x\" media=\"(min-width: 1361px)\" data-src=\"http:\/\/s2.glbimg.com\/tV-MYmmNPfGDzgXIG3WHh5QKvc8=\/0x0:620x750\/1000x0\/smart\/filters:strip_icc()\/s.glbimg.com\/jo\/g1\/f\/original\/2017\/02\/18\/calendario.jpg 1x, http:\/\/s2.glbimg.com\/jCYUo9BFHcChAVQzwhSKWDDHLrA=\/0x0:620x750\/2000x0\/smart\/filters:strip_icc()\/s.glbimg.com\/jo\/g1\/f\/original\/2017\/02\/18\/calendario.jpg 2x\" \/><source srcset=\"http:\/\/s2.glbimg.com\/DF7aKM7pIV2MPoloMMDJmJUYUjg=\/0x0:620x750\/984x0\/smart\/filters:strip_icc()\/s.glbimg.com\/jo\/g1\/f\/original\/2017\/02\/18\/calendario.jpg\" data-src=\"http:\/\/s2.glbimg.com\/DF7aKM7pIV2MPoloMMDJmJUYUjg=\/0x0:620x750\/984x0\/smart\/filters:strip_icc()\/s.glbimg.com\/jo\/g1\/f\/original\/2017\/02\/18\/calendario.jpg\" \/><img class=\"image content-media__image progressive-loaded aligncenter\" title=\"Calend\u00e1rio do FGTS (Foto: Arte\/G1)\" srcset=\"http:\/\/s2.glbimg.com\/DF7aKM7pIV2MPoloMMDJmJUYUjg=\/0x0:620x750\/984x0\/smart\/filters:strip_icc()\/s.glbimg.com\/jo\/g1\/f\/original\/2017\/02\/18\/calendario.jpg\" alt=\"Calend\u00e1rio do FGTS (Foto: Arte\/G1)\" data-src=\"http:\/\/s2.glbimg.com\/DF7aKM7pIV2MPoloMMDJmJUYUjg=\/0x0:620x750\/984x0\/smart\/filters:strip_icc()\/s.glbimg.com\/jo\/g1\/f\/original\/2017\/02\/18\/calendario.jpg\" \/><\/picture><\/div>\n<\/div>\n<div class=\"content-media__description-centered \"><\/div>\n<\/div>\n<\/div>\n<div class=\"content-ads content-ads--reveal\"><\/div>\n<div class=\"mc-column content-text active-extra-styles \" data-block-type=\"unstyled\" data-block-weight=\"59\">\n<p class=\"content-text__container \" data-track-category=\"Link no Texto\" data-track-links=\"\">De acordo com a vice-presidente de Fundos de Governo e Loterias da Caixa, Deusdina Pereira, a estrat\u00e9gia de atendimento do banco foi feita para levar comodidade e seguran\u00e7a ao trabalhador. &#8220;A orienta\u00e7\u00e3o para os trabalhadores \u00e9 que n\u00e3o tenham pressa em sacar. N\u00e3o \u00e9 necess\u00e1rio uma corrida \u00e0s ag\u00eancias. Todos ser\u00e3o necessariamente atendidos at\u00e9 o final do calend\u00e1rio&#8221;, garante.<\/p>\n<\/div>\n<div class=\"mc-column content-text active-extra-styles \" data-block-type=\"unstyled\" data-block-weight=\"52\">\n<p class=\"content-text__container \" data-track-category=\"Link no Texto\" data-track-links=\"\">Assim, n\u00e3o \u00e9 necess\u00e1rio que o benefici\u00e1rio nascido em janeiro e fevereiro retire a quantia apenas neste m\u00eas. Ele poder\u00e1 fazer os saques nos meses seguintes, desde que n\u00e3o ultrapasse o prazo que vai at\u00e9 31 de julho. Quem nasceu em dezembro, no entanto, ter\u00e1 apenas 17 dias para sacar o dinheiro.<\/p>\n<\/div>\n<div class=\"mc-column content-text active-extra-styles \" data-block-type=\"unstyled\" data-block-weight=\"66\">\n<p class=\"content-text__container \" data-track-category=\"Link no Texto\" data-track-links=\"\">As pessoas que n\u00e3o conseguirem fazer as retiradas at\u00e9 o prazo limite de 31 de julho n\u00e3o conseguir\u00e3o fazer o saque em outra data, segundo a Caixa. Depois disso, os saques de contas inativas s\u00f3 poder\u00e3o ser feitos nas outras situa\u00e7\u00f5es previstas em lei, como aposentadoria, pessoas acima de 70 anos ou ap\u00f3s a conta de FGTS permanecer sem dep\u00f3sitos por 3 anos ininterruptos, por exemplo.<\/p>\n<\/div>\n<div class=\"mc-column content-text active-extra-styles \" data-block-type=\"unstyled\" data-block-weight=\"67\">\n<p class=\"content-text__container \" data-track-category=\"Link no Texto\" data-track-links=\"\">As ag\u00eancias da Caixa Econ\u00f4mica Federal v\u00e3o abrir neste s\u00e1bado (11) e em outros tr\u00eas durante o calend\u00e1rio de saques para atender somente os casos de interessados em sacar o dinheiro ou obter informa\u00e7\u00f5es sobre as contas inativas. Os demais s\u00e1bados ser\u00e3o 13 de maio, 17 de junho e 15 de julho. Ser\u00e3o 1.841 ag\u00eancias abertas das 9h \u00e0s 15h. A rela\u00e7\u00e3o das ag\u00eancias consta no <a href=\"http:\/\/www.caixa.gov.br\/beneficios-trabalhador\/fGTS\/contas-inativas\/agencias\/Paginas\/default.aspx\" target=\"_blank\" rel=\"noopener nofollow\">site<\/a>.<\/p>\n<\/div>\n<div class=\"mc-column content-text active-extra-styles\" data-block-type=\"raw\" data-block-weight=\"3\">\n<div class=\"content-intertitle\">\n<h2>Quem pode sacar<\/h2>\n<\/div>\n<\/div>\n<div class=\"mc-column content-text active-extra-styles \" data-block-type=\"unstyled\" data-block-weight=\"53\">\n<p class=\"content-text__container \" data-track-category=\"Link no Texto\" data-track-links=\"\">Tem direito a sacar o dinheiro do FGTS quem pediu demiss\u00e3o ou foi demitido por justa causa at\u00e9 31\/12\/2015 e tem uma da empresa em que trabalhava com saldo no FGTS. O trabalhador, no entanto, n\u00e3o pode sacar o FGTS de uma conta ativa, ou seja, que ainda receba dep\u00f3sitos do empregador atual.<\/p>\n<\/div>\n<div class=\"mc-column content-text active-extra-styles \" data-block-type=\"unstyled\" data-block-weight=\"46\">\n<p class=\"content-text__container \" data-track-category=\"Link no Texto\" data-track-links=\"\">A Caixa Econ\u00f4mica Federal disponibilizou o site exclusivo para informa\u00e7\u00f5es e consultas de saldos somente das contas inativas: <a href=\"http:\/\/www.caixa.gov.br\/contasinativas\" target=\"_blank\" rel=\"noopener nofollow\">www.caixa.gov.br\/contasinativas<\/a>, e o telesservi\u00e7o 0800 726 2017. O interessado pode ainda acessar as informa\u00e7\u00f5es pelo aplicativo da Caixa, mas nesse caso aparecer\u00e3o tamb\u00e9m as contas ativas do FGTS.<\/p>\n<\/div>\n<div class=\"mc-column content-text active-extra-styles\" data-block-type=\"raw\" data-block-weight=\"3\">\n<div class=\"content-intertitle\">\n<h2>Documenta\u00e7\u00e3o para saque<\/h2>\n<\/div>\n<\/div>\n<div class=\"mc-column content-text active-extra-styles \" data-block-type=\"unstyled\" data-block-weight=\"9\">\n<p class=\"content-text__container \" data-track-category=\"Link no Texto\" data-track-links=\"\">Para o saque dever\u00e3o ser apresentados os seguintes documentos:<\/p>\n<\/div>\n<div class=\"mc-column content-text active-extra-styles \" data-block-type=\"unstyled\" data-block-weight=\"29\">\n<p class=\"content-text__container \" data-track-category=\"Link no Texto\" data-track-links=\"\">&#8211; Ag\u00eancias Caixa: n\u00famero de inscri\u00e7\u00e3o do PIS\/PASEP, documento de identifica\u00e7\u00e3o do trabalhador e comprovante finaliza\u00e7\u00e3o do contrato de trabalho (CTPS ou termo de rescis\u00e3o do contrato de trabalho).<\/p>\n<\/div>\n<div class=\"mc-column content-text active-extra-styles \" data-block-type=\"unstyled\" data-block-weight=\"21\">\n<p class=\"content-text__container \" data-track-category=\"Link no Texto\" data-track-links=\"\">&#8211; Correspondentes Caixa Aqui e Lot\u00e9ricas: valores at\u00e9 R$ 3.000 com documento de identifica\u00e7\u00e3o do trabalhador, Cart\u00e3o do Cidad\u00e3o e senha.<\/p>\n<\/div>\n<div class=\"mc-column content-text active-extra-styles \" data-block-type=\"unstyled\" data-block-weight=\"24\">\n<p class=\"content-text__container \" data-track-category=\"Link no Texto\" data-track-links=\"\">&#8211; Autoatendimento: para valores at\u00e9 R$ 1.500 com a senha do Cart\u00e3o Cidad\u00e3o e valores at\u00e9 R$ 3.000 com Cart\u00e3o do Cidad\u00e3o e senha.<\/p>\n<\/div>\n<div class=\"mc-column content-text active-extra-styles\" data-block-type=\"raw\" data-block-weight=\"3\">\n<div class=\"content-intertitle\">\n<h2>Cart\u00e3o do Cidad\u00e3o<\/h2>\n<\/div>\n<\/div>\n<div class=\"mc-column content-text active-extra-styles \" data-block-type=\"unstyled\" data-block-weight=\"35\">\n<p class=\"content-text__container \" data-track-category=\"Link no Texto\" data-track-links=\"\">N\u00e3o \u00e9 poss\u00edvel ver o saldo da conta inativa no caixa autom\u00e1tico com o Cart\u00e3o do Cidad\u00e3o. Mas \u00e9 poss\u00edvel verificar com os dados que est\u00e3o no cart\u00e3o pela internet ou em atendimento na ag\u00eancia.<\/p>\n<\/div>\n<div class=\"mc-column content-text active-extra-styles \" data-block-type=\"unstyled\" data-block-weight=\"26\">\n<p class=\"content-text__container \" data-track-category=\"Link no Texto\" data-track-links=\"\">\u00c9 poss\u00edvel usar o Cart\u00e3o do Cidad\u00e3o para sacar at\u00e9 R$ 3 mil por conta inativa no caixa eletr\u00f4nico ou nas lot\u00e9ricas e correspondentes Caixa Aqui.<\/p>\n<\/div>\n<div class=\"mc-column content-text active-extra-styles \" data-block-type=\"unstyled\" data-block-weight=\"40\">\n<p class=\"content-text__container \" data-track-category=\"Link no Texto\" data-track-links=\"\">O trabalhador poder\u00e1 sacar o dinheiro nos caixas eletr\u00f4nicos da Caixa, sem o Cart\u00e3o do Cidad\u00e3o, caso o saldo de cada conta inativa seja de at\u00e9 R$ 1.500. Para isso, ele s\u00f3 precisa ter a senha do Cart\u00e3o do Cidad\u00e3o.<\/p>\n<\/div>\n<div class=\"mc-column content-text active-extra-styles \" data-block-type=\"unstyled\" data-block-weight=\"21\">\n<p class=\"content-text__container \" data-track-category=\"Link no Texto\" data-track-links=\"\">Em caso de perda ou bloqueio da senha do Cart\u00e3o do Cidad\u00e3o, o benefici\u00e1rio ter\u00e1 de ir at\u00e9 a ag\u00eancia regulariz\u00e1-la.<\/p>\n<\/div>\n<div class=\"mc-column content-text active-extra-styles\" data-block-type=\"raw\" data-block-weight=\"6\">\n<div class=\"content-intertitle\">\n<h2>Saques acima de R$ 3 mil<\/h2>\n<\/div>\n<\/div>\n<div class=\"mc-column content-text active-extra-styles \" data-block-type=\"unstyled\" data-block-weight=\"69\">\n<p class=\"content-text__container \" data-track-category=\"Link no Texto\" data-track-links=\"\">Para saques acima de R$ 3 mil e at\u00e9 R$ 10 mil, o trabalhador s\u00f3 precisa apresentar, na ag\u00eancia da Caixa, a carteira de identidade para fazer o saque ou a transfer\u00eancia para conta de outro banco, sem custo. Para saques acima de R$ 10 mil, al\u00e9m da identidade, ser\u00e1 preciso apresentar a carteira de trabalho ou o termo de rescis\u00e3o de contrato de trabalho vinculado \u00e0 conta inativa.<\/p>\n<\/div>\n<div class=\"mc-column content-text active-extra-styles\" data-block-type=\"raw\" data-block-weight=\"5\">\n<div class=\"content-intertitle\">\n<h2>Quem tem conta na Caixa<\/h2>\n<\/div>\n<\/div>\n<div class=\"mc-column content-text active-extra-styles \" data-block-type=\"unstyled\" data-block-weight=\"29\">\n<p class=\"content-text__container \" data-track-category=\"Link no Texto\" data-track-links=\"\">Para clientes da Caixa que tenham conta poupan\u00e7a individual, o cr\u00e9dito ser\u00e1 realizado automaticamente, conforme calend\u00e1rio. O valor estar\u00e1 dispon\u00edvel na conta no dia da abertura do calend\u00e1rio mensal.<\/p>\n<\/div>\n<div class=\"mc-column content-text active-extra-styles \" data-block-type=\"unstyled\" data-block-weight=\"39\">\n<p class=\"content-text__container \" data-track-category=\"Link no Texto\" data-track-links=\"\">Todos os trabalhadores que possu\u00edrem conta poupan\u00e7a individual na Caixa e tiveram seu saldo inativo do FGTS creditado automaticamente poder\u00e3o pedir a transfer\u00eancia do valor para outro banco at\u00e9 o dia 31 de agosto. N\u00e3o haver\u00e1 custo nessa opera\u00e7\u00e3o.<\/p>\n<\/div>\n<div class=\"mc-column content-text active-extra-styles \" data-block-type=\"unstyled\" data-block-weight=\"24\">\n<p class=\"content-text__container \" data-track-category=\"Link no Texto\" data-track-links=\"\">J\u00e1 os correntistas da Caixa poder\u00e3o optar em receber o cr\u00e9dito em sua conta corrente pelo site <a href=\"http:\/\/www.caixa.gov.br\/contasinativas\" target=\"_blank\" rel=\"noopener nofollow\">www.caixa.gov.br\/contasinativas<\/a> ou pelo telesservi\u00e7o 0800 726 2017.<\/p>\n<\/div>\n<div class=\"mc-column content-text active-extra-styles \" data-block-type=\"unstyled\" data-block-weight=\"26\">\n<p class=\"content-text__container \" data-track-category=\"Link no Texto\" data-track-links=\"\">Caso o trabalhador tenha conta corrente ou poupan\u00e7a conjunta, ele ter\u00e1 que autorizar o cr\u00e9dito no portal da Caixa (www.caixa.gov.br\/contasinativas) ou pelo telefone 0800 726 2017.<\/p>\n<\/div>\n<div class=\"mc-column content-text active-extra-styles\" data-block-type=\"raw\" data-block-weight=\"6\">\n<div class=\"content-intertitle\">\n<h2>Quem n\u00e3o tem conta na Caixa<\/h2>\n<\/div>\n<\/div>\n<div class=\"mc-column content-text active-extra-styles \" data-block-type=\"unstyled\" data-block-weight=\"59\">\n<p class=\"content-text__container \" data-track-category=\"Link no Texto\" data-track-links=\"\">Os trabalhadores que t\u00eam direito a sacar recursos de contas inativas do FGTS poder\u00e3o transferir esse dinheiro, independente do valor, para contas correntes ou contas poupan\u00e7a de qualquer banco, sem custo. Para isso, basta que o titular da conta inativa v\u00e1 at\u00e9 uma das ag\u00eancias da Caixa, na data prevista no calend\u00e1rio divulgado pelo governo, e pe\u00e7a a transfer\u00eancia.<\/p>\n<\/div>\n<div class=\"mc-column content-text active-extra-styles \" data-block-type=\"unstyled\" data-block-weight=\"45\">\n<p class=\"content-text__container \" data-track-category=\"Link no Texto\" data-track-links=\"\">Se o valor for de at\u00e9 R$ 10 mil, \u00e9 poss\u00edvel fazer a transfer\u00eancia apresentando apenas a carteira de identidade. Acima desse valor, \u00e9 preciso levar tamb\u00e9m carteira de trabalho ou comprovante da rescis\u00e3o do contrato de trabalho ao qual a conta inativa estava vinculada.<\/p>\n<\/div>\n<div class=\"mc-column content-text active-extra-styles\" data-block-type=\"raw\" data-block-weight=\"4\">\n<div class=\"content-intertitle\">\n<h2>Quem mora no exterior<\/h2>\n<\/div>\n<\/div>\n<div class=\"mc-column content-text active-extra-styles \" data-block-type=\"unstyled\" data-block-weight=\"75\">\n<p class=\"content-text__container \" data-track-category=\"Link no Texto\" data-track-links=\"\">Caso o trabalhador opte por recebimento em conta na Caixa, n\u00e3o h\u00e1 necessidade de ir ao consulado. Os valores ser\u00e3o recebidos diretamente na conta. Caso o trabalhador n\u00e3o possua conta na Caixa, o trabalhador deve obter o formul\u00e1rio Solicita\u00e7\u00e3o de Saque do FGTS pelo site da Caixa, comparecer a um consulado do governo brasileiro e apresentar o formul\u00e1rio devidamente preenchido, al\u00e9m da documenta\u00e7\u00e3o (original e c\u00f3pia) que comprova o direito \u00e0 movimenta\u00e7\u00e3o da conta vinculada.<\/p>\n<\/div>\n<div class=\"mc-column content-text active-extra-styles \" data-block-type=\"unstyled\" data-block-weight=\"73\">\n<p class=\"content-text__container \" data-track-category=\"Link no Texto\" data-track-links=\"\">A Solicita\u00e7\u00e3o de Saque do FGTS deve ser assinada na presen\u00e7a do representante consular. Os valores ser\u00e3o creditados em conta banc\u00e1ria que seja de sua titularidade. No caso de n\u00e3o ter conta banc\u00e1ria no Brasil, pode indicar a conta de algu\u00e9m de confian\u00e7a. O recurso \u00e9 liberado em at\u00e9 15 dias \u00fateis ap\u00f3s a entrega da documenta\u00e7\u00e3o, condicionada \u00e0 certifica\u00e7\u00e3o de que as condi\u00e7\u00f5es exigidas para movimenta\u00e7\u00e3o da conta vinculada FGTS foram atendidas.<\/p>\n<\/div>\n<div class=\"mc-column content-text active-extra-styles \" data-block-type=\"unstyled\" data-block-weight=\"15\">\n<p class=\"content-text__container \" data-track-category=\"Link no Texto\" data-track-links=\"\"><a href=\"http:\/\/www.caixa.gov.br\/beneficios-trabalhador\/fgts\/perguntas-frequentes\/Paginas\/default.aspx\" target=\"_blank\" rel=\"noopener nofollow\">Veja aqui a rela\u00e7\u00e3o de consulados autorizados<\/a> pela Caixa a receber os pedidos de saque.<\/p>\n<\/div>\n<div class=\"mc-column content-text active-extra-styles\" data-block-type=\"raw\" data-block-weight=\"1\"><\/div>\n<div class=\"mc-column content-text active-extra-styles \" data-block-type=\"unstyled\" data-block-weight=\"50\"><\/div>\n<div class=\"mc-column content-text active-extra-styles \" data-block-type=\"unstyled\" data-block-weight=\"50\">Fonte: G1<\/div>\n","protected":false},"excerpt":{"rendered":"<p>O saque das contas inativas do Fundo de Garantia do Tempo de Servi\u00e7o (FGTS) come\u00e7a nesta sexta-feira (10) para os 4,8 milh\u00f5es de benefici\u00e1rios nascidos nos meses de janeiro e fevereiro. O cronograma de saques se estende at\u00e9 o dia 31 de julho e varia de acordo com a data de nascimento dos trabalhadores.<\/p>\n","protected":false},"author":2,"featured_media":7209,"comment_status":"closed","ping_status":"open","sticky":false,"template":"","format":"standard","meta":{"advgb_blocks_editor_width":"","advgb_blocks_columns_visual_guide":"","_exactmetrics_skip_tracking":false,"_exactmetrics_sitenote_active":false,"_exactmetrics_sitenote_note":"","_exactmetrics_sitenote_category":0,"footnotes":""},"categories":[7,2],"tags":[2710,665,2884,2540,34,2708],"class_list":["post-7208","post","type-post","status-publish","format-standard","has-post-thumbnail","hentry","category-destaques","category-noticias","tag-banco","tag-caixa-federal","tag-contas-inativas","tag-fgts","tag-lavras","tag-saque"],"better_featured_image":{"id":7209,"alt_text":"","caption":"","description":"","media_type":"image","media_details":{"width":1295,"height":926,"file":"2017\/03\/caixa-e1489142935473.jpg","sizes":{"thumbnail":{"file":"caixa-e1489142935473-150x107.jpg","width":150,"height":107,"mime-type":"image\/jpeg","source_url":"https:\/\/lavras.tv\/site\/wp-content\/uploads\/2017\/03\/caixa-e1489142935473-150x107.jpg"},"medium":{"file":"caixa-e1489142935473-300x215.jpg","width":300,"height":215,"mime-type":"image\/jpeg","source_url":"https:\/\/lavras.tv\/site\/wp-content\/uploads\/2017\/03\/caixa-e1489142935473-300x215.jpg"},"large":{"file":"caixa-e1489142935473-1024x732.jpg","width":1024,"height":732,"mime-type":"image\/jpeg","source_url":"https:\/\/lavras.tv\/site\/wp-content\/uploads\/2017\/03\/caixa-e1489142935473-1024x732.jpg"},"featured-slider-img":{"file":"caixa-e1489142935473-640x480.jpg","width":640,"height":480,"mime-type":"image\/jpeg","source_url":"https:\/\/lavras.tv\/site\/wp-content\/uploads\/2017\/03\/caixa-e1489142935473-640x480.jpg"},"featured-post-img":{"file":"caixa-e1489142935473-480x320.jpg","width":480,"height":320,"mime-type":"image\/jpeg","source_url":"https:\/\/lavras.tv\/site\/wp-content\/uploads\/2017\/03\/caixa-e1489142935473-480x320.jpg"},"sow-carousel-default":{"file":"caixa-e1489142935473-272x182.jpg","width":272,"height":182,"mime-type":"image\/jpeg","source_url":"https:\/\/lavras.tv\/site\/wp-content\/uploads\/2017\/03\/caixa-e1489142935473-272x182.jpg"}},"image_meta":{"aperture":"0","credit":"","camera":"","caption":"","created_timestamp":"0","copyright":"","focal_length":"0","iso":"0","shutter_speed":"0","title":"","orientation":"0","keywords":[]}},"post":7208,"source_url":"https:\/\/lavras.tv\/site\/wp-content\/uploads\/2017\/03\/caixa-e1489142935473.jpg"},"author_meta":{"display_name":"Lavras TV","author_link":"https:\/\/lavras.tv\/site\/author\/lavrastv\/"},"featured_img":"https:\/\/lavras.tv\/site\/wp-content\/uploads\/2017\/03\/caixa-e1489142935473-300x215.jpg","coauthors":[],"tax_additional":{"categories":{"linked":["<a href=\"https:\/\/lavras.tv\/site\/category\/destaques\/\" class=\"advgb-post-tax-term\">Destaques<\/a>","<a href=\"https:\/\/lavras.tv\/site\/category\/noticias\/\" class=\"advgb-post-tax-term\">Not\u00edcias<\/a>"],"unlinked":["<span class=\"advgb-post-tax-term\">Destaques<\/span>","<span class=\"advgb-post-tax-term\">Not\u00edcias<\/span>"]},"tags":{"linked":["<a href=\"https:\/\/lavras.tv\/site\/category\/noticias\/\" class=\"advgb-post-tax-term\">banco<\/a>","<a href=\"https:\/\/lavras.tv\/site\/category\/noticias\/\" class=\"advgb-post-tax-term\">caixa federal<\/a>","<a href=\"https:\/\/lavras.tv\/site\/category\/noticias\/\" class=\"advgb-post-tax-term\">contas inativas<\/a>","<a href=\"https:\/\/lavras.tv\/site\/category\/noticias\/\" class=\"advgb-post-tax-term\">fgts<\/a>","<a href=\"https:\/\/lavras.tv\/site\/category\/noticias\/\" class=\"advgb-post-tax-term\">lavras<\/a>","<a href=\"https:\/\/lavras.tv\/site\/category\/noticias\/\" class=\"advgb-post-tax-term\">saque<\/a>"],"unlinked":["<span class=\"advgb-post-tax-term\">banco<\/span>","<span class=\"advgb-post-tax-term\">caixa federal<\/span>","<span class=\"advgb-post-tax-term\">contas inativas<\/span>","<span class=\"advgb-post-tax-term\">fgts<\/span>","<span class=\"advgb-post-tax-term\">lavras<\/span>","<span class=\"advgb-post-tax-term\">saque<\/span>"]}},"comment_count":"0","relative_dates":{"created":"Publicado 9 anos atr\u00e1s","modified":"Atualizado 9 anos atr\u00e1s"},"absolute_dates":{"created":"Publicado em 10 de mar\u00e7o de 2017","modified":"Atualizado em 10 de mar\u00e7o de 2017"},"absolute_dates_time":{"created":"Publicado em 10 de mar\u00e7o de 2017 07:49","modified":"Atualizado em 10 de mar\u00e7o de 2017 08:31"},"featured_img_caption":"","series_order":"","_links":{"self":[{"href":"https:\/\/lavras.tv\/site\/wp-json\/wp\/v2\/posts\/7208","targetHints":{"allow":["GET"]}}],"collection":[{"href":"https:\/\/lavras.tv\/site\/wp-json\/wp\/v2\/posts"}],"about":[{"href":"https:\/\/lavras.tv\/site\/wp-json\/wp\/v2\/types\/post"}],"author":[{"embeddable":true,"href":"https:\/\/lavras.tv\/site\/wp-json\/wp\/v2\/users\/2"}],"replies":[{"embeddable":true,"href":"https:\/\/lavras.tv\/site\/wp-json\/wp\/v2\/comments?post=7208"}],"version-history":[{"count":2,"href":"https:\/\/lavras.tv\/site\/wp-json\/wp\/v2\/posts\/7208\/revisions"}],"predecessor-version":[{"id":7220,"href":"https:\/\/lavras.tv\/site\/wp-json\/wp\/v2\/posts\/7208\/revisions\/7220"}],"wp:featuredmedia":[{"embeddable":true,"href":"https:\/\/lavras.tv\/site\/wp-json\/wp\/v2\/media\/7209"}],"wp:attachment":[{"href":"https:\/\/lavras.tv\/site\/wp-json\/wp\/v2\/media?parent=7208"}],"wp:term":[{"taxonomy":"category","embeddable":true,"href":"https:\/\/lavras.tv\/site\/wp-json\/wp\/v2\/categories?post=7208"},{"taxonomy":"post_tag","embeddable":true,"href":"https:\/\/lavras.tv\/site\/wp-json\/wp\/v2\/tags?post=7208"}],"curies":[{"name":"wp","href":"https:\/\/api.w.org\/{rel}","templated":true}]}}