{"id":7238,"date":"2017-03-11T12:45:15","date_gmt":"2017-03-11T15:45:15","guid":{"rendered":"http:\/\/lavras.tv\/site\/?p=7238"},"modified":"2017-03-11T12:45:15","modified_gmt":"2017-03-11T15:45:15","slug":"contratacao-de-bruno-pelo-boa-transforma-varginha-e-ganha-ate-peticao-na-web","status":"publish","type":"post","link":"https:\/\/lavras.tv\/site\/2017\/03\/11\/contratacao-de-bruno-pelo-boa-transforma-varginha-e-ganha-ate-peticao-na-web\/","title":{"rendered":"Contrata\u00e7\u00e3o de Bruno pelo BOA transforma Varginha e ganha at\u00e9 peti\u00e7\u00e3o na web"},"content":{"rendered":"<div class=\"lavra-antes-do-conteudo_2\" id=\"lavra-2029026587\"><div id=\"lavra-slider-27\" class=\"custom-slider lavra-slider-1806680398 lavra-slider\"><ul><li><div style=\"margin-left: auto;margin-right: auto;text-align: center;\" id=\"lavra-1430490004\"><a href=\"https:\/\/sistemas.lavras.mg.gov.br\/portalcidadao\/#df1b1a7c7b2a290bcb31e32771e610784662739a88807c0dacac58ede5f391a7530e299dc302d611ee73cb143fc22eaf93592e53e7b5bdb01b00a0b8d28dae460c141dd2ff83412e4dc1c31b16b25f33144a9e5620ea73b13f5bc1c59411d98439ad226e8af03840603796067d87afe130812cf3de24982d0e306f9e61e764e5\" aria-label=\"Lavras-TV&#8211;720x104px (1) (1)\"><img src=\"https:\/\/lavras.tv\/site\/wp-content\/uploads\/2025\/01\/Lavras-TV-720x104px-1-1.png\" alt=\"\"  srcset=\"https:\/\/lavras.tv\/site\/wp-content\/uploads\/2025\/01\/Lavras-TV-720x104px-1-1.png 720w, https:\/\/lavras.tv\/site\/wp-content\/uploads\/2025\/01\/Lavras-TV-720x104px-1-1-470x68.png 470w, https:\/\/lavras.tv\/site\/wp-content\/uploads\/2025\/01\/Lavras-TV-720x104px-1-1-170x25.png 170w, https:\/\/lavras.tv\/site\/wp-content\/uploads\/2025\/01\/Lavras-TV-720x104px-1-1-200x29.png 200w\" sizes=\"(max-width: 720px) 100vw, 720px\" width=\"720\" height=\"104\"  style=\"display: inline-block;\" \/><\/a><\/div><\/li><li><a href=\"https:\/\/sistemas.lavras.mg.gov.br\/portalcidadao\/#df1b1a7c7b2a290bcb31e32771e610784662739a88807c0dacac58ede5f391a7530e299dc302d611ee73cb143fc22eaf93592e53e7b5bdb01b00a0b8d28dae460c141dd2ff83412e4dc1c31b16b25f33144a9e5620ea73b13f5bc1c59411d98439ad226e8af03840603796067d87afe130812cf3de24982d0e306f9e61e764e5\" aria-label=\"Banner_Emprego_PortallavrasTV\"><img src=\"https:\/\/lavras.tv\/site\/wp-content\/uploads\/2025\/03\/Banner_Emprego_PortallavrasTV.png\" alt=\"\"  srcset=\"https:\/\/lavras.tv\/site\/wp-content\/uploads\/2025\/03\/Banner_Emprego_PortallavrasTV.png 720w, https:\/\/lavras.tv\/site\/wp-content\/uploads\/2025\/03\/Banner_Emprego_PortallavrasTV-470x68.png 470w, https:\/\/lavras.tv\/site\/wp-content\/uploads\/2025\/03\/Banner_Emprego_PortallavrasTV-170x25.png 170w, https:\/\/lavras.tv\/site\/wp-content\/uploads\/2025\/03\/Banner_Emprego_PortallavrasTV-200x29.png 200w\" sizes=\"(max-width: 720px) 100vw, 720px\" width=\"720\" height=\"104\"   \/><\/a><\/li><li><a href=\"https:\/\/sistemas.lavras.mg.gov.br\/portalcidadao\/#df1b1a7c7b2a290bcb31e32771e610784662739a88807c0dacac58ede5f391a7530e299dc302d611ee73cb143fc22eaf93592e53e7b5bdb01b00a0b8d28dae460c141dd2ff83412e4dc1c31b16b25f33144a9e5620ea73b13f5bc1c59411d98439ad226e8af03840603796067d87afe130812cf3de24982d0e306f9e61e764e5\" aria-label=\"Banner_Obras_PortallavrasTV\"><img src=\"https:\/\/lavras.tv\/site\/wp-content\/uploads\/2025\/03\/Banner_Obras_PortallavrasTV.png\" alt=\"\"  srcset=\"https:\/\/lavras.tv\/site\/wp-content\/uploads\/2025\/03\/Banner_Obras_PortallavrasTV.png 720w, https:\/\/lavras.tv\/site\/wp-content\/uploads\/2025\/03\/Banner_Obras_PortallavrasTV-470x68.png 470w, https:\/\/lavras.tv\/site\/wp-content\/uploads\/2025\/03\/Banner_Obras_PortallavrasTV-170x25.png 170w, https:\/\/lavras.tv\/site\/wp-content\/uploads\/2025\/03\/Banner_Obras_PortallavrasTV-200x29.png 200w\" sizes=\"(max-width: 720px) 100vw, 720px\" width=\"720\" height=\"104\"   \/><\/a><\/li><li><div style=\"margin-left: auto;margin-right: auto;text-align: center;\" id=\"lavra-2060711479\"><a href=\"https:\/\/sistemas.lavras.mg.gov.br\/portalcidadao\/#df1b1a7c7b2a290bcb31e32771e610784662739a88807c0dacac58ede5f391a7530e299dc302d611ee73cb143fc22eaf93592e53e7b5bdb01b00a0b8d28dae460c141dd2ff83412e4dc1c31b16b25f33144a9e5620ea73b13f5bc1c59411d98439ad226e8af03840603796067d87afe130812cf3de24982d0e306f9e61e764e5\" aria-label=\"Banner_Educa\u00e7\u00e3o_PortallavrasTV\"><img src=\"https:\/\/lavras.tv\/site\/wp-content\/uploads\/2025\/01\/Banner_Educacao_PortallavrasTV.png\" alt=\"\"  srcset=\"https:\/\/lavras.tv\/site\/wp-content\/uploads\/2025\/01\/Banner_Educacao_PortallavrasTV.png 720w, https:\/\/lavras.tv\/site\/wp-content\/uploads\/2025\/01\/Banner_Educacao_PortallavrasTV-470x68.png 470w, https:\/\/lavras.tv\/site\/wp-content\/uploads\/2025\/01\/Banner_Educacao_PortallavrasTV-170x25.png 170w, https:\/\/lavras.tv\/site\/wp-content\/uploads\/2025\/01\/Banner_Educacao_PortallavrasTV-200x29.png 200w\" sizes=\"(max-width: 720px) 100vw, 720px\" width=\"720\" height=\"104\"  style=\"display: inline-block;\" \/><\/a><\/div><\/li><li><a href=\"https:\/\/sistemas.lavras.mg.gov.br\/portalcidadao\/#df1b1a7c7b2a290bcb31e32771e610784662739a88807c0dacac58ede5f391a7530e299dc302d611ee73cb143fc22eaf93592e53e7b5bdb01b00a0b8d28dae460c141dd2ff83412e4dc1c31b16b25f33144a9e5620ea73b13f5bc1c59411d98439ad226e8af03840603796067d87afe130812cf3de24982d0e306f9e61e764e5\" aria-label=\"Banner_Sa\u00fade_PortallavrasTV\"><img src=\"https:\/\/lavras.tv\/site\/wp-content\/uploads\/2025\/03\/Banner_Saude_PortallavrasTV.png\" alt=\"\"  srcset=\"https:\/\/lavras.tv\/site\/wp-content\/uploads\/2025\/03\/Banner_Saude_PortallavrasTV.png 720w, https:\/\/lavras.tv\/site\/wp-content\/uploads\/2025\/03\/Banner_Saude_PortallavrasTV-470x68.png 470w, https:\/\/lavras.tv\/site\/wp-content\/uploads\/2025\/03\/Banner_Saude_PortallavrasTV-170x25.png 170w, https:\/\/lavras.tv\/site\/wp-content\/uploads\/2025\/03\/Banner_Saude_PortallavrasTV-200x29.png 200w\" sizes=\"(max-width: 720px) 100vw, 720px\" width=\"720\" height=\"104\"   \/><\/a><\/li><li><div id=\"lavra-3076828946\" style=\"width:720px;height:104px;background-color:#ddd;overflow:scroll;\">\n\t<strong>Sa\u00edda da depura\u00e7\u00e3o de an\u00fancios<\/strong>\n\t<br><br>\n\tO an\u00fancio n\u00e3o \u00e9 exibido na p\u00e1gina<br><br>post atual: Contrata\u00e7\u00e3o de Bruno pelo BOA transforma Varginha e ganha at\u00e9 peti\u00e7\u00e3o na web, ID: 7238<br><br><span style=\"color: red;\">O post atual n\u00e3o \u00e9 id\u00eantico ao post principal.<\/span><br><br>An\u00fancios: ROXO - TOPO INTERNA - ROTATIVO 2 (197)<br \/>Grupo de an\u00fancios: Princ_Meio01_720x104 (27)<br><br>Condi\u00e7\u00f5es de exibi\u00e7\u00e3o<div style=\"margin-bottom: 20px; white-space: pre-wrap; font-family: monospace; width: 100%; background: #ffe9e9;\"><strong>condi\u00e7\u00f5es gerais<\/strong><table border=\"1\"><thead><tr><th><\/th><th>An\u00fancios<\/th><th>wp_the_query<\/th><\/tr><\/thead><tr><td>is_main_query<\/td><td>1<\/td><td>1<\/td><\/tr><tr><td>is_rest_api<\/td><td>0<\/td><td>1<\/td><\/tr><tr><td>page<\/td><td>0<\/td><td>1<\/td><\/tr><tr><td>numpages<\/td><td>0<\/td><td>1<\/td><\/tr><tr><td>is_archive<\/td><td>1<\/td><td><\/td><\/tr><tr><td>is_search<\/td><td>1<\/td><td><\/td><\/tr><tr><td>is_home<\/td><td>1<\/td><td><\/td><\/tr><tr><td>is_404<\/td><td>1<\/td><td><\/td><\/tr><tr><td>is_attachment<\/td><td>1<\/td><td><\/td><\/tr><tr><td>is_singular<\/td><td>1<\/td><td><\/td><\/tr><tr><td>is_front_page<\/td><td>1<\/td><td><\/td><\/tr><tr><td>is_feed<\/td><td>1<\/td><td><\/td><\/tr><\/table><\/div><br><br><span style=\"color: red;\">Seu site usa HTTPS, mas o c\u00f3digo do an\u00fancio cont\u00e9m HTTP e pode n\u00e3o funcionar.<\/span>\t<br><br>\n\t<a style=\"color: green;\" href=\"https:\/\/wpadvancedads.com\/manual\/ad-debug-mode\/?utm_source=advanced-ads&utm_medium=link&utm_campaign=ad-debug-mode\" target=\"_blank\" rel=\"nofollow\">Encontre solu\u00e7\u00f5es no manual<\/a>\n<\/div>\n<\/li><\/ul><\/div><script>( window.advanced_ads_ready || jQuery( document ).ready ).call( null, function() {var $lavraslider1806680398 = jQuery( \".lavra-slider-1806680398\" );$lavraslider1806680398.on( \"unslider.ready\", function() { jQuery( \"div.custom-slider ul li\" ).css( \"display\", \"block\" ); });$lavraslider1806680398.unslider({ delay:4000, autoplay:true, nav:false, arrows:false, infinite:true });$lavraslider1806680398.on(\"mouseover\", function() {$lavraslider1806680398.unslider(\"stop\");}).on(\"mouseout\", function() {$lavraslider1806680398.unslider(\"start\");});});<\/script><\/div><p>O an\u00fancio da contrata\u00e7\u00e3o do goleiro Bruno Fernandes pelo Boa Esporte, na \u00faltima sexta-feira, mudou a rotina dos moradores de Varginha (MG), no Sul de Minas Gerais.<!--more--> Na sa\u00edda do restaurante onde almo\u00e7ou com a noiva, Bruno foi assediado e posou para fotos com f\u00e3s. Enquanto o atleta se reunia com a diretoria em um hotel, moradores se aglomeraram em frente ao local para conseguir ver o goleiro.<\/p>\n<div id=\"34cea3ca-056f-c334-94a7-4648c138c983\" class=\"foto componente-conteudo\"><img fetchpriority=\"high\" decoding=\"async\" class=\"aligncenter\" title=\"Curiosos se aglomeram na tentativa de ver o goleiro Bruno Fernandes no hotel do Boa Esporte (Foto: Reprodu\u00e7\u00e3o EPTV \/ Tarcisio Silva)\" src=\"http:\/\/s2.glbimg.com\/ZsQNs2-hxZqu1wrGRhui6ZwvZpg=\/0x22:995x593\/680x390\/s.glbimg.com\/es\/ge\/f\/original\/2017\/03\/10\/curiosos.jpg\" alt=\"Curiosos se aglomeram na tentativa de ver o goleiro Bruno Fernandes no hotel do Boa Esporte (Foto: Reprodu\u00e7\u00e3o EPTV \/ Tarcisio Silva)\" width=\"680\" height=\"390\" \/><br \/>\n&#8211; Cheguei em casa e o pessoal estava falando no Whatsapp. A\u00ed eu falei: &#8216;Vou l\u00e1 conferir&#8217; &#8211; disse o estudante Paulo Henrique Machado, um dos curiosos na porta do hotel.<\/div>\n<p>Nas redes sociais, uma peti\u00e7\u00e3o foi criada contra a contrata\u00e7\u00e3o do jogador pelo Boa Esporte <strong>(veja na imagem abaixo)<\/strong>. Nas ruas, o an\u00fancio dividiu opini\u00f5es. Muitos se mostravam a favor, outros nem tanto.<\/p>\n<div id=\"33ca5f68-ae56-dd74-8903-43e72c9bd2a2\" class=\"foto componente-conteudo\"><img decoding=\"async\" class=\"aligncenter\" title=\"Peti\u00e7\u00e3o online contra contrata\u00e7\u00e3o do goleiro Bruno foi criada por moradores nas redes sociais (Foto: Reprodu\u00e7\u00e3o)\" src=\"http:\/\/s2.glbimg.com\/spaEAkMLBmbm2aKrGD2oHVIuPDA=\/23x0:1227x691\/680x390\/s.glbimg.com\/es\/ge\/f\/original\/2017\/03\/10\/peticaobruno.jpg\" alt=\"Peti\u00e7\u00e3o online contra contrata\u00e7\u00e3o do goleiro Bruno foi criada por moradores nas redes sociais (Foto: Reprodu\u00e7\u00e3o)\" width=\"680\" height=\"390\" \/><\/div>\n<p>&#8211; Eu aprovo, pra mim ele \u00e9 um goleiro muito bom, eu aprovo a vinda dele pra Varginha sim &#8211; disse o vigilante Adriano Pedro.<\/p>\n<p>&#8211; Ele j\u00e1 pagou uma parte da senten\u00e7a dele, acho que ele tem o direito de reconstruir a vida dele &#8211; disse o operador de produ\u00e7\u00e3o, Jos\u00e9 Carlos.<\/p>\n<div id=\"22df0977-29fb-b575-6d97-17fb6a331e4b\" class=\"foto componente-conteudo\"><img decoding=\"async\" class=\"aligncenter\" title=\"Goleiro Bruno Fernandes j\u00e1 posa com a camisa do Boa Esporte (Foto: L\u00facio Adolfo)\" src=\"http:\/\/s2.glbimg.com\/54m_PlYRFbtAyhrBtkS-lf0Yt9w=\/66x0:623x743\/300x400\/s.glbimg.com\/es\/ge\/f\/original\/2017\/03\/10\/brunocorte.jpg\" alt=\"Goleiro Bruno Fernandes j\u00e1 posa com a camisa do Boa Esporte (Foto: L\u00facio Adolfo)\" width=\"300\" height=\"400\" \/><\/div>\n<p>&#8211; Nada contra a pessoa, nem quero julgar, mas o exemplo que ele nos traz acredito que \u00e9 um marketing negativo &#8211; disse o jornalista Nyei Nadeia.<\/p>\n<p>&#8211; N\u00e3o sou a favor n\u00e3o, porque eu acho que depois que acontece o que aconteceu com ele, o que ele fez, acho que ele tem que ser punido &#8211; disse a cabeleireira Mariza Carvalho.<\/p>\n<p>Conforme o advogado do jogador, L\u00facio Adolfo, o contrato de Bruno Fernandes ser\u00e1 de dois anos. Pelo clube de Varginha, o goleiro ir\u00e1 disputar o M\u00f3dulo 2 do Campeonato Mineiro e a S\u00e9rie B do Brasileiro. A previs\u00e3o \u00e9 que ele inicie os treinamentos com a equipe no in\u00edcio da semana e possa ter condi\u00e7\u00f5es de jogo em no m\u00e1ximo 60 dias.<\/p>\n<p>Apesar do an\u00fancio, o presidente do Montes Claros, Ville Mocelin, com quem Bruno assinou um contrato at\u00e9 2019 enquanto estava na pris\u00e3o, disse que o jogador ainda tem contrato com o clube e que ainda n\u00e3o foi procurado para resolver a situa\u00e7\u00e3o. Segundo Mocelin, a multa rescis\u00f3ria de Bruno com o Montes Claros seria de US$ 2,86 milh\u00f5es. Para os jornalistas, nesta sexta-feira, o advogado de Bruno, L\u00facio Adolfo, disse que a situa\u00e7\u00e3o com o Montes Claros j\u00e1 est\u00e1 resolvida.<\/p>\n<div id=\"05fdb516-0245-eeb1-78ba-c275ff58b5ff\" class=\"foto componente-conteudo\"><img loading=\"lazy\" decoding=\"async\" class=\"aligncenter\" title=\"Bruno almo\u00e7a com a esposa antes de reuni\u00e3o com a diretoria do Boa Esporte em Varginha (Foto: Reprodu\u00e7\u00e3o EPTV \/ Tarcisio Silva)\" src=\"http:\/\/s2.glbimg.com\/K_YtkFCofAuudW8zsptZN7zFZfk=\/32x0:1115x621\/680x390\/s.glbimg.com\/es\/ge\/f\/original\/2017\/03\/10\/almocobruno.jpg\" alt=\"Bruno almo\u00e7a com a esposa antes de reuni\u00e3o com a diretoria do Boa Esporte em Varginha (Foto: Reprodu\u00e7\u00e3o EPTV \/ Tarcisio Silva)\" width=\"680\" height=\"390\" \/><\/div>\n<p><strong>Condena\u00e7\u00e3o e sa\u00edda ap\u00f3s 6 anos da pris\u00e3o<\/strong><br \/>\nEm 2013, Bruno foi condenado a 22 anos e 3 meses de pris\u00e3o pelo assassinato e oculta\u00e7\u00e3o de cad\u00e1ver de Eliza Samudio, sua ex-namorada, e tamb\u00e9m pelo sequestro e c\u00e1rcere privado do filho Bruninho. No dia 24 de fevereiro deste ano, Bruno deixou a APAC de Santa Luzia (MG) por decis\u00e3o do ministro Marco Aur\u00e9lio Mello, do Superior Tribunal Federal (STF).<\/p>\n<p>No dia em que o goleiro foi solto, o Boa Esporte negou que tinha interesse na contrata\u00e7\u00e3o do jogador. Segundo informa\u00e7\u00f5es divulgadas pelo Jornal Hoje em Dia, o advogado do jogador, L\u00facio Adolfo, teria sido informado por um intermedi\u00e1rio que o clube estaria interessado no jogador.<\/p>\n<p>Em fevereiro de 2013, a diretoria do Boa Esporte divulgou uma carta informando o interesse do clube em contratar o goleiro. Na \u00e9poca, o documento deixava claro a inten\u00e7\u00e3o do clube de esperar pelo jogador, que seria julgado naquele ano.<\/p>\n<p>&nbsp;<\/p>\n<p>Fonte: Globo Esporte<\/p>\n","protected":false},"excerpt":{"rendered":"<p>O an\u00fancio da contrata\u00e7\u00e3o do goleiro Bruno Fernandes pelo Boa Esporte, na \u00faltima sexta-feira, mudou a rotina dos moradores de Varginha (MG), no Sul de Minas Gerais.<\/p>\n","protected":false},"author":2,"featured_media":7239,"comment_status":"closed","ping_status":"open","sticky":false,"template":"","format":"standard","meta":{"advgb_blocks_editor_width":"","advgb_blocks_columns_visual_guide":"","_exactmetrics_skip_tracking":false,"_exactmetrics_sitenote_active":false,"_exactmetrics_sitenote_note":"","_exactmetrics_sitenote_category":0,"footnotes":""},"categories":[7,3],"tags":[1035,2891,966,1036,2892,1241],"class_list":["post-7238","post","type-post","status-publish","format-standard","has-post-thumbnail","hentry","category-destaques","category-esportes","tag-boa-esporte-clube","tag-bruno","tag-esporte","tag-futebol","tag-goleiro","tag-varginha"],"better_featured_image":{"id":7239,"alt_text":"","caption":"","description":"","media_type":"image","media_details":{"width":300,"height":211,"file":"2017\/03\/brunocorte.jpg","sizes":{"thumbnail":{"file":"brunocorte-150x106.jpg","width":150,"height":106,"mime-type":"image\/jpeg","source_url":"https:\/\/lavras.tv\/site\/wp-content\/uploads\/2017\/03\/brunocorte-150x106.jpg"},"medium":{"file":"brunocorte-300x211.jpg","width":300,"height":211,"mime-type":"image\/jpeg","source_url":"https:\/\/lavras.tv\/site\/wp-content\/uploads\/2017\/03\/brunocorte-300x211.jpg"},"sow-carousel-default":{"file":"brunocorte-272x182.jpg","width":272,"height":182,"mime-type":"image\/jpeg","source_url":"https:\/\/lavras.tv\/site\/wp-content\/uploads\/2017\/03\/brunocorte-272x182.jpg"}},"image_meta":{"aperture":"0","credit":"","camera":"","caption":"","created_timestamp":"0","copyright":"","focal_length":"0","iso":"0","shutter_speed":"0","title":"","orientation":"1","keywords":[]}},"post":7238,"source_url":"https:\/\/lavras.tv\/site\/wp-content\/uploads\/2017\/03\/brunocorte.jpg"},"author_meta":{"display_name":"Lavras TV","author_link":"https:\/\/lavras.tv\/site\/author\/lavrastv\/"},"featured_img":"https:\/\/lavras.tv\/site\/wp-content\/uploads\/2017\/03\/brunocorte-300x211.jpg","coauthors":[],"tax_additional":{"categories":{"linked":["<a href=\"https:\/\/lavras.tv\/site\/category\/destaques\/\" class=\"advgb-post-tax-term\">Destaques<\/a>","<a href=\"https:\/\/lavras.tv\/site\/category\/esportes\/\" class=\"advgb-post-tax-term\">Esportes<\/a>"],"unlinked":["<span class=\"advgb-post-tax-term\">Destaques<\/span>","<span class=\"advgb-post-tax-term\">Esportes<\/span>"]},"tags":{"linked":["<a href=\"https:\/\/lavras.tv\/site\/category\/esportes\/\" class=\"advgb-post-tax-term\">BOA esporte clube<\/a>","<a href=\"https:\/\/lavras.tv\/site\/category\/esportes\/\" class=\"advgb-post-tax-term\">bruno<\/a>","<a href=\"https:\/\/lavras.tv\/site\/category\/esportes\/\" class=\"advgb-post-tax-term\">esporte<\/a>","<a href=\"https:\/\/lavras.tv\/site\/category\/esportes\/\" class=\"advgb-post-tax-term\">futebol<\/a>","<a href=\"https:\/\/lavras.tv\/site\/category\/esportes\/\" class=\"advgb-post-tax-term\">goleiro<\/a>","<a href=\"https:\/\/lavras.tv\/site\/category\/esportes\/\" class=\"advgb-post-tax-term\">varginha<\/a>"],"unlinked":["<span class=\"advgb-post-tax-term\">BOA esporte clube<\/span>","<span class=\"advgb-post-tax-term\">bruno<\/span>","<span class=\"advgb-post-tax-term\">esporte<\/span>","<span class=\"advgb-post-tax-term\">futebol<\/span>","<span class=\"advgb-post-tax-term\">goleiro<\/span>","<span class=\"advgb-post-tax-term\">varginha<\/span>"]}},"comment_count":"0","relative_dates":{"created":"Publicado 9 anos atr\u00e1s","modified":"Atualizado 9 anos atr\u00e1s"},"absolute_dates":{"created":"Publicado em 11 de mar\u00e7o de 2017","modified":"Atualizado em 11 de mar\u00e7o de 2017"},"absolute_dates_time":{"created":"Publicado em 11 de mar\u00e7o de 2017 12:45","modified":"Atualizado em 11 de mar\u00e7o de 2017 12:45"},"featured_img_caption":"","series_order":"","_links":{"self":[{"href":"https:\/\/lavras.tv\/site\/wp-json\/wp\/v2\/posts\/7238","targetHints":{"allow":["GET"]}}],"collection":[{"href":"https:\/\/lavras.tv\/site\/wp-json\/wp\/v2\/posts"}],"about":[{"href":"https:\/\/lavras.tv\/site\/wp-json\/wp\/v2\/types\/post"}],"author":[{"embeddable":true,"href":"https:\/\/lavras.tv\/site\/wp-json\/wp\/v2\/users\/2"}],"replies":[{"embeddable":true,"href":"https:\/\/lavras.tv\/site\/wp-json\/wp\/v2\/comments?post=7238"}],"version-history":[{"count":1,"href":"https:\/\/lavras.tv\/site\/wp-json\/wp\/v2\/posts\/7238\/revisions"}],"predecessor-version":[{"id":7240,"href":"https:\/\/lavras.tv\/site\/wp-json\/wp\/v2\/posts\/7238\/revisions\/7240"}],"wp:featuredmedia":[{"embeddable":true,"href":"https:\/\/lavras.tv\/site\/wp-json\/wp\/v2\/media\/7239"}],"wp:attachment":[{"href":"https:\/\/lavras.tv\/site\/wp-json\/wp\/v2\/media?parent=7238"}],"wp:term":[{"taxonomy":"category","embeddable":true,"href":"https:\/\/lavras.tv\/site\/wp-json\/wp\/v2\/categories?post=7238"},{"taxonomy":"post_tag","embeddable":true,"href":"https:\/\/lavras.tv\/site\/wp-json\/wp\/v2\/tags?post=7238"}],"curies":[{"name":"wp","href":"https:\/\/api.w.org\/{rel}","templated":true}]}}