{"id":7256,"date":"2017-03-13T09:09:47","date_gmt":"2017-03-13T12:09:47","guid":{"rendered":"http:\/\/lavras.tv\/site\/?p=7256"},"modified":"2017-03-13T09:09:47","modified_gmt":"2017-03-13T12:09:47","slug":"cruzeiro-vence-classico-e-vira-lider-do-mineiro-mesmo-com-derrota-america-segue-no-g4","status":"publish","type":"post","link":"https:\/\/lavras.tv\/site\/2017\/03\/13\/cruzeiro-vence-classico-e-vira-lider-do-mineiro-mesmo-com-derrota-america-segue-no-g4\/","title":{"rendered":"Cruzeiro vence cl\u00e1ssico e vira l\u00edder do Mineiro; mesmo com derrota, Am\u00e9rica segue no G4"},"content":{"rendered":"<div class=\"lavra-antes-do-conteudo_2\" id=\"lavra-3313233027\"><div id=\"lavra-slider-27\" class=\"custom-slider lavra-slider-1723343909 lavra-slider\"><ul><li><div style=\"margin-left: auto;margin-right: auto;text-align: center;\" id=\"lavra-1469009743\"><a href=\"https:\/\/sistemas.lavras.mg.gov.br\/portalcidadao\/#df1b1a7c7b2a290bcb31e32771e610784662739a88807c0dacac58ede5f391a7530e299dc302d611ee73cb143fc22eaf93592e53e7b5bdb01b00a0b8d28dae460c141dd2ff83412e4dc1c31b16b25f33144a9e5620ea73b13f5bc1c59411d98439ad226e8af03840603796067d87afe130812cf3de24982d0e306f9e61e764e5\" aria-label=\"Lavras-TV&#8211;720x104px (1) (1)\"><img src=\"https:\/\/lavras.tv\/site\/wp-content\/uploads\/2025\/01\/Lavras-TV-720x104px-1-1.png\" alt=\"\"  srcset=\"https:\/\/lavras.tv\/site\/wp-content\/uploads\/2025\/01\/Lavras-TV-720x104px-1-1.png 720w, https:\/\/lavras.tv\/site\/wp-content\/uploads\/2025\/01\/Lavras-TV-720x104px-1-1-470x68.png 470w, https:\/\/lavras.tv\/site\/wp-content\/uploads\/2025\/01\/Lavras-TV-720x104px-1-1-170x25.png 170w, https:\/\/lavras.tv\/site\/wp-content\/uploads\/2025\/01\/Lavras-TV-720x104px-1-1-200x29.png 200w\" sizes=\"(max-width: 720px) 100vw, 720px\" width=\"720\" height=\"104\"  style=\"display: inline-block;\" \/><\/a><\/div><\/li><li><a href=\"https:\/\/sistemas.lavras.mg.gov.br\/portalcidadao\/#df1b1a7c7b2a290bcb31e32771e610784662739a88807c0dacac58ede5f391a7530e299dc302d611ee73cb143fc22eaf93592e53e7b5bdb01b00a0b8d28dae460c141dd2ff83412e4dc1c31b16b25f33144a9e5620ea73b13f5bc1c59411d98439ad226e8af03840603796067d87afe130812cf3de24982d0e306f9e61e764e5\" aria-label=\"Banner_Emprego_PortallavrasTV\"><img src=\"https:\/\/lavras.tv\/site\/wp-content\/uploads\/2025\/03\/Banner_Emprego_PortallavrasTV.png\" alt=\"\"  srcset=\"https:\/\/lavras.tv\/site\/wp-content\/uploads\/2025\/03\/Banner_Emprego_PortallavrasTV.png 720w, https:\/\/lavras.tv\/site\/wp-content\/uploads\/2025\/03\/Banner_Emprego_PortallavrasTV-470x68.png 470w, https:\/\/lavras.tv\/site\/wp-content\/uploads\/2025\/03\/Banner_Emprego_PortallavrasTV-170x25.png 170w, https:\/\/lavras.tv\/site\/wp-content\/uploads\/2025\/03\/Banner_Emprego_PortallavrasTV-200x29.png 200w\" sizes=\"(max-width: 720px) 100vw, 720px\" width=\"720\" height=\"104\"   \/><\/a><\/li><li><a href=\"https:\/\/sistemas.lavras.mg.gov.br\/portalcidadao\/#df1b1a7c7b2a290bcb31e32771e610784662739a88807c0dacac58ede5f391a7530e299dc302d611ee73cb143fc22eaf93592e53e7b5bdb01b00a0b8d28dae460c141dd2ff83412e4dc1c31b16b25f33144a9e5620ea73b13f5bc1c59411d98439ad226e8af03840603796067d87afe130812cf3de24982d0e306f9e61e764e5\" aria-label=\"Banner_Obras_PortallavrasTV\"><img src=\"https:\/\/lavras.tv\/site\/wp-content\/uploads\/2025\/03\/Banner_Obras_PortallavrasTV.png\" alt=\"\"  srcset=\"https:\/\/lavras.tv\/site\/wp-content\/uploads\/2025\/03\/Banner_Obras_PortallavrasTV.png 720w, https:\/\/lavras.tv\/site\/wp-content\/uploads\/2025\/03\/Banner_Obras_PortallavrasTV-470x68.png 470w, https:\/\/lavras.tv\/site\/wp-content\/uploads\/2025\/03\/Banner_Obras_PortallavrasTV-170x25.png 170w, https:\/\/lavras.tv\/site\/wp-content\/uploads\/2025\/03\/Banner_Obras_PortallavrasTV-200x29.png 200w\" sizes=\"(max-width: 720px) 100vw, 720px\" width=\"720\" height=\"104\"   \/><\/a><\/li><li><div style=\"margin-left: auto;margin-right: auto;text-align: center;\" id=\"lavra-1233836698\"><a href=\"https:\/\/sistemas.lavras.mg.gov.br\/portalcidadao\/#df1b1a7c7b2a290bcb31e32771e610784662739a88807c0dacac58ede5f391a7530e299dc302d611ee73cb143fc22eaf93592e53e7b5bdb01b00a0b8d28dae460c141dd2ff83412e4dc1c31b16b25f33144a9e5620ea73b13f5bc1c59411d98439ad226e8af03840603796067d87afe130812cf3de24982d0e306f9e61e764e5\" aria-label=\"Banner_Educa\u00e7\u00e3o_PortallavrasTV\"><img src=\"https:\/\/lavras.tv\/site\/wp-content\/uploads\/2025\/01\/Banner_Educacao_PortallavrasTV.png\" alt=\"\"  srcset=\"https:\/\/lavras.tv\/site\/wp-content\/uploads\/2025\/01\/Banner_Educacao_PortallavrasTV.png 720w, https:\/\/lavras.tv\/site\/wp-content\/uploads\/2025\/01\/Banner_Educacao_PortallavrasTV-470x68.png 470w, https:\/\/lavras.tv\/site\/wp-content\/uploads\/2025\/01\/Banner_Educacao_PortallavrasTV-170x25.png 170w, https:\/\/lavras.tv\/site\/wp-content\/uploads\/2025\/01\/Banner_Educacao_PortallavrasTV-200x29.png 200w\" sizes=\"(max-width: 720px) 100vw, 720px\" width=\"720\" height=\"104\"  style=\"display: inline-block;\" \/><\/a><\/div><\/li><li><a href=\"https:\/\/sistemas.lavras.mg.gov.br\/portalcidadao\/#df1b1a7c7b2a290bcb31e32771e610784662739a88807c0dacac58ede5f391a7530e299dc302d611ee73cb143fc22eaf93592e53e7b5bdb01b00a0b8d28dae460c141dd2ff83412e4dc1c31b16b25f33144a9e5620ea73b13f5bc1c59411d98439ad226e8af03840603796067d87afe130812cf3de24982d0e306f9e61e764e5\" aria-label=\"Banner_Sa\u00fade_PortallavrasTV\"><img src=\"https:\/\/lavras.tv\/site\/wp-content\/uploads\/2025\/03\/Banner_Saude_PortallavrasTV.png\" alt=\"\"  srcset=\"https:\/\/lavras.tv\/site\/wp-content\/uploads\/2025\/03\/Banner_Saude_PortallavrasTV.png 720w, https:\/\/lavras.tv\/site\/wp-content\/uploads\/2025\/03\/Banner_Saude_PortallavrasTV-470x68.png 470w, https:\/\/lavras.tv\/site\/wp-content\/uploads\/2025\/03\/Banner_Saude_PortallavrasTV-170x25.png 170w, https:\/\/lavras.tv\/site\/wp-content\/uploads\/2025\/03\/Banner_Saude_PortallavrasTV-200x29.png 200w\" sizes=\"(max-width: 720px) 100vw, 720px\" width=\"720\" height=\"104\"   \/><\/a><\/li><li><div id=\"lavra-2723050565\" style=\"width:720px;height:104px;background-color:#ddd;overflow:scroll;\">\n\t<strong>Sa\u00edda da depura\u00e7\u00e3o de an\u00fancios<\/strong>\n\t<br><br>\n\tO an\u00fancio n\u00e3o \u00e9 exibido na p\u00e1gina<br><br>post atual: Cruzeiro vence cl\u00e1ssico e vira l\u00edder do Mineiro; mesmo com derrota, Am\u00e9rica segue no G4, ID: 7256<br><br><span style=\"color: red;\">O post atual n\u00e3o \u00e9 id\u00eantico ao post principal.<\/span><br><br>An\u00fancios: ROXO - TOPO INTERNA - ROTATIVO 2 (197)<br \/>Grupo de an\u00fancios: Princ_Meio01_720x104 (27)<br><br>Condi\u00e7\u00f5es de exibi\u00e7\u00e3o<div style=\"margin-bottom: 20px; white-space: pre-wrap; font-family: monospace; width: 100%; background: #ffe9e9;\"><strong>condi\u00e7\u00f5es gerais<\/strong><table border=\"1\"><thead><tr><th><\/th><th>An\u00fancios<\/th><th>wp_the_query<\/th><\/tr><\/thead><tr><td>is_main_query<\/td><td>1<\/td><td>1<\/td><\/tr><tr><td>is_rest_api<\/td><td>0<\/td><td>1<\/td><\/tr><tr><td>page<\/td><td>0<\/td><td>1<\/td><\/tr><tr><td>numpages<\/td><td>0<\/td><td>1<\/td><\/tr><tr><td>is_archive<\/td><td>1<\/td><td><\/td><\/tr><tr><td>is_search<\/td><td>1<\/td><td><\/td><\/tr><tr><td>is_home<\/td><td>1<\/td><td><\/td><\/tr><tr><td>is_404<\/td><td>1<\/td><td><\/td><\/tr><tr><td>is_attachment<\/td><td>1<\/td><td><\/td><\/tr><tr><td>is_singular<\/td><td>1<\/td><td><\/td><\/tr><tr><td>is_front_page<\/td><td>1<\/td><td><\/td><\/tr><tr><td>is_feed<\/td><td>1<\/td><td><\/td><\/tr><\/table><\/div><br><br><span style=\"color: red;\">Seu site usa HTTPS, mas o c\u00f3digo do an\u00fancio cont\u00e9m HTTP e pode n\u00e3o funcionar.<\/span>\t<br><br>\n\t<a style=\"color: green;\" href=\"https:\/\/wpadvancedads.com\/manual\/ad-debug-mode\/?utm_source=advanced-ads&utm_medium=link&utm_campaign=ad-debug-mode\" target=\"_blank\" rel=\"nofollow\">Encontre solu\u00e7\u00f5es no manual<\/a>\n<\/div>\n<\/li><\/ul><\/div><script>( window.advanced_ads_ready || jQuery( document ).ready ).call( null, function() {var $lavraslider1723343909 = jQuery( \".lavra-slider-1723343909\" );$lavraslider1723343909.on( \"unslider.ready\", function() { jQuery( \"div.custom-slider ul li\" ).css( \"display\", \"block\" ); });$lavraslider1723343909.unslider({ delay:4000, autoplay:true, nav:false, arrows:false, infinite:true });$lavraslider1723343909.on(\"mouseover\", function() {$lavraslider1723343909.unslider(\"stop\");}).on(\"mouseout\", function() {$lavraslider1723343909.unslider(\"start\");});});<\/script><\/div><p>O Cruzeiro conquistou mais uma vit\u00f3ria e segue invicto na temporada. Em dois tempos distintos, o time celeste foi melhor na etapa inicial e acabou sendo o suficiente para bater o Am\u00e9rica por 1 a 0, neste domingo, no Independ\u00eancia, pela s\u00e9tima rodada do Campeonato Mineiro.<\/p>\n<p><img fetchpriority=\"high\" decoding=\"async\" class=\"size-full wp-image-7257 aligncenter\" src=\"http:\/\/lavras.tv\/site\/wp-content\/uploads\/2017\/03\/cruzeiro-2.jpg\" alt=\"cruzeiro\" width=\"600\" height=\"360\" srcset=\"https:\/\/lavras.tv\/site\/wp-content\/uploads\/2017\/03\/cruzeiro-2.jpg 600w, https:\/\/lavras.tv\/site\/wp-content\/uploads\/2017\/03\/cruzeiro-2-150x90.jpg 150w, https:\/\/lavras.tv\/site\/wp-content\/uploads\/2017\/03\/cruzeiro-2-300x180.jpg 300w\" sizes=\"(max-width: 600px) 100vw, 600px\" \/><\/p>\n<p>Em cobran\u00e7a de p\u00eanalti, aos 16 minutos do primeiro tempo, Rafael Sobis marcou o \u00fanico gol da partida. O lance foi bastante contestado pelos jogadores do Am\u00e9rica, que reclamaram da marca\u00e7\u00e3o ter sido feita pelo auxiliar.<\/p>\n<p>Na etapa final, o Am\u00e9rica cresceu e partiu para cima do Cruzeiro, que n\u00e3o foi nem sombra dos 45 minutos iniciais. No entanto, o Coelho falhou nas finaliza\u00e7\u00f5es e, quando conseguiu chegar com qualidade, parou no goleiro Rafael, que fez pelo menos tr\u00eas grandes defesas salvando a Raposa.<\/p>\n<p>Com o resultado, o Cruzeiro assumiu a lideran\u00e7a, com 19 pontos, um a mais que o Atl\u00e9tico, que entra em campo nesta segunda-feira, \u00e0s 20h contra o Tupi, no Independ\u00eancia. Para manter a ponta ao fim da rodada, o time celeste ter\u00e1 que contar com derrota do arquirrival.<\/p>\n<p>J\u00e1 o Am\u00e9rica caiu uma posi\u00e7\u00e3o, mas se manteve no G4. O Coelho segue com 11 pontos e contou com trope\u00e7os de Tombense, URT e Uberl\u00e2ndia, que tamb\u00e9m n\u00e3o venceram.<\/p>\n<p>Na pr\u00f3xima rodada, o Am\u00e9rica visita o Am\u00e9rica-TO, domingo, \u00e0s 18h30, em Te\u00f3filo Otoni. J\u00e1 o Cruzeiro enfrenta o Tombense, mais cedo, \u00e0s 16h, no Mineir\u00e3o. Mas antes a Raposa tem compromisso pela Copa do Brasil. Na quarta-feira, \u00e0s 21h45, o time celeste recebe o Murici, no Gigante da Pampulha, pelo duelo de volta da terceira fase do torneio nacional. Na ida, nas Alagoas, os mineiros venceram por 2 a 0.<\/p>\n<p><strong>O jogo<\/strong><\/p>\n<p>O Cruzeiro n\u00e3o demorou muito a ficar em vantagem diante do Am\u00e9rica. Ap\u00f3s uma press\u00e3o inicial e algumas oportunidades de gol, como em um cabeceio de Manoel, o time abriu o placar do jogo aos 16 minutos, ap\u00f3s Rafael Sobis ser derrubado na grande \u00e1rea por Renato Justi. O pr\u00f3prio Sobis foi para a cobran\u00e7a e a converteu.<\/p>\n<p>O gol cruzeirense deixou o duelo mais aberto, pois, em desvantagem, o Am\u00e9rica saiu mais para o ataque. E quase empatou em uma cobran\u00e7a de falta de G\u00e9rson Magr\u00e3o, que obrigou o goleiro Rafael a fazer grande defesa. Mas o Cruzeiro tinha mais volume de jogo e s\u00f3 n\u00e3o ampliou a sua vantagem antes do intervalo porque Rafael Lima tirou a bola quase em cima da linha ap\u00f3s Thiago Neves passar pelo goleiro Jo\u00e3o Ricardo e finalizar.<\/p>\n<p>O Cruzeiro voltou para o segundo tempo mais recuado, fechando os espa\u00e7os na sua defesa e tamb\u00e9m em busca de um contra-ataque para matar o jogo. E quase conseguiu em uma finaliza\u00e7\u00e3o de Rafael Sobis ap\u00f3s jogada de velocidade que tamb\u00e9m envolveu Arrascaeta e Diogo Barbosa.<\/p>\n<p>S\u00f3 que o Cruzeiro tamb\u00e9m precisou contar com Rafael para assegurar a sua vit\u00f3ria. Foi assim em um cabeceio de Renan Oliveira, ap\u00f3s cruzamento de Par\u00e1, em que o goleiro fez grande defesa e tamb\u00e9m em um chute de longe de Hugo Almeida. Mas o Coelho parou por a\u00ed.<\/p>\n<p>Depois dos sustos, o Cruzeiro conseguiu valorizar a posse de bola nos 20 minutos finais do duelo, que teve poucas emo\u00e7\u00f5es. Assim, assegurou a vit\u00f3ria magra que o deixa, ao menos provisoriamente, na lideran\u00e7a.<\/p>\n<p><strong>Am\u00e9rica 0 x 1 Cruzeiro<\/strong><\/p>\n<p><strong>Am\u00e9rica:<\/strong> Jo\u00e3o Ricardo; Messias (Alex Silva), Rafael Lima e Renato Justi; Auro, Gustavo Blanco, Juninho (Rub\u00e3o), Gerson Magr\u00e3o, Renan Oliveira e Par\u00e1 (Marion); Hugo Almeida. T\u00e9cnico: Enderson Moreira<\/p>\n<p><strong>Cruzeiro:<\/strong> Rafael; Ezequiel, L\u00e9o, Manoel e Diogo Barbosa; Ariel Cabral, Henrique, Arrascaeta (Rafinha), Thiago Neves (Alisson) e Robinho; Rafael Sobis (\u00c1bila). T\u00e9cnico: Mano Menezes<\/p>\n<p><strong>Motivo:<\/strong> 7\u00aa rodada do Campeonato Mineiro<\/p>\n<p><strong>Data e hor\u00e1rio:<\/strong> 12 de mar\u00e7o de 2017, domingo, \u00e0s 16h<\/p>\n<p><strong>Local:<\/strong> Est\u00e1dio Independ\u00eancia, em Belo Horizonte (MG)<\/p>\n<p><strong>Gol:<\/strong> Rafael Sobis (p\u00eanalti &#8211; 16\u2019\/1\u00ba)<\/p>\n<p><strong>Cart\u00f5es Amarelos:<\/strong> Rafael Lima, Gerson Magr\u00e3o, Hugo Almeida (Am\u00e9rica); Thiago Neves, Ezequiel (Cruzeiro)<\/p>\n<p><strong>\u00c1rbitro:<\/strong> Cleisson Veloso Pereira (CBF)<\/p>\n<p><strong>Auxiliares:<\/strong> Felipe Alan Costa Oliveira (CBF) e Ricardo J\u00fanio de Souza (CBF)<\/p>\n<p><strong>P\u00fablico:<\/strong> 13.834<\/p>\n<p><strong>Renda:<\/strong> R$ 167.774,00<\/p>\n<p>Fonte: Itatiaia<\/p>\n","protected":false},"excerpt":{"rendered":"<p>O Cruzeiro conquistou mais uma vit\u00f3ria e segue invicto na temporada. Em dois tempos distintos, o time celeste foi melhor na etapa inicial e acabou sendo o suficiente para bater o Am\u00e9rica por 1 a 0, neste domingo, no Independ\u00eancia, pela s\u00e9tima rodada do Campeonato Mineiro. Em cobran\u00e7a de p\u00eanalti, aos 16 minutos do primeiro [&hellip;]<\/p>\n","protected":false},"author":2,"featured_media":7257,"comment_status":"closed","ping_status":"open","sticky":false,"template":"","format":"standard","meta":{"advgb_blocks_editor_width":"","advgb_blocks_columns_visual_guide":"","_exactmetrics_skip_tracking":false,"_exactmetrics_sitenote_active":false,"_exactmetrics_sitenote_note":"","_exactmetrics_sitenote_category":0,"footnotes":""},"categories":[3],"tags":[908,966,1036],"class_list":["post-7256","post","type-post","status-publish","format-standard","has-post-thumbnail","hentry","category-esportes","tag-cruzeiro","tag-esporte","tag-futebol"],"better_featured_image":{"id":7257,"alt_text":"","caption":"","description":"","media_type":"image","media_details":{"width":600,"height":360,"file":"2017\/03\/cruzeiro-2.jpg","sizes":{"thumbnail":{"file":"cruzeiro-2-150x90.jpg","width":150,"height":90,"mime-type":"image\/jpeg","source_url":"https:\/\/lavras.tv\/site\/wp-content\/uploads\/2017\/03\/cruzeiro-2-150x90.jpg"},"medium":{"file":"cruzeiro-2-300x180.jpg","width":300,"height":180,"mime-type":"image\/jpeg","source_url":"https:\/\/lavras.tv\/site\/wp-content\/uploads\/2017\/03\/cruzeiro-2-300x180.jpg"},"featured-post-img":{"file":"cruzeiro-2-480x320.jpg","width":480,"height":320,"mime-type":"image\/jpeg","source_url":"https:\/\/lavras.tv\/site\/wp-content\/uploads\/2017\/03\/cruzeiro-2-480x320.jpg"},"sow-carousel-default":{"file":"cruzeiro-2-272x182.jpg","width":272,"height":182,"mime-type":"image\/jpeg","source_url":"https:\/\/lavras.tv\/site\/wp-content\/uploads\/2017\/03\/cruzeiro-2-272x182.jpg"}},"image_meta":{"aperture":"4","credit":"Washington Alves\/Cruzeiro","camera":"NIKON D750","caption":"BELO HORIZONTE \/ BRASIL (12.03.2017) Am\u00e9rica-MG x Cruzeiro, no est\u00e1dio Independ\u00eancia, em Belo Horizonte, pela 7\u00aa rodada do Campeonato Mineiro de 2017 - \r\u00a9 Washington Alves\/Cruzeiro","created_timestamp":"1489346179","copyright":"Light Press - Todos os direitos reservados.","focal_length":"300","iso":"2000","shutter_speed":"0.0008","title":"","orientation":"1","keywords":[]}},"post":7256,"source_url":"https:\/\/lavras.tv\/site\/wp-content\/uploads\/2017\/03\/cruzeiro-2.jpg"},"author_meta":{"display_name":"Lavras TV","author_link":"https:\/\/lavras.tv\/site\/author\/lavrastv\/"},"featured_img":"https:\/\/lavras.tv\/site\/wp-content\/uploads\/2017\/03\/cruzeiro-2-300x180.jpg","coauthors":[],"tax_additional":{"categories":{"linked":["<a href=\"https:\/\/lavras.tv\/site\/category\/esportes\/\" class=\"advgb-post-tax-term\">Esportes<\/a>"],"unlinked":["<span class=\"advgb-post-tax-term\">Esportes<\/span>"]},"tags":{"linked":["<a href=\"https:\/\/lavras.tv\/site\/category\/esportes\/\" class=\"advgb-post-tax-term\">cruzeiro<\/a>","<a href=\"https:\/\/lavras.tv\/site\/category\/esportes\/\" class=\"advgb-post-tax-term\">esporte<\/a>","<a href=\"https:\/\/lavras.tv\/site\/category\/esportes\/\" class=\"advgb-post-tax-term\">futebol<\/a>"],"unlinked":["<span class=\"advgb-post-tax-term\">cruzeiro<\/span>","<span class=\"advgb-post-tax-term\">esporte<\/span>","<span class=\"advgb-post-tax-term\">futebol<\/span>"]}},"comment_count":"0","relative_dates":{"created":"Publicado 9 anos atr\u00e1s","modified":"Atualizado 9 anos atr\u00e1s"},"absolute_dates":{"created":"Publicado em 13 de mar\u00e7o de 2017","modified":"Atualizado em 13 de mar\u00e7o de 2017"},"absolute_dates_time":{"created":"Publicado em 13 de mar\u00e7o de 2017 09:09","modified":"Atualizado em 13 de mar\u00e7o de 2017 09:09"},"featured_img_caption":"","series_order":"","_links":{"self":[{"href":"https:\/\/lavras.tv\/site\/wp-json\/wp\/v2\/posts\/7256","targetHints":{"allow":["GET"]}}],"collection":[{"href":"https:\/\/lavras.tv\/site\/wp-json\/wp\/v2\/posts"}],"about":[{"href":"https:\/\/lavras.tv\/site\/wp-json\/wp\/v2\/types\/post"}],"author":[{"embeddable":true,"href":"https:\/\/lavras.tv\/site\/wp-json\/wp\/v2\/users\/2"}],"replies":[{"embeddable":true,"href":"https:\/\/lavras.tv\/site\/wp-json\/wp\/v2\/comments?post=7256"}],"version-history":[{"count":1,"href":"https:\/\/lavras.tv\/site\/wp-json\/wp\/v2\/posts\/7256\/revisions"}],"predecessor-version":[{"id":7258,"href":"https:\/\/lavras.tv\/site\/wp-json\/wp\/v2\/posts\/7256\/revisions\/7258"}],"wp:featuredmedia":[{"embeddable":true,"href":"https:\/\/lavras.tv\/site\/wp-json\/wp\/v2\/media\/7257"}],"wp:attachment":[{"href":"https:\/\/lavras.tv\/site\/wp-json\/wp\/v2\/media?parent=7256"}],"wp:term":[{"taxonomy":"category","embeddable":true,"href":"https:\/\/lavras.tv\/site\/wp-json\/wp\/v2\/categories?post=7256"},{"taxonomy":"post_tag","embeddable":true,"href":"https:\/\/lavras.tv\/site\/wp-json\/wp\/v2\/tags?post=7256"}],"curies":[{"name":"wp","href":"https:\/\/api.w.org\/{rel}","templated":true}]}}