{"id":7259,"date":"2017-03-13T09:15:25","date_gmt":"2017-03-13T12:15:25","guid":{"rendered":"http:\/\/lavras.tv\/site\/?p=7259"},"modified":"2017-03-13T09:15:25","modified_gmt":"2017-03-13T12:15:25","slug":"alvo-de-criticas-boa-esporte-explica-contratacao-de-bruno-obrigacao-social","status":"publish","type":"post","link":"https:\/\/lavras.tv\/site\/2017\/03\/13\/alvo-de-criticas-boa-esporte-explica-contratacao-de-bruno-obrigacao-social\/","title":{"rendered":"Alvo de cr\u00edticas, Boa Esporte explica contrata\u00e7\u00e3o de Bruno: &#8216;Obriga\u00e7\u00e3o social&#8217;"},"content":{"rendered":"<div class=\"lavra-antes-do-conteudo_2\" id=\"lavra-524819617\"><div id=\"lavra-slider-27\" class=\"custom-slider lavra-slider-1524551778 lavra-slider\"><ul><li><div style=\"margin-left: auto;margin-right: auto;text-align: center;\" id=\"lavra-6433263\"><a href=\"https:\/\/sistemas.lavras.mg.gov.br\/portalcidadao\/#df1b1a7c7b2a290bcb31e32771e610784662739a88807c0dacac58ede5f391a7530e299dc302d611ee73cb143fc22eaf93592e53e7b5bdb01b00a0b8d28dae460c141dd2ff83412e4dc1c31b16b25f33144a9e5620ea73b13f5bc1c59411d98439ad226e8af03840603796067d87afe130812cf3de24982d0e306f9e61e764e5\" aria-label=\"Lavras-TV&#8211;720x104px (1) (1)\"><img src=\"https:\/\/lavras.tv\/site\/wp-content\/uploads\/2025\/01\/Lavras-TV-720x104px-1-1.png\" alt=\"\"  srcset=\"https:\/\/lavras.tv\/site\/wp-content\/uploads\/2025\/01\/Lavras-TV-720x104px-1-1.png 720w, https:\/\/lavras.tv\/site\/wp-content\/uploads\/2025\/01\/Lavras-TV-720x104px-1-1-470x68.png 470w, https:\/\/lavras.tv\/site\/wp-content\/uploads\/2025\/01\/Lavras-TV-720x104px-1-1-170x25.png 170w, https:\/\/lavras.tv\/site\/wp-content\/uploads\/2025\/01\/Lavras-TV-720x104px-1-1-200x29.png 200w\" sizes=\"(max-width: 720px) 100vw, 720px\" width=\"720\" height=\"104\"  style=\"display: inline-block;\" \/><\/a><\/div><\/li><li><a href=\"https:\/\/sistemas.lavras.mg.gov.br\/portalcidadao\/#df1b1a7c7b2a290bcb31e32771e610784662739a88807c0dacac58ede5f391a7530e299dc302d611ee73cb143fc22eaf93592e53e7b5bdb01b00a0b8d28dae460c141dd2ff83412e4dc1c31b16b25f33144a9e5620ea73b13f5bc1c59411d98439ad226e8af03840603796067d87afe130812cf3de24982d0e306f9e61e764e5\" aria-label=\"Banner_Emprego_PortallavrasTV\"><img src=\"https:\/\/lavras.tv\/site\/wp-content\/uploads\/2025\/03\/Banner_Emprego_PortallavrasTV.png\" alt=\"\"  srcset=\"https:\/\/lavras.tv\/site\/wp-content\/uploads\/2025\/03\/Banner_Emprego_PortallavrasTV.png 720w, https:\/\/lavras.tv\/site\/wp-content\/uploads\/2025\/03\/Banner_Emprego_PortallavrasTV-470x68.png 470w, https:\/\/lavras.tv\/site\/wp-content\/uploads\/2025\/03\/Banner_Emprego_PortallavrasTV-170x25.png 170w, https:\/\/lavras.tv\/site\/wp-content\/uploads\/2025\/03\/Banner_Emprego_PortallavrasTV-200x29.png 200w\" sizes=\"(max-width: 720px) 100vw, 720px\" width=\"720\" height=\"104\"   \/><\/a><\/li><li><a href=\"https:\/\/sistemas.lavras.mg.gov.br\/portalcidadao\/#df1b1a7c7b2a290bcb31e32771e610784662739a88807c0dacac58ede5f391a7530e299dc302d611ee73cb143fc22eaf93592e53e7b5bdb01b00a0b8d28dae460c141dd2ff83412e4dc1c31b16b25f33144a9e5620ea73b13f5bc1c59411d98439ad226e8af03840603796067d87afe130812cf3de24982d0e306f9e61e764e5\" aria-label=\"Banner_Obras_PortallavrasTV\"><img src=\"https:\/\/lavras.tv\/site\/wp-content\/uploads\/2025\/03\/Banner_Obras_PortallavrasTV.png\" alt=\"\"  srcset=\"https:\/\/lavras.tv\/site\/wp-content\/uploads\/2025\/03\/Banner_Obras_PortallavrasTV.png 720w, https:\/\/lavras.tv\/site\/wp-content\/uploads\/2025\/03\/Banner_Obras_PortallavrasTV-470x68.png 470w, https:\/\/lavras.tv\/site\/wp-content\/uploads\/2025\/03\/Banner_Obras_PortallavrasTV-170x25.png 170w, https:\/\/lavras.tv\/site\/wp-content\/uploads\/2025\/03\/Banner_Obras_PortallavrasTV-200x29.png 200w\" sizes=\"(max-width: 720px) 100vw, 720px\" width=\"720\" height=\"104\"   \/><\/a><\/li><li><div style=\"margin-left: auto;margin-right: auto;text-align: center;\" id=\"lavra-881109775\"><a href=\"https:\/\/sistemas.lavras.mg.gov.br\/portalcidadao\/#df1b1a7c7b2a290bcb31e32771e610784662739a88807c0dacac58ede5f391a7530e299dc302d611ee73cb143fc22eaf93592e53e7b5bdb01b00a0b8d28dae460c141dd2ff83412e4dc1c31b16b25f33144a9e5620ea73b13f5bc1c59411d98439ad226e8af03840603796067d87afe130812cf3de24982d0e306f9e61e764e5\" aria-label=\"Banner_Educa\u00e7\u00e3o_PortallavrasTV\"><img src=\"https:\/\/lavras.tv\/site\/wp-content\/uploads\/2025\/01\/Banner_Educacao_PortallavrasTV.png\" alt=\"\"  srcset=\"https:\/\/lavras.tv\/site\/wp-content\/uploads\/2025\/01\/Banner_Educacao_PortallavrasTV.png 720w, https:\/\/lavras.tv\/site\/wp-content\/uploads\/2025\/01\/Banner_Educacao_PortallavrasTV-470x68.png 470w, https:\/\/lavras.tv\/site\/wp-content\/uploads\/2025\/01\/Banner_Educacao_PortallavrasTV-170x25.png 170w, https:\/\/lavras.tv\/site\/wp-content\/uploads\/2025\/01\/Banner_Educacao_PortallavrasTV-200x29.png 200w\" sizes=\"(max-width: 720px) 100vw, 720px\" width=\"720\" height=\"104\"  style=\"display: inline-block;\" \/><\/a><\/div><\/li><li><a href=\"https:\/\/sistemas.lavras.mg.gov.br\/portalcidadao\/#df1b1a7c7b2a290bcb31e32771e610784662739a88807c0dacac58ede5f391a7530e299dc302d611ee73cb143fc22eaf93592e53e7b5bdb01b00a0b8d28dae460c141dd2ff83412e4dc1c31b16b25f33144a9e5620ea73b13f5bc1c59411d98439ad226e8af03840603796067d87afe130812cf3de24982d0e306f9e61e764e5\" aria-label=\"Banner_Sa\u00fade_PortallavrasTV\"><img src=\"https:\/\/lavras.tv\/site\/wp-content\/uploads\/2025\/03\/Banner_Saude_PortallavrasTV.png\" alt=\"\"  srcset=\"https:\/\/lavras.tv\/site\/wp-content\/uploads\/2025\/03\/Banner_Saude_PortallavrasTV.png 720w, https:\/\/lavras.tv\/site\/wp-content\/uploads\/2025\/03\/Banner_Saude_PortallavrasTV-470x68.png 470w, https:\/\/lavras.tv\/site\/wp-content\/uploads\/2025\/03\/Banner_Saude_PortallavrasTV-170x25.png 170w, https:\/\/lavras.tv\/site\/wp-content\/uploads\/2025\/03\/Banner_Saude_PortallavrasTV-200x29.png 200w\" sizes=\"(max-width: 720px) 100vw, 720px\" width=\"720\" height=\"104\"   \/><\/a><\/li><li><div id=\"lavra-1185949125\" style=\"width:720px;height:104px;background-color:#ddd;overflow:scroll;\">\n\t<strong>Sa\u00edda da depura\u00e7\u00e3o de an\u00fancios<\/strong>\n\t<br><br>\n\tO an\u00fancio n\u00e3o \u00e9 exibido na p\u00e1gina<br><br>post atual: Alvo de cr\u00edticas, Boa Esporte explica contrata\u00e7\u00e3o de Bruno: 'Obriga\u00e7\u00e3o social', ID: 7259<br><br><span style=\"color: red;\">O post atual n\u00e3o \u00e9 id\u00eantico ao post principal.<\/span><br><br>An\u00fancios: ROXO - TOPO INTERNA - ROTATIVO 2 (197)<br \/>Grupo de an\u00fancios: Princ_Meio01_720x104 (27)<br><br>Condi\u00e7\u00f5es de exibi\u00e7\u00e3o<div style=\"margin-bottom: 20px; white-space: pre-wrap; font-family: monospace; width: 100%; background: #ffe9e9;\"><strong>condi\u00e7\u00f5es gerais<\/strong><table border=\"1\"><thead><tr><th><\/th><th>An\u00fancios<\/th><th>wp_the_query<\/th><\/tr><\/thead><tr><td>is_main_query<\/td><td>1<\/td><td>1<\/td><\/tr><tr><td>is_rest_api<\/td><td>0<\/td><td>1<\/td><\/tr><tr><td>page<\/td><td>0<\/td><td>1<\/td><\/tr><tr><td>numpages<\/td><td>0<\/td><td>1<\/td><\/tr><tr><td>is_archive<\/td><td>1<\/td><td><\/td><\/tr><tr><td>is_search<\/td><td>1<\/td><td><\/td><\/tr><tr><td>is_home<\/td><td>1<\/td><td><\/td><\/tr><tr><td>is_404<\/td><td>1<\/td><td><\/td><\/tr><tr><td>is_attachment<\/td><td>1<\/td><td><\/td><\/tr><tr><td>is_singular<\/td><td>1<\/td><td><\/td><\/tr><tr><td>is_front_page<\/td><td>1<\/td><td><\/td><\/tr><tr><td>is_feed<\/td><td>1<\/td><td><\/td><\/tr><\/table><\/div><br><br><span style=\"color: red;\">Seu site usa HTTPS, mas o c\u00f3digo do an\u00fancio cont\u00e9m HTTP e pode n\u00e3o funcionar.<\/span>\t<br><br>\n\t<a style=\"color: green;\" href=\"https:\/\/wpadvancedads.com\/manual\/ad-debug-mode\/?utm_source=advanced-ads&utm_medium=link&utm_campaign=ad-debug-mode\" target=\"_blank\" rel=\"nofollow\">Encontre solu\u00e7\u00f5es no manual<\/a>\n<\/div>\n<\/li><\/ul><\/div><script>( window.advanced_ads_ready || jQuery( document ).ready ).call( null, function() {var $lavraslider1524551778 = jQuery( \".lavra-slider-1524551778\" );$lavraslider1524551778.on( \"unslider.ready\", function() { jQuery( \"div.custom-slider ul li\" ).css( \"display\", \"block\" ); });$lavraslider1524551778.unslider({ delay:4000, autoplay:true, nav:false, arrows:false, infinite:true });$lavraslider1524551778.on(\"mouseover\", function() {$lavraslider1524551778.unslider(\"stop\");}).on(\"mouseout\", function() {$lavraslider1524551778.unslider(\"start\");});});<\/script><\/div><p>Alvo de uma enxurrada de cr\u00edticas por ter contratado o goleiro Bruno, liberado pelo Superior Tribunal Federal (STF) enquanto aguarda o julgamento de um recurso, o Boa soltou nota oficial neste domingo para explicar a decis\u00e3o.<!--more--> O clube de Varginha, que j\u00e1 perdeu um patrocinador\u00a0desde o an\u00fancio do refor\u00e7o, na sexta-feira \u00e0 noite, argumenta que est\u00e1 cumprindo seu papel social.<\/p>\n<p><img fetchpriority=\"high\" decoding=\"async\" class=\"size-full wp-image-7260 aligncenter\" src=\"http:\/\/lavras.tv\/site\/wp-content\/uploads\/2017\/03\/bruno-boa.jpg\" alt=\"bruno boa\" width=\"653\" height=\"330\" \/><\/p>\n<p>Bruno estava preso desde 2010, acusado pelo assassinato de sua ex-amante, Eliza Samudio. Em 2013, ele foi condenado a 22 anos e 3 meses pelo sequestro, assassinato e oculta\u00e7\u00e3o de cad\u00e1ver de Eliza, mas, como n\u00e3o teve seu recurso julgado desde ent\u00e3o, conseguiu sua liberdade provis\u00f3ria no dia 24 de fevereiro, por decis\u00e3o do ministro Marco Aur\u00e9lio Mello.<\/p>\n<p>Para explicar sua decis\u00e3o, o Boa lembrou que \u00e9 &#8220;reconhecido nacionalmente&#8221; e que \u00e9 o atual campe\u00e3o da S\u00e9rie C do Campeonato Brasileiro. Em um texto repleto de erros ortogr\u00e1ficos, argumenta que Bruno, uma vez colocado em liberdade, merece nova oportunidade profissional.<\/p>\n<p>Em nota assinada pelo presidente Rone Moraes da Costa e publicada no Facebook &#8211; o site do clube foi hackeado neste domingo -, o Boa lembra que &#8220;a regra legal brasileira \u00e9 a que todos, inclusive os criminosos mais perigosos, sejam submetidos a um julgamento honesto, imparcial e que a lei seja o fundamento da puni\u00e7\u00e3o&#8221;.<\/p>\n<p>&#8220;Quando pensamos na aplica\u00e7\u00e3o da lei, certo ou n\u00e3o, suficiente o bastante ou n\u00e3o, justa o suficiente para o caso ou n\u00e3o, o que n\u00e3o podemos deixar de entender \u00e9 determinado pelo cumprimento da lei. As consequ\u00eancias do erro humano possuem fundamentos de pena corporal. A lei dos homens indica a aplica\u00e7\u00e3o de penas vari\u00e1veis de acordo de uma s\u00e9rie de cren\u00e7as, costumes e ideologias&#8221;, argumenta o Boa.<\/p>\n<p>&#8220;O t\u00e3o procurado estado democr\u00e1tico de direito, a sociedade justa e fiel, a vida em sociedade, segundo crit\u00e9rios civilizados indicam de longa data que o criminoso colocado em liberdade deve ter aten\u00e7\u00e3o do estado, aten\u00e7\u00e3o suficiente para que possa restabelecer uma vida em sociedade. E ningu\u00e9m pode negar que n\u00e3o existe vida em sociedade mais digna vida no trabalho. Quem nunca ouviu: &#8216;O trabalho dignifica o homem&#8217;? Antes de mais nada, legalmente, faz parte da obriga\u00e7\u00e3o social da empresa, da sociedade em cooperar com a recupera\u00e7\u00e3o de um ser humano. Aqui n\u00e3o se condena a morte ou pris\u00e3o perp\u00e9tua. Enquanto isso n\u00e3o refletir a regra legal, a regra \u00e9 que o egresso, o criminoso colocado em liberdade, possa obter meios de viver em sociedade, trabalhando e procurando dignidade em sua vida&#8221;, continua.<\/p>\n<p>O Boa questiona: &#8220;Onde estaria a contribui\u00e7\u00e3o de uma empresa esportiva quando cumpre a lei?&#8221;. E conclui: &#8220;Diante desses argumentos podemos afirmar que o Boa n\u00e3o foi o respons\u00e1vel pela soltura e liberdade do atleta Bruno, mas o clube e sua equipe, enquanto empresa e representada por seres humanos, dotada de justi\u00e7a e legalidade, podem dizer que tentam fazer justi\u00e7a ajudando um ser humano. Mais, cumprem a legalidade dando trabalho a quem pretende se recuperar. O Boa Esporte Clube n\u00e3o esta cometendo nenhum crime conforme a legisla\u00e7\u00e3o Brasileira e perante a lei de Deus&#8221;.<\/p>\n<p>Fonte: Itatiaia<\/p>\n","protected":false},"excerpt":{"rendered":"<p>Alvo de uma enxurrada de cr\u00edticas por ter contratado o goleiro Bruno, liberado pelo Superior Tribunal Federal (STF) enquanto aguarda o julgamento de um recurso, o Boa soltou nota oficial neste domingo para explicar a decis\u00e3o.<\/p>\n","protected":false},"author":2,"featured_media":7260,"comment_status":"closed","ping_status":"open","sticky":false,"template":"","format":"standard","meta":{"advgb_blocks_editor_width":"","advgb_blocks_columns_visual_guide":"","_exactmetrics_skip_tracking":false,"_exactmetrics_sitenote_active":false,"_exactmetrics_sitenote_note":"","_exactmetrics_sitenote_category":0,"footnotes":""},"categories":[7,3],"tags":[2905,2891,966,1036,2892,1241],"class_list":["post-7259","post","type-post","status-publish","format-standard","has-post-thumbnail","hentry","category-destaques","category-esportes","tag-boa","tag-bruno","tag-esporte","tag-futebol","tag-goleiro","tag-varginha"],"better_featured_image":{"id":7260,"alt_text":"","caption":"","description":"","media_type":"image","media_details":{"width":383,"height":328,"file":"2017\/03\/bruno-boa-e1489407308274.jpg","sizes":{"thumbnail":{"file":"bruno-boa-e1489407308274-150x128.jpg","width":150,"height":128,"mime-type":"image\/jpeg","source_url":"https:\/\/lavras.tv\/site\/wp-content\/uploads\/2017\/03\/bruno-boa-e1489407308274-150x128.jpg"},"medium":{"file":"bruno-boa-e1489407308274-300x257.jpg","width":300,"height":257,"mime-type":"image\/jpeg","source_url":"https:\/\/lavras.tv\/site\/wp-content\/uploads\/2017\/03\/bruno-boa-e1489407308274-300x257.jpg"},"featured-slider-img":{"file":"bruno-boa-640x330.jpg","width":640,"height":330,"mime-type":"image\/jpeg","source_url":"https:\/\/lavras.tv\/site\/wp-content\/uploads\/2017\/03\/bruno-boa-640x330.jpg"},"featured-post-img":{"file":"bruno-boa-e1489407308274-383x320.jpg","width":383,"height":320,"mime-type":"image\/jpeg","source_url":"https:\/\/lavras.tv\/site\/wp-content\/uploads\/2017\/03\/bruno-boa-e1489407308274-383x320.jpg"},"sow-carousel-default":{"file":"bruno-boa-e1489407308274-272x182.jpg","width":272,"height":182,"mime-type":"image\/jpeg","source_url":"https:\/\/lavras.tv\/site\/wp-content\/uploads\/2017\/03\/bruno-boa-e1489407308274-272x182.jpg"}},"image_meta":{"aperture":"0","credit":"","camera":"","caption":"","created_timestamp":"0","copyright":"","focal_length":"0","iso":"0","shutter_speed":"0","title":"","orientation":"1","keywords":[]}},"post":7259,"source_url":"https:\/\/lavras.tv\/site\/wp-content\/uploads\/2017\/03\/bruno-boa-e1489407308274.jpg"},"author_meta":{"display_name":"Lavras TV","author_link":"https:\/\/lavras.tv\/site\/author\/lavrastv\/"},"featured_img":"https:\/\/lavras.tv\/site\/wp-content\/uploads\/2017\/03\/bruno-boa-e1489407308274-300x257.jpg","coauthors":[],"tax_additional":{"categories":{"linked":["<a href=\"https:\/\/lavras.tv\/site\/category\/destaques\/\" class=\"advgb-post-tax-term\">Destaques<\/a>","<a href=\"https:\/\/lavras.tv\/site\/category\/esportes\/\" class=\"advgb-post-tax-term\">Esportes<\/a>"],"unlinked":["<span class=\"advgb-post-tax-term\">Destaques<\/span>","<span class=\"advgb-post-tax-term\">Esportes<\/span>"]},"tags":{"linked":["<a href=\"https:\/\/lavras.tv\/site\/category\/esportes\/\" class=\"advgb-post-tax-term\">BOA<\/a>","<a href=\"https:\/\/lavras.tv\/site\/category\/esportes\/\" class=\"advgb-post-tax-term\">bruno<\/a>","<a href=\"https:\/\/lavras.tv\/site\/category\/esportes\/\" class=\"advgb-post-tax-term\">esporte<\/a>","<a href=\"https:\/\/lavras.tv\/site\/category\/esportes\/\" class=\"advgb-post-tax-term\">futebol<\/a>","<a href=\"https:\/\/lavras.tv\/site\/category\/esportes\/\" class=\"advgb-post-tax-term\">goleiro<\/a>","<a href=\"https:\/\/lavras.tv\/site\/category\/esportes\/\" class=\"advgb-post-tax-term\">varginha<\/a>"],"unlinked":["<span class=\"advgb-post-tax-term\">BOA<\/span>","<span class=\"advgb-post-tax-term\">bruno<\/span>","<span class=\"advgb-post-tax-term\">esporte<\/span>","<span class=\"advgb-post-tax-term\">futebol<\/span>","<span class=\"advgb-post-tax-term\">goleiro<\/span>","<span class=\"advgb-post-tax-term\">varginha<\/span>"]}},"comment_count":"0","relative_dates":{"created":"Publicado 9 anos atr\u00e1s","modified":"Atualizado 9 anos atr\u00e1s"},"absolute_dates":{"created":"Publicado em 13 de mar\u00e7o de 2017","modified":"Atualizado em 13 de mar\u00e7o de 2017"},"absolute_dates_time":{"created":"Publicado em 13 de mar\u00e7o de 2017 09:15","modified":"Atualizado em 13 de mar\u00e7o de 2017 09:15"},"featured_img_caption":"","series_order":"","_links":{"self":[{"href":"https:\/\/lavras.tv\/site\/wp-json\/wp\/v2\/posts\/7259","targetHints":{"allow":["GET"]}}],"collection":[{"href":"https:\/\/lavras.tv\/site\/wp-json\/wp\/v2\/posts"}],"about":[{"href":"https:\/\/lavras.tv\/site\/wp-json\/wp\/v2\/types\/post"}],"author":[{"embeddable":true,"href":"https:\/\/lavras.tv\/site\/wp-json\/wp\/v2\/users\/2"}],"replies":[{"embeddable":true,"href":"https:\/\/lavras.tv\/site\/wp-json\/wp\/v2\/comments?post=7259"}],"version-history":[{"count":1,"href":"https:\/\/lavras.tv\/site\/wp-json\/wp\/v2\/posts\/7259\/revisions"}],"predecessor-version":[{"id":7261,"href":"https:\/\/lavras.tv\/site\/wp-json\/wp\/v2\/posts\/7259\/revisions\/7261"}],"wp:featuredmedia":[{"embeddable":true,"href":"https:\/\/lavras.tv\/site\/wp-json\/wp\/v2\/media\/7260"}],"wp:attachment":[{"href":"https:\/\/lavras.tv\/site\/wp-json\/wp\/v2\/media?parent=7259"}],"wp:term":[{"taxonomy":"category","embeddable":true,"href":"https:\/\/lavras.tv\/site\/wp-json\/wp\/v2\/categories?post=7259"},{"taxonomy":"post_tag","embeddable":true,"href":"https:\/\/lavras.tv\/site\/wp-json\/wp\/v2\/tags?post=7259"}],"curies":[{"name":"wp","href":"https:\/\/api.w.org\/{rel}","templated":true}]}}