{"id":7290,"date":"2017-03-14T09:29:02","date_gmt":"2017-03-14T12:29:02","guid":{"rendered":"http:\/\/lavras.tv\/site\/?p=7290"},"modified":"2017-03-14T09:29:02","modified_gmt":"2017-03-14T12:29:02","slug":"bruno-foge-do-caso-eliza-e-agradece-ao-boa-na-chegada","status":"publish","type":"post","link":"https:\/\/lavras.tv\/site\/2017\/03\/14\/bruno-foge-do-caso-eliza-e-agradece-ao-boa-na-chegada\/","title":{"rendered":"Bruno foge do caso Eliza e agradece ao Boa na chegada"},"content":{"rendered":"<div class=\"lavra-antes-do-conteudo_2\" id=\"lavra-4191900268\"><div id=\"lavra-slider-27\" class=\"custom-slider lavra-slider-840114089 lavra-slider\"><ul><li><div style=\"margin-left: auto;margin-right: auto;text-align: center;\" id=\"lavra-4165949417\"><a href=\"https:\/\/sistemas.lavras.mg.gov.br\/portalcidadao\/#df1b1a7c7b2a290bcb31e32771e610784662739a88807c0dacac58ede5f391a7530e299dc302d611ee73cb143fc22eaf93592e53e7b5bdb01b00a0b8d28dae460c141dd2ff83412e4dc1c31b16b25f33144a9e5620ea73b13f5bc1c59411d98439ad226e8af03840603796067d87afe130812cf3de24982d0e306f9e61e764e5\" aria-label=\"Lavras-TV&#8211;720x104px (1) (1)\"><img src=\"https:\/\/lavras.tv\/site\/wp-content\/uploads\/2025\/01\/Lavras-TV-720x104px-1-1.png\" alt=\"\"  srcset=\"https:\/\/lavras.tv\/site\/wp-content\/uploads\/2025\/01\/Lavras-TV-720x104px-1-1.png 720w, https:\/\/lavras.tv\/site\/wp-content\/uploads\/2025\/01\/Lavras-TV-720x104px-1-1-470x68.png 470w, https:\/\/lavras.tv\/site\/wp-content\/uploads\/2025\/01\/Lavras-TV-720x104px-1-1-170x25.png 170w, https:\/\/lavras.tv\/site\/wp-content\/uploads\/2025\/01\/Lavras-TV-720x104px-1-1-200x29.png 200w\" sizes=\"(max-width: 720px) 100vw, 720px\" width=\"720\" height=\"104\"  style=\"display: inline-block;\" \/><\/a><\/div><\/li><li><a href=\"https:\/\/sistemas.lavras.mg.gov.br\/portalcidadao\/#df1b1a7c7b2a290bcb31e32771e610784662739a88807c0dacac58ede5f391a7530e299dc302d611ee73cb143fc22eaf93592e53e7b5bdb01b00a0b8d28dae460c141dd2ff83412e4dc1c31b16b25f33144a9e5620ea73b13f5bc1c59411d98439ad226e8af03840603796067d87afe130812cf3de24982d0e306f9e61e764e5\" aria-label=\"Banner_Emprego_PortallavrasTV\"><img src=\"https:\/\/lavras.tv\/site\/wp-content\/uploads\/2025\/03\/Banner_Emprego_PortallavrasTV.png\" alt=\"\"  srcset=\"https:\/\/lavras.tv\/site\/wp-content\/uploads\/2025\/03\/Banner_Emprego_PortallavrasTV.png 720w, https:\/\/lavras.tv\/site\/wp-content\/uploads\/2025\/03\/Banner_Emprego_PortallavrasTV-470x68.png 470w, https:\/\/lavras.tv\/site\/wp-content\/uploads\/2025\/03\/Banner_Emprego_PortallavrasTV-170x25.png 170w, https:\/\/lavras.tv\/site\/wp-content\/uploads\/2025\/03\/Banner_Emprego_PortallavrasTV-200x29.png 200w\" sizes=\"(max-width: 720px) 100vw, 720px\" width=\"720\" height=\"104\"   \/><\/a><\/li><li><a href=\"https:\/\/sistemas.lavras.mg.gov.br\/portalcidadao\/#df1b1a7c7b2a290bcb31e32771e610784662739a88807c0dacac58ede5f391a7530e299dc302d611ee73cb143fc22eaf93592e53e7b5bdb01b00a0b8d28dae460c141dd2ff83412e4dc1c31b16b25f33144a9e5620ea73b13f5bc1c59411d98439ad226e8af03840603796067d87afe130812cf3de24982d0e306f9e61e764e5\" aria-label=\"Banner_Obras_PortallavrasTV\"><img src=\"https:\/\/lavras.tv\/site\/wp-content\/uploads\/2025\/03\/Banner_Obras_PortallavrasTV.png\" alt=\"\"  srcset=\"https:\/\/lavras.tv\/site\/wp-content\/uploads\/2025\/03\/Banner_Obras_PortallavrasTV.png 720w, https:\/\/lavras.tv\/site\/wp-content\/uploads\/2025\/03\/Banner_Obras_PortallavrasTV-470x68.png 470w, https:\/\/lavras.tv\/site\/wp-content\/uploads\/2025\/03\/Banner_Obras_PortallavrasTV-170x25.png 170w, https:\/\/lavras.tv\/site\/wp-content\/uploads\/2025\/03\/Banner_Obras_PortallavrasTV-200x29.png 200w\" sizes=\"(max-width: 720px) 100vw, 720px\" width=\"720\" height=\"104\"   \/><\/a><\/li><li><div style=\"margin-left: auto;margin-right: auto;text-align: center;\" id=\"lavra-2763498753\"><a href=\"https:\/\/sistemas.lavras.mg.gov.br\/portalcidadao\/#df1b1a7c7b2a290bcb31e32771e610784662739a88807c0dacac58ede5f391a7530e299dc302d611ee73cb143fc22eaf93592e53e7b5bdb01b00a0b8d28dae460c141dd2ff83412e4dc1c31b16b25f33144a9e5620ea73b13f5bc1c59411d98439ad226e8af03840603796067d87afe130812cf3de24982d0e306f9e61e764e5\" aria-label=\"Banner_Educa\u00e7\u00e3o_PortallavrasTV\"><img src=\"https:\/\/lavras.tv\/site\/wp-content\/uploads\/2025\/01\/Banner_Educacao_PortallavrasTV.png\" alt=\"\"  srcset=\"https:\/\/lavras.tv\/site\/wp-content\/uploads\/2025\/01\/Banner_Educacao_PortallavrasTV.png 720w, https:\/\/lavras.tv\/site\/wp-content\/uploads\/2025\/01\/Banner_Educacao_PortallavrasTV-470x68.png 470w, https:\/\/lavras.tv\/site\/wp-content\/uploads\/2025\/01\/Banner_Educacao_PortallavrasTV-170x25.png 170w, https:\/\/lavras.tv\/site\/wp-content\/uploads\/2025\/01\/Banner_Educacao_PortallavrasTV-200x29.png 200w\" sizes=\"(max-width: 720px) 100vw, 720px\" width=\"720\" height=\"104\"  style=\"display: inline-block;\" \/><\/a><\/div><\/li><li><a href=\"https:\/\/sistemas.lavras.mg.gov.br\/portalcidadao\/#df1b1a7c7b2a290bcb31e32771e610784662739a88807c0dacac58ede5f391a7530e299dc302d611ee73cb143fc22eaf93592e53e7b5bdb01b00a0b8d28dae460c141dd2ff83412e4dc1c31b16b25f33144a9e5620ea73b13f5bc1c59411d98439ad226e8af03840603796067d87afe130812cf3de24982d0e306f9e61e764e5\" aria-label=\"Banner_Sa\u00fade_PortallavrasTV\"><img src=\"https:\/\/lavras.tv\/site\/wp-content\/uploads\/2025\/03\/Banner_Saude_PortallavrasTV.png\" alt=\"\"  srcset=\"https:\/\/lavras.tv\/site\/wp-content\/uploads\/2025\/03\/Banner_Saude_PortallavrasTV.png 720w, https:\/\/lavras.tv\/site\/wp-content\/uploads\/2025\/03\/Banner_Saude_PortallavrasTV-470x68.png 470w, https:\/\/lavras.tv\/site\/wp-content\/uploads\/2025\/03\/Banner_Saude_PortallavrasTV-170x25.png 170w, https:\/\/lavras.tv\/site\/wp-content\/uploads\/2025\/03\/Banner_Saude_PortallavrasTV-200x29.png 200w\" sizes=\"(max-width: 720px) 100vw, 720px\" width=\"720\" height=\"104\"   \/><\/a><\/li><li><div id=\"lavra-647759663\" style=\"width:720px;height:104px;background-color:#ddd;overflow:scroll;\">\n\t<strong>Sa\u00edda da depura\u00e7\u00e3o de an\u00fancios<\/strong>\n\t<br><br>\n\tO an\u00fancio n\u00e3o \u00e9 exibido na p\u00e1gina<br><br>post atual: Bruno foge do caso Eliza e agradece ao Boa na chegada, ID: 7290<br><br><span style=\"color: red;\">O post atual n\u00e3o \u00e9 id\u00eantico ao post principal.<\/span><br><br>An\u00fancios: ROXO - TOPO INTERNA - ROTATIVO 2 (197)<br \/>Grupo de an\u00fancios: Princ_Meio01_720x104 (27)<br><br>Condi\u00e7\u00f5es de exibi\u00e7\u00e3o<div style=\"margin-bottom: 20px; white-space: pre-wrap; font-family: monospace; width: 100%; background: #ffe9e9;\"><strong>condi\u00e7\u00f5es gerais<\/strong><table border=\"1\"><thead><tr><th><\/th><th>An\u00fancios<\/th><th>wp_the_query<\/th><\/tr><\/thead><tr><td>is_main_query<\/td><td>1<\/td><td>1<\/td><\/tr><tr><td>is_rest_api<\/td><td>0<\/td><td>1<\/td><\/tr><tr><td>page<\/td><td>0<\/td><td>1<\/td><\/tr><tr><td>numpages<\/td><td>0<\/td><td>1<\/td><\/tr><tr><td>is_archive<\/td><td>1<\/td><td><\/td><\/tr><tr><td>is_search<\/td><td>1<\/td><td><\/td><\/tr><tr><td>is_home<\/td><td>1<\/td><td><\/td><\/tr><tr><td>is_404<\/td><td>1<\/td><td><\/td><\/tr><tr><td>is_attachment<\/td><td>1<\/td><td><\/td><\/tr><tr><td>is_singular<\/td><td>1<\/td><td><\/td><\/tr><tr><td>is_front_page<\/td><td>1<\/td><td><\/td><\/tr><tr><td>is_feed<\/td><td>1<\/td><td><\/td><\/tr><\/table><\/div><br><br><span style=\"color: red;\">Seu site usa HTTPS, mas o c\u00f3digo do an\u00fancio cont\u00e9m HTTP e pode n\u00e3o funcionar.<\/span>\t<br><br>\n\t<a style=\"color: green;\" href=\"https:\/\/wpadvancedads.com\/manual\/ad-debug-mode\/?utm_source=advanced-ads&utm_medium=link&utm_campaign=ad-debug-mode\" target=\"_blank\" rel=\"nofollow\">Encontre solu\u00e7\u00f5es no manual<\/a>\n<\/div>\n<\/li><\/ul><\/div><script>( window.advanced_ads_ready || jQuery( document ).ready ).call( null, function() {var $lavraslider840114089 = jQuery( \".lavra-slider-840114089\" );$lavraslider840114089.on( \"unslider.ready\", function() { jQuery( \"div.custom-slider ul li\" ).css( \"display\", \"block\" ); });$lavraslider840114089.unslider({ delay:4000, autoplay:true, nav:false, arrows:false, infinite:true });$lavraslider840114089.on(\"mouseover\", function() {$lavraslider840114089.unslider(\"stop\");}).on(\"mouseout\", function() {$lavraslider840114089.unslider(\"start\");});});<\/script><\/div><p class=\"\">Bruno Fernandes chegou em Varginha, Minas Gerais, no come\u00e7o da manh\u00e3 desta ter\u00e7a-feira para se apresentar ao Boa Esporte. <!--more-->O goleiro de 32 anos era esperado na cidade mineira na segunda, mas devido a um atraso na viagem, preferiu dormir na estrada.\u00a0Condenado a 22 anos e tr\u00eas meses de pris\u00e3o pela morte de Eliza Samudio, o jogador deixou a pris\u00e3o na semana passada e aguarda em liberdade enquanto o recurso contra sua a condena\u00e7\u00e3o n\u00e3o \u00e9 julgado em segunda inst\u00e2ncia.<\/p>\n<p class=\"\">O goleiro chegou para a apresenta\u00e7\u00e3o vestido com a camisa de seu novo clube.\u00a0Pouco antes da entrevista, a assessoria do time informou que encerraria a coletiva, caso fosse feita alguma pergunta cujo assunto n\u00e3o fosse futebol. E logo a primeira pergunta gerou mal-estar no goleiro. Questionado por que &#8220;se achava digno voltar a vestir a camisa de um clube&#8221;, Bruno rebateu:<\/p>\n<p class=\"\">&#8211; Eu n\u00e3o vou te responder &#8211; disse.<\/p>\n<p class=\"\">Logo depois, atendeu \u00e0 pergunta seguinte:<\/p>\n<div id=\"4a788bd1-4a3a-a2ac-fd25-dbb0dbe4fec1\" class=\"foto componente-conteudo\"><img fetchpriority=\"high\" decoding=\"async\" class=\"aligncenter\" title=\"Goleiro Bruno \u00e9 apresentado pelo Boa Esporte (Foto: Bruno Giufrida)\" src=\"http:\/\/s2.glbimg.com\/3CvtNKzy5CryieAn1A8IDtS3Psk=\/0x0:2048x1152\/690x388\/s.glbimg.com\/es\/ge\/f\/original\/2017\/03\/14\/bruno.jpg1.jpg\" alt=\"Goleiro Bruno \u00e9 apresentado pelo Boa Esporte (Foto: Bruno Giufrida)\" width=\"690\" height=\"388\" \/><\/div>\n<p class=\"\">&#8211; Estou muito feliz pela oportunidade dada. Eu venho me preparando h\u00e1 alguns anos. As pessoas correm de mim pelo o que aconteceu no passado. O Boa est\u00e1 abrindo as portas. Estou muito feliz, motivado. Agrade\u00e7o a voc\u00eas por estar aqui. Deus est\u00e1 abrindo as portas para a gente. Tenho certeza que \u00e9 Deus &#8211; disse o goleiro.<\/p>\n<p class=\"\">No decorrer da entrevista, a assessoria do Boa Esporte barrou algumas perguntas. &#8220;Isso foge da pauta&#8221;, argumentava o clube. Quando o assunto n\u00e3o incomodava, Bruno respondia:<\/p>\n<p class=\"\">&#8211; Pessoas, como minha esposa, n\u00e3o aceitavam de forma alguma que eu encerrasse a carreira. Ela foi quem mais me motivou. A primeira coisa a fazer \u00e9 me preparar para jogar. Deus vai guiar meus passos. Enfim, tenho de acreditar em mim mesmo &#8211; afirmou.<\/p>\n<p class=\"\">Questionado sobre como lida com a possibilidade de ter de voltar \u00e0 pris\u00e3o, j\u00e1 que ainda n\u00e3o cumpriu sua pena na \u00edntegra e foi solto pois seu recurso ainda n\u00e3o foi julgado em segunda inst\u00e2ncia, Bruno disse:<\/p>\n<p class=\"\">&#8211; Ningu\u00e9m fecha portas abertas por Deus.<\/p>\n<div id=\"ef1b9b04-5d04-d4d7-ee6e-bf9aaa6313cc\" class=\"foto componente-conteudo\"><img decoding=\"async\" class=\"aligncenter\" title=\"Bruno chega para apresenta\u00e7\u00e3o ao Boa Esporte (Foto: Bruno Giufrida)\" src=\"http:\/\/s2.glbimg.com\/Vb3eVBQCV94to3r4PipeCT7Hp10=\/0x0:1032x581\/690x388\/s.glbimg.com\/es\/ge\/f\/original\/2017\/03\/14\/whatsapp_image_2017-03-14_at_08.46.09.jpeg\" alt=\"Bruno chega para apresenta\u00e7\u00e3o ao Boa Esporte (Foto: Bruno Giufrida)\" width=\"690\" height=\"388\" \/><\/div>\n<p>O goleiro deixou a Associa\u00e7\u00e3o de Prote\u00e7\u00e3o e Assist\u00eancia aos Condenados (Apac), em Santa Luzia, Minas Gerais, no fim de fevereiro. A libera\u00e7\u00e3o foi determinada pelo ministro Marco Aur\u00e9lio Mello, do Supremo Tribunal Federal (STF), em decis\u00e3o liminar. Bruno aguarda julgamento de recurso ap\u00f3s a condena\u00e7\u00e3o.<\/p>\n<p>O jogador foi condenado em 2013 pelo assassinato e oculta\u00e7\u00e3o de cad\u00e1ver de Eliza e tamb\u00e9m pelo sequestro e c\u00e1rcere privado do filho Bruninho. Segundo a decis\u00e3o do ministro Marco Aur\u00e9lio, o goleiro poder\u00e1 ficar em liberdade enquanto o recurso contra a condena\u00e7\u00e3o n\u00e3o \u00e9 julgado em segunda inst\u00e2ncia.<\/p>\n<p class=\"\">Desde quando anunciou a contrata\u00e7\u00e3o de Bruno, o Boa Esporte perdeu seus tr\u00eas patrocinadores: o Grupo Gois &amp; Silva, a Cardiocenter Varginha e a Nutrend Nutrition, e tamb\u00e9m sua fornecedora de material esportivo, a Kanxa. Al\u00e9m disso, o site oficial do clube chegou a ser hackeado e teve informa\u00e7\u00f5es sobre partidas substitu\u00eddas por dados sobre feminic\u00eddio e questionamentos da associa\u00e7\u00e3o das empresas ao jogador.<\/p>\n<p class=\"\">Fonte: Globo Esporte<\/p>\n","protected":false},"excerpt":{"rendered":"<p>Bruno Fernandes chegou em Varginha, Minas Gerais, no come\u00e7o da manh\u00e3 desta ter\u00e7a-feira para se apresentar ao Boa Esporte.<\/p>\n","protected":false},"author":2,"featured_media":7291,"comment_status":"closed","ping_status":"open","sticky":false,"template":"","format":"standard","meta":{"advgb_blocks_editor_width":"","advgb_blocks_columns_visual_guide":"","_exactmetrics_skip_tracking":false,"_exactmetrics_sitenote_active":false,"_exactmetrics_sitenote_note":"","_exactmetrics_sitenote_category":0,"footnotes":""},"categories":[3],"tags":[2908,2891,1036,2892,1241],"class_list":["post-7290","post","type-post","status-publish","format-standard","has-post-thumbnail","hentry","category-esportes","tag-boa-esporte","tag-bruno","tag-futebol","tag-goleiro","tag-varginha"],"better_featured_image":{"id":7291,"alt_text":"","caption":"","description":"","media_type":"image","media_details":{"width":401,"height":284,"file":"2017\/03\/bruno-e1489494502653.jpeg","sizes":{"thumbnail":{"file":"bruno-e1489494502653-150x106.jpeg","width":150,"height":106,"mime-type":"image\/jpeg","source_url":"https:\/\/lavras.tv\/site\/wp-content\/uploads\/2017\/03\/bruno-e1489494502653-150x106.jpeg"},"medium":{"file":"bruno-e1489494502653-300x212.jpeg","width":300,"height":212,"mime-type":"image\/jpeg","source_url":"https:\/\/lavras.tv\/site\/wp-content\/uploads\/2017\/03\/bruno-e1489494502653-300x212.jpeg"},"featured-slider-img":{"file":"bruno-640x388.jpeg","width":640,"height":388,"mime-type":"image\/jpeg","source_url":"https:\/\/lavras.tv\/site\/wp-content\/uploads\/2017\/03\/bruno-640x388.jpeg"},"featured-post-img":{"file":"bruno-480x320.jpeg","width":480,"height":320,"mime-type":"image\/jpeg","source_url":"https:\/\/lavras.tv\/site\/wp-content\/uploads\/2017\/03\/bruno-480x320.jpeg"},"sow-carousel-default":{"file":"bruno-e1489494502653-272x182.jpeg","width":272,"height":182,"mime-type":"image\/jpeg","source_url":"https:\/\/lavras.tv\/site\/wp-content\/uploads\/2017\/03\/bruno-e1489494502653-272x182.jpeg"}},"image_meta":{"aperture":"0","credit":"","camera":"","caption":"","created_timestamp":"0","copyright":"","focal_length":"0","iso":"0","shutter_speed":"0","title":"","orientation":"0","keywords":[]}},"post":7290,"source_url":"https:\/\/lavras.tv\/site\/wp-content\/uploads\/2017\/03\/bruno-e1489494502653.jpeg"},"author_meta":{"display_name":"Lavras TV","author_link":"https:\/\/lavras.tv\/site\/author\/lavrastv\/"},"featured_img":"https:\/\/lavras.tv\/site\/wp-content\/uploads\/2017\/03\/bruno-e1489494502653-300x212.jpeg","coauthors":[],"tax_additional":{"categories":{"linked":["<a href=\"https:\/\/lavras.tv\/site\/category\/esportes\/\" class=\"advgb-post-tax-term\">Esportes<\/a>"],"unlinked":["<span class=\"advgb-post-tax-term\">Esportes<\/span>"]},"tags":{"linked":["<a href=\"https:\/\/lavras.tv\/site\/category\/esportes\/\" class=\"advgb-post-tax-term\">boa esporte<\/a>","<a href=\"https:\/\/lavras.tv\/site\/category\/esportes\/\" class=\"advgb-post-tax-term\">bruno<\/a>","<a href=\"https:\/\/lavras.tv\/site\/category\/esportes\/\" class=\"advgb-post-tax-term\">futebol<\/a>","<a href=\"https:\/\/lavras.tv\/site\/category\/esportes\/\" class=\"advgb-post-tax-term\">goleiro<\/a>","<a href=\"https:\/\/lavras.tv\/site\/category\/esportes\/\" class=\"advgb-post-tax-term\">varginha<\/a>"],"unlinked":["<span class=\"advgb-post-tax-term\">boa esporte<\/span>","<span class=\"advgb-post-tax-term\">bruno<\/span>","<span class=\"advgb-post-tax-term\">futebol<\/span>","<span class=\"advgb-post-tax-term\">goleiro<\/span>","<span class=\"advgb-post-tax-term\">varginha<\/span>"]}},"comment_count":"0","relative_dates":{"created":"Publicado 9 anos atr\u00e1s","modified":"Atualizado 9 anos atr\u00e1s"},"absolute_dates":{"created":"Publicado em 14 de mar\u00e7o de 2017","modified":"Atualizado em 14 de mar\u00e7o de 2017"},"absolute_dates_time":{"created":"Publicado em 14 de mar\u00e7o de 2017 09:29","modified":"Atualizado em 14 de mar\u00e7o de 2017 09:29"},"featured_img_caption":"","series_order":"","_links":{"self":[{"href":"https:\/\/lavras.tv\/site\/wp-json\/wp\/v2\/posts\/7290","targetHints":{"allow":["GET"]}}],"collection":[{"href":"https:\/\/lavras.tv\/site\/wp-json\/wp\/v2\/posts"}],"about":[{"href":"https:\/\/lavras.tv\/site\/wp-json\/wp\/v2\/types\/post"}],"author":[{"embeddable":true,"href":"https:\/\/lavras.tv\/site\/wp-json\/wp\/v2\/users\/2"}],"replies":[{"embeddable":true,"href":"https:\/\/lavras.tv\/site\/wp-json\/wp\/v2\/comments?post=7290"}],"version-history":[{"count":1,"href":"https:\/\/lavras.tv\/site\/wp-json\/wp\/v2\/posts\/7290\/revisions"}],"predecessor-version":[{"id":7292,"href":"https:\/\/lavras.tv\/site\/wp-json\/wp\/v2\/posts\/7290\/revisions\/7292"}],"wp:featuredmedia":[{"embeddable":true,"href":"https:\/\/lavras.tv\/site\/wp-json\/wp\/v2\/media\/7291"}],"wp:attachment":[{"href":"https:\/\/lavras.tv\/site\/wp-json\/wp\/v2\/media?parent=7290"}],"wp:term":[{"taxonomy":"category","embeddable":true,"href":"https:\/\/lavras.tv\/site\/wp-json\/wp\/v2\/categories?post=7290"},{"taxonomy":"post_tag","embeddable":true,"href":"https:\/\/lavras.tv\/site\/wp-json\/wp\/v2\/tags?post=7290"}],"curies":[{"name":"wp","href":"https:\/\/api.w.org\/{rel}","templated":true}]}}