{"id":7293,"date":"2017-03-14T09:40:03","date_gmt":"2017-03-14T12:40:03","guid":{"rendered":"http:\/\/lavras.tv\/site\/?p=7293"},"modified":"2017-03-14T09:40:03","modified_gmt":"2017-03-14T12:40:03","slug":"eleitores-de-sao-bento-abade-e-outros-dois-municipios-mineiros-escolhem-os-prefeitos-em-novas-eleicoes","status":"publish","type":"post","link":"https:\/\/lavras.tv\/site\/2017\/03\/14\/eleitores-de-sao-bento-abade-e-outros-dois-municipios-mineiros-escolhem-os-prefeitos-em-novas-eleicoes\/","title":{"rendered":"Eleitores de S\u00e3o Bento Abade e outros dois munic\u00edpios mineiros escolhem os prefeitos em novas elei\u00e7\u00f5es"},"content":{"rendered":"<div class=\"lavra-antes-do-conteudo_2\" id=\"lavra-867284599\"><div id=\"lavra-slider-27\" class=\"custom-slider lavra-slider-624897002 lavra-slider\"><ul><li><div style=\"margin-left: auto;margin-right: auto;text-align: center;\" id=\"lavra-3894531151\"><a href=\"https:\/\/sistemas.lavras.mg.gov.br\/portalcidadao\/#df1b1a7c7b2a290bcb31e32771e610784662739a88807c0dacac58ede5f391a7530e299dc302d611ee73cb143fc22eaf93592e53e7b5bdb01b00a0b8d28dae460c141dd2ff83412e4dc1c31b16b25f33144a9e5620ea73b13f5bc1c59411d98439ad226e8af03840603796067d87afe130812cf3de24982d0e306f9e61e764e5\" aria-label=\"Lavras-TV&#8211;720x104px (1) (1)\"><img src=\"https:\/\/lavras.tv\/site\/wp-content\/uploads\/2025\/01\/Lavras-TV-720x104px-1-1.png\" alt=\"\"  srcset=\"https:\/\/lavras.tv\/site\/wp-content\/uploads\/2025\/01\/Lavras-TV-720x104px-1-1.png 720w, https:\/\/lavras.tv\/site\/wp-content\/uploads\/2025\/01\/Lavras-TV-720x104px-1-1-470x68.png 470w, https:\/\/lavras.tv\/site\/wp-content\/uploads\/2025\/01\/Lavras-TV-720x104px-1-1-170x25.png 170w, https:\/\/lavras.tv\/site\/wp-content\/uploads\/2025\/01\/Lavras-TV-720x104px-1-1-200x29.png 200w\" sizes=\"(max-width: 720px) 100vw, 720px\" width=\"720\" height=\"104\"  style=\"display: inline-block;\" \/><\/a><\/div><\/li><li><a href=\"https:\/\/sistemas.lavras.mg.gov.br\/portalcidadao\/#df1b1a7c7b2a290bcb31e32771e610784662739a88807c0dacac58ede5f391a7530e299dc302d611ee73cb143fc22eaf93592e53e7b5bdb01b00a0b8d28dae460c141dd2ff83412e4dc1c31b16b25f33144a9e5620ea73b13f5bc1c59411d98439ad226e8af03840603796067d87afe130812cf3de24982d0e306f9e61e764e5\" aria-label=\"Banner_Emprego_PortallavrasTV\"><img src=\"https:\/\/lavras.tv\/site\/wp-content\/uploads\/2025\/03\/Banner_Emprego_PortallavrasTV.png\" alt=\"\"  srcset=\"https:\/\/lavras.tv\/site\/wp-content\/uploads\/2025\/03\/Banner_Emprego_PortallavrasTV.png 720w, https:\/\/lavras.tv\/site\/wp-content\/uploads\/2025\/03\/Banner_Emprego_PortallavrasTV-470x68.png 470w, https:\/\/lavras.tv\/site\/wp-content\/uploads\/2025\/03\/Banner_Emprego_PortallavrasTV-170x25.png 170w, https:\/\/lavras.tv\/site\/wp-content\/uploads\/2025\/03\/Banner_Emprego_PortallavrasTV-200x29.png 200w\" sizes=\"(max-width: 720px) 100vw, 720px\" width=\"720\" height=\"104\"   \/><\/a><\/li><li><a href=\"https:\/\/sistemas.lavras.mg.gov.br\/portalcidadao\/#df1b1a7c7b2a290bcb31e32771e610784662739a88807c0dacac58ede5f391a7530e299dc302d611ee73cb143fc22eaf93592e53e7b5bdb01b00a0b8d28dae460c141dd2ff83412e4dc1c31b16b25f33144a9e5620ea73b13f5bc1c59411d98439ad226e8af03840603796067d87afe130812cf3de24982d0e306f9e61e764e5\" aria-label=\"Banner_Obras_PortallavrasTV\"><img src=\"https:\/\/lavras.tv\/site\/wp-content\/uploads\/2025\/03\/Banner_Obras_PortallavrasTV.png\" alt=\"\"  srcset=\"https:\/\/lavras.tv\/site\/wp-content\/uploads\/2025\/03\/Banner_Obras_PortallavrasTV.png 720w, https:\/\/lavras.tv\/site\/wp-content\/uploads\/2025\/03\/Banner_Obras_PortallavrasTV-470x68.png 470w, https:\/\/lavras.tv\/site\/wp-content\/uploads\/2025\/03\/Banner_Obras_PortallavrasTV-170x25.png 170w, https:\/\/lavras.tv\/site\/wp-content\/uploads\/2025\/03\/Banner_Obras_PortallavrasTV-200x29.png 200w\" sizes=\"(max-width: 720px) 100vw, 720px\" width=\"720\" height=\"104\"   \/><\/a><\/li><li><div style=\"margin-left: auto;margin-right: auto;text-align: center;\" id=\"lavra-3663238693\"><a href=\"https:\/\/sistemas.lavras.mg.gov.br\/portalcidadao\/#df1b1a7c7b2a290bcb31e32771e610784662739a88807c0dacac58ede5f391a7530e299dc302d611ee73cb143fc22eaf93592e53e7b5bdb01b00a0b8d28dae460c141dd2ff83412e4dc1c31b16b25f33144a9e5620ea73b13f5bc1c59411d98439ad226e8af03840603796067d87afe130812cf3de24982d0e306f9e61e764e5\" aria-label=\"Banner_Educa\u00e7\u00e3o_PortallavrasTV\"><img src=\"https:\/\/lavras.tv\/site\/wp-content\/uploads\/2025\/01\/Banner_Educacao_PortallavrasTV.png\" alt=\"\"  srcset=\"https:\/\/lavras.tv\/site\/wp-content\/uploads\/2025\/01\/Banner_Educacao_PortallavrasTV.png 720w, https:\/\/lavras.tv\/site\/wp-content\/uploads\/2025\/01\/Banner_Educacao_PortallavrasTV-470x68.png 470w, https:\/\/lavras.tv\/site\/wp-content\/uploads\/2025\/01\/Banner_Educacao_PortallavrasTV-170x25.png 170w, https:\/\/lavras.tv\/site\/wp-content\/uploads\/2025\/01\/Banner_Educacao_PortallavrasTV-200x29.png 200w\" sizes=\"(max-width: 720px) 100vw, 720px\" width=\"720\" height=\"104\"  style=\"display: inline-block;\" \/><\/a><\/div><\/li><li><a href=\"https:\/\/sistemas.lavras.mg.gov.br\/portalcidadao\/#df1b1a7c7b2a290bcb31e32771e610784662739a88807c0dacac58ede5f391a7530e299dc302d611ee73cb143fc22eaf93592e53e7b5bdb01b00a0b8d28dae460c141dd2ff83412e4dc1c31b16b25f33144a9e5620ea73b13f5bc1c59411d98439ad226e8af03840603796067d87afe130812cf3de24982d0e306f9e61e764e5\" aria-label=\"Banner_Sa\u00fade_PortallavrasTV\"><img src=\"https:\/\/lavras.tv\/site\/wp-content\/uploads\/2025\/03\/Banner_Saude_PortallavrasTV.png\" alt=\"\"  srcset=\"https:\/\/lavras.tv\/site\/wp-content\/uploads\/2025\/03\/Banner_Saude_PortallavrasTV.png 720w, https:\/\/lavras.tv\/site\/wp-content\/uploads\/2025\/03\/Banner_Saude_PortallavrasTV-470x68.png 470w, https:\/\/lavras.tv\/site\/wp-content\/uploads\/2025\/03\/Banner_Saude_PortallavrasTV-170x25.png 170w, https:\/\/lavras.tv\/site\/wp-content\/uploads\/2025\/03\/Banner_Saude_PortallavrasTV-200x29.png 200w\" sizes=\"(max-width: 720px) 100vw, 720px\" width=\"720\" height=\"104\"   \/><\/a><\/li><li><div id=\"lavra-606062561\" style=\"width:720px;height:104px;background-color:#ddd;overflow:scroll;\">\n\t<strong>Sa\u00edda da depura\u00e7\u00e3o de an\u00fancios<\/strong>\n\t<br><br>\n\tO an\u00fancio n\u00e3o \u00e9 exibido na p\u00e1gina<br><br>post atual: Eleitores de S\u00e3o Bento Abade e outros dois munic\u00edpios mineiros escolhem os prefeitos em novas elei\u00e7\u00f5es, ID: 7293<br><br><span style=\"color: red;\">O post atual n\u00e3o \u00e9 id\u00eantico ao post principal.<\/span><br><br>An\u00fancios: ROXO - TOPO INTERNA - ROTATIVO 2 (197)<br \/>Grupo de an\u00fancios: Princ_Meio01_720x104 (27)<br><br>Condi\u00e7\u00f5es de exibi\u00e7\u00e3o<div style=\"margin-bottom: 20px; white-space: pre-wrap; font-family: monospace; width: 100%; background: #ffe9e9;\"><strong>condi\u00e7\u00f5es gerais<\/strong><table border=\"1\"><thead><tr><th><\/th><th>An\u00fancios<\/th><th>wp_the_query<\/th><\/tr><\/thead><tr><td>is_main_query<\/td><td>1<\/td><td>1<\/td><\/tr><tr><td>is_rest_api<\/td><td>0<\/td><td>1<\/td><\/tr><tr><td>page<\/td><td>0<\/td><td>1<\/td><\/tr><tr><td>numpages<\/td><td>0<\/td><td>1<\/td><\/tr><tr><td>is_archive<\/td><td>1<\/td><td><\/td><\/tr><tr><td>is_search<\/td><td>1<\/td><td><\/td><\/tr><tr><td>is_home<\/td><td>1<\/td><td><\/td><\/tr><tr><td>is_404<\/td><td>1<\/td><td><\/td><\/tr><tr><td>is_attachment<\/td><td>1<\/td><td><\/td><\/tr><tr><td>is_singular<\/td><td>1<\/td><td><\/td><\/tr><tr><td>is_front_page<\/td><td>1<\/td><td><\/td><\/tr><tr><td>is_feed<\/td><td>1<\/td><td><\/td><\/tr><\/table><\/div><br><br><span style=\"color: red;\">Seu site usa HTTPS, mas o c\u00f3digo do an\u00fancio cont\u00e9m HTTP e pode n\u00e3o funcionar.<\/span>\t<br><br>\n\t<a style=\"color: green;\" href=\"https:\/\/wpadvancedads.com\/manual\/ad-debug-mode\/?utm_source=advanced-ads&utm_medium=link&utm_campaign=ad-debug-mode\" target=\"_blank\" rel=\"nofollow\">Encontre solu\u00e7\u00f5es no manual<\/a>\n<\/div>\n<\/li><\/ul><\/div><script>( window.advanced_ads_ready || jQuery( document ).ready ).call( null, function() {var $lavraslider624897002 = jQuery( \".lavra-slider-624897002\" );$lavraslider624897002.on( \"unslider.ready\", function() { jQuery( \"div.custom-slider ul li\" ).css( \"display\", \"block\" ); });$lavraslider624897002.unslider({ delay:4000, autoplay:true, nav:false, arrows:false, infinite:true });$lavraslider624897002.on(\"mouseover\", function() {$lavraslider624897002.unslider(\"stop\");}).on(\"mouseout\", function() {$lavraslider624897002.unslider(\"start\");});});<\/script><\/div><p>Os eleitores de 11 munic\u00edpios do pa\u00eds, incluindo os de tr\u00eas cidades mineiras, tiveram que voltar \u00e0s urnas nesse domingo (11) para escolher novamente os prefeitos. Al\u00e9m de Minas, seis cidades do Rio Grande do Sul, uma do Amap\u00e1 e outra de Mato Grosso tamb\u00e9m escolheram seus novos prefeitos.<\/p>\n<p>Nesses locais, os pleitos de outubro do ano passado foram anulados porque os candidatos com maior vota\u00e7\u00e3o n\u00e3o obtiveram o registro de candidatura. Por for\u00e7a de apela\u00e7\u00f5es, eles conseguiram manter os nomes nas urnas, mas posteriormente tiveram os recursos negados pelo Tribunal Superior Eleitoral (TSE) e, mesmo vencendo, n\u00e3o puderam assumir a prefeitura.<\/p>\n<p>Ap\u00f3s a reforma eleitoral de 2015, o C\u00f3digo Eleitoral passou a prever a ocorr\u00eancia de novas elei\u00e7\u00f5es sempre que n\u00e3o for mais poss\u00edvel recorrer de \u201cdecis\u00e3o da Justi\u00e7a Eleitoral que importe o indeferimento do registro, a cassa\u00e7\u00e3o do diploma ou a perda do mandato de candidato eleito em pleito majorit\u00e1rio\u201d.<\/p>\n<p>Os eleitores que n\u00e3o puderam comparecer \u00e0s urnas nesse domingo dever\u00e3o justificar a aus\u00eancia at\u00e9 o dia 11 de maio, ou seja, 60 dias ap\u00f3s a elei\u00e7\u00e3o. As pr\u00f3ximas elei\u00e7\u00f5es suplementares est\u00e3o marcadas para 2 de abril, quando 12 munic\u00edpios j\u00e1 se preparam para voltar \u00e0s urnas.<\/p>\n<p><u><strong>Confira abaixo os resultados das elei\u00e7\u00f5es suplementares desse domingo:<\/strong><\/u><\/p>\n<p><strong>Minas Gerais<\/strong><\/p>\n<p>&#8211; Alvorada de Minas (3,1 mil eleitores): elegeu Vitor Hugo Ferreira (SD), o Vitor de Salvador, que recebeu 57,13% dos votos v\u00e1lidos (1.706).<\/p>\n<p>&#8211; Erv\u00e1lia (14 mil eleitores): elegeu Eloisio Cunha (DEM) que recebeu 54,33% dos votos v\u00e1lidos (7.233).<\/p>\n<p>&#8211; S\u00e3o Bento do Abade (3,5 mil eleitores): \u00fanica cidade que elegeu uma mulher nesse domingo, Jane Rezende (PT), conhecida como \u201cirm\u00e3 da Janete\u201d. Ela recebeu 48,96% dos votos v\u00e1lidos (1.671)<br \/>\n<strong>Rio Grande do Sul<\/strong><\/p>\n<p>&#8211; Arvorezinha (8,4 mil eleitores): elegeu Rog\u00e9rio Fachinetto (PDT), que recebeu 50,84% dos votos v\u00e1lidos (3.913).<\/p>\n<p>&#8211; Buti\u00e1 (16,9 mil eleitores): elegeu Daniel Pereira de Almeida (PT), que recebeu 51,03% dos votos v\u00e1lidos (6.187).<\/p>\n<p>&#8211; Gravata\u00ed (186,6 mil eleitores): a cidade reelegeu o prefeito Marco Alba (PMDB), que recebeu 40,04% do total de votos v\u00e1lidos (48.211).<\/p>\n<p>&#8211; Salto do Jacu\u00ed (9,1 mil eleitores): elegeu Cl\u00e1udio Robinson (PDT), que recebeu 62,24% dos votos v\u00e1lidos (4.149).<\/p>\n<p>&#8211; S\u00e3o Vendelino (2,1 mil eleitores): elegeu Evandro Scheider (PTB), que recebeu 55,81% dos votos v\u00e1lidos (1.109).<\/p>\n<p>&#8211; S\u00e3o Vicente do Sul (7,3 mil eleitores): elegeu Paulo S\u00e9rgio Flores (PMDB), o Paulinho, que recebeu 52,06% dos votos v\u00e1lidos (2.883).<\/p>\n<p><strong>Mato Grosso<\/strong><\/p>\n<p>&#8211; Conquista D\u2019Oeste (2,1 mil eleitores): elegeu Maria Lucia de Oliveira (PP), que recebeu 52,14% dos votos v\u00e1lidos (1.110).<\/p>\n<p><strong>Amap\u00e1<\/strong><\/p>\n<p>&#8211; Cal\u00e7oene (5,5 mil eleitores): elegeu Jones F\u00e1bio Cavalcante (PPS), que recebeu 35,87% dos votos v\u00e1lidos (1.958).<\/p>\n<p>Fonte: Hoje em Dia<\/p>\n","protected":false},"excerpt":{"rendered":"<p>Os eleitores de 11 munic\u00edpios do pa\u00eds, incluindo os de tr\u00eas cidades mineiras, tiveram que voltar \u00e0s urnas nesse domingo (11) para escolher novamente os prefeitos. Al\u00e9m de Minas, seis cidades do Rio Grande do Sul, uma do Amap\u00e1 e outra de Mato Grosso tamb\u00e9m escolheram seus novos prefeitos. Nesses locais, os pleitos de outubro [&hellip;]<\/p>\n","protected":false},"author":2,"featured_media":951,"comment_status":"closed","ping_status":"open","sticky":false,"template":"","format":"standard","meta":{"advgb_blocks_editor_width":"","advgb_blocks_columns_visual_guide":"","_exactmetrics_skip_tracking":false,"_exactmetrics_sitenote_active":false,"_exactmetrics_sitenote_note":"","_exactmetrics_sitenote_category":0,"footnotes":""},"categories":[12],"tags":[1422,396,2670],"class_list":["post-7293","post","type-post","status-publish","format-standard","has-post-thumbnail","hentry","category-politica","tag-eleicao","tag-politica","tag-sao-bento-abade"],"better_featured_image":{"id":951,"alt_text":"","caption":"","description":"","media_type":"image","media_details":{"width":1181,"height":801,"file":"2016\/07\/urna.jpg","sizes":{"thumbnail":{"file":"urna-150x102.jpg","width":150,"height":102,"mime-type":"image\/jpeg","source_url":"https:\/\/lavras.tv\/site\/wp-content\/uploads\/2016\/07\/urna-150x102.jpg"},"medium":{"file":"urna-300x203.jpg","width":300,"height":203,"mime-type":"image\/jpeg","source_url":"https:\/\/lavras.tv\/site\/wp-content\/uploads\/2016\/07\/urna-300x203.jpg"},"large":{"file":"urna-1024x695.jpg","width":1024,"height":695,"mime-type":"image\/jpeg","source_url":"https:\/\/lavras.tv\/site\/wp-content\/uploads\/2016\/07\/urna-1024x695.jpg"},"featured-slider-img":{"file":"urna-640x480.jpg","width":640,"height":480,"mime-type":"image\/jpeg","source_url":"https:\/\/lavras.tv\/site\/wp-content\/uploads\/2016\/07\/urna-640x480.jpg"},"featured-post-img":{"file":"urna-480x320.jpg","width":480,"height":320,"mime-type":"image\/jpeg","source_url":"https:\/\/lavras.tv\/site\/wp-content\/uploads\/2016\/07\/urna-480x320.jpg"},"sow-carousel-default":{"file":"urna-272x182.jpg","width":272,"height":182,"mime-type":"image\/jpeg","source_url":"https:\/\/lavras.tv\/site\/wp-content\/uploads\/2016\/07\/urna-272x182.jpg"}},"image_meta":{"aperture":"0","credit":"","camera":"","caption":"","created_timestamp":"0","copyright":"","focal_length":"0","iso":"0","shutter_speed":"0","title":"","orientation":"0","keywords":[]}},"post":950,"source_url":"https:\/\/lavras.tv\/site\/wp-content\/uploads\/2016\/07\/urna.jpg"},"author_meta":{"display_name":"Lavras TV","author_link":"https:\/\/lavras.tv\/site\/author\/lavrastv\/"},"featured_img":"https:\/\/lavras.tv\/site\/wp-content\/uploads\/2016\/07\/urna-300x203.jpg","coauthors":[],"tax_additional":{"categories":{"linked":["<a href=\"https:\/\/lavras.tv\/site\/category\/politica\/\" class=\"advgb-post-tax-term\">Pol\u00edtica<\/a>"],"unlinked":["<span class=\"advgb-post-tax-term\">Pol\u00edtica<\/span>"]},"tags":{"linked":["<a href=\"https:\/\/lavras.tv\/site\/category\/politica\/\" class=\"advgb-post-tax-term\">elei\u00e7\u00e3o<\/a>","<a href=\"https:\/\/lavras.tv\/site\/category\/politica\/\" class=\"advgb-post-tax-term\">pol\u00edtica<\/a>","<a href=\"https:\/\/lavras.tv\/site\/category\/politica\/\" class=\"advgb-post-tax-term\">s\u00e3o bento abade<\/a>"],"unlinked":["<span class=\"advgb-post-tax-term\">elei\u00e7\u00e3o<\/span>","<span class=\"advgb-post-tax-term\">pol\u00edtica<\/span>","<span class=\"advgb-post-tax-term\">s\u00e3o bento abade<\/span>"]}},"comment_count":"0","relative_dates":{"created":"Publicado 9 anos atr\u00e1s","modified":"Atualizado 9 anos atr\u00e1s"},"absolute_dates":{"created":"Publicado em 14 de mar\u00e7o de 2017","modified":"Atualizado em 14 de mar\u00e7o de 2017"},"absolute_dates_time":{"created":"Publicado em 14 de mar\u00e7o de 2017 09:40","modified":"Atualizado em 14 de mar\u00e7o de 2017 09:40"},"featured_img_caption":"","series_order":"","_links":{"self":[{"href":"https:\/\/lavras.tv\/site\/wp-json\/wp\/v2\/posts\/7293","targetHints":{"allow":["GET"]}}],"collection":[{"href":"https:\/\/lavras.tv\/site\/wp-json\/wp\/v2\/posts"}],"about":[{"href":"https:\/\/lavras.tv\/site\/wp-json\/wp\/v2\/types\/post"}],"author":[{"embeddable":true,"href":"https:\/\/lavras.tv\/site\/wp-json\/wp\/v2\/users\/2"}],"replies":[{"embeddable":true,"href":"https:\/\/lavras.tv\/site\/wp-json\/wp\/v2\/comments?post=7293"}],"version-history":[{"count":1,"href":"https:\/\/lavras.tv\/site\/wp-json\/wp\/v2\/posts\/7293\/revisions"}],"predecessor-version":[{"id":7294,"href":"https:\/\/lavras.tv\/site\/wp-json\/wp\/v2\/posts\/7293\/revisions\/7294"}],"wp:featuredmedia":[{"embeddable":true,"href":"https:\/\/lavras.tv\/site\/wp-json\/wp\/v2\/media\/951"}],"wp:attachment":[{"href":"https:\/\/lavras.tv\/site\/wp-json\/wp\/v2\/media?parent=7293"}],"wp:term":[{"taxonomy":"category","embeddable":true,"href":"https:\/\/lavras.tv\/site\/wp-json\/wp\/v2\/categories?post=7293"},{"taxonomy":"post_tag","embeddable":true,"href":"https:\/\/lavras.tv\/site\/wp-json\/wp\/v2\/tags?post=7293"}],"curies":[{"name":"wp","href":"https:\/\/api.w.org\/{rel}","templated":true}]}}