{"id":7319,"date":"2017-03-15T08:42:02","date_gmt":"2017-03-15T11:42:02","guid":{"rendered":"http:\/\/lavras.tv\/site\/?p=7319"},"modified":"2017-03-15T08:42:02","modified_gmt":"2017-03-15T11:42:02","slug":"curso-de-direito-da-ufla-recebe-nota-maxima-em-avaliacao-do-mec","status":"publish","type":"post","link":"https:\/\/lavras.tv\/site\/2017\/03\/15\/curso-de-direito-da-ufla-recebe-nota-maxima-em-avaliacao-do-mec\/","title":{"rendered":"Curso de Direito da UFLA recebe nota m\u00e1xima em avalia\u00e7\u00e3o do MEC"},"content":{"rendered":"<div class=\"lavra-antes-do-conteudo_2\" id=\"lavra-1328310032\"><div id=\"lavra-slider-27\" class=\"custom-slider lavra-slider-867828543 lavra-slider\"><ul><li><div style=\"margin-left: auto;margin-right: auto;text-align: center;\" id=\"lavra-4046933246\"><a href=\"https:\/\/sistemas.lavras.mg.gov.br\/portalcidadao\/#df1b1a7c7b2a290bcb31e32771e610784662739a88807c0dacac58ede5f391a7530e299dc302d611ee73cb143fc22eaf93592e53e7b5bdb01b00a0b8d28dae460c141dd2ff83412e4dc1c31b16b25f33144a9e5620ea73b13f5bc1c59411d98439ad226e8af03840603796067d87afe130812cf3de24982d0e306f9e61e764e5\" aria-label=\"Lavras-TV&#8211;720x104px (1) (1)\"><img src=\"https:\/\/lavras.tv\/site\/wp-content\/uploads\/2025\/01\/Lavras-TV-720x104px-1-1.png\" alt=\"\"  srcset=\"https:\/\/lavras.tv\/site\/wp-content\/uploads\/2025\/01\/Lavras-TV-720x104px-1-1.png 720w, https:\/\/lavras.tv\/site\/wp-content\/uploads\/2025\/01\/Lavras-TV-720x104px-1-1-470x68.png 470w, https:\/\/lavras.tv\/site\/wp-content\/uploads\/2025\/01\/Lavras-TV-720x104px-1-1-170x25.png 170w, https:\/\/lavras.tv\/site\/wp-content\/uploads\/2025\/01\/Lavras-TV-720x104px-1-1-200x29.png 200w\" sizes=\"(max-width: 720px) 100vw, 720px\" width=\"720\" height=\"104\"  style=\"display: inline-block;\" \/><\/a><\/div><\/li><li><a href=\"https:\/\/sistemas.lavras.mg.gov.br\/portalcidadao\/#df1b1a7c7b2a290bcb31e32771e610784662739a88807c0dacac58ede5f391a7530e299dc302d611ee73cb143fc22eaf93592e53e7b5bdb01b00a0b8d28dae460c141dd2ff83412e4dc1c31b16b25f33144a9e5620ea73b13f5bc1c59411d98439ad226e8af03840603796067d87afe130812cf3de24982d0e306f9e61e764e5\" aria-label=\"Banner_Emprego_PortallavrasTV\"><img src=\"https:\/\/lavras.tv\/site\/wp-content\/uploads\/2025\/03\/Banner_Emprego_PortallavrasTV.png\" alt=\"\"  srcset=\"https:\/\/lavras.tv\/site\/wp-content\/uploads\/2025\/03\/Banner_Emprego_PortallavrasTV.png 720w, https:\/\/lavras.tv\/site\/wp-content\/uploads\/2025\/03\/Banner_Emprego_PortallavrasTV-470x68.png 470w, https:\/\/lavras.tv\/site\/wp-content\/uploads\/2025\/03\/Banner_Emprego_PortallavrasTV-170x25.png 170w, https:\/\/lavras.tv\/site\/wp-content\/uploads\/2025\/03\/Banner_Emprego_PortallavrasTV-200x29.png 200w\" sizes=\"(max-width: 720px) 100vw, 720px\" width=\"720\" height=\"104\"   \/><\/a><\/li><li><a href=\"https:\/\/sistemas.lavras.mg.gov.br\/portalcidadao\/#df1b1a7c7b2a290bcb31e32771e610784662739a88807c0dacac58ede5f391a7530e299dc302d611ee73cb143fc22eaf93592e53e7b5bdb01b00a0b8d28dae460c141dd2ff83412e4dc1c31b16b25f33144a9e5620ea73b13f5bc1c59411d98439ad226e8af03840603796067d87afe130812cf3de24982d0e306f9e61e764e5\" aria-label=\"Banner_Obras_PortallavrasTV\"><img src=\"https:\/\/lavras.tv\/site\/wp-content\/uploads\/2025\/03\/Banner_Obras_PortallavrasTV.png\" alt=\"\"  srcset=\"https:\/\/lavras.tv\/site\/wp-content\/uploads\/2025\/03\/Banner_Obras_PortallavrasTV.png 720w, https:\/\/lavras.tv\/site\/wp-content\/uploads\/2025\/03\/Banner_Obras_PortallavrasTV-470x68.png 470w, https:\/\/lavras.tv\/site\/wp-content\/uploads\/2025\/03\/Banner_Obras_PortallavrasTV-170x25.png 170w, https:\/\/lavras.tv\/site\/wp-content\/uploads\/2025\/03\/Banner_Obras_PortallavrasTV-200x29.png 200w\" sizes=\"(max-width: 720px) 100vw, 720px\" width=\"720\" height=\"104\"   \/><\/a><\/li><li><div style=\"margin-left: auto;margin-right: auto;text-align: center;\" id=\"lavra-3941828745\"><a href=\"https:\/\/sistemas.lavras.mg.gov.br\/portalcidadao\/#df1b1a7c7b2a290bcb31e32771e610784662739a88807c0dacac58ede5f391a7530e299dc302d611ee73cb143fc22eaf93592e53e7b5bdb01b00a0b8d28dae460c141dd2ff83412e4dc1c31b16b25f33144a9e5620ea73b13f5bc1c59411d98439ad226e8af03840603796067d87afe130812cf3de24982d0e306f9e61e764e5\" aria-label=\"Banner_Educa\u00e7\u00e3o_PortallavrasTV\"><img src=\"https:\/\/lavras.tv\/site\/wp-content\/uploads\/2025\/01\/Banner_Educacao_PortallavrasTV.png\" alt=\"\"  srcset=\"https:\/\/lavras.tv\/site\/wp-content\/uploads\/2025\/01\/Banner_Educacao_PortallavrasTV.png 720w, https:\/\/lavras.tv\/site\/wp-content\/uploads\/2025\/01\/Banner_Educacao_PortallavrasTV-470x68.png 470w, https:\/\/lavras.tv\/site\/wp-content\/uploads\/2025\/01\/Banner_Educacao_PortallavrasTV-170x25.png 170w, https:\/\/lavras.tv\/site\/wp-content\/uploads\/2025\/01\/Banner_Educacao_PortallavrasTV-200x29.png 200w\" sizes=\"(max-width: 720px) 100vw, 720px\" width=\"720\" height=\"104\"  style=\"display: inline-block;\" \/><\/a><\/div><\/li><li><a href=\"https:\/\/sistemas.lavras.mg.gov.br\/portalcidadao\/#df1b1a7c7b2a290bcb31e32771e610784662739a88807c0dacac58ede5f391a7530e299dc302d611ee73cb143fc22eaf93592e53e7b5bdb01b00a0b8d28dae460c141dd2ff83412e4dc1c31b16b25f33144a9e5620ea73b13f5bc1c59411d98439ad226e8af03840603796067d87afe130812cf3de24982d0e306f9e61e764e5\" aria-label=\"Banner_Sa\u00fade_PortallavrasTV\"><img src=\"https:\/\/lavras.tv\/site\/wp-content\/uploads\/2025\/03\/Banner_Saude_PortallavrasTV.png\" alt=\"\"  srcset=\"https:\/\/lavras.tv\/site\/wp-content\/uploads\/2025\/03\/Banner_Saude_PortallavrasTV.png 720w, https:\/\/lavras.tv\/site\/wp-content\/uploads\/2025\/03\/Banner_Saude_PortallavrasTV-470x68.png 470w, https:\/\/lavras.tv\/site\/wp-content\/uploads\/2025\/03\/Banner_Saude_PortallavrasTV-170x25.png 170w, https:\/\/lavras.tv\/site\/wp-content\/uploads\/2025\/03\/Banner_Saude_PortallavrasTV-200x29.png 200w\" sizes=\"(max-width: 720px) 100vw, 720px\" width=\"720\" height=\"104\"   \/><\/a><\/li><li><div id=\"lavra-4158644892\" style=\"width:720px;height:104px;background-color:#ddd;overflow:scroll;\">\n\t<strong>Sa\u00edda da depura\u00e7\u00e3o de an\u00fancios<\/strong>\n\t<br><br>\n\tO an\u00fancio n\u00e3o \u00e9 exibido na p\u00e1gina<br><br>post atual: Curso de Direito da UFLA recebe nota m\u00e1xima em avalia\u00e7\u00e3o do MEC, ID: 7319<br><br><span style=\"color: red;\">O post atual n\u00e3o \u00e9 id\u00eantico ao post principal.<\/span><br><br>An\u00fancios: ROXO - TOPO INTERNA - ROTATIVO 2 (197)<br \/>Grupo de an\u00fancios: Princ_Meio01_720x104 (27)<br><br>Condi\u00e7\u00f5es de exibi\u00e7\u00e3o<div style=\"margin-bottom: 20px; white-space: pre-wrap; font-family: monospace; width: 100%; background: #ffe9e9;\"><strong>condi\u00e7\u00f5es gerais<\/strong><table border=\"1\"><thead><tr><th><\/th><th>An\u00fancios<\/th><th>wp_the_query<\/th><\/tr><\/thead><tr><td>is_main_query<\/td><td>1<\/td><td>1<\/td><\/tr><tr><td>is_rest_api<\/td><td>0<\/td><td>1<\/td><\/tr><tr><td>page<\/td><td>0<\/td><td>1<\/td><\/tr><tr><td>numpages<\/td><td>0<\/td><td>1<\/td><\/tr><tr><td>is_archive<\/td><td>1<\/td><td><\/td><\/tr><tr><td>is_search<\/td><td>1<\/td><td><\/td><\/tr><tr><td>is_home<\/td><td>1<\/td><td><\/td><\/tr><tr><td>is_404<\/td><td>1<\/td><td><\/td><\/tr><tr><td>is_attachment<\/td><td>1<\/td><td><\/td><\/tr><tr><td>is_singular<\/td><td>1<\/td><td><\/td><\/tr><tr><td>is_front_page<\/td><td>1<\/td><td><\/td><\/tr><tr><td>is_feed<\/td><td>1<\/td><td><\/td><\/tr><\/table><\/div><br><br><span style=\"color: red;\">Seu site usa HTTPS, mas o c\u00f3digo do an\u00fancio cont\u00e9m HTTP e pode n\u00e3o funcionar.<\/span>\t<br><br>\n\t<a style=\"color: green;\" href=\"https:\/\/wpadvancedads.com\/manual\/ad-debug-mode\/?utm_source=advanced-ads&utm_medium=link&utm_campaign=ad-debug-mode\" target=\"_blank\" rel=\"nofollow\">Encontre solu\u00e7\u00f5es no manual<\/a>\n<\/div>\n<\/li><\/ul><\/div><script>( window.advanced_ads_ready || jQuery( document ).ready ).call( null, function() {var $lavraslider867828543 = jQuery( \".lavra-slider-867828543\" );$lavraslider867828543.on( \"unslider.ready\", function() { jQuery( \"div.custom-slider ul li\" ).css( \"display\", \"block\" ); });$lavraslider867828543.unslider({ delay:4000, autoplay:true, nav:false, arrows:false, infinite:true });$lavraslider867828543.on(\"mouseover\", function() {$lavraslider867828543.unslider(\"stop\");}).on(\"mouseout\", function() {$lavraslider867828543.unslider(\"start\");});});<\/script><\/div><p>Mais um resultado positivo que atesta a qualidade dos cursos de gradua\u00e7\u00e3o da Universidade Federal de Lavras (UFLA). <!--more-->O Curso de\u00a0Direito recebeu nota m\u00e1xima em avalia\u00e7\u00e3o do Minist\u00e9rio da Educa\u00e7\u00e3o (MEC), sendo considerado perfil EXCELENTE de qualidade.<\/p>\n<p><img fetchpriority=\"high\" decoding=\"async\" class=\" wp-image-7320 alignright\" src=\"http:\/\/lavras.tv\/site\/wp-content\/uploads\/2017\/03\/direito-612x416.jpg\" alt=\"direito-612x416\" width=\"447\" height=\"304\" srcset=\"https:\/\/lavras.tv\/site\/wp-content\/uploads\/2017\/03\/direito-612x416.jpg 612w, https:\/\/lavras.tv\/site\/wp-content\/uploads\/2017\/03\/direito-612x416-150x102.jpg 150w, https:\/\/lavras.tv\/site\/wp-content\/uploads\/2017\/03\/direito-612x416-300x204.jpg 300w\" sizes=\"(max-width: 447px) 100vw, 447px\" \/><\/p>\n<p>A visita da comiss\u00e3o de avalia\u00e7\u00e3o de reconhecimento do Curso foi realizada no per\u00edodo de 6 a 8 de mar\u00e7o, para aquilatar a concep\u00e7\u00e3o e implementa\u00e7\u00e3o do projeto pedag\u00f3gico, o corpo docente do Curso e a estrutura da Universidade, incluindo uma vistoria nas instala\u00e7\u00f5es da institui\u00e7\u00e3o, tendo visitado, entre outros espa\u00e7os, laborat\u00f3rio de inform\u00e1tica, salas de aula, ambiente de trabalho da coordena\u00e7\u00e3o do curso, local destinado ao desenvolvimento das atividades do n\u00facleo de pr\u00e1tica jur\u00eddica, biblioteca, departamento, secretarias e gabinetes de trabalho dos professores, registrando as observa\u00e7\u00f5es consideradas pertinentes ao procedimento avaliativo.<\/p>\n<p>O coordenador do curso de Direito da UFLA, professor Pedro Ivo Ribeiro Diniz, explica que os trabalhos dos avaliadores transcorreram sem qualquer contratempo. \u201cAo final, os elogios recebidos em todas as dimens\u00f5es apreciadas foram gratificantes e demonstram que estamos no caminho certo. O reconhecimento do curso \u00e9 resultado direto da efici\u00eancia institucional, do fulgor do corpo discente e do comprometimento de docentes e t\u00e9cnicos administrativos. Essas caracter\u00edsticas \u2013 que marcam a hist\u00f3ria dessa institui\u00e7\u00e3o \u2013 pautam a consolida\u00e7\u00e3o com excel\u00eancia do Curso de Direito da UFLA. Como resultado, temos o sentimento compartilhado por todos os envolvidos de orgulho de fazer parte desse curso e desta universidade\u201d.<\/p>\n<p>A avalia\u00e7\u00e3o <em>In Loco<\/em> \u00e9 parte dos procedimentos de regula\u00e7\u00e3o e supervis\u00e3o do MEC para o reconhecimento dos cursos de gradua\u00e7\u00e3o. O instrumento que orienta os trabalhos dos professores avaliadores contempla tr\u00eas dimens\u00f5es: organiza\u00e7\u00e3o did\u00e1tico-pedag\u00f3gica, corpo docente e infraestrutura.\u00a0 O curso de Direito da UFLA recebeu nota m\u00e1xima em todas essas dimens\u00f5es.<\/p>\n<p>A comiss\u00e3o tomou por base investigativa os documentos, entrevistas, an\u00e1lise dos acervos referentes \u00e0 biblioteca, a produ\u00e7\u00e3o do material did\u00e1tico e atendimento aos discentes. Foram verificados a ader\u00eancia e o alinhamento entre o previsto e o realizado, os requisitos legais e normativos. O processo contou com reuni\u00f5es com os dirigentes da Institui\u00e7\u00e3o, Comiss\u00e3o Pr\u00f3pria de Avalia\u00e7\u00e3o (CPA), Coordena\u00e7\u00e3o do Curso, N\u00facleo Docente Estruturante (NDE), al\u00e9m de reuni\u00f5es com o corpo docente e discente do curso.<\/p>\n<p>Para o reitor da UFLA, professor Jos\u00e9 Roberto Scolforo, o conceito m\u00e1ximo do MEC confirma o \u00eaxito de uma equipe de profissionais capacitados, sendo uma vit\u00f3ria de um conjunto, englobando professores, estudantes, t\u00e9cnicos e funcion\u00e1rios da UFLA que se dedicam ao melhor da institui\u00e7\u00e3o. O reitor ainda ressalta a constru\u00e7\u00e3o do projeto pedag\u00f3gico do curso de Direito, sendo desde o in\u00edcio diferenciado, com uma estrutura curricular inovadora, aliando teoria \u00e0 pr\u00e1tica de maneira exemplar.<\/p>\n<p>Na avalia\u00e7\u00e3o do pr\u00f3-reitor de Gradua\u00e7\u00e3o, professor Ronei Ximenes Martins, esse resultado \u00e9, al\u00e9m de reconhecimento,\u00a0incentivo para que todos continuem focados no aprimoramento cont\u00ednuo dos cursos de gradua\u00e7\u00e3o da UFLA. \u201cEsse resultado \u00e9 fruto de muito trabalho da coordena\u00e7\u00e3o do curso, dos professores, t\u00e9cnicos administrativos, estudantes e da gest\u00e3o institucional. Foram anos de dedica\u00e7\u00e3o e envolvimento di\u00e1rio focados na busca pela excel\u00eancia. Desde a concep\u00e7\u00e3o e in\u00edcio das atividades, o curso de Direito tem demonstrado sua qualidade. Isso j\u00e1 havia se evidenciado no processo de autoriza\u00e7\u00e3o, quando recebeu nota m\u00e1xima\u201d, destaca.<\/p>\n<p><strong>Sobre o curso<\/strong><\/p>\n<p>Em 2012, a UFLA inaugurou o curso de Direito, ap\u00f3s a aprova\u00e7\u00e3o do MEC, tendo recebido nota 5 na indica\u00e7\u00e3o do Instituto Nacional de Estudos e Pesquisas Educacionais An\u00edsio Teixeira (Inep\/MEC). O Bacharelado tamb\u00e9m recebeu o parecer da Ordem dos Advogados do Brasil (OAB), com a aprova\u00e7\u00e3o de todos os quesitos avaliados.<\/p>\n<p>Os principais diferenciais do Curso de Direito da UFLA s\u00e3o:<\/p>\n<p>\u2013 <strong>Forte articula\u00e7\u00e3o entre teoria e pr\u00e1tica<em>:<\/em><\/strong>\u00a0al\u00e9m das atividades de pr\u00e1tica jur\u00eddica real e simulada, que exploram o exerc\u00edcio de tarefas t\u00edpicas da advocacia contenciosa, o estudante pode experimentar, nas oficinas de pr\u00e1tica jur\u00eddica, o expediente de outras profiss\u00f5es jur\u00eddicas, com a execu\u00e7\u00e3o de rotinas de ju\u00edzes, promotores de justi\u00e7a, delegados, procuradores, professores, entre outros.<\/p>\n<p>\u2013 <strong>Diversas oportunidades extraclasse:<\/strong>\u00a0 ensino,\u00a0 pesquisa,\u00a0 extens\u00e3o, cultura e esporte. S\u00e3o diversos n\u00facleos de estudos, grupos de pesquisa, empresas juniores, grupos de teatro, equipes esportivas, grupos de educa\u00e7\u00e3o tutorial, entre outros.<\/p>\n<p>\u2013 <strong>Excelente infraestrutura em amplia\u00e7\u00e3o:<\/strong>\u00a0 diversas salas de aulas equipadas com recursos inform\u00e1ticos e audiovisuais, audit\u00f3rios para realiza\u00e7\u00e3o de eventos, laborat\u00f3rios de informa\u00e7\u00e3o e acesso \u00e0 internet por meio de rede sem fio, biblioteca ampla com acervo bibliogr\u00e1fico em constante atualiza\u00e7\u00e3o, espa\u00e7os de conviv\u00eancias e aparelhos para pr\u00e1tica de esportes, restaurante universit\u00e1rio, entre outros.<\/p>\n<p>\u2013 <strong>Corpo docente qualificado:<\/strong>\u00a0 professores que trabalham em regime de tempo integral e possuem forma\u00e7\u00e3o em n\u00edvel de p\u00f3s-gradua\u00e7\u00e3o (mestrado e\/ou doutorado). Os professores contam com experi\u00eancia em atividades de pesquisa e de extens\u00e3o, al\u00e9m de se dedicarem \u00e0 publica\u00e7\u00e3o de livros e de artigos em peri\u00f3dicos cient\u00edficos, assim como participa\u00e7\u00e3o em eventos jur\u00eddicos nacionais e estrangeiros.<\/p>\n<p>Fonte: UFLA<\/p>\n","protected":false},"excerpt":{"rendered":"<p>Mais um resultado positivo que atesta a qualidade dos cursos de gradua\u00e7\u00e3o da Universidade Federal de Lavras (UFLA).<\/p>\n","protected":false},"author":2,"featured_media":7320,"comment_status":"closed","ping_status":"open","sticky":false,"template":"","format":"standard","meta":{"advgb_blocks_editor_width":"","advgb_blocks_columns_visual_guide":"","_exactmetrics_skip_tracking":false,"_exactmetrics_sitenote_active":false,"_exactmetrics_sitenote_note":"","_exactmetrics_sitenote_category":0,"footnotes":""},"categories":[7,2],"tags":[940,2268,2917,1564,2916,56],"class_list":["post-7319","post","type-post","status-publish","format-standard","has-post-thumbnail","hentry","category-destaques","category-noticias","tag-direito","tag-educacao","tag-graduacao","tag-mec","tag-nota-maxima","tag-ufla"],"better_featured_image":{"id":7320,"alt_text":"","caption":"","description":"","media_type":"image","media_details":{"width":612,"height":416,"file":"2017\/03\/direito-612x416.jpg","sizes":{"thumbnail":{"file":"direito-612x416-150x102.jpg","width":150,"height":102,"mime-type":"image\/jpeg","source_url":"https:\/\/lavras.tv\/site\/wp-content\/uploads\/2017\/03\/direito-612x416-150x102.jpg"},"medium":{"file":"direito-612x416-300x204.jpg","width":300,"height":204,"mime-type":"image\/jpeg","source_url":"https:\/\/lavras.tv\/site\/wp-content\/uploads\/2017\/03\/direito-612x416-300x204.jpg"},"featured-post-img":{"file":"direito-612x416-480x320.jpg","width":480,"height":320,"mime-type":"image\/jpeg","source_url":"https:\/\/lavras.tv\/site\/wp-content\/uploads\/2017\/03\/direito-612x416-480x320.jpg"},"sow-carousel-default":{"file":"direito-612x416-272x182.jpg","width":272,"height":182,"mime-type":"image\/jpeg","source_url":"https:\/\/lavras.tv\/site\/wp-content\/uploads\/2017\/03\/direito-612x416-272x182.jpg"}},"image_meta":{"aperture":"0","credit":"","camera":"","caption":"","created_timestamp":"0","copyright":"","focal_length":"0","iso":"0","shutter_speed":"0","title":"","orientation":"0","keywords":[]}},"post":7319,"source_url":"https:\/\/lavras.tv\/site\/wp-content\/uploads\/2017\/03\/direito-612x416.jpg"},"author_meta":{"display_name":"Lavras TV","author_link":"https:\/\/lavras.tv\/site\/author\/lavrastv\/"},"featured_img":"https:\/\/lavras.tv\/site\/wp-content\/uploads\/2017\/03\/direito-612x416-300x204.jpg","coauthors":[],"tax_additional":{"categories":{"linked":["<a href=\"https:\/\/lavras.tv\/site\/category\/destaques\/\" class=\"advgb-post-tax-term\">Destaques<\/a>","<a href=\"https:\/\/lavras.tv\/site\/category\/noticias\/\" class=\"advgb-post-tax-term\">Not\u00edcias<\/a>"],"unlinked":["<span class=\"advgb-post-tax-term\">Destaques<\/span>","<span class=\"advgb-post-tax-term\">Not\u00edcias<\/span>"]},"tags":{"linked":["<a href=\"https:\/\/lavras.tv\/site\/category\/noticias\/\" class=\"advgb-post-tax-term\">direito<\/a>","<a href=\"https:\/\/lavras.tv\/site\/category\/noticias\/\" class=\"advgb-post-tax-term\">educa\u00e7\u00e3o<\/a>","<a href=\"https:\/\/lavras.tv\/site\/category\/noticias\/\" class=\"advgb-post-tax-term\">gradua\u00e7\u00e3o<\/a>","<a href=\"https:\/\/lavras.tv\/site\/category\/noticias\/\" class=\"advgb-post-tax-term\">MEC<\/a>","<a href=\"https:\/\/lavras.tv\/site\/category\/noticias\/\" class=\"advgb-post-tax-term\">nota m\u00e1xima<\/a>","<a href=\"https:\/\/lavras.tv\/site\/category\/noticias\/\" class=\"advgb-post-tax-term\">ufla<\/a>"],"unlinked":["<span class=\"advgb-post-tax-term\">direito<\/span>","<span class=\"advgb-post-tax-term\">educa\u00e7\u00e3o<\/span>","<span class=\"advgb-post-tax-term\">gradua\u00e7\u00e3o<\/span>","<span class=\"advgb-post-tax-term\">MEC<\/span>","<span class=\"advgb-post-tax-term\">nota m\u00e1xima<\/span>","<span class=\"advgb-post-tax-term\">ufla<\/span>"]}},"comment_count":"0","relative_dates":{"created":"Publicado 9 anos atr\u00e1s","modified":"Atualizado 9 anos atr\u00e1s"},"absolute_dates":{"created":"Publicado em 15 de mar\u00e7o de 2017","modified":"Atualizado em 15 de mar\u00e7o de 2017"},"absolute_dates_time":{"created":"Publicado em 15 de mar\u00e7o de 2017 08:42","modified":"Atualizado em 15 de mar\u00e7o de 2017 08:42"},"featured_img_caption":"","series_order":"","_links":{"self":[{"href":"https:\/\/lavras.tv\/site\/wp-json\/wp\/v2\/posts\/7319","targetHints":{"allow":["GET"]}}],"collection":[{"href":"https:\/\/lavras.tv\/site\/wp-json\/wp\/v2\/posts"}],"about":[{"href":"https:\/\/lavras.tv\/site\/wp-json\/wp\/v2\/types\/post"}],"author":[{"embeddable":true,"href":"https:\/\/lavras.tv\/site\/wp-json\/wp\/v2\/users\/2"}],"replies":[{"embeddable":true,"href":"https:\/\/lavras.tv\/site\/wp-json\/wp\/v2\/comments?post=7319"}],"version-history":[{"count":1,"href":"https:\/\/lavras.tv\/site\/wp-json\/wp\/v2\/posts\/7319\/revisions"}],"predecessor-version":[{"id":7321,"href":"https:\/\/lavras.tv\/site\/wp-json\/wp\/v2\/posts\/7319\/revisions\/7321"}],"wp:featuredmedia":[{"embeddable":true,"href":"https:\/\/lavras.tv\/site\/wp-json\/wp\/v2\/media\/7320"}],"wp:attachment":[{"href":"https:\/\/lavras.tv\/site\/wp-json\/wp\/v2\/media?parent=7319"}],"wp:term":[{"taxonomy":"category","embeddable":true,"href":"https:\/\/lavras.tv\/site\/wp-json\/wp\/v2\/categories?post=7319"},{"taxonomy":"post_tag","embeddable":true,"href":"https:\/\/lavras.tv\/site\/wp-json\/wp\/v2\/tags?post=7319"}],"curies":[{"name":"wp","href":"https:\/\/api.w.org\/{rel}","templated":true}]}}