{"id":7397,"date":"2017-03-17T08:28:22","date_gmt":"2017-03-17T11:28:22","guid":{"rendered":"http:\/\/lavras.tv\/site\/?p=7397"},"modified":"2017-03-17T08:28:22","modified_gmt":"2017-03-17T11:28:22","slug":"vaquinha-na-internet-tenta-ajudar-menino-com-sindrome-rara-em-campo-belo","status":"publish","type":"post","link":"https:\/\/lavras.tv\/site\/2017\/03\/17\/vaquinha-na-internet-tenta-ajudar-menino-com-sindrome-rara-em-campo-belo\/","title":{"rendered":"Vaquinha na internet tenta ajudar menino com s\u00edndrome rara em Campo Belo"},"content":{"rendered":"<div class=\"lavra-antes-do-conteudo_2\" id=\"lavra-1938271327\"><div id=\"lavra-slider-27\" class=\"custom-slider lavra-slider-3266112656 lavra-slider\"><ul><li><div style=\"margin-left: auto;margin-right: auto;text-align: center;\" id=\"lavra-181917491\"><a href=\"https:\/\/sistemas.lavras.mg.gov.br\/portalcidadao\/#df1b1a7c7b2a290bcb31e32771e610784662739a88807c0dacac58ede5f391a7530e299dc302d611ee73cb143fc22eaf93592e53e7b5bdb01b00a0b8d28dae460c141dd2ff83412e4dc1c31b16b25f33144a9e5620ea73b13f5bc1c59411d98439ad226e8af03840603796067d87afe130812cf3de24982d0e306f9e61e764e5\" aria-label=\"Lavras-TV&#8211;720x104px (1) (1)\"><img src=\"https:\/\/lavras.tv\/site\/wp-content\/uploads\/2025\/01\/Lavras-TV-720x104px-1-1.png\" alt=\"\"  srcset=\"https:\/\/lavras.tv\/site\/wp-content\/uploads\/2025\/01\/Lavras-TV-720x104px-1-1.png 720w, https:\/\/lavras.tv\/site\/wp-content\/uploads\/2025\/01\/Lavras-TV-720x104px-1-1-470x68.png 470w, https:\/\/lavras.tv\/site\/wp-content\/uploads\/2025\/01\/Lavras-TV-720x104px-1-1-170x25.png 170w, https:\/\/lavras.tv\/site\/wp-content\/uploads\/2025\/01\/Lavras-TV-720x104px-1-1-200x29.png 200w\" sizes=\"(max-width: 720px) 100vw, 720px\" width=\"720\" height=\"104\"  style=\"display: inline-block;\" \/><\/a><\/div><\/li><li><a href=\"https:\/\/sistemas.lavras.mg.gov.br\/portalcidadao\/#df1b1a7c7b2a290bcb31e32771e610784662739a88807c0dacac58ede5f391a7530e299dc302d611ee73cb143fc22eaf93592e53e7b5bdb01b00a0b8d28dae460c141dd2ff83412e4dc1c31b16b25f33144a9e5620ea73b13f5bc1c59411d98439ad226e8af03840603796067d87afe130812cf3de24982d0e306f9e61e764e5\" aria-label=\"Banner_Emprego_PortallavrasTV\"><img src=\"https:\/\/lavras.tv\/site\/wp-content\/uploads\/2025\/03\/Banner_Emprego_PortallavrasTV.png\" alt=\"\"  srcset=\"https:\/\/lavras.tv\/site\/wp-content\/uploads\/2025\/03\/Banner_Emprego_PortallavrasTV.png 720w, https:\/\/lavras.tv\/site\/wp-content\/uploads\/2025\/03\/Banner_Emprego_PortallavrasTV-470x68.png 470w, https:\/\/lavras.tv\/site\/wp-content\/uploads\/2025\/03\/Banner_Emprego_PortallavrasTV-170x25.png 170w, https:\/\/lavras.tv\/site\/wp-content\/uploads\/2025\/03\/Banner_Emprego_PortallavrasTV-200x29.png 200w\" sizes=\"(max-width: 720px) 100vw, 720px\" width=\"720\" height=\"104\"   \/><\/a><\/li><li><a href=\"https:\/\/sistemas.lavras.mg.gov.br\/portalcidadao\/#df1b1a7c7b2a290bcb31e32771e610784662739a88807c0dacac58ede5f391a7530e299dc302d611ee73cb143fc22eaf93592e53e7b5bdb01b00a0b8d28dae460c141dd2ff83412e4dc1c31b16b25f33144a9e5620ea73b13f5bc1c59411d98439ad226e8af03840603796067d87afe130812cf3de24982d0e306f9e61e764e5\" aria-label=\"Banner_Obras_PortallavrasTV\"><img src=\"https:\/\/lavras.tv\/site\/wp-content\/uploads\/2025\/03\/Banner_Obras_PortallavrasTV.png\" alt=\"\"  srcset=\"https:\/\/lavras.tv\/site\/wp-content\/uploads\/2025\/03\/Banner_Obras_PortallavrasTV.png 720w, https:\/\/lavras.tv\/site\/wp-content\/uploads\/2025\/03\/Banner_Obras_PortallavrasTV-470x68.png 470w, https:\/\/lavras.tv\/site\/wp-content\/uploads\/2025\/03\/Banner_Obras_PortallavrasTV-170x25.png 170w, https:\/\/lavras.tv\/site\/wp-content\/uploads\/2025\/03\/Banner_Obras_PortallavrasTV-200x29.png 200w\" sizes=\"(max-width: 720px) 100vw, 720px\" width=\"720\" height=\"104\"   \/><\/a><\/li><li><div style=\"margin-left: auto;margin-right: auto;text-align: center;\" id=\"lavra-37540948\"><a href=\"https:\/\/sistemas.lavras.mg.gov.br\/portalcidadao\/#df1b1a7c7b2a290bcb31e32771e610784662739a88807c0dacac58ede5f391a7530e299dc302d611ee73cb143fc22eaf93592e53e7b5bdb01b00a0b8d28dae460c141dd2ff83412e4dc1c31b16b25f33144a9e5620ea73b13f5bc1c59411d98439ad226e8af03840603796067d87afe130812cf3de24982d0e306f9e61e764e5\" aria-label=\"Banner_Educa\u00e7\u00e3o_PortallavrasTV\"><img src=\"https:\/\/lavras.tv\/site\/wp-content\/uploads\/2025\/01\/Banner_Educacao_PortallavrasTV.png\" alt=\"\"  srcset=\"https:\/\/lavras.tv\/site\/wp-content\/uploads\/2025\/01\/Banner_Educacao_PortallavrasTV.png 720w, https:\/\/lavras.tv\/site\/wp-content\/uploads\/2025\/01\/Banner_Educacao_PortallavrasTV-470x68.png 470w, https:\/\/lavras.tv\/site\/wp-content\/uploads\/2025\/01\/Banner_Educacao_PortallavrasTV-170x25.png 170w, https:\/\/lavras.tv\/site\/wp-content\/uploads\/2025\/01\/Banner_Educacao_PortallavrasTV-200x29.png 200w\" sizes=\"(max-width: 720px) 100vw, 720px\" width=\"720\" height=\"104\"  style=\"display: inline-block;\" \/><\/a><\/div><\/li><li><a href=\"https:\/\/sistemas.lavras.mg.gov.br\/portalcidadao\/#df1b1a7c7b2a290bcb31e32771e610784662739a88807c0dacac58ede5f391a7530e299dc302d611ee73cb143fc22eaf93592e53e7b5bdb01b00a0b8d28dae460c141dd2ff83412e4dc1c31b16b25f33144a9e5620ea73b13f5bc1c59411d98439ad226e8af03840603796067d87afe130812cf3de24982d0e306f9e61e764e5\" aria-label=\"Banner_Sa\u00fade_PortallavrasTV\"><img src=\"https:\/\/lavras.tv\/site\/wp-content\/uploads\/2025\/03\/Banner_Saude_PortallavrasTV.png\" alt=\"\"  srcset=\"https:\/\/lavras.tv\/site\/wp-content\/uploads\/2025\/03\/Banner_Saude_PortallavrasTV.png 720w, https:\/\/lavras.tv\/site\/wp-content\/uploads\/2025\/03\/Banner_Saude_PortallavrasTV-470x68.png 470w, https:\/\/lavras.tv\/site\/wp-content\/uploads\/2025\/03\/Banner_Saude_PortallavrasTV-170x25.png 170w, https:\/\/lavras.tv\/site\/wp-content\/uploads\/2025\/03\/Banner_Saude_PortallavrasTV-200x29.png 200w\" sizes=\"(max-width: 720px) 100vw, 720px\" width=\"720\" height=\"104\"   \/><\/a><\/li><li><div id=\"lavra-112539184\" style=\"width:720px;height:104px;background-color:#ddd;overflow:scroll;\">\n\t<strong>Sa\u00edda da depura\u00e7\u00e3o de an\u00fancios<\/strong>\n\t<br><br>\n\tO an\u00fancio n\u00e3o \u00e9 exibido na p\u00e1gina<br><br>post atual: Vaquinha na internet tenta ajudar menino com s\u00edndrome rara em Campo Belo, ID: 7397<br><br><span style=\"color: red;\">O post atual n\u00e3o \u00e9 id\u00eantico ao post principal.<\/span><br><br>An\u00fancios: ROXO - TOPO INTERNA - ROTATIVO 2 (197)<br \/>Grupo de an\u00fancios: Princ_Meio01_720x104 (27)<br><br>Condi\u00e7\u00f5es de exibi\u00e7\u00e3o<div style=\"margin-bottom: 20px; white-space: pre-wrap; font-family: monospace; width: 100%; background: #ffe9e9;\"><strong>condi\u00e7\u00f5es gerais<\/strong><table border=\"1\"><thead><tr><th><\/th><th>An\u00fancios<\/th><th>wp_the_query<\/th><\/tr><\/thead><tr><td>is_main_query<\/td><td>1<\/td><td>1<\/td><\/tr><tr><td>is_rest_api<\/td><td>0<\/td><td>1<\/td><\/tr><tr><td>page<\/td><td>0<\/td><td>1<\/td><\/tr><tr><td>numpages<\/td><td>0<\/td><td>1<\/td><\/tr><tr><td>is_archive<\/td><td>1<\/td><td><\/td><\/tr><tr><td>is_search<\/td><td>1<\/td><td><\/td><\/tr><tr><td>is_home<\/td><td>1<\/td><td><\/td><\/tr><tr><td>is_404<\/td><td>1<\/td><td><\/td><\/tr><tr><td>is_attachment<\/td><td>1<\/td><td><\/td><\/tr><tr><td>is_singular<\/td><td>1<\/td><td><\/td><\/tr><tr><td>is_front_page<\/td><td>1<\/td><td><\/td><\/tr><tr><td>is_feed<\/td><td>1<\/td><td><\/td><\/tr><\/table><\/div><br><br><span style=\"color: red;\">Seu site usa HTTPS, mas o c\u00f3digo do an\u00fancio cont\u00e9m HTTP e pode n\u00e3o funcionar.<\/span>\t<br><br>\n\t<a style=\"color: green;\" href=\"https:\/\/wpadvancedads.com\/manual\/ad-debug-mode\/?utm_source=advanced-ads&utm_medium=link&utm_campaign=ad-debug-mode\" target=\"_blank\" rel=\"nofollow\">Encontre solu\u00e7\u00f5es no manual<\/a>\n<\/div>\n<\/li><\/ul><\/div><script>( window.advanced_ads_ready || jQuery( document ).ready ).call( null, function() {var $lavraslider3266112656 = jQuery( \".lavra-slider-3266112656\" );$lavraslider3266112656.on( \"unslider.ready\", function() { jQuery( \"div.custom-slider ul li\" ).css( \"display\", \"block\" ); });$lavraslider3266112656.unslider({ delay:4000, autoplay:true, nav:false, arrows:false, infinite:true });$lavraslider3266112656.on(\"mouseover\", function() {$lavraslider3266112656.unslider(\"stop\");}).on(\"mouseout\", function() {$lavraslider3266112656.unslider(\"start\");});});<\/script><\/div><div class=\"materia-cabecalho\"><\/div>\n<div id=\"materia-letra\" class=\"materia-conteudo entry-content clearfix\">\n<div id=\"5728500\" class=\"video componente_materia\" data-height=\"349\" data-width=\"620\"><\/div>\n<p>O menino de Campo Belo (MG) que sofre de uma s\u00edndrome rara e precisava de um transplante de medula \u00f3ssea para se recuperar conseguiu encontrar um doador compat\u00edvel.<\/p>\n<p><img fetchpriority=\"high\" decoding=\"async\" class=\"aligncenter\" title=\"Gabriel tem 4 anos e conseguiu transplante de medula \u00f3ssea; agora fam\u00edlia busca meios de mater tratamento m\u00e9dico; Campo Belo, MG (Foto: Reprodu\u00e7\u00e3o\/EPTV)\" src=\"http:\/\/s2.glbimg.com\/kHxSdjVHx5Urf7DrKzeiFHr4k1A=\/620x465\/s.glbimg.com\/jo\/g1\/f\/original\/2017\/03\/16\/menino.jpg\" alt=\"Gabriel tem 4 anos e conseguiu transplante de medula \u00f3ssea; agora fam\u00edlia busca meios de mater tratamento m\u00e9dico; Campo Belo, MG (Foto: Reprodu\u00e7\u00e3o\/EPTV)\" width=\"620\" height=\"465\" \/><\/p>\n<p>Hoje com 4 anos, Gabriel Souza desde o primeiro m\u00eas de vida os sintomas da s\u00edndrome de Chediak-Higashi, que fragiliza o sistema imunol\u00f3gico. A origem dos contantes problemas de sa\u00fade s\u00f3 foi descoberto em 2015. Agora, depois que o transplante se tornou uma realidade, a fam\u00edlia de Gabriel criou uma vaquinha na internet para arrecadar fundos para o tratamento de que ele vai precisar.<\/p>\n<p>A s\u00edndrome Chediak-Higashi \u00e9 uma altera\u00e7\u00e3o gen\u00e9tica ainda sem causa defigabnida, que afeta diretamente o sistema imunol\u00f3gico. Quando atacado por um v\u00edrus ou bact\u00e9ria, o corpo reage contra o pr\u00f3prio organismo. A doen\u00e7a se caracteriza pelo albinismo parcial e por isso \u00e9 conhecida tamb\u00e9m como s\u00edndrome do cabelo prateado. Quando a doen\u00e7a foi identificada no garoto de Campo Belo, uma campanha de cadastro de doadores de medula \u00f3ssea foi feita na regi\u00e3o.<\/p>\n<p>A expectativa dos m\u00e9dicos que acompanham o caso \u00e9 que o transplante de medula aconte\u00e7a ainda em mar\u00e7o. Ap\u00f3s o procedimento, a crian\u00e7a ter\u00e1 que ficar internada por mais seis meses para ter um acompanhamento m\u00e9dico espec\u00edfico. Dos R$ 20 mil necess\u00e1rios, pouco mais de R$ 3 mil j\u00e1 foram arrecadados por meio da vaquinha virtual. O prazo para doa\u00e7\u00f5es se encerra no dia 5 de maio. (<a href=\"https:\/\/www.vakinha.com.br\/vaquinha\/todos-juntos-pelo-gabriel-24f6df95-84a2-4786-a406-d6f157efad8b\" target=\"_blank\">Saiba como ajudar aqui.<\/a>)<\/p>\n<div class=\"foto componente_materia midia-largura-620\"><\/div>\n<div class=\"foto componente_materia midia-largura-620\">Fonte: G1<\/div>\n<\/div>\n<p>&nbsp;<\/p>\n<p>&nbsp;<\/p>\n","protected":false},"excerpt":{"rendered":"<p>O menino de Campo Belo (MG) que sofre de uma s\u00edndrome rara e precisava de um transplante de medula \u00f3ssea para se recuperar conseguiu encontrar um doador compat\u00edvel. Hoje com 4 anos, Gabriel Souza desde o primeiro m\u00eas de vida os sintomas da s\u00edndrome de Chediak-Higashi, que fragiliza o sistema imunol\u00f3gico. A origem dos contantes [&hellip;]<\/p>\n","protected":false},"author":2,"featured_media":7398,"comment_status":"closed","ping_status":"open","sticky":false,"template":"","format":"standard","meta":{"advgb_blocks_editor_width":"","advgb_blocks_columns_visual_guide":"","_exactmetrics_skip_tracking":false,"_exactmetrics_sitenote_active":false,"_exactmetrics_sitenote_note":"","_exactmetrics_sitenote_category":0,"footnotes":""},"categories":[7,2],"tags":[2934,227,2936,2935,2933],"class_list":["post-7397","post","type-post","status-publish","format-standard","has-post-thumbnail","hentry","category-destaques","category-noticias","tag-ajuda","tag-campo-belo-mg","tag-gabriel","tag-sindrome-de-chediak-higashi","tag-vaquinha"],"better_featured_image":{"id":7398,"alt_text":"","caption":"","description":"","media_type":"image","media_details":{"width":620,"height":465,"file":"2017\/03\/menino-campo-belo.jpg","sizes":{"thumbnail":{"file":"menino-campo-belo-150x113.jpg","width":150,"height":113,"mime-type":"image\/jpeg","source_url":"https:\/\/lavras.tv\/site\/wp-content\/uploads\/2017\/03\/menino-campo-belo-150x113.jpg"},"medium":{"file":"menino-campo-belo-300x225.jpg","width":300,"height":225,"mime-type":"image\/jpeg","source_url":"https:\/\/lavras.tv\/site\/wp-content\/uploads\/2017\/03\/menino-campo-belo-300x225.jpg"},"featured-post-img":{"file":"menino-campo-belo-480x320.jpg","width":480,"height":320,"mime-type":"image\/jpeg","source_url":"https:\/\/lavras.tv\/site\/wp-content\/uploads\/2017\/03\/menino-campo-belo-480x320.jpg"},"sow-carousel-default":{"file":"menino-campo-belo-272x182.jpg","width":272,"height":182,"mime-type":"image\/jpeg","source_url":"https:\/\/lavras.tv\/site\/wp-content\/uploads\/2017\/03\/menino-campo-belo-272x182.jpg"}},"image_meta":{"aperture":"0","credit":"","camera":"","caption":"","created_timestamp":"0","copyright":"","focal_length":"0","iso":"0","shutter_speed":"0","title":"","orientation":"0","keywords":[]}},"post":7397,"source_url":"https:\/\/lavras.tv\/site\/wp-content\/uploads\/2017\/03\/menino-campo-belo.jpg"},"author_meta":{"display_name":"Lavras TV","author_link":"https:\/\/lavras.tv\/site\/author\/lavrastv\/"},"featured_img":"https:\/\/lavras.tv\/site\/wp-content\/uploads\/2017\/03\/menino-campo-belo-300x225.jpg","coauthors":[],"tax_additional":{"categories":{"linked":["<a href=\"https:\/\/lavras.tv\/site\/category\/destaques\/\" class=\"advgb-post-tax-term\">Destaques<\/a>","<a href=\"https:\/\/lavras.tv\/site\/category\/noticias\/\" class=\"advgb-post-tax-term\">Not\u00edcias<\/a>"],"unlinked":["<span class=\"advgb-post-tax-term\">Destaques<\/span>","<span class=\"advgb-post-tax-term\">Not\u00edcias<\/span>"]},"tags":{"linked":["<a href=\"https:\/\/lavras.tv\/site\/category\/noticias\/\" class=\"advgb-post-tax-term\">ajuda<\/a>","<a href=\"https:\/\/lavras.tv\/site\/category\/noticias\/\" class=\"advgb-post-tax-term\">campo belo mg<\/a>","<a href=\"https:\/\/lavras.tv\/site\/category\/noticias\/\" class=\"advgb-post-tax-term\">gabriel<\/a>","<a href=\"https:\/\/lavras.tv\/site\/category\/noticias\/\" class=\"advgb-post-tax-term\">s\u00edndrome de Chediak-Higashi<\/a>","<a href=\"https:\/\/lavras.tv\/site\/category\/noticias\/\" class=\"advgb-post-tax-term\">vaquinha<\/a>"],"unlinked":["<span class=\"advgb-post-tax-term\">ajuda<\/span>","<span class=\"advgb-post-tax-term\">campo belo mg<\/span>","<span class=\"advgb-post-tax-term\">gabriel<\/span>","<span class=\"advgb-post-tax-term\">s\u00edndrome de Chediak-Higashi<\/span>","<span class=\"advgb-post-tax-term\">vaquinha<\/span>"]}},"comment_count":"0","relative_dates":{"created":"Publicado 9 anos atr\u00e1s","modified":"Atualizado 9 anos atr\u00e1s"},"absolute_dates":{"created":"Publicado em 17 de mar\u00e7o de 2017","modified":"Atualizado em 17 de mar\u00e7o de 2017"},"absolute_dates_time":{"created":"Publicado em 17 de mar\u00e7o de 2017 08:28","modified":"Atualizado em 17 de mar\u00e7o de 2017 08:28"},"featured_img_caption":"","series_order":"","_links":{"self":[{"href":"https:\/\/lavras.tv\/site\/wp-json\/wp\/v2\/posts\/7397","targetHints":{"allow":["GET"]}}],"collection":[{"href":"https:\/\/lavras.tv\/site\/wp-json\/wp\/v2\/posts"}],"about":[{"href":"https:\/\/lavras.tv\/site\/wp-json\/wp\/v2\/types\/post"}],"author":[{"embeddable":true,"href":"https:\/\/lavras.tv\/site\/wp-json\/wp\/v2\/users\/2"}],"replies":[{"embeddable":true,"href":"https:\/\/lavras.tv\/site\/wp-json\/wp\/v2\/comments?post=7397"}],"version-history":[{"count":1,"href":"https:\/\/lavras.tv\/site\/wp-json\/wp\/v2\/posts\/7397\/revisions"}],"predecessor-version":[{"id":7399,"href":"https:\/\/lavras.tv\/site\/wp-json\/wp\/v2\/posts\/7397\/revisions\/7399"}],"wp:featuredmedia":[{"embeddable":true,"href":"https:\/\/lavras.tv\/site\/wp-json\/wp\/v2\/media\/7398"}],"wp:attachment":[{"href":"https:\/\/lavras.tv\/site\/wp-json\/wp\/v2\/media?parent=7397"}],"wp:term":[{"taxonomy":"category","embeddable":true,"href":"https:\/\/lavras.tv\/site\/wp-json\/wp\/v2\/categories?post=7397"},{"taxonomy":"post_tag","embeddable":true,"href":"https:\/\/lavras.tv\/site\/wp-json\/wp\/v2\/tags?post=7397"}],"curies":[{"name":"wp","href":"https:\/\/api.w.org\/{rel}","templated":true}]}}