{"id":7438,"date":"2017-03-18T09:02:03","date_gmt":"2017-03-18T12:02:03","guid":{"rendered":"http:\/\/lavras.tv\/site\/?p=7438"},"modified":"2017-03-18T09:02:03","modified_gmt":"2017-03-18T12:02:03","slug":"ufla-divulga-calendario-de-2017-e-cronograma-ainda-esta-atrasado-por-causa-das-greves","status":"publish","type":"post","link":"https:\/\/lavras.tv\/site\/2017\/03\/18\/ufla-divulga-calendario-de-2017-e-cronograma-ainda-esta-atrasado-por-causa-das-greves\/","title":{"rendered":"UFLA divulga calend\u00e1rio de 2017 e cronograma ainda est\u00e1 atrasado por causa das greves"},"content":{"rendered":"<div class=\"lavra-antes-do-conteudo_2\" id=\"lavra-2130335401\"><div id=\"lavra-slider-27\" class=\"custom-slider lavra-slider-2589141802 lavra-slider\"><ul><li><div style=\"margin-left: auto;margin-right: auto;text-align: center;\" id=\"lavra-1355411289\"><a href=\"https:\/\/sistemas.lavras.mg.gov.br\/portalcidadao\/#df1b1a7c7b2a290bcb31e32771e610784662739a88807c0dacac58ede5f391a7530e299dc302d611ee73cb143fc22eaf93592e53e7b5bdb01b00a0b8d28dae460c141dd2ff83412e4dc1c31b16b25f33144a9e5620ea73b13f5bc1c59411d98439ad226e8af03840603796067d87afe130812cf3de24982d0e306f9e61e764e5\" aria-label=\"Lavras-TV&#8211;720x104px (1) (1)\"><img src=\"https:\/\/lavras.tv\/site\/wp-content\/uploads\/2025\/01\/Lavras-TV-720x104px-1-1.png\" alt=\"\"  srcset=\"https:\/\/lavras.tv\/site\/wp-content\/uploads\/2025\/01\/Lavras-TV-720x104px-1-1.png 720w, https:\/\/lavras.tv\/site\/wp-content\/uploads\/2025\/01\/Lavras-TV-720x104px-1-1-470x68.png 470w, https:\/\/lavras.tv\/site\/wp-content\/uploads\/2025\/01\/Lavras-TV-720x104px-1-1-170x25.png 170w, https:\/\/lavras.tv\/site\/wp-content\/uploads\/2025\/01\/Lavras-TV-720x104px-1-1-200x29.png 200w\" sizes=\"(max-width: 720px) 100vw, 720px\" width=\"720\" height=\"104\"  style=\"display: inline-block;\" \/><\/a><\/div><\/li><li><a href=\"https:\/\/sistemas.lavras.mg.gov.br\/portalcidadao\/#df1b1a7c7b2a290bcb31e32771e610784662739a88807c0dacac58ede5f391a7530e299dc302d611ee73cb143fc22eaf93592e53e7b5bdb01b00a0b8d28dae460c141dd2ff83412e4dc1c31b16b25f33144a9e5620ea73b13f5bc1c59411d98439ad226e8af03840603796067d87afe130812cf3de24982d0e306f9e61e764e5\" aria-label=\"Banner_Emprego_PortallavrasTV\"><img src=\"https:\/\/lavras.tv\/site\/wp-content\/uploads\/2025\/03\/Banner_Emprego_PortallavrasTV.png\" alt=\"\"  srcset=\"https:\/\/lavras.tv\/site\/wp-content\/uploads\/2025\/03\/Banner_Emprego_PortallavrasTV.png 720w, https:\/\/lavras.tv\/site\/wp-content\/uploads\/2025\/03\/Banner_Emprego_PortallavrasTV-470x68.png 470w, https:\/\/lavras.tv\/site\/wp-content\/uploads\/2025\/03\/Banner_Emprego_PortallavrasTV-170x25.png 170w, https:\/\/lavras.tv\/site\/wp-content\/uploads\/2025\/03\/Banner_Emprego_PortallavrasTV-200x29.png 200w\" sizes=\"(max-width: 720px) 100vw, 720px\" width=\"720\" height=\"104\"   \/><\/a><\/li><li><a href=\"https:\/\/sistemas.lavras.mg.gov.br\/portalcidadao\/#df1b1a7c7b2a290bcb31e32771e610784662739a88807c0dacac58ede5f391a7530e299dc302d611ee73cb143fc22eaf93592e53e7b5bdb01b00a0b8d28dae460c141dd2ff83412e4dc1c31b16b25f33144a9e5620ea73b13f5bc1c59411d98439ad226e8af03840603796067d87afe130812cf3de24982d0e306f9e61e764e5\" aria-label=\"Banner_Obras_PortallavrasTV\"><img src=\"https:\/\/lavras.tv\/site\/wp-content\/uploads\/2025\/03\/Banner_Obras_PortallavrasTV.png\" alt=\"\"  srcset=\"https:\/\/lavras.tv\/site\/wp-content\/uploads\/2025\/03\/Banner_Obras_PortallavrasTV.png 720w, https:\/\/lavras.tv\/site\/wp-content\/uploads\/2025\/03\/Banner_Obras_PortallavrasTV-470x68.png 470w, https:\/\/lavras.tv\/site\/wp-content\/uploads\/2025\/03\/Banner_Obras_PortallavrasTV-170x25.png 170w, https:\/\/lavras.tv\/site\/wp-content\/uploads\/2025\/03\/Banner_Obras_PortallavrasTV-200x29.png 200w\" sizes=\"(max-width: 720px) 100vw, 720px\" width=\"720\" height=\"104\"   \/><\/a><\/li><li><div style=\"margin-left: auto;margin-right: auto;text-align: center;\" id=\"lavra-3524201099\"><a href=\"https:\/\/sistemas.lavras.mg.gov.br\/portalcidadao\/#df1b1a7c7b2a290bcb31e32771e610784662739a88807c0dacac58ede5f391a7530e299dc302d611ee73cb143fc22eaf93592e53e7b5bdb01b00a0b8d28dae460c141dd2ff83412e4dc1c31b16b25f33144a9e5620ea73b13f5bc1c59411d98439ad226e8af03840603796067d87afe130812cf3de24982d0e306f9e61e764e5\" aria-label=\"Banner_Educa\u00e7\u00e3o_PortallavrasTV\"><img src=\"https:\/\/lavras.tv\/site\/wp-content\/uploads\/2025\/01\/Banner_Educacao_PortallavrasTV.png\" alt=\"\"  srcset=\"https:\/\/lavras.tv\/site\/wp-content\/uploads\/2025\/01\/Banner_Educacao_PortallavrasTV.png 720w, https:\/\/lavras.tv\/site\/wp-content\/uploads\/2025\/01\/Banner_Educacao_PortallavrasTV-470x68.png 470w, https:\/\/lavras.tv\/site\/wp-content\/uploads\/2025\/01\/Banner_Educacao_PortallavrasTV-170x25.png 170w, https:\/\/lavras.tv\/site\/wp-content\/uploads\/2025\/01\/Banner_Educacao_PortallavrasTV-200x29.png 200w\" sizes=\"(max-width: 720px) 100vw, 720px\" width=\"720\" height=\"104\"  style=\"display: inline-block;\" \/><\/a><\/div><\/li><li><a href=\"https:\/\/sistemas.lavras.mg.gov.br\/portalcidadao\/#df1b1a7c7b2a290bcb31e32771e610784662739a88807c0dacac58ede5f391a7530e299dc302d611ee73cb143fc22eaf93592e53e7b5bdb01b00a0b8d28dae460c141dd2ff83412e4dc1c31b16b25f33144a9e5620ea73b13f5bc1c59411d98439ad226e8af03840603796067d87afe130812cf3de24982d0e306f9e61e764e5\" aria-label=\"Banner_Sa\u00fade_PortallavrasTV\"><img src=\"https:\/\/lavras.tv\/site\/wp-content\/uploads\/2025\/03\/Banner_Saude_PortallavrasTV.png\" alt=\"\"  srcset=\"https:\/\/lavras.tv\/site\/wp-content\/uploads\/2025\/03\/Banner_Saude_PortallavrasTV.png 720w, https:\/\/lavras.tv\/site\/wp-content\/uploads\/2025\/03\/Banner_Saude_PortallavrasTV-470x68.png 470w, https:\/\/lavras.tv\/site\/wp-content\/uploads\/2025\/03\/Banner_Saude_PortallavrasTV-170x25.png 170w, https:\/\/lavras.tv\/site\/wp-content\/uploads\/2025\/03\/Banner_Saude_PortallavrasTV-200x29.png 200w\" sizes=\"(max-width: 720px) 100vw, 720px\" width=\"720\" height=\"104\"   \/><\/a><\/li><li><div id=\"lavra-3728157364\" style=\"width:720px;height:104px;background-color:#ddd;overflow:scroll;\">\n\t<strong>Sa\u00edda da depura\u00e7\u00e3o de an\u00fancios<\/strong>\n\t<br><br>\n\tO an\u00fancio n\u00e3o \u00e9 exibido na p\u00e1gina<br><br>post atual: UFLA divulga calend\u00e1rio de 2017 e cronograma ainda est\u00e1 atrasado por causa das greves, ID: 7438<br><br><span style=\"color: red;\">O post atual n\u00e3o \u00e9 id\u00eantico ao post principal.<\/span><br><br>An\u00fancios: ROXO - TOPO INTERNA - ROTATIVO 2 (197)<br \/>Grupo de an\u00fancios: Princ_Meio01_720x104 (27)<br><br>Condi\u00e7\u00f5es de exibi\u00e7\u00e3o<div style=\"margin-bottom: 20px; white-space: pre-wrap; font-family: monospace; width: 100%; background: #ffe9e9;\"><strong>condi\u00e7\u00f5es gerais<\/strong><table border=\"1\"><thead><tr><th><\/th><th>An\u00fancios<\/th><th>wp_the_query<\/th><\/tr><\/thead><tr><td>is_main_query<\/td><td>1<\/td><td>1<\/td><\/tr><tr><td>is_rest_api<\/td><td>0<\/td><td>1<\/td><\/tr><tr><td>page<\/td><td>0<\/td><td>1<\/td><\/tr><tr><td>numpages<\/td><td>0<\/td><td>1<\/td><\/tr><tr><td>is_archive<\/td><td>1<\/td><td><\/td><\/tr><tr><td>is_search<\/td><td>1<\/td><td><\/td><\/tr><tr><td>is_home<\/td><td>1<\/td><td><\/td><\/tr><tr><td>is_404<\/td><td>1<\/td><td><\/td><\/tr><tr><td>is_attachment<\/td><td>1<\/td><td><\/td><\/tr><tr><td>is_singular<\/td><td>1<\/td><td><\/td><\/tr><tr><td>is_front_page<\/td><td>1<\/td><td><\/td><\/tr><tr><td>is_feed<\/td><td>1<\/td><td><\/td><\/tr><\/table><\/div><br><br><span style=\"color: red;\">Seu site usa HTTPS, mas o c\u00f3digo do an\u00fancio cont\u00e9m HTTP e pode n\u00e3o funcionar.<\/span>\t<br><br>\n\t<a style=\"color: green;\" href=\"https:\/\/wpadvancedads.com\/manual\/ad-debug-mode\/?utm_source=advanced-ads&utm_medium=link&utm_campaign=ad-debug-mode\" target=\"_blank\" rel=\"nofollow\">Encontre solu\u00e7\u00f5es no manual<\/a>\n<\/div>\n<\/li><\/ul><\/div><script>( window.advanced_ads_ready || jQuery( document ).ready ).call( null, function() {var $lavraslider2589141802 = jQuery( \".lavra-slider-2589141802\" );$lavraslider2589141802.on( \"unslider.ready\", function() { jQuery( \"div.custom-slider ul li\" ).css( \"display\", \"block\" ); });$lavraslider2589141802.unslider({ delay:4000, autoplay:true, nav:false, arrows:false, infinite:true });$lavraslider2589141802.on(\"mouseover\", function() {$lavraslider2589141802.unslider(\"stop\");}).on(\"mouseout\", function() {$lavraslider2589141802.unslider(\"start\");});});<\/script><\/div><p>O Conselho de Ensino, Pesquisa e Extens\u00e3o (CEPE) aprovou nessa ter\u00e7a-feira (15\/3) os calend\u00e1rios da gradua\u00e7\u00e3o e da p\u00f3s-gradua\u00e7\u00e3o presenciais para o primeiro e o segundo per\u00edodo letivo de 2017.<!--more--><\/p>\n<p><img fetchpriority=\"high\" decoding=\"async\" class=\"size-full wp-image-7439 aligncenter\" src=\"http:\/\/lavras.tv\/site\/wp-content\/uploads\/2017\/03\/calendarios2017.jpg\" alt=\"calendarios2017\" width=\"1086\" height=\"718\" srcset=\"https:\/\/lavras.tv\/site\/wp-content\/uploads\/2017\/03\/calendarios2017.jpg 1086w, https:\/\/lavras.tv\/site\/wp-content\/uploads\/2017\/03\/calendarios2017-150x99.jpg 150w, https:\/\/lavras.tv\/site\/wp-content\/uploads\/2017\/03\/calendarios2017-300x198.jpg 300w, https:\/\/lavras.tv\/site\/wp-content\/uploads\/2017\/03\/calendarios2017-1024x677.jpg 1024w\" sizes=\"(max-width: 1086px) 100vw, 1086px\" \/><\/p>\n<p>Al\u00e9m de trazerem como novidade o fato de j\u00e1 estarem contemplados os dois per\u00edodos letivos do ano, um diferencial no <em>calend\u00e1rio da gradua\u00e7\u00e3o<\/em> \u00e9 que foi desmembrado entre <strong>calend\u00e1rio letivo<\/strong> e <strong>cronograma acad\u00eamico<\/strong>. No calend\u00e1rio letivo est\u00e3o apenas datas referentes a atividades letivas, como in\u00edcio e finaliza\u00e7\u00e3o de per\u00edodo, datas de cola\u00e7\u00e3o de grau, de provas de recupera\u00e7\u00e3o, de processos avaliativos previstos nos planos de cursos e de eventos relacionados aos calend\u00e1rios.<\/p>\n<p>J\u00e1 no cronograma acad\u00eamico est\u00e3o prazos relativos a matr\u00edculas, inscri\u00e7\u00f5es, solicita\u00e7\u00f5es de estudantes, procedimentos feitos no sistema por professores, e outras rotinas acad\u00eamicas. De acordo com o pr\u00f3-reitor de Gradua\u00e7\u00e3o, professor \u00a0professor Ronei Ximenes Martins, a mudan\u00e7a tem o objetivo de facilitar a divulga\u00e7\u00e3o das informa\u00e7\u00f5es para \u00a0uma melhor orienta\u00e7\u00e3o de estudantes e professores, al\u00e9m de dar agilidade caso exista necessidade de realizar ajustes no cronograma.<\/p>\n<p><strong>Programa\u00e7\u00e3o Especial<\/strong><\/p>\n<p>O calend\u00e1rio da gradua\u00e7\u00e3o ganhou a inclus\u00e3o, no in\u00edcio de cada per\u00edodo, de uma Semana de Planejamento e Forma\u00e7\u00e3o Docente, que ocorrer\u00e1 articulada com a semana de recep\u00e7\u00e3o dos estudantes. As atividades ser\u00e3o desenvolvidas pela Diretoria de Avalia\u00e7\u00e3o e Desenvolvimento de Ensino (Dade) em parceria com Colegiados de Curso e com o Diret\u00f3rio Central dos Estudantes (DCE). Nessa semana, as aulas ser\u00e3o substitu\u00eddas por atividades acad\u00eamicas, como palestras, f\u00f3runs de debate, apresenta\u00e7\u00f5es e outras.<\/p>\n<p><strong>Confira as datas de in\u00edcio e fim dos per\u00edodos letivos de 2017:<\/strong><\/p>\n<p><a href=\"http:\/\/www.ufla.br\/ascom\/wp-content\/uploads\/2017\/03\/datas-caledarios.jpg\"><img decoding=\"async\" class=\"aligncenter size-large wp-image-128577\" src=\"http:\/\/www.ufla.br\/ascom\/wp-content\/uploads\/2017\/03\/datas-caledarios-612x227.jpg\" sizes=\"(max-width: 612px) 100vw, 612px\" srcset=\"http:\/\/www.ufla.br\/ascom\/wp-content\/uploads\/2017\/03\/datas-caledarios-612x227.jpg 612w, http:\/\/www.ufla.br\/ascom\/wp-content\/uploads\/2017\/03\/datas-caledarios-249x92.jpg 249w, http:\/\/www.ufla.br\/ascom\/wp-content\/uploads\/2017\/03\/datas-caledarios-768x285.jpg 768w, http:\/\/www.ufla.br\/ascom\/wp-content\/uploads\/2017\/03\/datas-caledarios.jpg 779w\" alt=\"\" width=\"612\" height=\"227\" \/><\/a><\/p>\n<p><a href=\"http:\/\/www.ufla.br\/ascom\/wp-content\/uploads\/2017\/03\/calendario-2017-PRG.pdf\">Acesse\u00a0o calend\u00e1rio da Gradua\u00e7\u00e3o Presencial (calend\u00e1rio letivo e cronograma acad\u00eamico)<\/a><\/p>\n<p><a href=\"http:\/\/www.ufla.br\/ascom\/wp-content\/uploads\/2017\/03\/calendario-2017-PRPG.pdf\">Acesse o calend\u00e1rio da P\u00f3s-Gradua\u00e7\u00e3o<\/a><\/p>\n<p>Fonte: UFLA<\/p>\n","protected":false},"excerpt":{"rendered":"<p>O Conselho de Ensino, Pesquisa e Extens\u00e3o (CEPE) aprovou nessa ter\u00e7a-feira (15\/3) os calend\u00e1rios da gradua\u00e7\u00e3o e da p\u00f3s-gradua\u00e7\u00e3o presenciais para o primeiro e o segundo per\u00edodo letivo de 2017.<\/p>\n","protected":false},"author":2,"featured_media":7439,"comment_status":"closed","ping_status":"open","sticky":false,"template":"","format":"standard","meta":{"advgb_blocks_editor_width":"","advgb_blocks_columns_visual_guide":"","_exactmetrics_skip_tracking":false,"_exactmetrics_sitenote_active":false,"_exactmetrics_sitenote_note":"","_exactmetrics_sitenote_category":0,"footnotes":""},"categories":[7,2],"tags":[2950,1972,1754,2949,2794,2917,892,56],"class_list":["post-7438","post","type-post","status-publish","format-standard","has-post-thumbnail","hentry","category-destaques","category-noticias","tag-2017-1","tag-calendario-2017","tag-cronograma","tag-cursos-presenciais","tag-data","tag-graduacao","tag-pos-graduacao","tag-ufla"],"better_featured_image":{"id":7439,"alt_text":"","caption":"","description":"","media_type":"image","media_details":{"width":1086,"height":718,"file":"2017\/03\/calendarios2017.jpg","sizes":{"thumbnail":{"file":"calendarios2017-150x99.jpg","width":150,"height":99,"mime-type":"image\/jpeg","source_url":"https:\/\/lavras.tv\/site\/wp-content\/uploads\/2017\/03\/calendarios2017-150x99.jpg"},"medium":{"file":"calendarios2017-300x198.jpg","width":300,"height":198,"mime-type":"image\/jpeg","source_url":"https:\/\/lavras.tv\/site\/wp-content\/uploads\/2017\/03\/calendarios2017-300x198.jpg"},"large":{"file":"calendarios2017-1024x677.jpg","width":1024,"height":677,"mime-type":"image\/jpeg","source_url":"https:\/\/lavras.tv\/site\/wp-content\/uploads\/2017\/03\/calendarios2017-1024x677.jpg"},"featured-slider-img":{"file":"calendarios2017-640x480.jpg","width":640,"height":480,"mime-type":"image\/jpeg","source_url":"https:\/\/lavras.tv\/site\/wp-content\/uploads\/2017\/03\/calendarios2017-640x480.jpg"},"featured-post-img":{"file":"calendarios2017-480x320.jpg","width":480,"height":320,"mime-type":"image\/jpeg","source_url":"https:\/\/lavras.tv\/site\/wp-content\/uploads\/2017\/03\/calendarios2017-480x320.jpg"},"sow-carousel-default":{"file":"calendarios2017-272x182.jpg","width":272,"height":182,"mime-type":"image\/jpeg","source_url":"https:\/\/lavras.tv\/site\/wp-content\/uploads\/2017\/03\/calendarios2017-272x182.jpg"}},"image_meta":{"aperture":"0","credit":"HP 8300","camera":"","caption":"","created_timestamp":"1489760000","copyright":"","focal_length":"0","iso":"0","shutter_speed":"0","title":"","orientation":"0","keywords":[]}},"post":7438,"source_url":"https:\/\/lavras.tv\/site\/wp-content\/uploads\/2017\/03\/calendarios2017.jpg"},"author_meta":{"display_name":"Lavras TV","author_link":"https:\/\/lavras.tv\/site\/author\/lavrastv\/"},"featured_img":"https:\/\/lavras.tv\/site\/wp-content\/uploads\/2017\/03\/calendarios2017-300x198.jpg","coauthors":[],"tax_additional":{"categories":{"linked":["<a href=\"https:\/\/lavras.tv\/site\/category\/destaques\/\" class=\"advgb-post-tax-term\">Destaques<\/a>","<a href=\"https:\/\/lavras.tv\/site\/category\/noticias\/\" class=\"advgb-post-tax-term\">Not\u00edcias<\/a>"],"unlinked":["<span class=\"advgb-post-tax-term\">Destaques<\/span>","<span class=\"advgb-post-tax-term\">Not\u00edcias<\/span>"]},"tags":{"linked":["<a href=\"https:\/\/lavras.tv\/site\/category\/noticias\/\" class=\"advgb-post-tax-term\">2017 \/ 1<\/a>","<a href=\"https:\/\/lavras.tv\/site\/category\/noticias\/\" class=\"advgb-post-tax-term\">calend\u00e1rio 2017<\/a>","<a href=\"https:\/\/lavras.tv\/site\/category\/noticias\/\" class=\"advgb-post-tax-term\">cronograma<\/a>","<a href=\"https:\/\/lavras.tv\/site\/category\/noticias\/\" class=\"advgb-post-tax-term\">cursos presenciais<\/a>","<a href=\"https:\/\/lavras.tv\/site\/category\/noticias\/\" class=\"advgb-post-tax-term\">data<\/a>","<a href=\"https:\/\/lavras.tv\/site\/category\/noticias\/\" class=\"advgb-post-tax-term\">gradua\u00e7\u00e3o<\/a>","<a href=\"https:\/\/lavras.tv\/site\/category\/noticias\/\" class=\"advgb-post-tax-term\">p\u00f3s gradua\u00e7\u00e3o<\/a>","<a href=\"https:\/\/lavras.tv\/site\/category\/noticias\/\" class=\"advgb-post-tax-term\">ufla<\/a>"],"unlinked":["<span class=\"advgb-post-tax-term\">2017 \/ 1<\/span>","<span class=\"advgb-post-tax-term\">calend\u00e1rio 2017<\/span>","<span class=\"advgb-post-tax-term\">cronograma<\/span>","<span class=\"advgb-post-tax-term\">cursos presenciais<\/span>","<span class=\"advgb-post-tax-term\">data<\/span>","<span class=\"advgb-post-tax-term\">gradua\u00e7\u00e3o<\/span>","<span class=\"advgb-post-tax-term\">p\u00f3s gradua\u00e7\u00e3o<\/span>","<span class=\"advgb-post-tax-term\">ufla<\/span>"]}},"comment_count":"0","relative_dates":{"created":"Publicado 9 anos atr\u00e1s","modified":"Atualizado 9 anos atr\u00e1s"},"absolute_dates":{"created":"Publicado em 18 de mar\u00e7o de 2017","modified":"Atualizado em 18 de mar\u00e7o de 2017"},"absolute_dates_time":{"created":"Publicado em 18 de mar\u00e7o de 2017 09:02","modified":"Atualizado em 18 de mar\u00e7o de 2017 09:02"},"featured_img_caption":"","series_order":"","_links":{"self":[{"href":"https:\/\/lavras.tv\/site\/wp-json\/wp\/v2\/posts\/7438","targetHints":{"allow":["GET"]}}],"collection":[{"href":"https:\/\/lavras.tv\/site\/wp-json\/wp\/v2\/posts"}],"about":[{"href":"https:\/\/lavras.tv\/site\/wp-json\/wp\/v2\/types\/post"}],"author":[{"embeddable":true,"href":"https:\/\/lavras.tv\/site\/wp-json\/wp\/v2\/users\/2"}],"replies":[{"embeddable":true,"href":"https:\/\/lavras.tv\/site\/wp-json\/wp\/v2\/comments?post=7438"}],"version-history":[{"count":1,"href":"https:\/\/lavras.tv\/site\/wp-json\/wp\/v2\/posts\/7438\/revisions"}],"predecessor-version":[{"id":7440,"href":"https:\/\/lavras.tv\/site\/wp-json\/wp\/v2\/posts\/7438\/revisions\/7440"}],"wp:featuredmedia":[{"embeddable":true,"href":"https:\/\/lavras.tv\/site\/wp-json\/wp\/v2\/media\/7439"}],"wp:attachment":[{"href":"https:\/\/lavras.tv\/site\/wp-json\/wp\/v2\/media?parent=7438"}],"wp:term":[{"taxonomy":"category","embeddable":true,"href":"https:\/\/lavras.tv\/site\/wp-json\/wp\/v2\/categories?post=7438"},{"taxonomy":"post_tag","embeddable":true,"href":"https:\/\/lavras.tv\/site\/wp-json\/wp\/v2\/tags?post=7438"}],"curies":[{"name":"wp","href":"https:\/\/api.w.org\/{rel}","templated":true}]}}