{"id":7444,"date":"2017-03-18T19:25:54","date_gmt":"2017-03-18T22:25:54","guid":{"rendered":"http:\/\/lavras.tv\/site\/?p=7444"},"modified":"2017-03-18T19:25:54","modified_gmt":"2017-03-18T22:25:54","slug":"temporal-provoca-alagamentos-em-varios-pontos-de-lavras-fotos-e-video","status":"publish","type":"post","link":"https:\/\/lavras.tv\/site\/2017\/03\/18\/temporal-provoca-alagamentos-em-varios-pontos-de-lavras-fotos-e-video\/","title":{"rendered":"Temporal provoca alagamentos em v\u00e1rios pontos de Lavras &#8211; fotos e v\u00eddeo"},"content":{"rendered":"<div class=\"lavra-antes-do-conteudo_2\" id=\"lavra-560194993\"><div id=\"lavra-slider-27\" class=\"custom-slider lavra-slider-543947041 lavra-slider\"><ul><li><div style=\"margin-left: auto;margin-right: auto;text-align: center;\" id=\"lavra-2496208156\"><a href=\"https:\/\/sistemas.lavras.mg.gov.br\/portalcidadao\/#df1b1a7c7b2a290bcb31e32771e610784662739a88807c0dacac58ede5f391a7530e299dc302d611ee73cb143fc22eaf93592e53e7b5bdb01b00a0b8d28dae460c141dd2ff83412e4dc1c31b16b25f33144a9e5620ea73b13f5bc1c59411d98439ad226e8af03840603796067d87afe130812cf3de24982d0e306f9e61e764e5\" aria-label=\"Lavras-TV&#8211;720x104px (1) (1)\"><img src=\"https:\/\/lavras.tv\/site\/wp-content\/uploads\/2025\/01\/Lavras-TV-720x104px-1-1.png\" alt=\"\"  srcset=\"https:\/\/lavras.tv\/site\/wp-content\/uploads\/2025\/01\/Lavras-TV-720x104px-1-1.png 720w, https:\/\/lavras.tv\/site\/wp-content\/uploads\/2025\/01\/Lavras-TV-720x104px-1-1-470x68.png 470w, https:\/\/lavras.tv\/site\/wp-content\/uploads\/2025\/01\/Lavras-TV-720x104px-1-1-170x25.png 170w, https:\/\/lavras.tv\/site\/wp-content\/uploads\/2025\/01\/Lavras-TV-720x104px-1-1-200x29.png 200w\" sizes=\"(max-width: 720px) 100vw, 720px\" width=\"720\" height=\"104\"  style=\"display: inline-block;\" \/><\/a><\/div><\/li><li><a href=\"https:\/\/sistemas.lavras.mg.gov.br\/portalcidadao\/#df1b1a7c7b2a290bcb31e32771e610784662739a88807c0dacac58ede5f391a7530e299dc302d611ee73cb143fc22eaf93592e53e7b5bdb01b00a0b8d28dae460c141dd2ff83412e4dc1c31b16b25f33144a9e5620ea73b13f5bc1c59411d98439ad226e8af03840603796067d87afe130812cf3de24982d0e306f9e61e764e5\" aria-label=\"Banner_Emprego_PortallavrasTV\"><img src=\"https:\/\/lavras.tv\/site\/wp-content\/uploads\/2025\/03\/Banner_Emprego_PortallavrasTV.png\" alt=\"\"  srcset=\"https:\/\/lavras.tv\/site\/wp-content\/uploads\/2025\/03\/Banner_Emprego_PortallavrasTV.png 720w, https:\/\/lavras.tv\/site\/wp-content\/uploads\/2025\/03\/Banner_Emprego_PortallavrasTV-470x68.png 470w, https:\/\/lavras.tv\/site\/wp-content\/uploads\/2025\/03\/Banner_Emprego_PortallavrasTV-170x25.png 170w, https:\/\/lavras.tv\/site\/wp-content\/uploads\/2025\/03\/Banner_Emprego_PortallavrasTV-200x29.png 200w\" sizes=\"(max-width: 720px) 100vw, 720px\" width=\"720\" height=\"104\"   \/><\/a><\/li><li><a href=\"https:\/\/sistemas.lavras.mg.gov.br\/portalcidadao\/#df1b1a7c7b2a290bcb31e32771e610784662739a88807c0dacac58ede5f391a7530e299dc302d611ee73cb143fc22eaf93592e53e7b5bdb01b00a0b8d28dae460c141dd2ff83412e4dc1c31b16b25f33144a9e5620ea73b13f5bc1c59411d98439ad226e8af03840603796067d87afe130812cf3de24982d0e306f9e61e764e5\" aria-label=\"Banner_Obras_PortallavrasTV\"><img src=\"https:\/\/lavras.tv\/site\/wp-content\/uploads\/2025\/03\/Banner_Obras_PortallavrasTV.png\" alt=\"\"  srcset=\"https:\/\/lavras.tv\/site\/wp-content\/uploads\/2025\/03\/Banner_Obras_PortallavrasTV.png 720w, https:\/\/lavras.tv\/site\/wp-content\/uploads\/2025\/03\/Banner_Obras_PortallavrasTV-470x68.png 470w, https:\/\/lavras.tv\/site\/wp-content\/uploads\/2025\/03\/Banner_Obras_PortallavrasTV-170x25.png 170w, https:\/\/lavras.tv\/site\/wp-content\/uploads\/2025\/03\/Banner_Obras_PortallavrasTV-200x29.png 200w\" sizes=\"(max-width: 720px) 100vw, 720px\" width=\"720\" height=\"104\"   \/><\/a><\/li><li><div style=\"margin-left: auto;margin-right: auto;text-align: center;\" id=\"lavra-2603646539\"><a href=\"https:\/\/sistemas.lavras.mg.gov.br\/portalcidadao\/#df1b1a7c7b2a290bcb31e32771e610784662739a88807c0dacac58ede5f391a7530e299dc302d611ee73cb143fc22eaf93592e53e7b5bdb01b00a0b8d28dae460c141dd2ff83412e4dc1c31b16b25f33144a9e5620ea73b13f5bc1c59411d98439ad226e8af03840603796067d87afe130812cf3de24982d0e306f9e61e764e5\" aria-label=\"Banner_Educa\u00e7\u00e3o_PortallavrasTV\"><img src=\"https:\/\/lavras.tv\/site\/wp-content\/uploads\/2025\/01\/Banner_Educacao_PortallavrasTV.png\" alt=\"\"  srcset=\"https:\/\/lavras.tv\/site\/wp-content\/uploads\/2025\/01\/Banner_Educacao_PortallavrasTV.png 720w, https:\/\/lavras.tv\/site\/wp-content\/uploads\/2025\/01\/Banner_Educacao_PortallavrasTV-470x68.png 470w, https:\/\/lavras.tv\/site\/wp-content\/uploads\/2025\/01\/Banner_Educacao_PortallavrasTV-170x25.png 170w, https:\/\/lavras.tv\/site\/wp-content\/uploads\/2025\/01\/Banner_Educacao_PortallavrasTV-200x29.png 200w\" sizes=\"(max-width: 720px) 100vw, 720px\" width=\"720\" height=\"104\"  style=\"display: inline-block;\" \/><\/a><\/div><\/li><li><a href=\"https:\/\/sistemas.lavras.mg.gov.br\/portalcidadao\/#df1b1a7c7b2a290bcb31e32771e610784662739a88807c0dacac58ede5f391a7530e299dc302d611ee73cb143fc22eaf93592e53e7b5bdb01b00a0b8d28dae460c141dd2ff83412e4dc1c31b16b25f33144a9e5620ea73b13f5bc1c59411d98439ad226e8af03840603796067d87afe130812cf3de24982d0e306f9e61e764e5\" aria-label=\"Banner_Sa\u00fade_PortallavrasTV\"><img src=\"https:\/\/lavras.tv\/site\/wp-content\/uploads\/2025\/03\/Banner_Saude_PortallavrasTV.png\" alt=\"\"  srcset=\"https:\/\/lavras.tv\/site\/wp-content\/uploads\/2025\/03\/Banner_Saude_PortallavrasTV.png 720w, https:\/\/lavras.tv\/site\/wp-content\/uploads\/2025\/03\/Banner_Saude_PortallavrasTV-470x68.png 470w, https:\/\/lavras.tv\/site\/wp-content\/uploads\/2025\/03\/Banner_Saude_PortallavrasTV-170x25.png 170w, https:\/\/lavras.tv\/site\/wp-content\/uploads\/2025\/03\/Banner_Saude_PortallavrasTV-200x29.png 200w\" sizes=\"(max-width: 720px) 100vw, 720px\" width=\"720\" height=\"104\"   \/><\/a><\/li><li><div id=\"lavra-1453995944\" style=\"width:720px;height:104px;background-color:#ddd;overflow:scroll;\">\n\t<strong>Sa\u00edda da depura\u00e7\u00e3o de an\u00fancios<\/strong>\n\t<br><br>\n\tO an\u00fancio n\u00e3o \u00e9 exibido na p\u00e1gina<br><br>post atual: Temporal provoca alagamentos em v\u00e1rios pontos de Lavras - fotos e v\u00eddeo, ID: 7444<br><br><span style=\"color: red;\">O post atual n\u00e3o \u00e9 id\u00eantico ao post principal.<\/span><br><br>An\u00fancios: ROXO - TOPO INTERNA - ROTATIVO 2 (197)<br \/>Grupo de an\u00fancios: Princ_Meio01_720x104 (27)<br><br>Condi\u00e7\u00f5es de exibi\u00e7\u00e3o<div style=\"margin-bottom: 20px; white-space: pre-wrap; font-family: monospace; width: 100%; background: #ffe9e9;\"><strong>condi\u00e7\u00f5es gerais<\/strong><table border=\"1\"><thead><tr><th><\/th><th>An\u00fancios<\/th><th>wp_the_query<\/th><\/tr><\/thead><tr><td>is_main_query<\/td><td>1<\/td><td>1<\/td><\/tr><tr><td>is_rest_api<\/td><td>0<\/td><td>1<\/td><\/tr><tr><td>page<\/td><td>0<\/td><td>1<\/td><\/tr><tr><td>numpages<\/td><td>0<\/td><td>1<\/td><\/tr><tr><td>is_archive<\/td><td>1<\/td><td><\/td><\/tr><tr><td>is_search<\/td><td>1<\/td><td><\/td><\/tr><tr><td>is_home<\/td><td>1<\/td><td><\/td><\/tr><tr><td>is_404<\/td><td>1<\/td><td><\/td><\/tr><tr><td>is_attachment<\/td><td>1<\/td><td><\/td><\/tr><tr><td>is_singular<\/td><td>1<\/td><td><\/td><\/tr><tr><td>is_front_page<\/td><td>1<\/td><td><\/td><\/tr><tr><td>is_feed<\/td><td>1<\/td><td><\/td><\/tr><\/table><\/div><br><br><span style=\"color: red;\">Seu site usa HTTPS, mas o c\u00f3digo do an\u00fancio cont\u00e9m HTTP e pode n\u00e3o funcionar.<\/span>\t<br><br>\n\t<a style=\"color: green;\" href=\"https:\/\/wpadvancedads.com\/manual\/ad-debug-mode\/?utm_source=advanced-ads&utm_medium=link&utm_campaign=ad-debug-mode\" target=\"_blank\" rel=\"nofollow\">Encontre solu\u00e7\u00f5es no manual<\/a>\n<\/div>\n<\/li><\/ul><\/div><script>( window.advanced_ads_ready || jQuery( document ).ready ).call( null, function() {var $lavraslider543947041 = jQuery( \".lavra-slider-543947041\" );$lavraslider543947041.on( \"unslider.ready\", function() { jQuery( \"div.custom-slider ul li\" ).css( \"display\", \"block\" ); });$lavraslider543947041.unslider({ delay:4000, autoplay:true, nav:false, arrows:false, infinite:true });$lavraslider543947041.on(\"mouseover\", function() {$lavraslider543947041.unslider(\"stop\");}).on(\"mouseout\", function() {$lavraslider543947041.unslider(\"start\");});});<\/script><\/div><p>Um temporal que caiu no fim da tarde deste s\u00e1bado, dia 18, provocou alagamentos em v\u00e1rios pontos de Lavras. <!--more-->A chuva forte, com muitos raios e trov\u00f5es, durou cerca de uma hora e meia. Nas redes sociais v\u00e1rios pontos de alagamento foram registrados. Confira:<\/p>\n<p>Na rua Raimunda Marques, no Jardim Gl\u00f3ria, a for\u00e7a da \u00e1gua derrubou um muro e os blocos foram parar no meio da pista.<\/p>\n<figure id=\"attachment_7445\" aria-describedby=\"caption-attachment-7445\" style=\"width: 743px\" class=\"wp-caption aligncenter\"><img fetchpriority=\"high\" decoding=\"async\" class=\" wp-image-7445\" src=\"http:\/\/lavras.tv\/site\/wp-content\/uploads\/2017\/03\/raimunda-marques.jpg\" alt=\"Foto de Jos\u00e9 Maria Pereira\" width=\"743\" height=\"418\" srcset=\"https:\/\/lavras.tv\/site\/wp-content\/uploads\/2017\/03\/raimunda-marques.jpg 1152w, https:\/\/lavras.tv\/site\/wp-content\/uploads\/2017\/03\/raimunda-marques-150x84.jpg 150w, https:\/\/lavras.tv\/site\/wp-content\/uploads\/2017\/03\/raimunda-marques-300x169.jpg 300w, https:\/\/lavras.tv\/site\/wp-content\/uploads\/2017\/03\/raimunda-marques-1024x576.jpg 1024w\" sizes=\"(max-width: 743px) 100vw, 743px\" \/><figcaption id=\"caption-attachment-7445\" class=\"wp-caption-text\">Foto de Jos\u00e9 Maria Pereira<\/figcaption><\/figure>\n<p>J\u00e1 no bairro Retiro, ruas alagaram e at\u00e9 um carro ficou submerso.<\/p>\n<p>&nbsp;<\/p>\n<figure id=\"attachment_7446\" aria-describedby=\"caption-attachment-7446\" style=\"width: 720px\" class=\"wp-caption aligncenter\"><img decoding=\"async\" class=\"size-full wp-image-7446\" src=\"http:\/\/lavras.tv\/site\/wp-content\/uploads\/2017\/03\/retiro.jpg\" alt=\"Rua J\u00e2nio Quadros tomada pela \u00e1gua\" width=\"720\" height=\"960\" srcset=\"https:\/\/lavras.tv\/site\/wp-content\/uploads\/2017\/03\/retiro.jpg 720w, https:\/\/lavras.tv\/site\/wp-content\/uploads\/2017\/03\/retiro-113x150.jpg 113w, https:\/\/lavras.tv\/site\/wp-content\/uploads\/2017\/03\/retiro-225x300.jpg 225w\" sizes=\"(max-width: 720px) 100vw, 720px\" \/><figcaption id=\"caption-attachment-7446\" class=\"wp-caption-text\">Rua J\u00e2nio Quadros tomada pela \u00e1gua<\/figcaption><\/figure>\n<figure id=\"attachment_7447\" aria-describedby=\"caption-attachment-7447\" style=\"width: 539px\" class=\"wp-caption aligncenter\"><img decoding=\"async\" class=\"size-full wp-image-7447\" src=\"http:\/\/lavras.tv\/site\/wp-content\/uploads\/2017\/03\/jk.jpg\" alt=\"Na avenida JK um carro ficou coberto pela \u00e1gua\" width=\"539\" height=\"960\" srcset=\"https:\/\/lavras.tv\/site\/wp-content\/uploads\/2017\/03\/jk.jpg 539w, https:\/\/lavras.tv\/site\/wp-content\/uploads\/2017\/03\/jk-84x150.jpg 84w, https:\/\/lavras.tv\/site\/wp-content\/uploads\/2017\/03\/jk-168x300.jpg 168w\" sizes=\"(max-width: 539px) 100vw, 539px\" \/><figcaption id=\"caption-attachment-7447\" class=\"wp-caption-text\">Na avenida JK um carro ficou coberto pela \u00e1gua<\/figcaption><\/figure>\n<p>No LavrasShopping, a \u00e1gua invadiu a pra\u00e7a de alimenta\u00e7\u00e3o e o ch\u00e3o ficou tomado de barro e lama.<\/p>\n<figure id=\"attachment_7448\" aria-describedby=\"caption-attachment-7448\" style=\"width: 960px\" class=\"wp-caption aligncenter\"><img loading=\"lazy\" decoding=\"async\" class=\"size-full wp-image-7448\" src=\"http:\/\/lavras.tv\/site\/wp-content\/uploads\/2017\/03\/shopping.jpg\" alt=\"Pra\u00e7a de alimenta\u00e7\u00e3o do LavrasShopping\" width=\"960\" height=\"540\" srcset=\"https:\/\/lavras.tv\/site\/wp-content\/uploads\/2017\/03\/shopping.jpg 960w, https:\/\/lavras.tv\/site\/wp-content\/uploads\/2017\/03\/shopping-150x84.jpg 150w, https:\/\/lavras.tv\/site\/wp-content\/uploads\/2017\/03\/shopping-300x169.jpg 300w\" sizes=\"(max-width: 960px) 100vw, 960px\" \/><figcaption id=\"caption-attachment-7448\" class=\"wp-caption-text\">Pra\u00e7a de alimenta\u00e7\u00e3o do LavrasShopping<\/figcaption><\/figure>\n[vsw id=&#8221;28IhebXDZs8&#8243; source=&#8221;youtube&#8221; width=&#8221;790&#8243; height=&#8221;450&#8243; autoplay=&#8221;no&#8221;]\n","protected":false},"excerpt":{"rendered":"<p>Um temporal que caiu no fim da tarde deste s\u00e1bado, dia 18, provocou alagamentos em v\u00e1rios pontos de Lavras.<\/p>\n","protected":false},"author":2,"featured_media":7448,"comment_status":"closed","ping_status":"open","sticky":false,"template":"","format":"standard","meta":{"advgb_blocks_editor_width":"","advgb_blocks_columns_visual_guide":"","_exactmetrics_skip_tracking":false,"_exactmetrics_sitenote_active":false,"_exactmetrics_sitenote_note":"","_exactmetrics_sitenote_category":0,"footnotes":""},"categories":[7,2],"tags":[1847,1357,1358,2953,34,547,1015,1835],"class_list":["post-7444","post","type-post","status-publish","format-standard","has-post-thumbnail","hentry","category-destaques","category-noticias","tag-alagamento","tag-chuva","tag-estragos","tag-jk","tag-lavras","tag-lavras-shopping","tag-mg","tag-temporal","has-post-video"],"better_featured_image":{"id":7448,"alt_text":"","caption":"Pra\u00e7a de alimenta\u00e7\u00e3o do LavrasShopping","description":"","media_type":"image","media_details":{"width":960,"height":540,"file":"2017\/03\/shopping.jpg","sizes":{"thumbnail":{"file":"shopping-150x84.jpg","width":150,"height":84,"mime-type":"image\/jpeg","source_url":"https:\/\/lavras.tv\/site\/wp-content\/uploads\/2017\/03\/shopping-150x84.jpg"},"medium":{"file":"shopping-300x169.jpg","width":300,"height":169,"mime-type":"image\/jpeg","source_url":"https:\/\/lavras.tv\/site\/wp-content\/uploads\/2017\/03\/shopping-300x169.jpg"},"featured-slider-img":{"file":"shopping-640x480.jpg","width":640,"height":480,"mime-type":"image\/jpeg","source_url":"https:\/\/lavras.tv\/site\/wp-content\/uploads\/2017\/03\/shopping-640x480.jpg"},"featured-post-img":{"file":"shopping-480x320.jpg","width":480,"height":320,"mime-type":"image\/jpeg","source_url":"https:\/\/lavras.tv\/site\/wp-content\/uploads\/2017\/03\/shopping-480x320.jpg"},"sow-carousel-default":{"file":"shopping-272x182.jpg","width":272,"height":182,"mime-type":"image\/jpeg","source_url":"https:\/\/lavras.tv\/site\/wp-content\/uploads\/2017\/03\/shopping-272x182.jpg"}},"image_meta":{"aperture":"0","credit":"","camera":"","caption":"","created_timestamp":"0","copyright":"","focal_length":"0","iso":"0","shutter_speed":"0","title":"","orientation":"0","keywords":[]}},"post":7444,"source_url":"https:\/\/lavras.tv\/site\/wp-content\/uploads\/2017\/03\/shopping.jpg"},"author_meta":{"display_name":"Lavras TV","author_link":"https:\/\/lavras.tv\/site\/author\/lavrastv\/"},"featured_img":"https:\/\/lavras.tv\/site\/wp-content\/uploads\/2017\/03\/shopping-300x169.jpg","coauthors":[],"tax_additional":{"categories":{"linked":["<a href=\"https:\/\/lavras.tv\/site\/category\/destaques\/\" class=\"advgb-post-tax-term\">Destaques<\/a>","<a href=\"https:\/\/lavras.tv\/site\/category\/noticias\/\" class=\"advgb-post-tax-term\">Not\u00edcias<\/a>"],"unlinked":["<span class=\"advgb-post-tax-term\">Destaques<\/span>","<span class=\"advgb-post-tax-term\">Not\u00edcias<\/span>"]},"tags":{"linked":["<a href=\"https:\/\/lavras.tv\/site\/category\/noticias\/\" class=\"advgb-post-tax-term\">alagamento<\/a>","<a href=\"https:\/\/lavras.tv\/site\/category\/noticias\/\" class=\"advgb-post-tax-term\">chuva<\/a>","<a href=\"https:\/\/lavras.tv\/site\/category\/noticias\/\" class=\"advgb-post-tax-term\">estragos<\/a>","<a href=\"https:\/\/lavras.tv\/site\/category\/noticias\/\" class=\"advgb-post-tax-term\">jk<\/a>","<a href=\"https:\/\/lavras.tv\/site\/category\/noticias\/\" class=\"advgb-post-tax-term\">lavras<\/a>","<a href=\"https:\/\/lavras.tv\/site\/category\/noticias\/\" class=\"advgb-post-tax-term\">lavras shopping<\/a>","<a href=\"https:\/\/lavras.tv\/site\/category\/noticias\/\" class=\"advgb-post-tax-term\">mg<\/a>","<a href=\"https:\/\/lavras.tv\/site\/category\/noticias\/\" class=\"advgb-post-tax-term\">temporal<\/a>"],"unlinked":["<span class=\"advgb-post-tax-term\">alagamento<\/span>","<span class=\"advgb-post-tax-term\">chuva<\/span>","<span class=\"advgb-post-tax-term\">estragos<\/span>","<span class=\"advgb-post-tax-term\">jk<\/span>","<span class=\"advgb-post-tax-term\">lavras<\/span>","<span class=\"advgb-post-tax-term\">lavras shopping<\/span>","<span class=\"advgb-post-tax-term\">mg<\/span>","<span class=\"advgb-post-tax-term\">temporal<\/span>"]}},"comment_count":"0","relative_dates":{"created":"Publicado 9 anos atr\u00e1s","modified":"Atualizado 9 anos atr\u00e1s"},"absolute_dates":{"created":"Publicado em 18 de mar\u00e7o de 2017","modified":"Atualizado em 18 de mar\u00e7o de 2017"},"absolute_dates_time":{"created":"Publicado em 18 de mar\u00e7o de 2017 19:25","modified":"Atualizado em 18 de mar\u00e7o de 2017 19:25"},"featured_img_caption":"Pra\u00e7a de alimenta\u00e7\u00e3o do LavrasShopping","series_order":"","_links":{"self":[{"href":"https:\/\/lavras.tv\/site\/wp-json\/wp\/v2\/posts\/7444","targetHints":{"allow":["GET"]}}],"collection":[{"href":"https:\/\/lavras.tv\/site\/wp-json\/wp\/v2\/posts"}],"about":[{"href":"https:\/\/lavras.tv\/site\/wp-json\/wp\/v2\/types\/post"}],"author":[{"embeddable":true,"href":"https:\/\/lavras.tv\/site\/wp-json\/wp\/v2\/users\/2"}],"replies":[{"embeddable":true,"href":"https:\/\/lavras.tv\/site\/wp-json\/wp\/v2\/comments?post=7444"}],"version-history":[{"count":1,"href":"https:\/\/lavras.tv\/site\/wp-json\/wp\/v2\/posts\/7444\/revisions"}],"predecessor-version":[{"id":7450,"href":"https:\/\/lavras.tv\/site\/wp-json\/wp\/v2\/posts\/7444\/revisions\/7450"}],"wp:featuredmedia":[{"embeddable":true,"href":"https:\/\/lavras.tv\/site\/wp-json\/wp\/v2\/media\/7448"}],"wp:attachment":[{"href":"https:\/\/lavras.tv\/site\/wp-json\/wp\/v2\/media?parent=7444"}],"wp:term":[{"taxonomy":"category","embeddable":true,"href":"https:\/\/lavras.tv\/site\/wp-json\/wp\/v2\/categories?post=7444"},{"taxonomy":"post_tag","embeddable":true,"href":"https:\/\/lavras.tv\/site\/wp-json\/wp\/v2\/tags?post=7444"}],"curies":[{"name":"wp","href":"https:\/\/api.w.org\/{rel}","templated":true}]}}