{"id":7454,"date":"2017-03-19T16:34:58","date_gmt":"2017-03-19T19:34:58","guid":{"rendered":"http:\/\/lavras.tv\/site\/?p=7454"},"modified":"2017-03-19T16:34:58","modified_gmt":"2017-03-19T19:34:58","slug":"campanhas-arrecadam-doacoes-para-os-atingidos-pela-chuva-em-lavras","status":"publish","type":"post","link":"https:\/\/lavras.tv\/site\/2017\/03\/19\/campanhas-arrecadam-doacoes-para-os-atingidos-pela-chuva-em-lavras\/","title":{"rendered":"Campanhas arrecadam doa\u00e7\u00f5es para os atingidos pela chuva em Lavras"},"content":{"rendered":"<div class=\"lavra-antes-do-conteudo_2\" id=\"lavra-1075273476\"><div id=\"lavra-slider-27\" class=\"custom-slider lavra-slider-4041866829 lavra-slider\"><ul><li><div style=\"margin-left: auto;margin-right: auto;text-align: center;\" id=\"lavra-601510339\"><a href=\"https:\/\/sistemas.lavras.mg.gov.br\/portalcidadao\/#df1b1a7c7b2a290bcb31e32771e610784662739a88807c0dacac58ede5f391a7530e299dc302d611ee73cb143fc22eaf93592e53e7b5bdb01b00a0b8d28dae460c141dd2ff83412e4dc1c31b16b25f33144a9e5620ea73b13f5bc1c59411d98439ad226e8af03840603796067d87afe130812cf3de24982d0e306f9e61e764e5\" aria-label=\"Lavras-TV&#8211;720x104px (1) (1)\"><img src=\"https:\/\/lavras.tv\/site\/wp-content\/uploads\/2025\/01\/Lavras-TV-720x104px-1-1.png\" alt=\"\"  srcset=\"https:\/\/lavras.tv\/site\/wp-content\/uploads\/2025\/01\/Lavras-TV-720x104px-1-1.png 720w, https:\/\/lavras.tv\/site\/wp-content\/uploads\/2025\/01\/Lavras-TV-720x104px-1-1-470x68.png 470w, https:\/\/lavras.tv\/site\/wp-content\/uploads\/2025\/01\/Lavras-TV-720x104px-1-1-170x25.png 170w, https:\/\/lavras.tv\/site\/wp-content\/uploads\/2025\/01\/Lavras-TV-720x104px-1-1-200x29.png 200w\" sizes=\"(max-width: 720px) 100vw, 720px\" width=\"720\" height=\"104\"  style=\"display: inline-block;\" \/><\/a><\/div><\/li><li><a href=\"https:\/\/sistemas.lavras.mg.gov.br\/portalcidadao\/#df1b1a7c7b2a290bcb31e32771e610784662739a88807c0dacac58ede5f391a7530e299dc302d611ee73cb143fc22eaf93592e53e7b5bdb01b00a0b8d28dae460c141dd2ff83412e4dc1c31b16b25f33144a9e5620ea73b13f5bc1c59411d98439ad226e8af03840603796067d87afe130812cf3de24982d0e306f9e61e764e5\" aria-label=\"Banner_Emprego_PortallavrasTV\"><img src=\"https:\/\/lavras.tv\/site\/wp-content\/uploads\/2025\/03\/Banner_Emprego_PortallavrasTV.png\" alt=\"\"  srcset=\"https:\/\/lavras.tv\/site\/wp-content\/uploads\/2025\/03\/Banner_Emprego_PortallavrasTV.png 720w, https:\/\/lavras.tv\/site\/wp-content\/uploads\/2025\/03\/Banner_Emprego_PortallavrasTV-470x68.png 470w, https:\/\/lavras.tv\/site\/wp-content\/uploads\/2025\/03\/Banner_Emprego_PortallavrasTV-170x25.png 170w, https:\/\/lavras.tv\/site\/wp-content\/uploads\/2025\/03\/Banner_Emprego_PortallavrasTV-200x29.png 200w\" sizes=\"(max-width: 720px) 100vw, 720px\" width=\"720\" height=\"104\"   \/><\/a><\/li><li><a href=\"https:\/\/sistemas.lavras.mg.gov.br\/portalcidadao\/#df1b1a7c7b2a290bcb31e32771e610784662739a88807c0dacac58ede5f391a7530e299dc302d611ee73cb143fc22eaf93592e53e7b5bdb01b00a0b8d28dae460c141dd2ff83412e4dc1c31b16b25f33144a9e5620ea73b13f5bc1c59411d98439ad226e8af03840603796067d87afe130812cf3de24982d0e306f9e61e764e5\" aria-label=\"Banner_Obras_PortallavrasTV\"><img src=\"https:\/\/lavras.tv\/site\/wp-content\/uploads\/2025\/03\/Banner_Obras_PortallavrasTV.png\" alt=\"\"  srcset=\"https:\/\/lavras.tv\/site\/wp-content\/uploads\/2025\/03\/Banner_Obras_PortallavrasTV.png 720w, https:\/\/lavras.tv\/site\/wp-content\/uploads\/2025\/03\/Banner_Obras_PortallavrasTV-470x68.png 470w, https:\/\/lavras.tv\/site\/wp-content\/uploads\/2025\/03\/Banner_Obras_PortallavrasTV-170x25.png 170w, https:\/\/lavras.tv\/site\/wp-content\/uploads\/2025\/03\/Banner_Obras_PortallavrasTV-200x29.png 200w\" sizes=\"(max-width: 720px) 100vw, 720px\" width=\"720\" height=\"104\"   \/><\/a><\/li><li><div style=\"margin-left: auto;margin-right: auto;text-align: center;\" id=\"lavra-2311452151\"><a href=\"https:\/\/sistemas.lavras.mg.gov.br\/portalcidadao\/#df1b1a7c7b2a290bcb31e32771e610784662739a88807c0dacac58ede5f391a7530e299dc302d611ee73cb143fc22eaf93592e53e7b5bdb01b00a0b8d28dae460c141dd2ff83412e4dc1c31b16b25f33144a9e5620ea73b13f5bc1c59411d98439ad226e8af03840603796067d87afe130812cf3de24982d0e306f9e61e764e5\" aria-label=\"Banner_Educa\u00e7\u00e3o_PortallavrasTV\"><img src=\"https:\/\/lavras.tv\/site\/wp-content\/uploads\/2025\/01\/Banner_Educacao_PortallavrasTV.png\" alt=\"\"  srcset=\"https:\/\/lavras.tv\/site\/wp-content\/uploads\/2025\/01\/Banner_Educacao_PortallavrasTV.png 720w, https:\/\/lavras.tv\/site\/wp-content\/uploads\/2025\/01\/Banner_Educacao_PortallavrasTV-470x68.png 470w, https:\/\/lavras.tv\/site\/wp-content\/uploads\/2025\/01\/Banner_Educacao_PortallavrasTV-170x25.png 170w, https:\/\/lavras.tv\/site\/wp-content\/uploads\/2025\/01\/Banner_Educacao_PortallavrasTV-200x29.png 200w\" sizes=\"(max-width: 720px) 100vw, 720px\" width=\"720\" height=\"104\"  style=\"display: inline-block;\" \/><\/a><\/div><\/li><li><a href=\"https:\/\/sistemas.lavras.mg.gov.br\/portalcidadao\/#df1b1a7c7b2a290bcb31e32771e610784662739a88807c0dacac58ede5f391a7530e299dc302d611ee73cb143fc22eaf93592e53e7b5bdb01b00a0b8d28dae460c141dd2ff83412e4dc1c31b16b25f33144a9e5620ea73b13f5bc1c59411d98439ad226e8af03840603796067d87afe130812cf3de24982d0e306f9e61e764e5\" aria-label=\"Banner_Sa\u00fade_PortallavrasTV\"><img src=\"https:\/\/lavras.tv\/site\/wp-content\/uploads\/2025\/03\/Banner_Saude_PortallavrasTV.png\" alt=\"\"  srcset=\"https:\/\/lavras.tv\/site\/wp-content\/uploads\/2025\/03\/Banner_Saude_PortallavrasTV.png 720w, https:\/\/lavras.tv\/site\/wp-content\/uploads\/2025\/03\/Banner_Saude_PortallavrasTV-470x68.png 470w, https:\/\/lavras.tv\/site\/wp-content\/uploads\/2025\/03\/Banner_Saude_PortallavrasTV-170x25.png 170w, https:\/\/lavras.tv\/site\/wp-content\/uploads\/2025\/03\/Banner_Saude_PortallavrasTV-200x29.png 200w\" sizes=\"(max-width: 720px) 100vw, 720px\" width=\"720\" height=\"104\"   \/><\/a><\/li><li><div id=\"lavra-761989778\" style=\"width:720px;height:104px;background-color:#ddd;overflow:scroll;\">\n\t<strong>Sa\u00edda da depura\u00e7\u00e3o de an\u00fancios<\/strong>\n\t<br><br>\n\tO an\u00fancio n\u00e3o \u00e9 exibido na p\u00e1gina<br><br>post atual: Campanhas arrecadam doa\u00e7\u00f5es para os atingidos pela chuva em Lavras, ID: 7454<br><br><span style=\"color: red;\">O post atual n\u00e3o \u00e9 id\u00eantico ao post principal.<\/span><br><br>An\u00fancios: ROXO - TOPO INTERNA - ROTATIVO 2 (197)<br \/>Grupo de an\u00fancios: Princ_Meio01_720x104 (27)<br><br>Condi\u00e7\u00f5es de exibi\u00e7\u00e3o<div style=\"margin-bottom: 20px; white-space: pre-wrap; font-family: monospace; width: 100%; background: #ffe9e9;\"><strong>condi\u00e7\u00f5es gerais<\/strong><table border=\"1\"><thead><tr><th><\/th><th>An\u00fancios<\/th><th>wp_the_query<\/th><\/tr><\/thead><tr><td>is_main_query<\/td><td>1<\/td><td>1<\/td><\/tr><tr><td>is_rest_api<\/td><td>0<\/td><td>1<\/td><\/tr><tr><td>page<\/td><td>0<\/td><td>1<\/td><\/tr><tr><td>numpages<\/td><td>0<\/td><td>1<\/td><\/tr><tr><td>is_archive<\/td><td>1<\/td><td><\/td><\/tr><tr><td>is_search<\/td><td>1<\/td><td><\/td><\/tr><tr><td>is_home<\/td><td>1<\/td><td><\/td><\/tr><tr><td>is_404<\/td><td>1<\/td><td><\/td><\/tr><tr><td>is_attachment<\/td><td>1<\/td><td><\/td><\/tr><tr><td>is_singular<\/td><td>1<\/td><td><\/td><\/tr><tr><td>is_front_page<\/td><td>1<\/td><td><\/td><\/tr><tr><td>is_feed<\/td><td>1<\/td><td><\/td><\/tr><\/table><\/div><br><br><span style=\"color: red;\">Seu site usa HTTPS, mas o c\u00f3digo do an\u00fancio cont\u00e9m HTTP e pode n\u00e3o funcionar.<\/span>\t<br><br>\n\t<a style=\"color: green;\" href=\"https:\/\/wpadvancedads.com\/manual\/ad-debug-mode\/?utm_source=advanced-ads&utm_medium=link&utm_campaign=ad-debug-mode\" target=\"_blank\" rel=\"nofollow\">Encontre solu\u00e7\u00f5es no manual<\/a>\n<\/div>\n<\/li><\/ul><\/div><script>( window.advanced_ads_ready || jQuery( document ).ready ).call( null, function() {var $lavraslider4041866829 = jQuery( \".lavra-slider-4041866829\" );$lavraslider4041866829.on( \"unslider.ready\", function() { jQuery( \"div.custom-slider ul li\" ).css( \"display\", \"block\" ); });$lavraslider4041866829.unslider({ delay:4000, autoplay:true, nav:false, arrows:false, infinite:true });$lavraslider4041866829.on(\"mouseover\", function() {$lavraslider4041866829.unslider(\"stop\");}).on(\"mouseout\", function() {$lavraslider4041866829.unslider(\"start\");});});<\/script><\/div><p>A Defesa Civil divulgou o primeiro balan\u00e7o dos estragos causados pelo temporal que caiu em Lavras no fim da tarde deste s\u00e1bado, dia 18.\u00a0<!--more-->\u00a0Pelo menos 80 pessoas foram atingidas diretamente pela \u00e1gua da chuva em diversos pontos da cidade. Muitos desalojados foram para as casas de parentes e entre 10 e 15 pessoas ficaram desabrigadas. A prefeitura colocou as pessoas em maior situa\u00e7\u00e3o de vulnerabilidade, como uma gestante, no Hotel Alvorada, que fica no campus da UFLA. Os outros est\u00e3o em alojamentos que foram montados em salas de aula da Escola Estadual Cristiano de Souza.<\/p>\n<p><img fetchpriority=\"high\" decoding=\"async\" class=\"size-full wp-image-7455 aligncenter\" src=\"http:\/\/lavras.tv\/site\/wp-content\/uploads\/2017\/03\/cristiano-de-souza-e1489951599687.jpg\" alt=\"cristiano de souza\" width=\"1239\" height=\"788\" srcset=\"https:\/\/lavras.tv\/site\/wp-content\/uploads\/2017\/03\/cristiano-de-souza-e1489951599687.jpg 1239w, https:\/\/lavras.tv\/site\/wp-content\/uploads\/2017\/03\/cristiano-de-souza-e1489951599687-150x95.jpg 150w, https:\/\/lavras.tv\/site\/wp-content\/uploads\/2017\/03\/cristiano-de-souza-e1489951599687-300x191.jpg 300w, https:\/\/lavras.tv\/site\/wp-content\/uploads\/2017\/03\/cristiano-de-souza-e1489951599687-1024x651.jpg 1024w\" sizes=\"(max-width: 1239px) 100vw, 1239px\" \/><\/p>\n<p><strong>Campanhas<\/strong><\/p>\n<p>A Escola Cristiano de Souza tamb\u00e9m foi escolhida como ponto de arrecada\u00e7\u00e3o de doa\u00e7\u00f5es para os atingidos pelo temporal. Durante todo o domingo, muitos volunt\u00e1rios foram at\u00e9 o bairro Nova Lavras para doar e ajudar no recebimento e separa\u00e7\u00e3o dos donativos, al\u00e9m da confec\u00e7\u00e3o de cestas b\u00e1sicas.<\/p>\n<p>O presidente da C\u00e2mara Municipal, vereador Jo\u00e3o Paulo Felizardo, ajudou na organiza\u00e7\u00e3o e passou o fim de semana colaborando com o trabalho volunt\u00e1rio na escola. &#8220;Estamos aqui para ajudar a quem precisa. A popula\u00e7\u00e3o pode trazer os donativos at\u00e9 o dia 29 sendo que h\u00e1 pessoas para receber esse material 24 horas por dia&#8221;, explicou.<\/p>\n<p>No momento a prioridade \u00e9 para doa\u00e7\u00f5es de alimentos, produtos de limpeza, m\u00f3veis, eletrodom\u00e9sticos e utens\u00edlios de casa.<\/p>\n<p>A\u00a0ONG Lavras + Mi\u00f3 de B\u00e3o tamb\u00e9m est\u00e1 ajudando na arrecada\u00e7\u00e3o de donativos e disponibilizou mais dois pontos de coleta. Eles ficam na Loja Compos\u00e9e (Rua Jo\u00e3o Modesto, 378 &#8211; Centro) e \u00a0na Cristiane Abreu Cabeleireira (Travessa da Matriz, 30 &#8211; Centro).<\/p>\n<p><img decoding=\"async\" class=\"size-full wp-image-7456 aligncenter\" src=\"http:\/\/lavras.tv\/site\/wp-content\/uploads\/2017\/03\/doa\u00e7\u00f5es.jpg\" alt=\"doa\u00e7\u00f5es\" width=\"960\" height=\"540\" srcset=\"https:\/\/lavras.tv\/site\/wp-content\/uploads\/2017\/03\/doa\u00e7\u00f5es.jpg 960w, https:\/\/lavras.tv\/site\/wp-content\/uploads\/2017\/03\/doa\u00e7\u00f5es-150x84.jpg 150w, https:\/\/lavras.tv\/site\/wp-content\/uploads\/2017\/03\/doa\u00e7\u00f5es-300x169.jpg 300w\" sizes=\"(max-width: 960px) 100vw, 960px\" \/><\/p>\n","protected":false},"excerpt":{"rendered":"<p>A Defesa Civil divulgou o primeiro balan\u00e7o dos estragos causados pelo temporal que caiu em Lavras no fim da tarde deste s\u00e1bado, dia 18.\u00a0<\/p>\n","protected":false},"author":2,"featured_media":7456,"comment_status":"closed","ping_status":"open","sticky":false,"template":"","format":"standard","meta":{"advgb_blocks_editor_width":"","advgb_blocks_columns_visual_guide":"","_exactmetrics_skip_tracking":false,"_exactmetrics_sitenote_active":false,"_exactmetrics_sitenote_note":"","_exactmetrics_sitenote_category":0,"footnotes":""},"categories":[7,2],"tags":[1357,2955,2956,1652,2957,996,44,1835],"class_list":["post-7454","post","type-post","status-publish","format-standard","has-post-thumbnail","hentry","category-destaques","category-noticias","tag-chuva","tag-desabrigados","tag-desalojados","tag-doacoes","tag-escola-cristiano-de-souza","tag-joao-paulo-felizardo","tag-lavras-mg","tag-temporal"],"better_featured_image":{"id":7456,"alt_text":"","caption":"","description":"","media_type":"image","media_details":{"width":960,"height":540,"file":"2017\/03\/doa\u00e7\u00f5es.jpg","sizes":{"thumbnail":{"file":"doa\u00e7\u00f5es-150x84.jpg","width":150,"height":84,"mime-type":"image\/jpeg","source_url":"https:\/\/lavras.tv\/site\/wp-content\/uploads\/2017\/03\/doa\u00e7\u00f5es-150x84.jpg"},"medium":{"file":"doa\u00e7\u00f5es-300x169.jpg","width":300,"height":169,"mime-type":"image\/jpeg","source_url":"https:\/\/lavras.tv\/site\/wp-content\/uploads\/2017\/03\/doa\u00e7\u00f5es-300x169.jpg"},"featured-slider-img":{"file":"doa\u00e7\u00f5es-640x480.jpg","width":640,"height":480,"mime-type":"image\/jpeg","source_url":"https:\/\/lavras.tv\/site\/wp-content\/uploads\/2017\/03\/doa\u00e7\u00f5es-640x480.jpg"},"featured-post-img":{"file":"doa\u00e7\u00f5es-480x320.jpg","width":480,"height":320,"mime-type":"image\/jpeg","source_url":"https:\/\/lavras.tv\/site\/wp-content\/uploads\/2017\/03\/doa\u00e7\u00f5es-480x320.jpg"},"sow-carousel-default":{"file":"doa\u00e7\u00f5es-272x182.jpg","width":272,"height":182,"mime-type":"image\/jpeg","source_url":"https:\/\/lavras.tv\/site\/wp-content\/uploads\/2017\/03\/doa\u00e7\u00f5es-272x182.jpg"}},"image_meta":{"aperture":"0","credit":"","camera":"","caption":"","created_timestamp":"0","copyright":"","focal_length":"0","iso":"0","shutter_speed":"0","title":"","orientation":"0","keywords":[]}},"post":7454,"source_url":"https:\/\/lavras.tv\/site\/wp-content\/uploads\/2017\/03\/doa\u00e7\u00f5es.jpg"},"author_meta":{"display_name":"Lavras TV","author_link":"https:\/\/lavras.tv\/site\/author\/lavrastv\/"},"featured_img":"https:\/\/lavras.tv\/site\/wp-content\/uploads\/2017\/03\/doa\u00e7\u00f5es-300x169.jpg","coauthors":[],"tax_additional":{"categories":{"linked":["<a href=\"https:\/\/lavras.tv\/site\/category\/destaques\/\" class=\"advgb-post-tax-term\">Destaques<\/a>","<a href=\"https:\/\/lavras.tv\/site\/category\/noticias\/\" class=\"advgb-post-tax-term\">Not\u00edcias<\/a>"],"unlinked":["<span class=\"advgb-post-tax-term\">Destaques<\/span>","<span class=\"advgb-post-tax-term\">Not\u00edcias<\/span>"]},"tags":{"linked":["<a href=\"https:\/\/lavras.tv\/site\/category\/noticias\/\" class=\"advgb-post-tax-term\">chuva<\/a>","<a href=\"https:\/\/lavras.tv\/site\/category\/noticias\/\" class=\"advgb-post-tax-term\">desabrigados<\/a>","<a href=\"https:\/\/lavras.tv\/site\/category\/noticias\/\" class=\"advgb-post-tax-term\">desalojados<\/a>","<a href=\"https:\/\/lavras.tv\/site\/category\/noticias\/\" class=\"advgb-post-tax-term\">doa\u00e7\u00f5es<\/a>","<a href=\"https:\/\/lavras.tv\/site\/category\/noticias\/\" class=\"advgb-post-tax-term\">Escola Cristiano de Souza<\/a>","<a href=\"https:\/\/lavras.tv\/site\/category\/noticias\/\" class=\"advgb-post-tax-term\">Jo\u00e3o Paulo Felizardo<\/a>","<a href=\"https:\/\/lavras.tv\/site\/category\/noticias\/\" class=\"advgb-post-tax-term\">lavras mg<\/a>","<a href=\"https:\/\/lavras.tv\/site\/category\/noticias\/\" class=\"advgb-post-tax-term\">temporal<\/a>"],"unlinked":["<span class=\"advgb-post-tax-term\">chuva<\/span>","<span class=\"advgb-post-tax-term\">desabrigados<\/span>","<span class=\"advgb-post-tax-term\">desalojados<\/span>","<span class=\"advgb-post-tax-term\">doa\u00e7\u00f5es<\/span>","<span class=\"advgb-post-tax-term\">Escola Cristiano de Souza<\/span>","<span class=\"advgb-post-tax-term\">Jo\u00e3o Paulo Felizardo<\/span>","<span class=\"advgb-post-tax-term\">lavras mg<\/span>","<span class=\"advgb-post-tax-term\">temporal<\/span>"]}},"comment_count":"0","relative_dates":{"created":"Publicado 9 anos atr\u00e1s","modified":"Atualizado 9 anos atr\u00e1s"},"absolute_dates":{"created":"Publicado em 19 de mar\u00e7o de 2017","modified":"Atualizado em 19 de mar\u00e7o de 2017"},"absolute_dates_time":{"created":"Publicado em 19 de mar\u00e7o de 2017 16:34","modified":"Atualizado em 19 de mar\u00e7o de 2017 16:34"},"featured_img_caption":"","series_order":"","_links":{"self":[{"href":"https:\/\/lavras.tv\/site\/wp-json\/wp\/v2\/posts\/7454","targetHints":{"allow":["GET"]}}],"collection":[{"href":"https:\/\/lavras.tv\/site\/wp-json\/wp\/v2\/posts"}],"about":[{"href":"https:\/\/lavras.tv\/site\/wp-json\/wp\/v2\/types\/post"}],"author":[{"embeddable":true,"href":"https:\/\/lavras.tv\/site\/wp-json\/wp\/v2\/users\/2"}],"replies":[{"embeddable":true,"href":"https:\/\/lavras.tv\/site\/wp-json\/wp\/v2\/comments?post=7454"}],"version-history":[{"count":1,"href":"https:\/\/lavras.tv\/site\/wp-json\/wp\/v2\/posts\/7454\/revisions"}],"predecessor-version":[{"id":7457,"href":"https:\/\/lavras.tv\/site\/wp-json\/wp\/v2\/posts\/7454\/revisions\/7457"}],"wp:featuredmedia":[{"embeddable":true,"href":"https:\/\/lavras.tv\/site\/wp-json\/wp\/v2\/media\/7456"}],"wp:attachment":[{"href":"https:\/\/lavras.tv\/site\/wp-json\/wp\/v2\/media?parent=7454"}],"wp:term":[{"taxonomy":"category","embeddable":true,"href":"https:\/\/lavras.tv\/site\/wp-json\/wp\/v2\/categories?post=7454"},{"taxonomy":"post_tag","embeddable":true,"href":"https:\/\/lavras.tv\/site\/wp-json\/wp\/v2\/tags?post=7454"}],"curies":[{"name":"wp","href":"https:\/\/api.w.org\/{rel}","templated":true}]}}