{"id":7458,"date":"2017-03-20T09:13:24","date_gmt":"2017-03-20T12:13:24","guid":{"rendered":"http:\/\/lavras.tv\/site\/?p=7458"},"modified":"2017-03-20T09:13:24","modified_gmt":"2017-03-20T12:13:24","slug":"camara-municipal-vai-lancar-o-projeto-parlamento-jovem","status":"publish","type":"post","link":"https:\/\/lavras.tv\/site\/2017\/03\/20\/camara-municipal-vai-lancar-o-projeto-parlamento-jovem\/","title":{"rendered":"C\u00e2mara Municipal vai lan\u00e7ar o projeto Parlamento Jovem"},"content":{"rendered":"<div class=\"lavra-antes-do-conteudo_2\" id=\"lavra-1291908911\"><div id=\"lavra-slider-27\" class=\"custom-slider lavra-slider-2086380948 lavra-slider\"><ul><li><div style=\"margin-left: auto;margin-right: auto;text-align: center;\" id=\"lavra-766489726\"><a href=\"https:\/\/sistemas.lavras.mg.gov.br\/portalcidadao\/#df1b1a7c7b2a290bcb31e32771e610784662739a88807c0dacac58ede5f391a7530e299dc302d611ee73cb143fc22eaf93592e53e7b5bdb01b00a0b8d28dae460c141dd2ff83412e4dc1c31b16b25f33144a9e5620ea73b13f5bc1c59411d98439ad226e8af03840603796067d87afe130812cf3de24982d0e306f9e61e764e5\" aria-label=\"Lavras-TV&#8211;720x104px (1) (1)\"><img src=\"https:\/\/lavras.tv\/site\/wp-content\/uploads\/2025\/01\/Lavras-TV-720x104px-1-1.png\" alt=\"\"  srcset=\"https:\/\/lavras.tv\/site\/wp-content\/uploads\/2025\/01\/Lavras-TV-720x104px-1-1.png 720w, https:\/\/lavras.tv\/site\/wp-content\/uploads\/2025\/01\/Lavras-TV-720x104px-1-1-470x68.png 470w, https:\/\/lavras.tv\/site\/wp-content\/uploads\/2025\/01\/Lavras-TV-720x104px-1-1-170x25.png 170w, https:\/\/lavras.tv\/site\/wp-content\/uploads\/2025\/01\/Lavras-TV-720x104px-1-1-200x29.png 200w\" sizes=\"(max-width: 720px) 100vw, 720px\" width=\"720\" height=\"104\"  style=\"display: inline-block;\" \/><\/a><\/div><\/li><li><a href=\"https:\/\/sistemas.lavras.mg.gov.br\/portalcidadao\/#df1b1a7c7b2a290bcb31e32771e610784662739a88807c0dacac58ede5f391a7530e299dc302d611ee73cb143fc22eaf93592e53e7b5bdb01b00a0b8d28dae460c141dd2ff83412e4dc1c31b16b25f33144a9e5620ea73b13f5bc1c59411d98439ad226e8af03840603796067d87afe130812cf3de24982d0e306f9e61e764e5\" aria-label=\"Banner_Emprego_PortallavrasTV\"><img src=\"https:\/\/lavras.tv\/site\/wp-content\/uploads\/2025\/03\/Banner_Emprego_PortallavrasTV.png\" alt=\"\"  srcset=\"https:\/\/lavras.tv\/site\/wp-content\/uploads\/2025\/03\/Banner_Emprego_PortallavrasTV.png 720w, https:\/\/lavras.tv\/site\/wp-content\/uploads\/2025\/03\/Banner_Emprego_PortallavrasTV-470x68.png 470w, https:\/\/lavras.tv\/site\/wp-content\/uploads\/2025\/03\/Banner_Emprego_PortallavrasTV-170x25.png 170w, https:\/\/lavras.tv\/site\/wp-content\/uploads\/2025\/03\/Banner_Emprego_PortallavrasTV-200x29.png 200w\" sizes=\"(max-width: 720px) 100vw, 720px\" width=\"720\" height=\"104\"   \/><\/a><\/li><li><a href=\"https:\/\/sistemas.lavras.mg.gov.br\/portalcidadao\/#df1b1a7c7b2a290bcb31e32771e610784662739a88807c0dacac58ede5f391a7530e299dc302d611ee73cb143fc22eaf93592e53e7b5bdb01b00a0b8d28dae460c141dd2ff83412e4dc1c31b16b25f33144a9e5620ea73b13f5bc1c59411d98439ad226e8af03840603796067d87afe130812cf3de24982d0e306f9e61e764e5\" aria-label=\"Banner_Obras_PortallavrasTV\"><img src=\"https:\/\/lavras.tv\/site\/wp-content\/uploads\/2025\/03\/Banner_Obras_PortallavrasTV.png\" alt=\"\"  srcset=\"https:\/\/lavras.tv\/site\/wp-content\/uploads\/2025\/03\/Banner_Obras_PortallavrasTV.png 720w, https:\/\/lavras.tv\/site\/wp-content\/uploads\/2025\/03\/Banner_Obras_PortallavrasTV-470x68.png 470w, https:\/\/lavras.tv\/site\/wp-content\/uploads\/2025\/03\/Banner_Obras_PortallavrasTV-170x25.png 170w, https:\/\/lavras.tv\/site\/wp-content\/uploads\/2025\/03\/Banner_Obras_PortallavrasTV-200x29.png 200w\" sizes=\"(max-width: 720px) 100vw, 720px\" width=\"720\" height=\"104\"   \/><\/a><\/li><li><div style=\"margin-left: auto;margin-right: auto;text-align: center;\" id=\"lavra-2284594070\"><a href=\"https:\/\/sistemas.lavras.mg.gov.br\/portalcidadao\/#df1b1a7c7b2a290bcb31e32771e610784662739a88807c0dacac58ede5f391a7530e299dc302d611ee73cb143fc22eaf93592e53e7b5bdb01b00a0b8d28dae460c141dd2ff83412e4dc1c31b16b25f33144a9e5620ea73b13f5bc1c59411d98439ad226e8af03840603796067d87afe130812cf3de24982d0e306f9e61e764e5\" aria-label=\"Banner_Educa\u00e7\u00e3o_PortallavrasTV\"><img src=\"https:\/\/lavras.tv\/site\/wp-content\/uploads\/2025\/01\/Banner_Educacao_PortallavrasTV.png\" alt=\"\"  srcset=\"https:\/\/lavras.tv\/site\/wp-content\/uploads\/2025\/01\/Banner_Educacao_PortallavrasTV.png 720w, https:\/\/lavras.tv\/site\/wp-content\/uploads\/2025\/01\/Banner_Educacao_PortallavrasTV-470x68.png 470w, https:\/\/lavras.tv\/site\/wp-content\/uploads\/2025\/01\/Banner_Educacao_PortallavrasTV-170x25.png 170w, https:\/\/lavras.tv\/site\/wp-content\/uploads\/2025\/01\/Banner_Educacao_PortallavrasTV-200x29.png 200w\" sizes=\"(max-width: 720px) 100vw, 720px\" width=\"720\" height=\"104\"  style=\"display: inline-block;\" \/><\/a><\/div><\/li><li><a href=\"https:\/\/sistemas.lavras.mg.gov.br\/portalcidadao\/#df1b1a7c7b2a290bcb31e32771e610784662739a88807c0dacac58ede5f391a7530e299dc302d611ee73cb143fc22eaf93592e53e7b5bdb01b00a0b8d28dae460c141dd2ff83412e4dc1c31b16b25f33144a9e5620ea73b13f5bc1c59411d98439ad226e8af03840603796067d87afe130812cf3de24982d0e306f9e61e764e5\" aria-label=\"Banner_Sa\u00fade_PortallavrasTV\"><img src=\"https:\/\/lavras.tv\/site\/wp-content\/uploads\/2025\/03\/Banner_Saude_PortallavrasTV.png\" alt=\"\"  srcset=\"https:\/\/lavras.tv\/site\/wp-content\/uploads\/2025\/03\/Banner_Saude_PortallavrasTV.png 720w, https:\/\/lavras.tv\/site\/wp-content\/uploads\/2025\/03\/Banner_Saude_PortallavrasTV-470x68.png 470w, https:\/\/lavras.tv\/site\/wp-content\/uploads\/2025\/03\/Banner_Saude_PortallavrasTV-170x25.png 170w, https:\/\/lavras.tv\/site\/wp-content\/uploads\/2025\/03\/Banner_Saude_PortallavrasTV-200x29.png 200w\" sizes=\"(max-width: 720px) 100vw, 720px\" width=\"720\" height=\"104\"   \/><\/a><\/li><li><div id=\"lavra-2678216099\" style=\"width:720px;height:104px;background-color:#ddd;overflow:scroll;\">\n\t<strong>Sa\u00edda da depura\u00e7\u00e3o de an\u00fancios<\/strong>\n\t<br><br>\n\tO an\u00fancio n\u00e3o \u00e9 exibido na p\u00e1gina<br><br>post atual: C\u00e2mara Municipal vai lan\u00e7ar o projeto Parlamento Jovem, ID: 7458<br><br><span style=\"color: red;\">O post atual n\u00e3o \u00e9 id\u00eantico ao post principal.<\/span><br><br>An\u00fancios: ROXO - TOPO INTERNA - ROTATIVO 2 (197)<br \/>Grupo de an\u00fancios: Princ_Meio01_720x104 (27)<br><br>Condi\u00e7\u00f5es de exibi\u00e7\u00e3o<div style=\"margin-bottom: 20px; white-space: pre-wrap; font-family: monospace; width: 100%; background: #ffe9e9;\"><strong>condi\u00e7\u00f5es gerais<\/strong><table border=\"1\"><thead><tr><th><\/th><th>An\u00fancios<\/th><th>wp_the_query<\/th><\/tr><\/thead><tr><td>is_main_query<\/td><td>1<\/td><td>1<\/td><\/tr><tr><td>is_rest_api<\/td><td>0<\/td><td>1<\/td><\/tr><tr><td>page<\/td><td>0<\/td><td>1<\/td><\/tr><tr><td>numpages<\/td><td>0<\/td><td>1<\/td><\/tr><tr><td>is_archive<\/td><td>1<\/td><td><\/td><\/tr><tr><td>is_search<\/td><td>1<\/td><td><\/td><\/tr><tr><td>is_home<\/td><td>1<\/td><td><\/td><\/tr><tr><td>is_404<\/td><td>1<\/td><td><\/td><\/tr><tr><td>is_attachment<\/td><td>1<\/td><td><\/td><\/tr><tr><td>is_singular<\/td><td>1<\/td><td><\/td><\/tr><tr><td>is_front_page<\/td><td>1<\/td><td><\/td><\/tr><tr><td>is_feed<\/td><td>1<\/td><td><\/td><\/tr><\/table><\/div><br><br><span style=\"color: red;\">Seu site usa HTTPS, mas o c\u00f3digo do an\u00fancio cont\u00e9m HTTP e pode n\u00e3o funcionar.<\/span>\t<br><br>\n\t<a style=\"color: green;\" href=\"https:\/\/wpadvancedads.com\/manual\/ad-debug-mode\/?utm_source=advanced-ads&utm_medium=link&utm_campaign=ad-debug-mode\" target=\"_blank\" rel=\"nofollow\">Encontre solu\u00e7\u00f5es no manual<\/a>\n<\/div>\n<\/li><\/ul><\/div><script>( window.advanced_ads_ready || jQuery( document ).ready ).call( null, function() {var $lavraslider2086380948 = jQuery( \".lavra-slider-2086380948\" );$lavraslider2086380948.on( \"unslider.ready\", function() { jQuery( \"div.custom-slider ul li\" ).css( \"display\", \"block\" ); });$lavraslider2086380948.unslider({ delay:4000, autoplay:true, nav:false, arrows:false, infinite:true });$lavraslider2086380948.on(\"mouseover\", function() {$lavraslider2086380948.unslider(\"stop\");}).on(\"mouseout\", function() {$lavraslider2086380948.unslider(\"start\");});});<\/script><\/div><div>A C\u00e2mara Municipal de Lavras, por interm\u00e9dio de seu Presidente, Vereador Jo\u00e3o Paulo Felizardo, aderiu ao Parlamento Jovem de Minas no corrente ano, e o lan\u00e7amento oficial ocorrer\u00e1 na pr\u00f3xima ter\u00e7a-feira, dia 21, \u00e0s 19 horas, no Plen\u00e1rio &#8220;Dr. Orlando Haddad&#8221;, na sede daquela Casa, \u00e0 Avenida Pedro Sales, 542, Centro.<\/div>\n<p><!--more--><\/p>\n<p>O Parlamento Jovem de Minas \u00e9 um projeto de forma\u00e7\u00e3o cidad\u00e3 e pol\u00edtica, de parceria entre a Escola do Legislativo da Assembleia do Estado de Minas Gerais (ALMG), a Pontif\u00edcia Universidade Cat\u00f3lica de Minas Gerais (PUC Minas) e as C\u00e2maras Municipais.<\/p>\n<p><img fetchpriority=\"high\" decoding=\"async\" class=\"size-full wp-image-7459 aligncenter\" src=\"http:\/\/lavras.tv\/site\/wp-content\/uploads\/2017\/03\/parlamento-jovem.jpg\" alt=\"parlamento jovem\" width=\"2400\" height=\"1600\" srcset=\"https:\/\/lavras.tv\/site\/wp-content\/uploads\/2017\/03\/parlamento-jovem.jpg 2400w, https:\/\/lavras.tv\/site\/wp-content\/uploads\/2017\/03\/parlamento-jovem-150x100.jpg 150w, https:\/\/lavras.tv\/site\/wp-content\/uploads\/2017\/03\/parlamento-jovem-300x200.jpg 300w, https:\/\/lavras.tv\/site\/wp-content\/uploads\/2017\/03\/parlamento-jovem-1024x683.jpg 1024w, https:\/\/lavras.tv\/site\/wp-content\/uploads\/2017\/03\/parlamento-jovem-480x320.jpg 480w, https:\/\/lavras.tv\/site\/wp-content\/uploads\/2017\/03\/parlamento-jovem-272x182.jpg 272w\" sizes=\"(max-width: 2400px) 100vw, 2400px\" \/><br \/>\nSeu desenvolvimento\u00a0 \u00e9 protagonizado por estudantes do ensino m\u00e9dio das escolas, p\u00fablicas e privadas, dos munic\u00edpios que aderiram \u00e0 parceria.<\/p>\n<p>Neste ano de 2017, o tema proposto para a discuss\u00e3o \u00e9 &#8220;Educa\u00e7\u00e3o Pol\u00edtica nas Escolas&#8221;, de modo que os jovens s\u00e3o convidados a pesquisar e refletir sobre o assunto e a elaborar propostas dirigidas ao Poder P\u00fablico, que dever\u00e3o ser aprovadas e priorizadas em plen\u00e1rias municipais, regionais e estadual, e o documento final encaminhado \u00e0 Comiss\u00e3o de Participa\u00e7\u00e3o Popular da ALMG. Deste modo, as sugest\u00f5es de melhorias poder\u00e3o tornar-se projetos de leis do Legislativo e do Executivo, ou at\u00e9 mesmo indica\u00e7\u00f5es para execu\u00e7\u00f5es.<\/p>\n<p>Foram designados coordenadores municipais os servidores Lauriano Resende Barbosa e\u00a0 Rodrigo de Iorio, que contar\u00e3o com a parceria de monitores volunt\u00e1rios, graduandos em Administra\u00e7\u00e3o P\u00fablica e Direito pela Universidade Federal de Lavras (UFLA), al\u00e9m de docentes com especializa\u00e7\u00e3o psicopedag\u00f3gica e constitucional, visando qualidade e sucesso ao objetivo proposto.<\/p>\n<p>Todas as escolas do munic\u00edpio, com ensino m\u00e9dio, foram convidadas para tornarem-se parceiras do projeto e colaboraram para a aproxima\u00e7\u00e3o da juventude com a pol\u00edtica, afinal, a educa\u00e7\u00e3o e a democracia n\u00e3o existem sem que a sociedade se organize, sem que os jovens tenham consci\u00eancia do seu papel transformador.<\/p>\n<p>Assim, a C\u00e2mara Municipal convida toda a sociedade civil lavrense para o lan\u00e7amento desse projeto de renome e inigual\u00e1vel oportunidade para a forma\u00e7\u00e3o pol\u00edtica da juventude do nosso munic\u00edpio.<\/p>\n","protected":false},"excerpt":{"rendered":"<p>A C\u00e2mara Municipal de Lavras, por interm\u00e9dio de seu Presidente, Vereador Jo\u00e3o Paulo Felizardo, aderiu ao Parlamento Jovem de Minas no corrente ano, e o lan\u00e7amento oficial ocorrer\u00e1 na pr\u00f3xima ter\u00e7a-feira, dia 21, \u00e0s 19 horas, no Plen\u00e1rio &#8220;Dr. Orlando Haddad&#8221;, na sede daquela Casa, \u00e0 Avenida Pedro Sales, 542, Centro.<\/p>\n","protected":false},"author":2,"featured_media":7459,"comment_status":"closed","ping_status":"open","sticky":false,"template":"","format":"standard","meta":{"advgb_blocks_editor_width":"","advgb_blocks_columns_visual_guide":"","_exactmetrics_skip_tracking":false,"_exactmetrics_sitenote_active":false,"_exactmetrics_sitenote_note":"","_exactmetrics_sitenote_category":0,"footnotes":""},"categories":[7,12],"tags":[1398,1325,44,2958,396],"class_list":["post-7458","post","type-post","status-publish","format-standard","has-post-thumbnail","hentry","category-destaques","category-politica","tag-camara-municipal","tag-estudantes","tag-lavras-mg","tag-parlamento-jovem","tag-politica"],"better_featured_image":{"id":7459,"alt_text":"","caption":"","description":"","media_type":"image","media_details":{"width":2400,"height":1600,"file":"2017\/03\/parlamento-jovem.jpg","sizes":{"thumbnail":{"file":"parlamento-jovem-150x100.jpg","width":150,"height":100,"mime-type":"image\/jpeg","source_url":"https:\/\/lavras.tv\/site\/wp-content\/uploads\/2017\/03\/parlamento-jovem-150x100.jpg"},"medium":{"file":"parlamento-jovem-300x200.jpg","width":300,"height":200,"mime-type":"image\/jpeg","source_url":"https:\/\/lavras.tv\/site\/wp-content\/uploads\/2017\/03\/parlamento-jovem-300x200.jpg"},"large":{"file":"parlamento-jovem-1024x683.jpg","width":1024,"height":683,"mime-type":"image\/jpeg","source_url":"https:\/\/lavras.tv\/site\/wp-content\/uploads\/2017\/03\/parlamento-jovem-1024x683.jpg"},"featured-slider-img":{"file":"parlamento-jovem-640x480.jpg","width":640,"height":480,"mime-type":"image\/jpeg","source_url":"https:\/\/lavras.tv\/site\/wp-content\/uploads\/2017\/03\/parlamento-jovem-640x480.jpg"},"featured-post-img":{"file":"parlamento-jovem-480x320.jpg","width":480,"height":320,"mime-type":"image\/jpeg","source_url":"https:\/\/lavras.tv\/site\/wp-content\/uploads\/2017\/03\/parlamento-jovem-480x320.jpg"},"sow-carousel-default":{"file":"parlamento-jovem-272x182.jpg","width":272,"height":182,"mime-type":"image\/jpeg","source_url":"https:\/\/lavras.tv\/site\/wp-content\/uploads\/2017\/03\/parlamento-jovem-272x182.jpg"}},"image_meta":{"aperture":"0","credit":"","camera":"","caption":"","created_timestamp":"0","copyright":"","focal_length":"0","iso":"0","shutter_speed":"0","title":"","orientation":"0","keywords":[]}},"post":7458,"source_url":"https:\/\/lavras.tv\/site\/wp-content\/uploads\/2017\/03\/parlamento-jovem.jpg"},"author_meta":{"display_name":"Lavras TV","author_link":"https:\/\/lavras.tv\/site\/author\/lavrastv\/"},"featured_img":"https:\/\/lavras.tv\/site\/wp-content\/uploads\/2017\/03\/parlamento-jovem-300x200.jpg","coauthors":[],"tax_additional":{"categories":{"linked":["<a href=\"https:\/\/lavras.tv\/site\/category\/destaques\/\" class=\"advgb-post-tax-term\">Destaques<\/a>","<a href=\"https:\/\/lavras.tv\/site\/category\/politica\/\" class=\"advgb-post-tax-term\">Pol\u00edtica<\/a>"],"unlinked":["<span class=\"advgb-post-tax-term\">Destaques<\/span>","<span class=\"advgb-post-tax-term\">Pol\u00edtica<\/span>"]},"tags":{"linked":["<a href=\"https:\/\/lavras.tv\/site\/category\/politica\/\" class=\"advgb-post-tax-term\">C\u00e2mara municipal<\/a>","<a href=\"https:\/\/lavras.tv\/site\/category\/politica\/\" class=\"advgb-post-tax-term\">estudantes<\/a>","<a href=\"https:\/\/lavras.tv\/site\/category\/politica\/\" class=\"advgb-post-tax-term\">lavras mg<\/a>","<a href=\"https:\/\/lavras.tv\/site\/category\/politica\/\" class=\"advgb-post-tax-term\">parlamento jovem<\/a>","<a href=\"https:\/\/lavras.tv\/site\/category\/politica\/\" class=\"advgb-post-tax-term\">pol\u00edtica<\/a>"],"unlinked":["<span class=\"advgb-post-tax-term\">C\u00e2mara municipal<\/span>","<span class=\"advgb-post-tax-term\">estudantes<\/span>","<span class=\"advgb-post-tax-term\">lavras mg<\/span>","<span class=\"advgb-post-tax-term\">parlamento jovem<\/span>","<span class=\"advgb-post-tax-term\">pol\u00edtica<\/span>"]}},"comment_count":"0","relative_dates":{"created":"Publicado 9 anos atr\u00e1s","modified":"Atualizado 9 anos atr\u00e1s"},"absolute_dates":{"created":"Publicado em 20 de mar\u00e7o de 2017","modified":"Atualizado em 20 de mar\u00e7o de 2017"},"absolute_dates_time":{"created":"Publicado em 20 de mar\u00e7o de 2017 09:13","modified":"Atualizado em 20 de mar\u00e7o de 2017 09:13"},"featured_img_caption":"","series_order":"","_links":{"self":[{"href":"https:\/\/lavras.tv\/site\/wp-json\/wp\/v2\/posts\/7458","targetHints":{"allow":["GET"]}}],"collection":[{"href":"https:\/\/lavras.tv\/site\/wp-json\/wp\/v2\/posts"}],"about":[{"href":"https:\/\/lavras.tv\/site\/wp-json\/wp\/v2\/types\/post"}],"author":[{"embeddable":true,"href":"https:\/\/lavras.tv\/site\/wp-json\/wp\/v2\/users\/2"}],"replies":[{"embeddable":true,"href":"https:\/\/lavras.tv\/site\/wp-json\/wp\/v2\/comments?post=7458"}],"version-history":[{"count":1,"href":"https:\/\/lavras.tv\/site\/wp-json\/wp\/v2\/posts\/7458\/revisions"}],"predecessor-version":[{"id":7460,"href":"https:\/\/lavras.tv\/site\/wp-json\/wp\/v2\/posts\/7458\/revisions\/7460"}],"wp:featuredmedia":[{"embeddable":true,"href":"https:\/\/lavras.tv\/site\/wp-json\/wp\/v2\/media\/7459"}],"wp:attachment":[{"href":"https:\/\/lavras.tv\/site\/wp-json\/wp\/v2\/media?parent=7458"}],"wp:term":[{"taxonomy":"category","embeddable":true,"href":"https:\/\/lavras.tv\/site\/wp-json\/wp\/v2\/categories?post=7458"},{"taxonomy":"post_tag","embeddable":true,"href":"https:\/\/lavras.tv\/site\/wp-json\/wp\/v2\/tags?post=7458"}],"curies":[{"name":"wp","href":"https:\/\/api.w.org\/{rel}","templated":true}]}}