{"id":7524,"date":"2017-03-22T09:42:44","date_gmt":"2017-03-22T12:42:44","guid":{"rendered":"http:\/\/lavras.tv\/site\/?p=7524"},"modified":"2017-03-22T09:42:44","modified_gmt":"2017-03-22T12:42:44","slug":"michel-temer-retira-servidores-estaduais-e-municipais-da-reforma-da-previdencia","status":"publish","type":"post","link":"https:\/\/lavras.tv\/site\/2017\/03\/22\/michel-temer-retira-servidores-estaduais-e-municipais-da-reforma-da-previdencia\/","title":{"rendered":"Michel Temer retira servidores estaduais e municipais da reforma da Previd\u00eancia"},"content":{"rendered":"<div class=\"lavra-antes-do-conteudo_2\" id=\"lavra-1696542344\"><div id=\"lavra-slider-27\" class=\"custom-slider lavra-slider-2968747947 lavra-slider\"><ul><li><div style=\"margin-left: auto;margin-right: auto;text-align: center;\" id=\"lavra-882285632\"><a href=\"https:\/\/sistemas.lavras.mg.gov.br\/portalcidadao\/#df1b1a7c7b2a290bcb31e32771e610784662739a88807c0dacac58ede5f391a7530e299dc302d611ee73cb143fc22eaf93592e53e7b5bdb01b00a0b8d28dae460c141dd2ff83412e4dc1c31b16b25f33144a9e5620ea73b13f5bc1c59411d98439ad226e8af03840603796067d87afe130812cf3de24982d0e306f9e61e764e5\" aria-label=\"Lavras-TV&#8211;720x104px (1) (1)\"><img src=\"https:\/\/lavras.tv\/site\/wp-content\/uploads\/2025\/01\/Lavras-TV-720x104px-1-1.png\" alt=\"\"  srcset=\"https:\/\/lavras.tv\/site\/wp-content\/uploads\/2025\/01\/Lavras-TV-720x104px-1-1.png 720w, https:\/\/lavras.tv\/site\/wp-content\/uploads\/2025\/01\/Lavras-TV-720x104px-1-1-470x68.png 470w, https:\/\/lavras.tv\/site\/wp-content\/uploads\/2025\/01\/Lavras-TV-720x104px-1-1-170x25.png 170w, https:\/\/lavras.tv\/site\/wp-content\/uploads\/2025\/01\/Lavras-TV-720x104px-1-1-200x29.png 200w\" sizes=\"(max-width: 720px) 100vw, 720px\" width=\"720\" height=\"104\"  style=\"display: inline-block;\" \/><\/a><\/div><\/li><li><a href=\"https:\/\/sistemas.lavras.mg.gov.br\/portalcidadao\/#df1b1a7c7b2a290bcb31e32771e610784662739a88807c0dacac58ede5f391a7530e299dc302d611ee73cb143fc22eaf93592e53e7b5bdb01b00a0b8d28dae460c141dd2ff83412e4dc1c31b16b25f33144a9e5620ea73b13f5bc1c59411d98439ad226e8af03840603796067d87afe130812cf3de24982d0e306f9e61e764e5\" aria-label=\"Banner_Emprego_PortallavrasTV\"><img src=\"https:\/\/lavras.tv\/site\/wp-content\/uploads\/2025\/03\/Banner_Emprego_PortallavrasTV.png\" alt=\"\"  srcset=\"https:\/\/lavras.tv\/site\/wp-content\/uploads\/2025\/03\/Banner_Emprego_PortallavrasTV.png 720w, https:\/\/lavras.tv\/site\/wp-content\/uploads\/2025\/03\/Banner_Emprego_PortallavrasTV-470x68.png 470w, https:\/\/lavras.tv\/site\/wp-content\/uploads\/2025\/03\/Banner_Emprego_PortallavrasTV-170x25.png 170w, https:\/\/lavras.tv\/site\/wp-content\/uploads\/2025\/03\/Banner_Emprego_PortallavrasTV-200x29.png 200w\" sizes=\"(max-width: 720px) 100vw, 720px\" width=\"720\" height=\"104\"   \/><\/a><\/li><li><a href=\"https:\/\/sistemas.lavras.mg.gov.br\/portalcidadao\/#df1b1a7c7b2a290bcb31e32771e610784662739a88807c0dacac58ede5f391a7530e299dc302d611ee73cb143fc22eaf93592e53e7b5bdb01b00a0b8d28dae460c141dd2ff83412e4dc1c31b16b25f33144a9e5620ea73b13f5bc1c59411d98439ad226e8af03840603796067d87afe130812cf3de24982d0e306f9e61e764e5\" aria-label=\"Banner_Obras_PortallavrasTV\"><img src=\"https:\/\/lavras.tv\/site\/wp-content\/uploads\/2025\/03\/Banner_Obras_PortallavrasTV.png\" alt=\"\"  srcset=\"https:\/\/lavras.tv\/site\/wp-content\/uploads\/2025\/03\/Banner_Obras_PortallavrasTV.png 720w, https:\/\/lavras.tv\/site\/wp-content\/uploads\/2025\/03\/Banner_Obras_PortallavrasTV-470x68.png 470w, https:\/\/lavras.tv\/site\/wp-content\/uploads\/2025\/03\/Banner_Obras_PortallavrasTV-170x25.png 170w, https:\/\/lavras.tv\/site\/wp-content\/uploads\/2025\/03\/Banner_Obras_PortallavrasTV-200x29.png 200w\" sizes=\"(max-width: 720px) 100vw, 720px\" width=\"720\" height=\"104\"   \/><\/a><\/li><li><div style=\"margin-left: auto;margin-right: auto;text-align: center;\" id=\"lavra-3502351726\"><a href=\"https:\/\/sistemas.lavras.mg.gov.br\/portalcidadao\/#df1b1a7c7b2a290bcb31e32771e610784662739a88807c0dacac58ede5f391a7530e299dc302d611ee73cb143fc22eaf93592e53e7b5bdb01b00a0b8d28dae460c141dd2ff83412e4dc1c31b16b25f33144a9e5620ea73b13f5bc1c59411d98439ad226e8af03840603796067d87afe130812cf3de24982d0e306f9e61e764e5\" aria-label=\"Banner_Educa\u00e7\u00e3o_PortallavrasTV\"><img src=\"https:\/\/lavras.tv\/site\/wp-content\/uploads\/2025\/01\/Banner_Educacao_PortallavrasTV.png\" alt=\"\"  srcset=\"https:\/\/lavras.tv\/site\/wp-content\/uploads\/2025\/01\/Banner_Educacao_PortallavrasTV.png 720w, https:\/\/lavras.tv\/site\/wp-content\/uploads\/2025\/01\/Banner_Educacao_PortallavrasTV-470x68.png 470w, https:\/\/lavras.tv\/site\/wp-content\/uploads\/2025\/01\/Banner_Educacao_PortallavrasTV-170x25.png 170w, https:\/\/lavras.tv\/site\/wp-content\/uploads\/2025\/01\/Banner_Educacao_PortallavrasTV-200x29.png 200w\" sizes=\"(max-width: 720px) 100vw, 720px\" width=\"720\" height=\"104\"  style=\"display: inline-block;\" \/><\/a><\/div><\/li><li><a href=\"https:\/\/sistemas.lavras.mg.gov.br\/portalcidadao\/#df1b1a7c7b2a290bcb31e32771e610784662739a88807c0dacac58ede5f391a7530e299dc302d611ee73cb143fc22eaf93592e53e7b5bdb01b00a0b8d28dae460c141dd2ff83412e4dc1c31b16b25f33144a9e5620ea73b13f5bc1c59411d98439ad226e8af03840603796067d87afe130812cf3de24982d0e306f9e61e764e5\" aria-label=\"Banner_Sa\u00fade_PortallavrasTV\"><img src=\"https:\/\/lavras.tv\/site\/wp-content\/uploads\/2025\/03\/Banner_Saude_PortallavrasTV.png\" alt=\"\"  srcset=\"https:\/\/lavras.tv\/site\/wp-content\/uploads\/2025\/03\/Banner_Saude_PortallavrasTV.png 720w, https:\/\/lavras.tv\/site\/wp-content\/uploads\/2025\/03\/Banner_Saude_PortallavrasTV-470x68.png 470w, https:\/\/lavras.tv\/site\/wp-content\/uploads\/2025\/03\/Banner_Saude_PortallavrasTV-170x25.png 170w, https:\/\/lavras.tv\/site\/wp-content\/uploads\/2025\/03\/Banner_Saude_PortallavrasTV-200x29.png 200w\" sizes=\"(max-width: 720px) 100vw, 720px\" width=\"720\" height=\"104\"   \/><\/a><\/li><li><div id=\"lavra-1905643953\" style=\"width:720px;height:104px;background-color:#ddd;overflow:scroll;\">\n\t<strong>Sa\u00edda da depura\u00e7\u00e3o de an\u00fancios<\/strong>\n\t<br><br>\n\tO an\u00fancio n\u00e3o \u00e9 exibido na p\u00e1gina<br><br>post atual: Michel Temer retira servidores estaduais e municipais da reforma da Previd\u00eancia, ID: 7524<br><br><span style=\"color: red;\">O post atual n\u00e3o \u00e9 id\u00eantico ao post principal.<\/span><br><br>An\u00fancios: ROXO - TOPO INTERNA - ROTATIVO 2 (197)<br \/>Grupo de an\u00fancios: Princ_Meio01_720x104 (27)<br><br>Condi\u00e7\u00f5es de exibi\u00e7\u00e3o<div style=\"margin-bottom: 20px; white-space: pre-wrap; font-family: monospace; width: 100%; background: #ffe9e9;\"><strong>condi\u00e7\u00f5es gerais<\/strong><table border=\"1\"><thead><tr><th><\/th><th>An\u00fancios<\/th><th>wp_the_query<\/th><\/tr><\/thead><tr><td>is_main_query<\/td><td>1<\/td><td>1<\/td><\/tr><tr><td>is_rest_api<\/td><td>0<\/td><td>1<\/td><\/tr><tr><td>page<\/td><td>0<\/td><td>1<\/td><\/tr><tr><td>numpages<\/td><td>0<\/td><td>1<\/td><\/tr><tr><td>is_archive<\/td><td>1<\/td><td><\/td><\/tr><tr><td>is_search<\/td><td>1<\/td><td><\/td><\/tr><tr><td>is_home<\/td><td>1<\/td><td><\/td><\/tr><tr><td>is_404<\/td><td>1<\/td><td><\/td><\/tr><tr><td>is_attachment<\/td><td>1<\/td><td><\/td><\/tr><tr><td>is_singular<\/td><td>1<\/td><td><\/td><\/tr><tr><td>is_front_page<\/td><td>1<\/td><td><\/td><\/tr><tr><td>is_feed<\/td><td>1<\/td><td><\/td><\/tr><\/table><\/div><br><br><span style=\"color: red;\">Seu site usa HTTPS, mas o c\u00f3digo do an\u00fancio cont\u00e9m HTTP e pode n\u00e3o funcionar.<\/span>\t<br><br>\n\t<a style=\"color: green;\" href=\"https:\/\/wpadvancedads.com\/manual\/ad-debug-mode\/?utm_source=advanced-ads&utm_medium=link&utm_campaign=ad-debug-mode\" target=\"_blank\" rel=\"nofollow\">Encontre solu\u00e7\u00f5es no manual<\/a>\n<\/div>\n<\/li><\/ul><\/div><script>( window.advanced_ads_ready || jQuery( document ).ready ).call( null, function() {var $lavraslider2968747947 = jQuery( \".lavra-slider-2968747947\" );$lavraslider2968747947.on( \"unslider.ready\", function() { jQuery( \"div.custom-slider ul li\" ).css( \"display\", \"block\" ); });$lavraslider2968747947.unslider({ delay:4000, autoplay:true, nav:false, arrows:false, infinite:true });$lavraslider2968747947.on(\"mouseover\", function() {$lavraslider2968747947.unslider(\"stop\");}).on(\"mouseout\", function() {$lavraslider2968747947.unslider(\"start\");});});<\/script><\/div><p>Pressionado por lideran\u00e7as pol\u00edticas e surpreendendo a todos com um pronunciamento chamado \u00e0s pressas no in\u00edcio desta noite de ter\u00e7a-feira, o presidente Michel Temer anunciou que a proposta de reforma da Previd\u00eancia n\u00e3o vai mais incluir a revis\u00e3o das regras para servidores estaduais e municipais. \u00c9 o primeiro recuo oficial do governo na proposta da reforma previdenci\u00e1ria.<\/p>\n<p><img fetchpriority=\"high\" decoding=\"async\" class=\"size-full wp-image-7525 aligncenter\" src=\"http:\/\/lavras.tv\/site\/wp-content\/uploads\/2017\/03\/reforma.jpg\" alt=\"reforma\" width=\"405\" height=\"272\" srcset=\"https:\/\/lavras.tv\/site\/wp-content\/uploads\/2017\/03\/reforma.jpg 405w, https:\/\/lavras.tv\/site\/wp-content\/uploads\/2017\/03\/reforma-150x101.jpg 150w, https:\/\/lavras.tv\/site\/wp-content\/uploads\/2017\/03\/reforma-300x201.jpg 300w, https:\/\/lavras.tv\/site\/wp-content\/uploads\/2017\/03\/reforma-272x182.jpg 272w\" sizes=\"(max-width: 405px) 100vw, 405px\" \/><\/p>\n<p>O presidente disse que tomou a decis\u00e3o ap\u00f3s v\u00e1rias reuni\u00f5es com lideran\u00e7as da C\u00e2mara e do Senado nos \u00faltimos dias. Nesses encontros, segundo ele, &#8220;surgiu com grande for\u00e7a&#8221; a ideia de que a Uni\u00e3o deveria respeitar a autonomia dos Estados e munic\u00edpios, fortalecer o &#8220;princ\u00edpio federativo&#8221; e fazer com que a reforma atingisse apenas servidores federais.<\/p>\n<p>&#8220;V\u00e1rios Estados j\u00e1 providenciaram sua reformula\u00e7\u00e3o previdenci\u00e1ria. Seria uma relativa invas\u00e3o de compet\u00eancia e n\u00e3o queremos neste momento levar adiante&#8221;, disse, citando como exemplo categorias de policiais civis e professores. &#8220;Funcion\u00e1rios estaduais e municipais, de forma geral, depender\u00e3o da manifesta\u00e7\u00e3o de seus governos estaduais e municipais&#8221;, disse Temer.<\/p>\n<p>Temer reiterou que a aprova\u00e7\u00e3o da reforma da Previd\u00eancia \u00e9 fundamental para o desenvolvimento econ\u00f4mico do Pa\u00eds, adequa\u00e7\u00e3o das contas p\u00fablicas e gera\u00e7\u00e3o de novos empregos.<\/p>\n<p>&#8220;Estou passando para o relator (Artur Maia &#8211; PPS-BA) e para o presidente da comiss\u00e3o (Carlos Marun &#8211; PMDB-MS), que logo amanh\u00e3 (quarta) transmitir\u00e3o que, a partir de agora, trabalham com a Previd\u00eancia apenas para servidores federais&#8221;, afirmou. &#8220;Desde os primeiros momentos da nossa posse, dissemos que quer\u00edamos respeitar o princ\u00edpio federativo. Reitero essa inten\u00e7\u00e3o.&#8221;<\/p>\n<p>Temer ressaltou que tomou a decis\u00e3o em raz\u00e3o de &#8220;peculiaridades locais&#8221;, e disse que os Estados e munic\u00edpios far\u00e3o a reforma &#8220;se for necess\u00e1rio&#8221;. &#8220;Se n\u00e3o, n\u00e3o se submeter\u00e3o a isso&#8221;, afirmou.<\/p>\n<p>Os servidores p\u00fablicos fazem parte do grupo mais articulado no Congresso no lobby contra a reforma da Previd\u00eancia. A decis\u00e3o do presidente pode abrir novos precedentes de mudan\u00e7as, j\u00e1 que v\u00e1rias categorias de servidores federais tamb\u00e9m pedem para ficar de fora da Proposta de Emenda \u00e0 Constitui\u00e7\u00e3o (PEC), entre eles ju\u00edzes e procuradores do Minist\u00e9rio P\u00fablico.<\/p>\n<p>O an\u00fancio foi feito sem a presen\u00e7a dos ministros da \u00e1rea econ\u00f4mica, Henrique Meirelles (Fazenda) e Dyogo Oliveira (Planejamento), e da Casa Civil, Eliseu Padilha, que coordenaram a equipe respons\u00e1vel pela elabora\u00e7\u00e3o da proposta.<\/p>\n<p>Durante o comunicado, Temer estava cercado por lideran\u00e7as pol\u00edticas, entre elas o presidente da C\u00e2mara, Rodrigo Maia (DEM-RJ), o senador Romero Juc\u00e1 (PMDB-RR) e os ministros da Secretaria-Geral da Presid\u00eancia, Moreira Franco, e de Secretaria de Governo, Amtonio Imbassahy, al\u00e9m do presidente e do relator da comiss\u00e3o da reforma da Previd\u00eancia na C\u00e2mara.<\/p>\n<p>Meirelles esteve reunido com Temer antes do an\u00fancio. Temer fez apenas um pronunciamento e n\u00e3o respondeu a perguntas, nem mesmo se a medida representava uma derrota da equipe econ\u00f4mica.<\/p>\n<p>Fonte: Itatiaia<\/p>\n","protected":false},"excerpt":{"rendered":"<p>Pressionado por lideran\u00e7as pol\u00edticas e surpreendendo a todos com um pronunciamento chamado \u00e0s pressas no in\u00edcio desta noite de ter\u00e7a-feira, o presidente Michel Temer anunciou que a proposta de reforma da Previd\u00eancia n\u00e3o vai mais incluir a revis\u00e3o das regras para servidores estaduais e municipais. \u00c9 o primeiro recuo oficial do governo na proposta da [&hellip;]<\/p>\n","protected":false},"author":2,"featured_media":7525,"comment_status":"closed","ping_status":"open","sticky":false,"template":"","format":"standard","meta":{"advgb_blocks_editor_width":"","advgb_blocks_columns_visual_guide":"","_exactmetrics_skip_tracking":false,"_exactmetrics_sitenote_active":false,"_exactmetrics_sitenote_note":"","_exactmetrics_sitenote_category":0,"footnotes":""},"categories":[12],"tags":[2988,697,2989,1875,2987],"class_list":["post-7524","post","type-post","status-publish","format-standard","has-post-thumbnail","hentry","category-politica","tag-estaduais","tag-michel-temer","tag-municipais","tag-reforma-da-previdencia","tag-servidores"],"better_featured_image":{"id":7525,"alt_text":"","caption":"","description":"","media_type":"image","media_details":{"width":405,"height":272,"file":"2017\/03\/reforma.jpg","sizes":{"thumbnail":{"file":"reforma-150x101.jpg","width":150,"height":101,"mime-type":"image\/jpeg","source_url":"https:\/\/lavras.tv\/site\/wp-content\/uploads\/2017\/03\/reforma-150x101.jpg"},"medium":{"file":"reforma-300x201.jpg","width":300,"height":201,"mime-type":"image\/jpeg","source_url":"https:\/\/lavras.tv\/site\/wp-content\/uploads\/2017\/03\/reforma-300x201.jpg"},"sow-carousel-default":{"file":"reforma-272x182.jpg","width":272,"height":182,"mime-type":"image\/jpeg","source_url":"https:\/\/lavras.tv\/site\/wp-content\/uploads\/2017\/03\/reforma-272x182.jpg"}},"image_meta":{"aperture":"0","credit":"","camera":"","caption":"","created_timestamp":"0","copyright":"","focal_length":"0","iso":"0","shutter_speed":"0","title":"","orientation":"0","keywords":[]}},"post":7524,"source_url":"https:\/\/lavras.tv\/site\/wp-content\/uploads\/2017\/03\/reforma.jpg"},"author_meta":{"display_name":"Lavras TV","author_link":"https:\/\/lavras.tv\/site\/author\/lavrastv\/"},"featured_img":"https:\/\/lavras.tv\/site\/wp-content\/uploads\/2017\/03\/reforma-300x201.jpg","coauthors":[],"tax_additional":{"categories":{"linked":["<a href=\"https:\/\/lavras.tv\/site\/category\/politica\/\" class=\"advgb-post-tax-term\">Pol\u00edtica<\/a>"],"unlinked":["<span class=\"advgb-post-tax-term\">Pol\u00edtica<\/span>"]},"tags":{"linked":["<a href=\"https:\/\/lavras.tv\/site\/category\/politica\/\" class=\"advgb-post-tax-term\">estaduais<\/a>","<a href=\"https:\/\/lavras.tv\/site\/category\/politica\/\" class=\"advgb-post-tax-term\">michel temer<\/a>","<a href=\"https:\/\/lavras.tv\/site\/category\/politica\/\" class=\"advgb-post-tax-term\">municipais<\/a>","<a href=\"https:\/\/lavras.tv\/site\/category\/politica\/\" class=\"advgb-post-tax-term\">reforma da previd\u00eancia<\/a>","<a href=\"https:\/\/lavras.tv\/site\/category\/politica\/\" class=\"advgb-post-tax-term\">servidores<\/a>"],"unlinked":["<span class=\"advgb-post-tax-term\">estaduais<\/span>","<span class=\"advgb-post-tax-term\">michel temer<\/span>","<span class=\"advgb-post-tax-term\">municipais<\/span>","<span class=\"advgb-post-tax-term\">reforma da previd\u00eancia<\/span>","<span class=\"advgb-post-tax-term\">servidores<\/span>"]}},"comment_count":"0","relative_dates":{"created":"Publicado 9 anos atr\u00e1s","modified":"Atualizado 9 anos atr\u00e1s"},"absolute_dates":{"created":"Publicado em 22 de mar\u00e7o de 2017","modified":"Atualizado em 22 de mar\u00e7o de 2017"},"absolute_dates_time":{"created":"Publicado em 22 de mar\u00e7o de 2017 09:42","modified":"Atualizado em 22 de mar\u00e7o de 2017 09:42"},"featured_img_caption":"","series_order":"","_links":{"self":[{"href":"https:\/\/lavras.tv\/site\/wp-json\/wp\/v2\/posts\/7524","targetHints":{"allow":["GET"]}}],"collection":[{"href":"https:\/\/lavras.tv\/site\/wp-json\/wp\/v2\/posts"}],"about":[{"href":"https:\/\/lavras.tv\/site\/wp-json\/wp\/v2\/types\/post"}],"author":[{"embeddable":true,"href":"https:\/\/lavras.tv\/site\/wp-json\/wp\/v2\/users\/2"}],"replies":[{"embeddable":true,"href":"https:\/\/lavras.tv\/site\/wp-json\/wp\/v2\/comments?post=7524"}],"version-history":[{"count":1,"href":"https:\/\/lavras.tv\/site\/wp-json\/wp\/v2\/posts\/7524\/revisions"}],"predecessor-version":[{"id":7526,"href":"https:\/\/lavras.tv\/site\/wp-json\/wp\/v2\/posts\/7524\/revisions\/7526"}],"wp:featuredmedia":[{"embeddable":true,"href":"https:\/\/lavras.tv\/site\/wp-json\/wp\/v2\/media\/7525"}],"wp:attachment":[{"href":"https:\/\/lavras.tv\/site\/wp-json\/wp\/v2\/media?parent=7524"}],"wp:term":[{"taxonomy":"category","embeddable":true,"href":"https:\/\/lavras.tv\/site\/wp-json\/wp\/v2\/categories?post=7524"},{"taxonomy":"post_tag","embeddable":true,"href":"https:\/\/lavras.tv\/site\/wp-json\/wp\/v2\/tags?post=7524"}],"curies":[{"name":"wp","href":"https:\/\/api.w.org\/{rel}","templated":true}]}}