{"id":7632,"date":"2017-03-27T09:41:32","date_gmt":"2017-03-27T12:41:32","guid":{"rendered":"http:\/\/lavras.tv\/site\/?p=7632"},"modified":"2017-03-27T09:41:32","modified_gmt":"2017-03-27T12:41:32","slug":"informe-parlamentar-mais-de-5-milhoes-sao-indicados-pela-deputada-damina-pereira-para-lavras","status":"publish","type":"post","link":"https:\/\/lavras.tv\/site\/2017\/03\/27\/informe-parlamentar-mais-de-5-milhoes-sao-indicados-pela-deputada-damina-pereira-para-lavras\/","title":{"rendered":"[Informe Parlamentar] Mais de 5 milh\u00f5es s\u00e3o indicados pela deputada D\u00e2mina Pereira para Lavras"},"content":{"rendered":"<div class=\"lavra-antes-do-conteudo_2\" id=\"lavra-4224920801\"><div id=\"lavra-slider-27\" class=\"custom-slider lavra-slider-3321851132 lavra-slider\"><ul><li><div style=\"margin-left: auto;margin-right: auto;text-align: center;\" id=\"lavra-2714544829\"><a href=\"https:\/\/sistemas.lavras.mg.gov.br\/portalcidadao\/#df1b1a7c7b2a290bcb31e32771e610784662739a88807c0dacac58ede5f391a7530e299dc302d611ee73cb143fc22eaf93592e53e7b5bdb01b00a0b8d28dae460c141dd2ff83412e4dc1c31b16b25f33144a9e5620ea73b13f5bc1c59411d98439ad226e8af03840603796067d87afe130812cf3de24982d0e306f9e61e764e5\" aria-label=\"Lavras-TV&#8211;720x104px (1) (1)\"><img src=\"https:\/\/lavras.tv\/site\/wp-content\/uploads\/2025\/01\/Lavras-TV-720x104px-1-1.png\" alt=\"\"  srcset=\"https:\/\/lavras.tv\/site\/wp-content\/uploads\/2025\/01\/Lavras-TV-720x104px-1-1.png 720w, https:\/\/lavras.tv\/site\/wp-content\/uploads\/2025\/01\/Lavras-TV-720x104px-1-1-470x68.png 470w, https:\/\/lavras.tv\/site\/wp-content\/uploads\/2025\/01\/Lavras-TV-720x104px-1-1-170x25.png 170w, https:\/\/lavras.tv\/site\/wp-content\/uploads\/2025\/01\/Lavras-TV-720x104px-1-1-200x29.png 200w\" sizes=\"(max-width: 720px) 100vw, 720px\" width=\"720\" height=\"104\"  style=\"display: inline-block;\" \/><\/a><\/div><\/li><li><a href=\"https:\/\/sistemas.lavras.mg.gov.br\/portalcidadao\/#df1b1a7c7b2a290bcb31e32771e610784662739a88807c0dacac58ede5f391a7530e299dc302d611ee73cb143fc22eaf93592e53e7b5bdb01b00a0b8d28dae460c141dd2ff83412e4dc1c31b16b25f33144a9e5620ea73b13f5bc1c59411d98439ad226e8af03840603796067d87afe130812cf3de24982d0e306f9e61e764e5\" aria-label=\"Banner_Emprego_PortallavrasTV\"><img src=\"https:\/\/lavras.tv\/site\/wp-content\/uploads\/2025\/03\/Banner_Emprego_PortallavrasTV.png\" alt=\"\"  srcset=\"https:\/\/lavras.tv\/site\/wp-content\/uploads\/2025\/03\/Banner_Emprego_PortallavrasTV.png 720w, https:\/\/lavras.tv\/site\/wp-content\/uploads\/2025\/03\/Banner_Emprego_PortallavrasTV-470x68.png 470w, https:\/\/lavras.tv\/site\/wp-content\/uploads\/2025\/03\/Banner_Emprego_PortallavrasTV-170x25.png 170w, https:\/\/lavras.tv\/site\/wp-content\/uploads\/2025\/03\/Banner_Emprego_PortallavrasTV-200x29.png 200w\" sizes=\"(max-width: 720px) 100vw, 720px\" width=\"720\" height=\"104\"   \/><\/a><\/li><li><a href=\"https:\/\/sistemas.lavras.mg.gov.br\/portalcidadao\/#df1b1a7c7b2a290bcb31e32771e610784662739a88807c0dacac58ede5f391a7530e299dc302d611ee73cb143fc22eaf93592e53e7b5bdb01b00a0b8d28dae460c141dd2ff83412e4dc1c31b16b25f33144a9e5620ea73b13f5bc1c59411d98439ad226e8af03840603796067d87afe130812cf3de24982d0e306f9e61e764e5\" aria-label=\"Banner_Obras_PortallavrasTV\"><img src=\"https:\/\/lavras.tv\/site\/wp-content\/uploads\/2025\/03\/Banner_Obras_PortallavrasTV.png\" alt=\"\"  srcset=\"https:\/\/lavras.tv\/site\/wp-content\/uploads\/2025\/03\/Banner_Obras_PortallavrasTV.png 720w, https:\/\/lavras.tv\/site\/wp-content\/uploads\/2025\/03\/Banner_Obras_PortallavrasTV-470x68.png 470w, https:\/\/lavras.tv\/site\/wp-content\/uploads\/2025\/03\/Banner_Obras_PortallavrasTV-170x25.png 170w, https:\/\/lavras.tv\/site\/wp-content\/uploads\/2025\/03\/Banner_Obras_PortallavrasTV-200x29.png 200w\" sizes=\"(max-width: 720px) 100vw, 720px\" width=\"720\" height=\"104\"   \/><\/a><\/li><li><div style=\"margin-left: auto;margin-right: auto;text-align: center;\" id=\"lavra-1000291065\"><a href=\"https:\/\/sistemas.lavras.mg.gov.br\/portalcidadao\/#df1b1a7c7b2a290bcb31e32771e610784662739a88807c0dacac58ede5f391a7530e299dc302d611ee73cb143fc22eaf93592e53e7b5bdb01b00a0b8d28dae460c141dd2ff83412e4dc1c31b16b25f33144a9e5620ea73b13f5bc1c59411d98439ad226e8af03840603796067d87afe130812cf3de24982d0e306f9e61e764e5\" aria-label=\"Banner_Educa\u00e7\u00e3o_PortallavrasTV\"><img src=\"https:\/\/lavras.tv\/site\/wp-content\/uploads\/2025\/01\/Banner_Educacao_PortallavrasTV.png\" alt=\"\"  srcset=\"https:\/\/lavras.tv\/site\/wp-content\/uploads\/2025\/01\/Banner_Educacao_PortallavrasTV.png 720w, https:\/\/lavras.tv\/site\/wp-content\/uploads\/2025\/01\/Banner_Educacao_PortallavrasTV-470x68.png 470w, https:\/\/lavras.tv\/site\/wp-content\/uploads\/2025\/01\/Banner_Educacao_PortallavrasTV-170x25.png 170w, https:\/\/lavras.tv\/site\/wp-content\/uploads\/2025\/01\/Banner_Educacao_PortallavrasTV-200x29.png 200w\" sizes=\"(max-width: 720px) 100vw, 720px\" width=\"720\" height=\"104\"  style=\"display: inline-block;\" \/><\/a><\/div><\/li><li><a href=\"https:\/\/sistemas.lavras.mg.gov.br\/portalcidadao\/#df1b1a7c7b2a290bcb31e32771e610784662739a88807c0dacac58ede5f391a7530e299dc302d611ee73cb143fc22eaf93592e53e7b5bdb01b00a0b8d28dae460c141dd2ff83412e4dc1c31b16b25f33144a9e5620ea73b13f5bc1c59411d98439ad226e8af03840603796067d87afe130812cf3de24982d0e306f9e61e764e5\" aria-label=\"Banner_Sa\u00fade_PortallavrasTV\"><img src=\"https:\/\/lavras.tv\/site\/wp-content\/uploads\/2025\/03\/Banner_Saude_PortallavrasTV.png\" alt=\"\"  srcset=\"https:\/\/lavras.tv\/site\/wp-content\/uploads\/2025\/03\/Banner_Saude_PortallavrasTV.png 720w, https:\/\/lavras.tv\/site\/wp-content\/uploads\/2025\/03\/Banner_Saude_PortallavrasTV-470x68.png 470w, https:\/\/lavras.tv\/site\/wp-content\/uploads\/2025\/03\/Banner_Saude_PortallavrasTV-170x25.png 170w, https:\/\/lavras.tv\/site\/wp-content\/uploads\/2025\/03\/Banner_Saude_PortallavrasTV-200x29.png 200w\" sizes=\"(max-width: 720px) 100vw, 720px\" width=\"720\" height=\"104\"   \/><\/a><\/li><li><div id=\"lavra-4137116212\" style=\"width:720px;height:104px;background-color:#ddd;overflow:scroll;\">\n\t<strong>Sa\u00edda da depura\u00e7\u00e3o de an\u00fancios<\/strong>\n\t<br><br>\n\tO an\u00fancio n\u00e3o \u00e9 exibido na p\u00e1gina<br><br>post atual: [Informe Parlamentar] Mais de 5 milh\u00f5es s\u00e3o indicados pela deputada D\u00e2mina Pereira para Lavras, ID: 7632<br><br><span style=\"color: red;\">O post atual n\u00e3o \u00e9 id\u00eantico ao post principal.<\/span><br><br>An\u00fancios: ROXO - TOPO INTERNA - ROTATIVO 2 (197)<br \/>Grupo de an\u00fancios: Princ_Meio01_720x104 (27)<br><br>Condi\u00e7\u00f5es de exibi\u00e7\u00e3o<div style=\"margin-bottom: 20px; white-space: pre-wrap; font-family: monospace; width: 100%; background: #ffe9e9;\"><strong>condi\u00e7\u00f5es gerais<\/strong><table border=\"1\"><thead><tr><th><\/th><th>An\u00fancios<\/th><th>wp_the_query<\/th><\/tr><\/thead><tr><td>is_main_query<\/td><td>1<\/td><td>1<\/td><\/tr><tr><td>is_rest_api<\/td><td>0<\/td><td>1<\/td><\/tr><tr><td>page<\/td><td>0<\/td><td>1<\/td><\/tr><tr><td>numpages<\/td><td>0<\/td><td>1<\/td><\/tr><tr><td>is_archive<\/td><td>1<\/td><td><\/td><\/tr><tr><td>is_search<\/td><td>1<\/td><td><\/td><\/tr><tr><td>is_home<\/td><td>1<\/td><td><\/td><\/tr><tr><td>is_404<\/td><td>1<\/td><td><\/td><\/tr><tr><td>is_attachment<\/td><td>1<\/td><td><\/td><\/tr><tr><td>is_singular<\/td><td>1<\/td><td><\/td><\/tr><tr><td>is_front_page<\/td><td>1<\/td><td><\/td><\/tr><tr><td>is_feed<\/td><td>1<\/td><td><\/td><\/tr><\/table><\/div><br><br><span style=\"color: red;\">Seu site usa HTTPS, mas o c\u00f3digo do an\u00fancio cont\u00e9m HTTP e pode n\u00e3o funcionar.<\/span>\t<br><br>\n\t<a style=\"color: green;\" href=\"https:\/\/wpadvancedads.com\/manual\/ad-debug-mode\/?utm_source=advanced-ads&utm_medium=link&utm_campaign=ad-debug-mode\" target=\"_blank\" rel=\"nofollow\">Encontre solu\u00e7\u00f5es no manual<\/a>\n<\/div>\n<\/li><\/ul><\/div><script>( window.advanced_ads_ready || jQuery( document ).ready ).call( null, function() {var $lavraslider3321851132 = jQuery( \".lavra-slider-3321851132\" );$lavraslider3321851132.on( \"unslider.ready\", function() { jQuery( \"div.custom-slider ul li\" ).css( \"display\", \"block\" ); });$lavraslider3321851132.unslider({ delay:4000, autoplay:true, nav:false, arrows:false, infinite:true });$lavraslider3321851132.on(\"mouseover\", function() {$lavraslider3321851132.unslider(\"stop\");}).on(\"mouseout\", function() {$lavraslider3321851132.unslider(\"start\");});});<\/script><\/div><p>A deputada federal D\u00e2mina Pereira (PSL\/MG) anunciou novos recursos or\u00e7ament\u00e1rios para Lavras, que somam R$ 5.039.538,00.<!--more--> S\u00e3o emendas impositivas e, portanto, com a garantia de repasse para o munic\u00edpio.<\/p>\n<p><img fetchpriority=\"high\" decoding=\"async\" class=\"size-full wp-image-7633 aligncenter\" src=\"http:\/\/lavras.tv\/site\/wp-content\/uploads\/2017\/03\/informe-damina-2.jpg\" alt=\"informe damina 2\" width=\"919\" height=\"613\" srcset=\"https:\/\/lavras.tv\/site\/wp-content\/uploads\/2017\/03\/informe-damina-2.jpg 919w, https:\/\/lavras.tv\/site\/wp-content\/uploads\/2017\/03\/informe-damina-2-150x100.jpg 150w, https:\/\/lavras.tv\/site\/wp-content\/uploads\/2017\/03\/informe-damina-2-300x200.jpg 300w, https:\/\/lavras.tv\/site\/wp-content\/uploads\/2017\/03\/informe-damina-2-480x320.jpg 480w, https:\/\/lavras.tv\/site\/wp-content\/uploads\/2017\/03\/informe-damina-2-272x182.jpg 272w\" sizes=\"(max-width: 919px) 100vw, 919px\" \/><\/p>\n<p>Deste valor R$4.879.769,00 foram indicados junto ao Minist\u00e9rio da Sa\u00fade e ser\u00e3o repassados para a Santa Casa de Miseric\u00f3rdia em Lavras.<\/p>\n<p>Os outros R$159.769,00 ser\u00e3o destinados para a estrutura\u00e7\u00e3o da Rede de Servi\u00e7os de Prote\u00e7\u00e3o Social B\u00e1sica. Dez entidades da cidade ser\u00e3o beneficiadas, s\u00e3o elas: Lar Augusto Silva, N\u00facleo Assistencial Casa da Vov\u00f3. Instituto de Acolhimento e Recupera\u00e7\u00e3o Eterna Miseric\u00f3rdia, Associa\u00e7\u00e3o de Recupera\u00e7\u00e3o pela Educa\u00e7\u00e3o, Sa\u00fade e Trabalho, Associa\u00e7\u00e3o Brasileira Comunit\u00e1ria para Preven\u00e7\u00e3o do Abuso de Drogas, Lar Esperan\u00e7a e Vida Mateus Loureiro Ticle, Casa de Transforma\u00e7\u00e3o Bet\u00e2nia, Associa\u00e7\u00e3o Desafio Jovem Lavras, Sociedade Esquadr\u00e3o da Vida de Lavras e Associa\u00e7\u00e3o Regional para o Desenvolvimento do Cidad\u00e3o com Transtorno do Espectro Autista. Esses recursos foram indicados no Minist\u00e9rio do Desenvolvimento Social.<\/p>\n<p><img decoding=\"async\" class=\"size-full wp-image-7634 aligncenter\" src=\"http:\/\/lavras.tv\/site\/wp-content\/uploads\/2017\/03\/informe-damina-3.jpg\" alt=\"informe damina 3\" width=\"919\" height=\"613\" srcset=\"https:\/\/lavras.tv\/site\/wp-content\/uploads\/2017\/03\/informe-damina-3.jpg 919w, https:\/\/lavras.tv\/site\/wp-content\/uploads\/2017\/03\/informe-damina-3-150x100.jpg 150w, https:\/\/lavras.tv\/site\/wp-content\/uploads\/2017\/03\/informe-damina-3-300x200.jpg 300w, https:\/\/lavras.tv\/site\/wp-content\/uploads\/2017\/03\/informe-damina-3-480x320.jpg 480w, https:\/\/lavras.tv\/site\/wp-content\/uploads\/2017\/03\/informe-damina-3-272x182.jpg 272w\" sizes=\"(max-width: 919px) 100vw, 919px\" \/><\/p>\n<p>Na tarde de sexta-feira (24), a deputada esteve com o prefeito Jos\u00e9 Cherem e o presidente do PSL em Minas, Carlos Alberto Pereira, anunciando a indica\u00e7\u00e3o das emendas.<\/p>\n<p>\u201cS\u00e3o emendas garantidas para o munic\u00edpio. Com esses novos recursos, s\u00e3o mais de doze milh\u00f5es indicados para a sa\u00fade desde o in\u00edcio do meu mandato. Ao longo de todo esse per\u00edodo indiquei investimentos para o esporte, turismo e agora para \u00e1rea social. S\u00e3o dez entidades contempladas\u201d, explicou a parlamentar.<\/p>\n<p><img decoding=\"async\" class=\"size-full wp-image-7635 aligncenter\" src=\"http:\/\/lavras.tv\/site\/wp-content\/uploads\/2017\/03\/informe-damina.jpg\" alt=\"informe damina\" width=\"919\" height=\"613\" srcset=\"https:\/\/lavras.tv\/site\/wp-content\/uploads\/2017\/03\/informe-damina.jpg 919w, https:\/\/lavras.tv\/site\/wp-content\/uploads\/2017\/03\/informe-damina-150x100.jpg 150w, https:\/\/lavras.tv\/site\/wp-content\/uploads\/2017\/03\/informe-damina-300x200.jpg 300w, https:\/\/lavras.tv\/site\/wp-content\/uploads\/2017\/03\/informe-damina-480x320.jpg 480w, https:\/\/lavras.tv\/site\/wp-content\/uploads\/2017\/03\/informe-damina-272x182.jpg 272w\" sizes=\"(max-width: 919px) 100vw, 919px\" \/><\/p>\n<p>Fonte: Gabinete da deputada federal D\u00e2mina Pereira<\/p>\n","protected":false},"excerpt":{"rendered":"<p>A deputada federal D\u00e2mina Pereira (PSL\/MG) anunciou novos recursos or\u00e7ament\u00e1rios para Lavras, que somam R$ 5.039.538,00.<\/p>\n","protected":false},"author":2,"featured_media":7633,"comment_status":"closed","ping_status":"open","sticky":false,"template":"","format":"standard","meta":{"advgb_blocks_editor_width":"","advgb_blocks_columns_visual_guide":"","_exactmetrics_skip_tracking":false,"_exactmetrics_sitenote_active":false,"_exactmetrics_sitenote_note":"","_exactmetrics_sitenote_category":0,"footnotes":""},"categories":[7,12],"tags":[2652,804,3021,2422],"class_list":["post-7632","post","type-post","status-publish","format-standard","has-post-thumbnail","hentry","category-destaques","category-politica","tag-deputada-damina-pereira","tag-hospital-do-cancer","tag-informe","tag-repasse"],"better_featured_image":{"id":7633,"alt_text":"","caption":"","description":"","media_type":"image","media_details":{"width":919,"height":613,"file":"2017\/03\/informe-damina-2.jpg","sizes":{"thumbnail":{"file":"informe-damina-2-150x100.jpg","width":150,"height":100,"mime-type":"image\/jpeg","source_url":"https:\/\/lavras.tv\/site\/wp-content\/uploads\/2017\/03\/informe-damina-2-150x100.jpg"},"medium":{"file":"informe-damina-2-300x200.jpg","width":300,"height":200,"mime-type":"image\/jpeg","source_url":"https:\/\/lavras.tv\/site\/wp-content\/uploads\/2017\/03\/informe-damina-2-300x200.jpg"},"featured-slider-img":{"file":"informe-damina-2-640x480.jpg","width":640,"height":480,"mime-type":"image\/jpeg","source_url":"https:\/\/lavras.tv\/site\/wp-content\/uploads\/2017\/03\/informe-damina-2-640x480.jpg"},"featured-post-img":{"file":"informe-damina-2-480x320.jpg","width":480,"height":320,"mime-type":"image\/jpeg","source_url":"https:\/\/lavras.tv\/site\/wp-content\/uploads\/2017\/03\/informe-damina-2-480x320.jpg"},"sow-carousel-default":{"file":"informe-damina-2-272x182.jpg","width":272,"height":182,"mime-type":"image\/jpeg","source_url":"https:\/\/lavras.tv\/site\/wp-content\/uploads\/2017\/03\/informe-damina-2-272x182.jpg"}},"image_meta":{"aperture":"0","credit":"","camera":"","caption":"","created_timestamp":"0","copyright":"","focal_length":"0","iso":"0","shutter_speed":"0","title":"","orientation":"0","keywords":[]}},"post":7632,"source_url":"https:\/\/lavras.tv\/site\/wp-content\/uploads\/2017\/03\/informe-damina-2.jpg"},"author_meta":{"display_name":"Lavras TV","author_link":"https:\/\/lavras.tv\/site\/author\/lavrastv\/"},"featured_img":"https:\/\/lavras.tv\/site\/wp-content\/uploads\/2017\/03\/informe-damina-2-300x200.jpg","coauthors":[],"tax_additional":{"categories":{"linked":["<a href=\"https:\/\/lavras.tv\/site\/category\/destaques\/\" class=\"advgb-post-tax-term\">Destaques<\/a>","<a href=\"https:\/\/lavras.tv\/site\/category\/politica\/\" class=\"advgb-post-tax-term\">Pol\u00edtica<\/a>"],"unlinked":["<span class=\"advgb-post-tax-term\">Destaques<\/span>","<span class=\"advgb-post-tax-term\">Pol\u00edtica<\/span>"]},"tags":{"linked":["<a href=\"https:\/\/lavras.tv\/site\/category\/politica\/\" class=\"advgb-post-tax-term\">Deputada D\u00e2mina Pereira<\/a>","<a href=\"https:\/\/lavras.tv\/site\/category\/politica\/\" class=\"advgb-post-tax-term\">Hospital do C\u00e2ncer<\/a>","<a href=\"https:\/\/lavras.tv\/site\/category\/politica\/\" class=\"advgb-post-tax-term\">informe<\/a>","<a href=\"https:\/\/lavras.tv\/site\/category\/politica\/\" class=\"advgb-post-tax-term\">repasse<\/a>"],"unlinked":["<span class=\"advgb-post-tax-term\">Deputada D\u00e2mina Pereira<\/span>","<span class=\"advgb-post-tax-term\">Hospital do C\u00e2ncer<\/span>","<span class=\"advgb-post-tax-term\">informe<\/span>","<span class=\"advgb-post-tax-term\">repasse<\/span>"]}},"comment_count":"0","relative_dates":{"created":"Publicado 9 anos atr\u00e1s","modified":"Atualizado 9 anos atr\u00e1s"},"absolute_dates":{"created":"Publicado em 27 de mar\u00e7o de 2017","modified":"Atualizado em 27 de mar\u00e7o de 2017"},"absolute_dates_time":{"created":"Publicado em 27 de mar\u00e7o de 2017 09:41","modified":"Atualizado em 27 de mar\u00e7o de 2017 09:41"},"featured_img_caption":"","series_order":"","_links":{"self":[{"href":"https:\/\/lavras.tv\/site\/wp-json\/wp\/v2\/posts\/7632","targetHints":{"allow":["GET"]}}],"collection":[{"href":"https:\/\/lavras.tv\/site\/wp-json\/wp\/v2\/posts"}],"about":[{"href":"https:\/\/lavras.tv\/site\/wp-json\/wp\/v2\/types\/post"}],"author":[{"embeddable":true,"href":"https:\/\/lavras.tv\/site\/wp-json\/wp\/v2\/users\/2"}],"replies":[{"embeddable":true,"href":"https:\/\/lavras.tv\/site\/wp-json\/wp\/v2\/comments?post=7632"}],"version-history":[{"count":1,"href":"https:\/\/lavras.tv\/site\/wp-json\/wp\/v2\/posts\/7632\/revisions"}],"predecessor-version":[{"id":7636,"href":"https:\/\/lavras.tv\/site\/wp-json\/wp\/v2\/posts\/7632\/revisions\/7636"}],"wp:featuredmedia":[{"embeddable":true,"href":"https:\/\/lavras.tv\/site\/wp-json\/wp\/v2\/media\/7633"}],"wp:attachment":[{"href":"https:\/\/lavras.tv\/site\/wp-json\/wp\/v2\/media?parent=7632"}],"wp:term":[{"taxonomy":"category","embeddable":true,"href":"https:\/\/lavras.tv\/site\/wp-json\/wp\/v2\/categories?post=7632"},{"taxonomy":"post_tag","embeddable":true,"href":"https:\/\/lavras.tv\/site\/wp-json\/wp\/v2\/tags?post=7632"}],"curies":[{"name":"wp","href":"https:\/\/api.w.org\/{rel}","templated":true}]}}