{"id":7637,"date":"2017-03-27T09:48:51","date_gmt":"2017-03-27T12:48:51","guid":{"rendered":"http:\/\/lavras.tv\/site\/?p=7637"},"modified":"2017-03-27T09:48:51","modified_gmt":"2017-03-27T12:48:51","slug":"pm-instala-rede-de-vizinhos-protegidos-nos-bairros-agua-limpa-e-mundo-novo","status":"publish","type":"post","link":"https:\/\/lavras.tv\/site\/2017\/03\/27\/pm-instala-rede-de-vizinhos-protegidos-nos-bairros-agua-limpa-e-mundo-novo\/","title":{"rendered":"PM instala Rede de Vizinhos Protegidos nos Bairros \u00c1gua Limpa e Mundo Novo"},"content":{"rendered":"<div class=\"lavra-antes-do-conteudo_2\" id=\"lavra-984350107\"><div id=\"lavra-slider-27\" class=\"custom-slider lavra-slider-2669319642 lavra-slider\"><ul><li><div style=\"margin-left: auto;margin-right: auto;text-align: center;\" id=\"lavra-3468201746\"><a href=\"https:\/\/sistemas.lavras.mg.gov.br\/portalcidadao\/#df1b1a7c7b2a290bcb31e32771e610784662739a88807c0dacac58ede5f391a7530e299dc302d611ee73cb143fc22eaf93592e53e7b5bdb01b00a0b8d28dae460c141dd2ff83412e4dc1c31b16b25f33144a9e5620ea73b13f5bc1c59411d98439ad226e8af03840603796067d87afe130812cf3de24982d0e306f9e61e764e5\" aria-label=\"Lavras-TV&#8211;720x104px (1) (1)\"><img src=\"https:\/\/lavras.tv\/site\/wp-content\/uploads\/2025\/01\/Lavras-TV-720x104px-1-1.png\" alt=\"\"  srcset=\"https:\/\/lavras.tv\/site\/wp-content\/uploads\/2025\/01\/Lavras-TV-720x104px-1-1.png 720w, https:\/\/lavras.tv\/site\/wp-content\/uploads\/2025\/01\/Lavras-TV-720x104px-1-1-470x68.png 470w, https:\/\/lavras.tv\/site\/wp-content\/uploads\/2025\/01\/Lavras-TV-720x104px-1-1-170x25.png 170w, https:\/\/lavras.tv\/site\/wp-content\/uploads\/2025\/01\/Lavras-TV-720x104px-1-1-200x29.png 200w\" sizes=\"(max-width: 720px) 100vw, 720px\" width=\"720\" height=\"104\"  style=\"display: inline-block;\" \/><\/a><\/div><\/li><li><a href=\"https:\/\/sistemas.lavras.mg.gov.br\/portalcidadao\/#df1b1a7c7b2a290bcb31e32771e610784662739a88807c0dacac58ede5f391a7530e299dc302d611ee73cb143fc22eaf93592e53e7b5bdb01b00a0b8d28dae460c141dd2ff83412e4dc1c31b16b25f33144a9e5620ea73b13f5bc1c59411d98439ad226e8af03840603796067d87afe130812cf3de24982d0e306f9e61e764e5\" aria-label=\"Banner_Emprego_PortallavrasTV\"><img src=\"https:\/\/lavras.tv\/site\/wp-content\/uploads\/2025\/03\/Banner_Emprego_PortallavrasTV.png\" alt=\"\"  srcset=\"https:\/\/lavras.tv\/site\/wp-content\/uploads\/2025\/03\/Banner_Emprego_PortallavrasTV.png 720w, https:\/\/lavras.tv\/site\/wp-content\/uploads\/2025\/03\/Banner_Emprego_PortallavrasTV-470x68.png 470w, https:\/\/lavras.tv\/site\/wp-content\/uploads\/2025\/03\/Banner_Emprego_PortallavrasTV-170x25.png 170w, https:\/\/lavras.tv\/site\/wp-content\/uploads\/2025\/03\/Banner_Emprego_PortallavrasTV-200x29.png 200w\" sizes=\"(max-width: 720px) 100vw, 720px\" width=\"720\" height=\"104\"   \/><\/a><\/li><li><a href=\"https:\/\/sistemas.lavras.mg.gov.br\/portalcidadao\/#df1b1a7c7b2a290bcb31e32771e610784662739a88807c0dacac58ede5f391a7530e299dc302d611ee73cb143fc22eaf93592e53e7b5bdb01b00a0b8d28dae460c141dd2ff83412e4dc1c31b16b25f33144a9e5620ea73b13f5bc1c59411d98439ad226e8af03840603796067d87afe130812cf3de24982d0e306f9e61e764e5\" aria-label=\"Banner_Obras_PortallavrasTV\"><img src=\"https:\/\/lavras.tv\/site\/wp-content\/uploads\/2025\/03\/Banner_Obras_PortallavrasTV.png\" alt=\"\"  srcset=\"https:\/\/lavras.tv\/site\/wp-content\/uploads\/2025\/03\/Banner_Obras_PortallavrasTV.png 720w, https:\/\/lavras.tv\/site\/wp-content\/uploads\/2025\/03\/Banner_Obras_PortallavrasTV-470x68.png 470w, https:\/\/lavras.tv\/site\/wp-content\/uploads\/2025\/03\/Banner_Obras_PortallavrasTV-170x25.png 170w, https:\/\/lavras.tv\/site\/wp-content\/uploads\/2025\/03\/Banner_Obras_PortallavrasTV-200x29.png 200w\" sizes=\"(max-width: 720px) 100vw, 720px\" width=\"720\" height=\"104\"   \/><\/a><\/li><li><div style=\"margin-left: auto;margin-right: auto;text-align: center;\" id=\"lavra-4282226798\"><a href=\"https:\/\/sistemas.lavras.mg.gov.br\/portalcidadao\/#df1b1a7c7b2a290bcb31e32771e610784662739a88807c0dacac58ede5f391a7530e299dc302d611ee73cb143fc22eaf93592e53e7b5bdb01b00a0b8d28dae460c141dd2ff83412e4dc1c31b16b25f33144a9e5620ea73b13f5bc1c59411d98439ad226e8af03840603796067d87afe130812cf3de24982d0e306f9e61e764e5\" aria-label=\"Banner_Educa\u00e7\u00e3o_PortallavrasTV\"><img src=\"https:\/\/lavras.tv\/site\/wp-content\/uploads\/2025\/01\/Banner_Educacao_PortallavrasTV.png\" alt=\"\"  srcset=\"https:\/\/lavras.tv\/site\/wp-content\/uploads\/2025\/01\/Banner_Educacao_PortallavrasTV.png 720w, https:\/\/lavras.tv\/site\/wp-content\/uploads\/2025\/01\/Banner_Educacao_PortallavrasTV-470x68.png 470w, https:\/\/lavras.tv\/site\/wp-content\/uploads\/2025\/01\/Banner_Educacao_PortallavrasTV-170x25.png 170w, https:\/\/lavras.tv\/site\/wp-content\/uploads\/2025\/01\/Banner_Educacao_PortallavrasTV-200x29.png 200w\" sizes=\"(max-width: 720px) 100vw, 720px\" width=\"720\" height=\"104\"  style=\"display: inline-block;\" \/><\/a><\/div><\/li><li><a href=\"https:\/\/sistemas.lavras.mg.gov.br\/portalcidadao\/#df1b1a7c7b2a290bcb31e32771e610784662739a88807c0dacac58ede5f391a7530e299dc302d611ee73cb143fc22eaf93592e53e7b5bdb01b00a0b8d28dae460c141dd2ff83412e4dc1c31b16b25f33144a9e5620ea73b13f5bc1c59411d98439ad226e8af03840603796067d87afe130812cf3de24982d0e306f9e61e764e5\" aria-label=\"Banner_Sa\u00fade_PortallavrasTV\"><img src=\"https:\/\/lavras.tv\/site\/wp-content\/uploads\/2025\/03\/Banner_Saude_PortallavrasTV.png\" alt=\"\"  srcset=\"https:\/\/lavras.tv\/site\/wp-content\/uploads\/2025\/03\/Banner_Saude_PortallavrasTV.png 720w, https:\/\/lavras.tv\/site\/wp-content\/uploads\/2025\/03\/Banner_Saude_PortallavrasTV-470x68.png 470w, https:\/\/lavras.tv\/site\/wp-content\/uploads\/2025\/03\/Banner_Saude_PortallavrasTV-170x25.png 170w, https:\/\/lavras.tv\/site\/wp-content\/uploads\/2025\/03\/Banner_Saude_PortallavrasTV-200x29.png 200w\" sizes=\"(max-width: 720px) 100vw, 720px\" width=\"720\" height=\"104\"   \/><\/a><\/li><li><div id=\"lavra-1226253022\" style=\"width:720px;height:104px;background-color:#ddd;overflow:scroll;\">\n\t<strong>Sa\u00edda da depura\u00e7\u00e3o de an\u00fancios<\/strong>\n\t<br><br>\n\tO an\u00fancio n\u00e3o \u00e9 exibido na p\u00e1gina<br><br>post atual: PM instala Rede de Vizinhos Protegidos nos Bairros \u00c1gua Limpa e Mundo Novo, ID: 7637<br><br><span style=\"color: red;\">O post atual n\u00e3o \u00e9 id\u00eantico ao post principal.<\/span><br><br>An\u00fancios: ROXO - TOPO INTERNA - ROTATIVO 2 (197)<br \/>Grupo de an\u00fancios: Princ_Meio01_720x104 (27)<br><br>Condi\u00e7\u00f5es de exibi\u00e7\u00e3o<div style=\"margin-bottom: 20px; white-space: pre-wrap; font-family: monospace; width: 100%; background: #ffe9e9;\"><strong>condi\u00e7\u00f5es gerais<\/strong><table border=\"1\"><thead><tr><th><\/th><th>An\u00fancios<\/th><th>wp_the_query<\/th><\/tr><\/thead><tr><td>is_main_query<\/td><td>1<\/td><td>1<\/td><\/tr><tr><td>is_rest_api<\/td><td>0<\/td><td>1<\/td><\/tr><tr><td>page<\/td><td>0<\/td><td>1<\/td><\/tr><tr><td>numpages<\/td><td>0<\/td><td>1<\/td><\/tr><tr><td>is_archive<\/td><td>1<\/td><td><\/td><\/tr><tr><td>is_search<\/td><td>1<\/td><td><\/td><\/tr><tr><td>is_home<\/td><td>1<\/td><td><\/td><\/tr><tr><td>is_404<\/td><td>1<\/td><td><\/td><\/tr><tr><td>is_attachment<\/td><td>1<\/td><td><\/td><\/tr><tr><td>is_singular<\/td><td>1<\/td><td><\/td><\/tr><tr><td>is_front_page<\/td><td>1<\/td><td><\/td><\/tr><tr><td>is_feed<\/td><td>1<\/td><td><\/td><\/tr><\/table><\/div><br><br><span style=\"color: red;\">Seu site usa HTTPS, mas o c\u00f3digo do an\u00fancio cont\u00e9m HTTP e pode n\u00e3o funcionar.<\/span>\t<br><br>\n\t<a style=\"color: green;\" href=\"https:\/\/wpadvancedads.com\/manual\/ad-debug-mode\/?utm_source=advanced-ads&utm_medium=link&utm_campaign=ad-debug-mode\" target=\"_blank\" rel=\"nofollow\">Encontre solu\u00e7\u00f5es no manual<\/a>\n<\/div>\n<\/li><\/ul><\/div><script>( window.advanced_ads_ready || jQuery( document ).ready ).call( null, function() {var $lavraslider2669319642 = jQuery( \".lavra-slider-2669319642\" );$lavraslider2669319642.on( \"unslider.ready\", function() { jQuery( \"div.custom-slider ul li\" ).css( \"display\", \"block\" ); });$lavraslider2669319642.unslider({ delay:4000, autoplay:true, nav:false, arrows:false, infinite:true });$lavraslider2669319642.on(\"mouseover\", function() {$lavraslider2669319642.unslider(\"stop\");}).on(\"mouseout\", function() {$lavraslider2669319642.unslider(\"start\");});});<\/script><\/div><p class=\"western\" align=\"justify\"><span style=\"font-family: Arial, sans-serif;\">Neste m\u00eas de mar\u00e7o a Pol\u00edcia Militar fez o lan\u00e7amento oficial da \u201cRede de Vizinhos Protegidos dos <\/span><span style=\"font-family: Arial, sans-serif;\">Bairros \u00c1gua Limpa e Mundo Novo<\/span><span style=\"font-family: Arial, sans-serif;\">\u201d.<\/span><\/p>\n<p class=\"western\"><img decoding=\"async\" class=\"aligncenter\" src=\"https:\/\/www.policiamilitar.mg.gov.br\/conteudoportal\/uploadFCK\/8bpm\/24032017144135540.jpg\" alt=\"\" \/><\/p>\n<p class=\"western\" align=\"justify\"><span style=\"font-family: Arial, sans-serif;\">A ideia central do projeto \u00e9 de que vizinhos e parceiros adotem estrat\u00e9gias de preven\u00e7\u00e3o, orientados pela Pol\u00edcia Militar, para que possam se proteger mutuamente.<\/span><\/p>\n<p class=\"western\" align=\"justify\"><span style=\"font-family: Arial, sans-serif;\">O projeto visa tamb\u00e9m fortalecer ainda mais as rela\u00e7\u00f5es entre pol\u00edcia e comunidade, possibilitando a preven\u00e7\u00e3o de delitos, a promo\u00e7\u00e3o de um ambiente seguro e a melhoria na qualidade de vida de nossos clientes atrav\u00e9s de um atendimento personalizado das demandas apresentadas pela popula\u00e7\u00e3o.<\/span><\/p>\n<p class=\"western\"><img decoding=\"async\" class=\"aligncenter\" src=\"https:\/\/www.policiamilitar.mg.gov.br\/conteudoportal\/uploadFCK\/8bpm\/24032017144215279.jpg\" alt=\"\" \/><\/p>\n<p class=\"western\" align=\"justify\"><span style=\"font-family: Arial, sans-serif;\">O Tenente Cel Renan, Comandante do 8\u00ba BPM, acompanhado <\/span>do<span style=\"font-family: Arial, sans-serif;\"> Tenente Leonardo, Comandante da 54\u00aa Cia PM e o Tenente Luis Ferreira Comandante do Setor Oeste, compareceram ao evento que contou com a participa\u00e7\u00e3o de diversas autoridades e de moradores dos bairros integrantes da associa\u00e7\u00e3o.<\/span><\/p>\n<p class=\"western\"><img decoding=\"async\" class=\"aligncenter\" src=\"https:\/\/www.policiamilitar.mg.gov.br\/conteudoportal\/uploadFCK\/8bpm\/24032017144156731.jpg\" alt=\"\" \/><\/p>\n<p class=\"western\" align=\"justify\"><span style=\"font-family: Arial, sans-serif;\">A presidente da Associa\u00e7\u00e3o, Senhora Rosemeire fez um agradecimento especial a Pol\u00edcia Militar, aproveitando o momento para homenagear v\u00e1rias mulheres que estavam presentes no evento, em comemora\u00e7\u00e3o ao Dia Internacional da Mulher.<\/span><\/p>\n<p class=\"western\"><span style=\"font-family: Arial, sans-serif;\"><img decoding=\"async\" class=\"aligncenter\" src=\"https:\/\/www.policiamilitar.mg.gov.br\/conteudoportal\/uploadFCK\/8bpm\/24032017144111227.jpg\" alt=\"\" \/><\/span><\/p>\n<p class=\"western\" align=\"justify\"><span style=\"font-family: Arial, sans-serif;\">Mais de 160 resid\u00eancias aderiram \u00e0 Rede e contar\u00e3o com um contato direto com a Pol\u00edcia Militar, onde informa\u00e7\u00f5es importantes, alusivas a seguran\u00e7a da comunidade ser\u00e3o repassadas.<\/span><\/p>\n<p class=\"western\" align=\"justify\">Fonte e fotos: PMMG<\/p>\n","protected":false},"excerpt":{"rendered":"<p>Neste m\u00eas de mar\u00e7o a Pol\u00edcia Militar fez o lan\u00e7amento oficial da \u201cRede de Vizinhos Protegidos dos Bairros \u00c1gua Limpa e Mundo Novo\u201d. A ideia central do projeto \u00e9 de que vizinhos e parceiros adotem estrat\u00e9gias de preven\u00e7\u00e3o, orientados pela Pol\u00edcia Militar, para que possam se proteger mutuamente. O projeto visa tamb\u00e9m fortalecer ainda mais [&hellip;]<\/p>\n","protected":false},"author":2,"featured_media":7638,"comment_status":"closed","ping_status":"open","sticky":false,"template":"","format":"standard","meta":{"advgb_blocks_editor_width":"","advgb_blocks_columns_visual_guide":"","_exactmetrics_skip_tracking":false,"_exactmetrics_sitenote_active":false,"_exactmetrics_sitenote_note":"","_exactmetrics_sitenote_category":0,"footnotes":""},"categories":[7,2],"tags":[1825,34,3023,1083,3022],"class_list":["post-7637","post","type-post","status-publish","format-standard","has-post-thumbnail","hentry","category-destaques","category-noticias","tag-agua-limpa","tag-lavras","tag-mundo-novo","tag-pm","tag-rede-de-vizinhos-protegidos"],"better_featured_image":{"id":7638,"alt_text":"","caption":"","description":"","media_type":"image","media_details":{"width":540,"height":303,"file":"2017\/03\/rede-vizinhos.jpg","sizes":{"thumbnail":{"file":"rede-vizinhos-150x84.jpg","width":150,"height":84,"mime-type":"image\/jpeg","source_url":"https:\/\/lavras.tv\/site\/wp-content\/uploads\/2017\/03\/rede-vizinhos-150x84.jpg"},"medium":{"file":"rede-vizinhos-300x168.jpg","width":300,"height":168,"mime-type":"image\/jpeg","source_url":"https:\/\/lavras.tv\/site\/wp-content\/uploads\/2017\/03\/rede-vizinhos-300x168.jpg"},"featured-post-img":{"file":"rede-vizinhos-480x303.jpg","width":480,"height":303,"mime-type":"image\/jpeg","source_url":"https:\/\/lavras.tv\/site\/wp-content\/uploads\/2017\/03\/rede-vizinhos-480x303.jpg"},"sow-carousel-default":{"file":"rede-vizinhos-272x182.jpg","width":272,"height":182,"mime-type":"image\/jpeg","source_url":"https:\/\/lavras.tv\/site\/wp-content\/uploads\/2017\/03\/rede-vizinhos-272x182.jpg"}},"image_meta":{"aperture":"0","credit":"","camera":"","caption":"","created_timestamp":"0","copyright":"","focal_length":"0","iso":"0","shutter_speed":"0","title":"","orientation":"0","keywords":[]}},"post":7637,"source_url":"https:\/\/lavras.tv\/site\/wp-content\/uploads\/2017\/03\/rede-vizinhos.jpg"},"author_meta":{"display_name":"Lavras TV","author_link":"https:\/\/lavras.tv\/site\/author\/lavrastv\/"},"featured_img":"https:\/\/lavras.tv\/site\/wp-content\/uploads\/2017\/03\/rede-vizinhos-300x168.jpg","coauthors":[],"tax_additional":{"categories":{"linked":["<a href=\"https:\/\/lavras.tv\/site\/category\/destaques\/\" class=\"advgb-post-tax-term\">Destaques<\/a>","<a href=\"https:\/\/lavras.tv\/site\/category\/noticias\/\" class=\"advgb-post-tax-term\">Not\u00edcias<\/a>"],"unlinked":["<span class=\"advgb-post-tax-term\">Destaques<\/span>","<span class=\"advgb-post-tax-term\">Not\u00edcias<\/span>"]},"tags":{"linked":["<a href=\"https:\/\/lavras.tv\/site\/category\/noticias\/\" class=\"advgb-post-tax-term\">\u00c1gua Limpa<\/a>","<a href=\"https:\/\/lavras.tv\/site\/category\/noticias\/\" class=\"advgb-post-tax-term\">lavras<\/a>","<a href=\"https:\/\/lavras.tv\/site\/category\/noticias\/\" class=\"advgb-post-tax-term\">Mundo Novo<\/a>","<a href=\"https:\/\/lavras.tv\/site\/category\/noticias\/\" class=\"advgb-post-tax-term\">pm<\/a>","<a href=\"https:\/\/lavras.tv\/site\/category\/noticias\/\" class=\"advgb-post-tax-term\">rede de vizinhos protegidos<\/a>"],"unlinked":["<span class=\"advgb-post-tax-term\">\u00c1gua Limpa<\/span>","<span class=\"advgb-post-tax-term\">lavras<\/span>","<span class=\"advgb-post-tax-term\">Mundo Novo<\/span>","<span class=\"advgb-post-tax-term\">pm<\/span>","<span class=\"advgb-post-tax-term\">rede de vizinhos protegidos<\/span>"]}},"comment_count":"0","relative_dates":{"created":"Publicado 9 anos atr\u00e1s","modified":"Atualizado 9 anos atr\u00e1s"},"absolute_dates":{"created":"Publicado em 27 de mar\u00e7o de 2017","modified":"Atualizado em 27 de mar\u00e7o de 2017"},"absolute_dates_time":{"created":"Publicado em 27 de mar\u00e7o de 2017 09:48","modified":"Atualizado em 27 de mar\u00e7o de 2017 09:48"},"featured_img_caption":"","series_order":"","_links":{"self":[{"href":"https:\/\/lavras.tv\/site\/wp-json\/wp\/v2\/posts\/7637","targetHints":{"allow":["GET"]}}],"collection":[{"href":"https:\/\/lavras.tv\/site\/wp-json\/wp\/v2\/posts"}],"about":[{"href":"https:\/\/lavras.tv\/site\/wp-json\/wp\/v2\/types\/post"}],"author":[{"embeddable":true,"href":"https:\/\/lavras.tv\/site\/wp-json\/wp\/v2\/users\/2"}],"replies":[{"embeddable":true,"href":"https:\/\/lavras.tv\/site\/wp-json\/wp\/v2\/comments?post=7637"}],"version-history":[{"count":2,"href":"https:\/\/lavras.tv\/site\/wp-json\/wp\/v2\/posts\/7637\/revisions"}],"predecessor-version":[{"id":7640,"href":"https:\/\/lavras.tv\/site\/wp-json\/wp\/v2\/posts\/7637\/revisions\/7640"}],"wp:featuredmedia":[{"embeddable":true,"href":"https:\/\/lavras.tv\/site\/wp-json\/wp\/v2\/media\/7638"}],"wp:attachment":[{"href":"https:\/\/lavras.tv\/site\/wp-json\/wp\/v2\/media?parent=7637"}],"wp:term":[{"taxonomy":"category","embeddable":true,"href":"https:\/\/lavras.tv\/site\/wp-json\/wp\/v2\/categories?post=7637"},{"taxonomy":"post_tag","embeddable":true,"href":"https:\/\/lavras.tv\/site\/wp-json\/wp\/v2\/tags?post=7637"}],"curies":[{"name":"wp","href":"https:\/\/api.w.org\/{rel}","templated":true}]}}