{"id":7643,"date":"2017-03-27T10:05:55","date_gmt":"2017-03-27T13:05:55","guid":{"rendered":"http:\/\/lavras.tv\/site\/?p=7643"},"modified":"2017-03-27T10:05:55","modified_gmt":"2017-03-27T13:05:55","slug":"fabio-cherem-e-eleito-presidente-da-comissao-de-transportes-e-obras-publicas-da-almg","status":"publish","type":"post","link":"https:\/\/lavras.tv\/site\/2017\/03\/27\/fabio-cherem-e-eleito-presidente-da-comissao-de-transportes-e-obras-publicas-da-almg\/","title":{"rendered":"F\u00e1bio Cherem \u00e9 eleito presidente da Comiss\u00e3o de Transportes e Obras P\u00fablicas da ALMG"},"content":{"rendered":"<div class=\"lavra-antes-do-conteudo_2\" id=\"lavra-1619988918\"><div id=\"lavra-slider-27\" class=\"custom-slider lavra-slider-4041042960 lavra-slider\"><ul><li><div style=\"margin-left: auto;margin-right: auto;text-align: center;\" id=\"lavra-844206498\"><a href=\"https:\/\/sistemas.lavras.mg.gov.br\/portalcidadao\/#df1b1a7c7b2a290bcb31e32771e610784662739a88807c0dacac58ede5f391a7530e299dc302d611ee73cb143fc22eaf93592e53e7b5bdb01b00a0b8d28dae460c141dd2ff83412e4dc1c31b16b25f33144a9e5620ea73b13f5bc1c59411d98439ad226e8af03840603796067d87afe130812cf3de24982d0e306f9e61e764e5\" aria-label=\"Lavras-TV&#8211;720x104px (1) (1)\"><img src=\"https:\/\/lavras.tv\/site\/wp-content\/uploads\/2025\/01\/Lavras-TV-720x104px-1-1.png\" alt=\"\"  srcset=\"https:\/\/lavras.tv\/site\/wp-content\/uploads\/2025\/01\/Lavras-TV-720x104px-1-1.png 720w, https:\/\/lavras.tv\/site\/wp-content\/uploads\/2025\/01\/Lavras-TV-720x104px-1-1-470x68.png 470w, https:\/\/lavras.tv\/site\/wp-content\/uploads\/2025\/01\/Lavras-TV-720x104px-1-1-170x25.png 170w, https:\/\/lavras.tv\/site\/wp-content\/uploads\/2025\/01\/Lavras-TV-720x104px-1-1-200x29.png 200w\" sizes=\"(max-width: 720px) 100vw, 720px\" width=\"720\" height=\"104\"  style=\"display: inline-block;\" \/><\/a><\/div><\/li><li><a href=\"https:\/\/sistemas.lavras.mg.gov.br\/portalcidadao\/#df1b1a7c7b2a290bcb31e32771e610784662739a88807c0dacac58ede5f391a7530e299dc302d611ee73cb143fc22eaf93592e53e7b5bdb01b00a0b8d28dae460c141dd2ff83412e4dc1c31b16b25f33144a9e5620ea73b13f5bc1c59411d98439ad226e8af03840603796067d87afe130812cf3de24982d0e306f9e61e764e5\" aria-label=\"Banner_Emprego_PortallavrasTV\"><img src=\"https:\/\/lavras.tv\/site\/wp-content\/uploads\/2025\/03\/Banner_Emprego_PortallavrasTV.png\" alt=\"\"  srcset=\"https:\/\/lavras.tv\/site\/wp-content\/uploads\/2025\/03\/Banner_Emprego_PortallavrasTV.png 720w, https:\/\/lavras.tv\/site\/wp-content\/uploads\/2025\/03\/Banner_Emprego_PortallavrasTV-470x68.png 470w, https:\/\/lavras.tv\/site\/wp-content\/uploads\/2025\/03\/Banner_Emprego_PortallavrasTV-170x25.png 170w, https:\/\/lavras.tv\/site\/wp-content\/uploads\/2025\/03\/Banner_Emprego_PortallavrasTV-200x29.png 200w\" sizes=\"(max-width: 720px) 100vw, 720px\" width=\"720\" height=\"104\"   \/><\/a><\/li><li><a href=\"https:\/\/sistemas.lavras.mg.gov.br\/portalcidadao\/#df1b1a7c7b2a290bcb31e32771e610784662739a88807c0dacac58ede5f391a7530e299dc302d611ee73cb143fc22eaf93592e53e7b5bdb01b00a0b8d28dae460c141dd2ff83412e4dc1c31b16b25f33144a9e5620ea73b13f5bc1c59411d98439ad226e8af03840603796067d87afe130812cf3de24982d0e306f9e61e764e5\" aria-label=\"Banner_Obras_PortallavrasTV\"><img src=\"https:\/\/lavras.tv\/site\/wp-content\/uploads\/2025\/03\/Banner_Obras_PortallavrasTV.png\" alt=\"\"  srcset=\"https:\/\/lavras.tv\/site\/wp-content\/uploads\/2025\/03\/Banner_Obras_PortallavrasTV.png 720w, https:\/\/lavras.tv\/site\/wp-content\/uploads\/2025\/03\/Banner_Obras_PortallavrasTV-470x68.png 470w, https:\/\/lavras.tv\/site\/wp-content\/uploads\/2025\/03\/Banner_Obras_PortallavrasTV-170x25.png 170w, https:\/\/lavras.tv\/site\/wp-content\/uploads\/2025\/03\/Banner_Obras_PortallavrasTV-200x29.png 200w\" sizes=\"(max-width: 720px) 100vw, 720px\" width=\"720\" height=\"104\"   \/><\/a><\/li><li><div style=\"margin-left: auto;margin-right: auto;text-align: center;\" id=\"lavra-2665142778\"><a href=\"https:\/\/sistemas.lavras.mg.gov.br\/portalcidadao\/#df1b1a7c7b2a290bcb31e32771e610784662739a88807c0dacac58ede5f391a7530e299dc302d611ee73cb143fc22eaf93592e53e7b5bdb01b00a0b8d28dae460c141dd2ff83412e4dc1c31b16b25f33144a9e5620ea73b13f5bc1c59411d98439ad226e8af03840603796067d87afe130812cf3de24982d0e306f9e61e764e5\" aria-label=\"Banner_Educa\u00e7\u00e3o_PortallavrasTV\"><img src=\"https:\/\/lavras.tv\/site\/wp-content\/uploads\/2025\/01\/Banner_Educacao_PortallavrasTV.png\" alt=\"\"  srcset=\"https:\/\/lavras.tv\/site\/wp-content\/uploads\/2025\/01\/Banner_Educacao_PortallavrasTV.png 720w, https:\/\/lavras.tv\/site\/wp-content\/uploads\/2025\/01\/Banner_Educacao_PortallavrasTV-470x68.png 470w, https:\/\/lavras.tv\/site\/wp-content\/uploads\/2025\/01\/Banner_Educacao_PortallavrasTV-170x25.png 170w, https:\/\/lavras.tv\/site\/wp-content\/uploads\/2025\/01\/Banner_Educacao_PortallavrasTV-200x29.png 200w\" sizes=\"(max-width: 720px) 100vw, 720px\" width=\"720\" height=\"104\"  style=\"display: inline-block;\" \/><\/a><\/div><\/li><li><a href=\"https:\/\/sistemas.lavras.mg.gov.br\/portalcidadao\/#df1b1a7c7b2a290bcb31e32771e610784662739a88807c0dacac58ede5f391a7530e299dc302d611ee73cb143fc22eaf93592e53e7b5bdb01b00a0b8d28dae460c141dd2ff83412e4dc1c31b16b25f33144a9e5620ea73b13f5bc1c59411d98439ad226e8af03840603796067d87afe130812cf3de24982d0e306f9e61e764e5\" aria-label=\"Banner_Sa\u00fade_PortallavrasTV\"><img src=\"https:\/\/lavras.tv\/site\/wp-content\/uploads\/2025\/03\/Banner_Saude_PortallavrasTV.png\" alt=\"\"  srcset=\"https:\/\/lavras.tv\/site\/wp-content\/uploads\/2025\/03\/Banner_Saude_PortallavrasTV.png 720w, https:\/\/lavras.tv\/site\/wp-content\/uploads\/2025\/03\/Banner_Saude_PortallavrasTV-470x68.png 470w, https:\/\/lavras.tv\/site\/wp-content\/uploads\/2025\/03\/Banner_Saude_PortallavrasTV-170x25.png 170w, https:\/\/lavras.tv\/site\/wp-content\/uploads\/2025\/03\/Banner_Saude_PortallavrasTV-200x29.png 200w\" sizes=\"(max-width: 720px) 100vw, 720px\" width=\"720\" height=\"104\"   \/><\/a><\/li><li><div id=\"lavra-373122593\" style=\"width:720px;height:104px;background-color:#ddd;overflow:scroll;\">\n\t<strong>Sa\u00edda da depura\u00e7\u00e3o de an\u00fancios<\/strong>\n\t<br><br>\n\tO an\u00fancio n\u00e3o \u00e9 exibido na p\u00e1gina<br><br>post atual: F\u00e1bio Cherem \u00e9 eleito presidente da Comiss\u00e3o de Transportes e Obras P\u00fablicas da ALMG, ID: 7643<br><br><span style=\"color: red;\">O post atual n\u00e3o \u00e9 id\u00eantico ao post principal.<\/span><br><br>An\u00fancios: ROXO - TOPO INTERNA - ROTATIVO 2 (197)<br \/>Grupo de an\u00fancios: Princ_Meio01_720x104 (27)<br><br>Condi\u00e7\u00f5es de exibi\u00e7\u00e3o<div style=\"margin-bottom: 20px; white-space: pre-wrap; font-family: monospace; width: 100%; background: #ffe9e9;\"><strong>condi\u00e7\u00f5es gerais<\/strong><table border=\"1\"><thead><tr><th><\/th><th>An\u00fancios<\/th><th>wp_the_query<\/th><\/tr><\/thead><tr><td>is_main_query<\/td><td>1<\/td><td>1<\/td><\/tr><tr><td>is_rest_api<\/td><td>0<\/td><td>1<\/td><\/tr><tr><td>page<\/td><td>0<\/td><td>1<\/td><\/tr><tr><td>numpages<\/td><td>0<\/td><td>1<\/td><\/tr><tr><td>is_archive<\/td><td>1<\/td><td><\/td><\/tr><tr><td>is_search<\/td><td>1<\/td><td><\/td><\/tr><tr><td>is_home<\/td><td>1<\/td><td><\/td><\/tr><tr><td>is_404<\/td><td>1<\/td><td><\/td><\/tr><tr><td>is_attachment<\/td><td>1<\/td><td><\/td><\/tr><tr><td>is_singular<\/td><td>1<\/td><td><\/td><\/tr><tr><td>is_front_page<\/td><td>1<\/td><td><\/td><\/tr><tr><td>is_feed<\/td><td>1<\/td><td><\/td><\/tr><\/table><\/div><br><br><span style=\"color: red;\">Seu site usa HTTPS, mas o c\u00f3digo do an\u00fancio cont\u00e9m HTTP e pode n\u00e3o funcionar.<\/span>\t<br><br>\n\t<a style=\"color: green;\" href=\"https:\/\/wpadvancedads.com\/manual\/ad-debug-mode\/?utm_source=advanced-ads&utm_medium=link&utm_campaign=ad-debug-mode\" target=\"_blank\" rel=\"nofollow\">Encontre solu\u00e7\u00f5es no manual<\/a>\n<\/div>\n<\/li><\/ul><\/div><script>( window.advanced_ads_ready || jQuery( document ).ready ).call( null, function() {var $lavraslider4041042960 = jQuery( \".lavra-slider-4041042960\" );$lavraslider4041042960.on( \"unslider.ready\", function() { jQuery( \"div.custom-slider ul li\" ).css( \"display\", \"block\" ); });$lavraslider4041042960.unslider({ delay:4000, autoplay:true, nav:false, arrows:false, infinite:true });$lavraslider4041042960.on(\"mouseover\", function() {$lavraslider4041042960.unslider(\"stop\");}).on(\"mouseout\", function() {$lavraslider4041042960.unslider(\"start\");});});<\/script><\/div><p>O deputado estadual F\u00e1bio Cherem, vice-presidente do PSD-MG, foi eleito na \u00faltima quarta-feira, dia 22, presidente da Comiss\u00e3o de Transportes, Comunica\u00e7\u00e3o e Obras P\u00fablicas da Assembleia Legislativa de Minas Gerais (ALMG).\u00a0 A defini\u00e7\u00e3o dos membros das comiss\u00f5es ocorreu no dia 16, quando foram designados os integrantes das 21 comiss\u00f5es permanentes da Casa Legislativa, sendo o parlamentar lavrense indicado para participar de quatro delas. \u201cO nosso bloco, Compromisso com Minas, ficou com seis comiss\u00f5es e eu fui convocado como membro para quatro dessas: Comiss\u00f5es de Seguran\u00e7a P\u00fablica; Transporte, Comunica\u00e7\u00e3o e Obras P\u00fablicas; Constitui\u00e7\u00e3o e Justi\u00e7a e Preven\u00e7\u00e3o e Combate ao Uso de Crack e Outras Drogas. Foi uma decis\u00e3o demorada, mas democr\u00e1tica, j\u00e1 que ouvimos todos os parlamentares\u201d, ressaltou o deputado F\u00e1bio Cherem.<\/p>\n<p><img fetchpriority=\"high\" decoding=\"async\" class=\"size-full wp-image-7644 aligncenter\" src=\"http:\/\/lavras.tv\/site\/wp-content\/uploads\/2017\/03\/Fabio-Cherem.jpg\" alt=\"Fabio-Cherem\" width=\"500\" height=\"333\" srcset=\"https:\/\/lavras.tv\/site\/wp-content\/uploads\/2017\/03\/Fabio-Cherem.jpg 500w, https:\/\/lavras.tv\/site\/wp-content\/uploads\/2017\/03\/Fabio-Cherem-150x100.jpg 150w, https:\/\/lavras.tv\/site\/wp-content\/uploads\/2017\/03\/Fabio-Cherem-300x200.jpg 300w, https:\/\/lavras.tv\/site\/wp-content\/uploads\/2017\/03\/Fabio-Cherem-480x320.jpg 480w, https:\/\/lavras.tv\/site\/wp-content\/uploads\/2017\/03\/Fabio-Cherem-272x182.jpg 272w\" sizes=\"(max-width: 500px) 100vw, 500px\" \/><\/p>\n<p>A partir de agora, eleito como presidente da CTCOP, F\u00e1bio Cherem estar\u00e1 \u00e0 frente das discuss\u00f5es em torno da pol\u00edtica estadual de planejamento, gerenciamento, constru\u00e7\u00e3o e manuten\u00e7\u00e3o dos sistemas de transporte rodovi\u00e1rio, ferrovi\u00e1rio, hidrovi\u00e1rio e aerovi\u00e1rio; a pol\u00edtica de ordena\u00e7\u00e3o e explora\u00e7\u00e3o dos servi\u00e7os de transporte intermunicipal; a pol\u00edtica de concess\u00e3o e funcionamento dos terminais e vias de transporte; os meios de comunica\u00e7\u00e3o social e a liberdade de imprensa; a pol\u00edtica de inform\u00e1tica, automa\u00e7\u00e3o e comunica\u00e7\u00e3o.<\/p>\n<p>\u201cA minha elei\u00e7\u00e3o como presidente da Comiss\u00e3o de Transportes, Comunica\u00e7\u00e3o e Obras P\u00fablicas representa maior espa\u00e7o para o PSD no cen\u00e1rio pol\u00edtico mineiro e a amplia\u00e7\u00e3o dos compromissos do partido com os cidad\u00e3os\u201d, destacou o deputado.<\/p>\n<p><strong>Destaque \u00e0 frente da SEEDIF e FOPEMIMPE<\/strong><\/p>\n<p>Em 2016, a convite do Governador do Estado, o deputado F\u00e1bio Cherem atuou como secret\u00e1rio de Desenvolvimento Econ\u00f4mico (SEDE) e esteve \u00e0 frente tamb\u00e9m da Secretaria Extraordin\u00e1ria de Desenvolvimento Integrado e F\u00f3runs Regionais (SEEDIF). O parlamentar se destacou por sua atua\u00e7\u00e3o no F\u00f3rum Permanente das Microempresas e Empresas de Pequeno Porte (FOPEMIMPE), que \u00e9 uma das principais ferramentas para constru\u00e7\u00e3o de pol\u00edticas p\u00fablicas voltadas para o fortalecimento dos pequenos neg\u00f3cios no Estado.<\/p>\n<p>Entre junho e dezembro do ano passado, sob a coordena\u00e7\u00e3o do ent\u00e3o secret\u00e1rio, foram realizados eventos importantes, como o \u201cPainel Desenvolvimento Local \u2013 Projetos e Parcerias\u201d, organizado pela Federa\u00e7\u00e3o das Associa\u00e7\u00f5es Comerciais do Estado de Minas Gerais (Federaminas), com a participa\u00e7\u00e3o de v\u00e1rias lideran\u00e7as de diversas localidades do estado. No encontro realizado na cidade de Passos, foi articulada a inser\u00e7\u00e3o de uma cooperativa de produtores de frutas daquela cidade em redes de supermercados na regi\u00e3o metropolitana.<\/p>\n<p>Al\u00e9m das a\u00e7\u00f5es do calend\u00e1rio regular do FOPEMIMPE, o deputado F\u00e1bio Cherem discutiu junto do Secret\u00e1rio Nacional das Micro e Pequenas Empresas, Jos\u00e9 Ricardo da Veiga, a possibilidade de replica\u00e7\u00e3o, em n\u00edvel nacional, dos projetos desenvolvidos pelo F\u00f3rum e pela Secretaria, al\u00e9m de a\u00e7\u00f5es concretas para a implementa\u00e7\u00e3o de atrativos industriais em Minas Gerais, mais especificamente na regi\u00e3o sul do Estado.<\/p>\n<p>Agora, \u00e0 frente da CTCOP ser\u00e3o atribui\u00e7\u00f5es de F\u00e1bio Cherem, dentre outras: a pol\u00edtica estadual de planejamento, gerenciamento, constru\u00e7\u00e3o e manuten\u00e7\u00e3o dos sistemas de transporte rodovi\u00e1rio, ferrovi\u00e1rio, hidrovi\u00e1rio e aerovi\u00e1rio; a pol\u00edtica de ordena\u00e7\u00e3o e explora\u00e7\u00e3o dos servi\u00e7os de transporte intermunicipal; a pol\u00edtica de concess\u00e3o e funcionamento dos terminais e vias de transporte; os meios de comunica\u00e7\u00e3o social e a liberdade de imprensa; a pol\u00edtica de inform\u00e1tica, automa\u00e7\u00e3o e comunica\u00e7\u00e3o. A elei\u00e7\u00e3o de F\u00e1bio Cherem para a presid\u00eancia dessa Comiss\u00e3o representa maior espa\u00e7o para o PSD no cen\u00e1rio pol\u00edtico mineiro e a amplia\u00e7\u00e3o dos compromissos do Partido com os cidad\u00e3os.<\/p>\n<p>&nbsp;<\/p>\n<p>Fonte: Lavras 24 Horas<\/p>\n","protected":false},"excerpt":{"rendered":"<p>O deputado estadual F\u00e1bio Cherem, vice-presidente do PSD-MG, foi eleito na \u00faltima quarta-feira, dia 22, presidente da Comiss\u00e3o de Transportes, Comunica\u00e7\u00e3o e Obras P\u00fablicas da Assembleia Legislativa de Minas Gerais (ALMG).\u00a0 A defini\u00e7\u00e3o dos membros das comiss\u00f5es ocorreu no dia 16, quando foram designados os integrantes das 21 comiss\u00f5es permanentes da Casa Legislativa, sendo o [&hellip;]<\/p>\n","protected":false},"author":2,"featured_media":7644,"comment_status":"closed","ping_status":"open","sticky":false,"template":"","format":"standard","meta":{"advgb_blocks_editor_width":"","advgb_blocks_columns_visual_guide":"","_exactmetrics_skip_tracking":false,"_exactmetrics_sitenote_active":false,"_exactmetrics_sitenote_note":"","_exactmetrics_sitenote_category":0,"footnotes":""},"categories":[7,12],"tags":[531,2341,672,396],"class_list":["post-7643","post","type-post","status-publish","format-standard","has-post-thumbnail","hentry","category-destaques","category-politica","tag-almg","tag-deputado","tag-fabio-cherem","tag-politica"],"better_featured_image":{"id":7644,"alt_text":"","caption":"","description":"","media_type":"image","media_details":{"width":500,"height":333,"file":"2017\/03\/Fabio-Cherem.jpg","sizes":{"thumbnail":{"file":"Fabio-Cherem-150x100.jpg","width":150,"height":100,"mime-type":"image\/jpeg","source_url":"https:\/\/lavras.tv\/site\/wp-content\/uploads\/2017\/03\/Fabio-Cherem-150x100.jpg"},"medium":{"file":"Fabio-Cherem-300x200.jpg","width":300,"height":200,"mime-type":"image\/jpeg","source_url":"https:\/\/lavras.tv\/site\/wp-content\/uploads\/2017\/03\/Fabio-Cherem-300x200.jpg"},"featured-post-img":{"file":"Fabio-Cherem-480x320.jpg","width":480,"height":320,"mime-type":"image\/jpeg","source_url":"https:\/\/lavras.tv\/site\/wp-content\/uploads\/2017\/03\/Fabio-Cherem-480x320.jpg"},"sow-carousel-default":{"file":"Fabio-Cherem-272x182.jpg","width":272,"height":182,"mime-type":"image\/jpeg","source_url":"https:\/\/lavras.tv\/site\/wp-content\/uploads\/2017\/03\/Fabio-Cherem-272x182.jpg"}},"image_meta":{"aperture":"5.6","credit":"","camera":"Canon EOS REBEL T5i","caption":"","created_timestamp":"1490107947","copyright":"","focal_length":"55","iso":"1600","shutter_speed":"0.01","title":"","orientation":"1","keywords":[]}},"post":7643,"source_url":"https:\/\/lavras.tv\/site\/wp-content\/uploads\/2017\/03\/Fabio-Cherem.jpg"},"author_meta":{"display_name":"Lavras TV","author_link":"https:\/\/lavras.tv\/site\/author\/lavrastv\/"},"featured_img":"https:\/\/lavras.tv\/site\/wp-content\/uploads\/2017\/03\/Fabio-Cherem-300x200.jpg","coauthors":[],"tax_additional":{"categories":{"linked":["<a href=\"https:\/\/lavras.tv\/site\/category\/destaques\/\" class=\"advgb-post-tax-term\">Destaques<\/a>","<a href=\"https:\/\/lavras.tv\/site\/category\/politica\/\" class=\"advgb-post-tax-term\">Pol\u00edtica<\/a>"],"unlinked":["<span class=\"advgb-post-tax-term\">Destaques<\/span>","<span class=\"advgb-post-tax-term\">Pol\u00edtica<\/span>"]},"tags":{"linked":["<a href=\"https:\/\/lavras.tv\/site\/category\/politica\/\" class=\"advgb-post-tax-term\">almg<\/a>","<a href=\"https:\/\/lavras.tv\/site\/category\/politica\/\" class=\"advgb-post-tax-term\">deputado<\/a>","<a href=\"https:\/\/lavras.tv\/site\/category\/politica\/\" class=\"advgb-post-tax-term\">fabio cherem<\/a>","<a href=\"https:\/\/lavras.tv\/site\/category\/politica\/\" class=\"advgb-post-tax-term\">pol\u00edtica<\/a>"],"unlinked":["<span class=\"advgb-post-tax-term\">almg<\/span>","<span class=\"advgb-post-tax-term\">deputado<\/span>","<span class=\"advgb-post-tax-term\">fabio cherem<\/span>","<span class=\"advgb-post-tax-term\">pol\u00edtica<\/span>"]}},"comment_count":"0","relative_dates":{"created":"Publicado 9 anos atr\u00e1s","modified":"Atualizado 9 anos atr\u00e1s"},"absolute_dates":{"created":"Publicado em 27 de mar\u00e7o de 2017","modified":"Atualizado em 27 de mar\u00e7o de 2017"},"absolute_dates_time":{"created":"Publicado em 27 de mar\u00e7o de 2017 10:05","modified":"Atualizado em 27 de mar\u00e7o de 2017 10:05"},"featured_img_caption":"","series_order":"","_links":{"self":[{"href":"https:\/\/lavras.tv\/site\/wp-json\/wp\/v2\/posts\/7643","targetHints":{"allow":["GET"]}}],"collection":[{"href":"https:\/\/lavras.tv\/site\/wp-json\/wp\/v2\/posts"}],"about":[{"href":"https:\/\/lavras.tv\/site\/wp-json\/wp\/v2\/types\/post"}],"author":[{"embeddable":true,"href":"https:\/\/lavras.tv\/site\/wp-json\/wp\/v2\/users\/2"}],"replies":[{"embeddable":true,"href":"https:\/\/lavras.tv\/site\/wp-json\/wp\/v2\/comments?post=7643"}],"version-history":[{"count":1,"href":"https:\/\/lavras.tv\/site\/wp-json\/wp\/v2\/posts\/7643\/revisions"}],"predecessor-version":[{"id":7645,"href":"https:\/\/lavras.tv\/site\/wp-json\/wp\/v2\/posts\/7643\/revisions\/7645"}],"wp:featuredmedia":[{"embeddable":true,"href":"https:\/\/lavras.tv\/site\/wp-json\/wp\/v2\/media\/7644"}],"wp:attachment":[{"href":"https:\/\/lavras.tv\/site\/wp-json\/wp\/v2\/media?parent=7643"}],"wp:term":[{"taxonomy":"category","embeddable":true,"href":"https:\/\/lavras.tv\/site\/wp-json\/wp\/v2\/categories?post=7643"},{"taxonomy":"post_tag","embeddable":true,"href":"https:\/\/lavras.tv\/site\/wp-json\/wp\/v2\/tags?post=7643"}],"curies":[{"name":"wp","href":"https:\/\/api.w.org\/{rel}","templated":true}]}}