{"id":7663,"date":"2017-03-28T09:20:52","date_gmt":"2017-03-28T12:20:52","guid":{"rendered":"http:\/\/lavras.tv\/site\/?p=7663"},"modified":"2017-03-28T09:20:52","modified_gmt":"2017-03-28T12:20:52","slug":"circuito-mineiro-da-cafeicultura-tera-mais-de-30-etapas-e-passara-por-cidades-da-regiao","status":"publish","type":"post","link":"https:\/\/lavras.tv\/site\/2017\/03\/28\/circuito-mineiro-da-cafeicultura-tera-mais-de-30-etapas-e-passara-por-cidades-da-regiao\/","title":{"rendered":"Circuito Mineiro da Cafeicultura ter\u00e1 mais de 30 etapas e passar\u00e1 por cidades da regi\u00e3o"},"content":{"rendered":"<div class=\"lavra-antes-do-conteudo_2\" id=\"lavra-1903787079\"><div id=\"lavra-slider-27\" class=\"custom-slider lavra-slider-898604062 lavra-slider\"><ul><li><div style=\"margin-left: auto;margin-right: auto;text-align: center;\" id=\"lavra-3097207065\"><a href=\"https:\/\/sistemas.lavras.mg.gov.br\/portalcidadao\/#df1b1a7c7b2a290bcb31e32771e610784662739a88807c0dacac58ede5f391a7530e299dc302d611ee73cb143fc22eaf93592e53e7b5bdb01b00a0b8d28dae460c141dd2ff83412e4dc1c31b16b25f33144a9e5620ea73b13f5bc1c59411d98439ad226e8af03840603796067d87afe130812cf3de24982d0e306f9e61e764e5\" aria-label=\"Lavras-TV&#8211;720x104px (1) (1)\"><img src=\"https:\/\/lavras.tv\/site\/wp-content\/uploads\/2025\/01\/Lavras-TV-720x104px-1-1.png\" alt=\"\"  srcset=\"https:\/\/lavras.tv\/site\/wp-content\/uploads\/2025\/01\/Lavras-TV-720x104px-1-1.png 720w, https:\/\/lavras.tv\/site\/wp-content\/uploads\/2025\/01\/Lavras-TV-720x104px-1-1-470x68.png 470w, https:\/\/lavras.tv\/site\/wp-content\/uploads\/2025\/01\/Lavras-TV-720x104px-1-1-170x25.png 170w, https:\/\/lavras.tv\/site\/wp-content\/uploads\/2025\/01\/Lavras-TV-720x104px-1-1-200x29.png 200w\" sizes=\"(max-width: 720px) 100vw, 720px\" width=\"720\" height=\"104\"  style=\"display: inline-block;\" \/><\/a><\/div><\/li><li><a href=\"https:\/\/sistemas.lavras.mg.gov.br\/portalcidadao\/#df1b1a7c7b2a290bcb31e32771e610784662739a88807c0dacac58ede5f391a7530e299dc302d611ee73cb143fc22eaf93592e53e7b5bdb01b00a0b8d28dae460c141dd2ff83412e4dc1c31b16b25f33144a9e5620ea73b13f5bc1c59411d98439ad226e8af03840603796067d87afe130812cf3de24982d0e306f9e61e764e5\" aria-label=\"Banner_Emprego_PortallavrasTV\"><img src=\"https:\/\/lavras.tv\/site\/wp-content\/uploads\/2025\/03\/Banner_Emprego_PortallavrasTV.png\" alt=\"\"  srcset=\"https:\/\/lavras.tv\/site\/wp-content\/uploads\/2025\/03\/Banner_Emprego_PortallavrasTV.png 720w, https:\/\/lavras.tv\/site\/wp-content\/uploads\/2025\/03\/Banner_Emprego_PortallavrasTV-470x68.png 470w, https:\/\/lavras.tv\/site\/wp-content\/uploads\/2025\/03\/Banner_Emprego_PortallavrasTV-170x25.png 170w, https:\/\/lavras.tv\/site\/wp-content\/uploads\/2025\/03\/Banner_Emprego_PortallavrasTV-200x29.png 200w\" sizes=\"(max-width: 720px) 100vw, 720px\" width=\"720\" height=\"104\"   \/><\/a><\/li><li><a href=\"https:\/\/sistemas.lavras.mg.gov.br\/portalcidadao\/#df1b1a7c7b2a290bcb31e32771e610784662739a88807c0dacac58ede5f391a7530e299dc302d611ee73cb143fc22eaf93592e53e7b5bdb01b00a0b8d28dae460c141dd2ff83412e4dc1c31b16b25f33144a9e5620ea73b13f5bc1c59411d98439ad226e8af03840603796067d87afe130812cf3de24982d0e306f9e61e764e5\" aria-label=\"Banner_Obras_PortallavrasTV\"><img src=\"https:\/\/lavras.tv\/site\/wp-content\/uploads\/2025\/03\/Banner_Obras_PortallavrasTV.png\" alt=\"\"  srcset=\"https:\/\/lavras.tv\/site\/wp-content\/uploads\/2025\/03\/Banner_Obras_PortallavrasTV.png 720w, https:\/\/lavras.tv\/site\/wp-content\/uploads\/2025\/03\/Banner_Obras_PortallavrasTV-470x68.png 470w, https:\/\/lavras.tv\/site\/wp-content\/uploads\/2025\/03\/Banner_Obras_PortallavrasTV-170x25.png 170w, https:\/\/lavras.tv\/site\/wp-content\/uploads\/2025\/03\/Banner_Obras_PortallavrasTV-200x29.png 200w\" sizes=\"(max-width: 720px) 100vw, 720px\" width=\"720\" height=\"104\"   \/><\/a><\/li><li><div style=\"margin-left: auto;margin-right: auto;text-align: center;\" id=\"lavra-3905548003\"><a href=\"https:\/\/sistemas.lavras.mg.gov.br\/portalcidadao\/#df1b1a7c7b2a290bcb31e32771e610784662739a88807c0dacac58ede5f391a7530e299dc302d611ee73cb143fc22eaf93592e53e7b5bdb01b00a0b8d28dae460c141dd2ff83412e4dc1c31b16b25f33144a9e5620ea73b13f5bc1c59411d98439ad226e8af03840603796067d87afe130812cf3de24982d0e306f9e61e764e5\" aria-label=\"Banner_Educa\u00e7\u00e3o_PortallavrasTV\"><img src=\"https:\/\/lavras.tv\/site\/wp-content\/uploads\/2025\/01\/Banner_Educacao_PortallavrasTV.png\" alt=\"\"  srcset=\"https:\/\/lavras.tv\/site\/wp-content\/uploads\/2025\/01\/Banner_Educacao_PortallavrasTV.png 720w, https:\/\/lavras.tv\/site\/wp-content\/uploads\/2025\/01\/Banner_Educacao_PortallavrasTV-470x68.png 470w, https:\/\/lavras.tv\/site\/wp-content\/uploads\/2025\/01\/Banner_Educacao_PortallavrasTV-170x25.png 170w, https:\/\/lavras.tv\/site\/wp-content\/uploads\/2025\/01\/Banner_Educacao_PortallavrasTV-200x29.png 200w\" sizes=\"(max-width: 720px) 100vw, 720px\" width=\"720\" height=\"104\"  style=\"display: inline-block;\" \/><\/a><\/div><\/li><li><a href=\"https:\/\/sistemas.lavras.mg.gov.br\/portalcidadao\/#df1b1a7c7b2a290bcb31e32771e610784662739a88807c0dacac58ede5f391a7530e299dc302d611ee73cb143fc22eaf93592e53e7b5bdb01b00a0b8d28dae460c141dd2ff83412e4dc1c31b16b25f33144a9e5620ea73b13f5bc1c59411d98439ad226e8af03840603796067d87afe130812cf3de24982d0e306f9e61e764e5\" aria-label=\"Banner_Sa\u00fade_PortallavrasTV\"><img src=\"https:\/\/lavras.tv\/site\/wp-content\/uploads\/2025\/03\/Banner_Saude_PortallavrasTV.png\" alt=\"\"  srcset=\"https:\/\/lavras.tv\/site\/wp-content\/uploads\/2025\/03\/Banner_Saude_PortallavrasTV.png 720w, https:\/\/lavras.tv\/site\/wp-content\/uploads\/2025\/03\/Banner_Saude_PortallavrasTV-470x68.png 470w, https:\/\/lavras.tv\/site\/wp-content\/uploads\/2025\/03\/Banner_Saude_PortallavrasTV-170x25.png 170w, https:\/\/lavras.tv\/site\/wp-content\/uploads\/2025\/03\/Banner_Saude_PortallavrasTV-200x29.png 200w\" sizes=\"(max-width: 720px) 100vw, 720px\" width=\"720\" height=\"104\"   \/><\/a><\/li><li><div id=\"lavra-1488713555\" style=\"width:720px;height:104px;background-color:#ddd;overflow:scroll;\">\n\t<strong>Sa\u00edda da depura\u00e7\u00e3o de an\u00fancios<\/strong>\n\t<br><br>\n\tO an\u00fancio n\u00e3o \u00e9 exibido na p\u00e1gina<br><br>post atual: Circuito Mineiro da Cafeicultura ter\u00e1 mais de 30 etapas e passar\u00e1 por cidades da regi\u00e3o, ID: 7663<br><br><span style=\"color: red;\">O post atual n\u00e3o \u00e9 id\u00eantico ao post principal.<\/span><br><br>An\u00fancios: ROXO - TOPO INTERNA - ROTATIVO 2 (197)<br \/>Grupo de an\u00fancios: Princ_Meio01_720x104 (27)<br><br>Condi\u00e7\u00f5es de exibi\u00e7\u00e3o<div style=\"margin-bottom: 20px; white-space: pre-wrap; font-family: monospace; width: 100%; background: #ffe9e9;\"><strong>condi\u00e7\u00f5es gerais<\/strong><table border=\"1\"><thead><tr><th><\/th><th>An\u00fancios<\/th><th>wp_the_query<\/th><\/tr><\/thead><tr><td>is_main_query<\/td><td>1<\/td><td>1<\/td><\/tr><tr><td>is_rest_api<\/td><td>0<\/td><td>1<\/td><\/tr><tr><td>page<\/td><td>0<\/td><td>1<\/td><\/tr><tr><td>numpages<\/td><td>0<\/td><td>1<\/td><\/tr><tr><td>is_archive<\/td><td>1<\/td><td><\/td><\/tr><tr><td>is_search<\/td><td>1<\/td><td><\/td><\/tr><tr><td>is_home<\/td><td>1<\/td><td><\/td><\/tr><tr><td>is_404<\/td><td>1<\/td><td><\/td><\/tr><tr><td>is_attachment<\/td><td>1<\/td><td><\/td><\/tr><tr><td>is_singular<\/td><td>1<\/td><td><\/td><\/tr><tr><td>is_front_page<\/td><td>1<\/td><td><\/td><\/tr><tr><td>is_feed<\/td><td>1<\/td><td><\/td><\/tr><\/table><\/div><br><br><span style=\"color: red;\">Seu site usa HTTPS, mas o c\u00f3digo do an\u00fancio cont\u00e9m HTTP e pode n\u00e3o funcionar.<\/span>\t<br><br>\n\t<a style=\"color: green;\" href=\"https:\/\/wpadvancedads.com\/manual\/ad-debug-mode\/?utm_source=advanced-ads&utm_medium=link&utm_campaign=ad-debug-mode\" target=\"_blank\" rel=\"nofollow\">Encontre solu\u00e7\u00f5es no manual<\/a>\n<\/div>\n<\/li><\/ul><\/div><script>( window.advanced_ads_ready || jQuery( document ).ready ).call( null, function() {var $lavraslider898604062 = jQuery( \".lavra-slider-898604062\" );$lavraslider898604062.on( \"unslider.ready\", function() { jQuery( \"div.custom-slider ul li\" ).css( \"display\", \"block\" ); });$lavraslider898604062.unslider({ delay:4000, autoplay:true, nav:false, arrows:false, infinite:true });$lavraslider898604062.on(\"mouseover\", function() {$lavraslider898604062.unslider(\"stop\");}).on(\"mouseout\", function() {$lavraslider898604062.unslider(\"start\");});});<\/script><\/div><p>O Circuito Mineiro da Cafeicultura de 2017 ter\u00e1 in\u00edcio nesta quarta-feira (29\/3) em Concei\u00e7\u00e3o da Aparecida, no Sul de Minas. <!--more-->Esta \u00e9 a 17\u00aa edi\u00e7\u00e3o do Circuito, que tem o objetivo de divulgar as tecnologias do setor e promover a troca de informa\u00e7\u00f5es entre t\u00e9cnicos, empres\u00e1rios e agricultores para melhorar a qualidade do caf\u00e9, reduzir custos na produ\u00e7\u00e3o e aumentar a renda dos produtores.<\/p>\n<p>O Circuito \u00e9 realizado nas quatro regi\u00f5es produtores de caf\u00e9 de Minas Gerais: Sul de Minas, Cerrado, Matas de Minas e Chapada de Minas.\u00a0 Ser\u00e3o mais de 30 etapas, a maioria com as datas j\u00e1 confirmadas. A participa\u00e7\u00e3o dos produtores \u00e9 gratuita e as inscri\u00e7\u00f5es s\u00e3o feitas nos locais dos eventos.<\/p>\n<p>O Circuito Mineiro da Cafeicultura \u00e9 uma promo\u00e7\u00e3o do Governo de Minas Gerais, por meio da Emater\u2013MG, em parceria com a Secretaria de Estado da Agricultura, Pecu\u00e1ria e Abastecimento (Seapa), Universidade Federal de Lavras (UFLA) e prefeituras.<\/p>\n<p>\u201cO circuito \u00e9 bem direcionado. Os temas abordados em cada etapa s\u00e3o relativos \u00e0quela microrregi\u00e3o produtora.\u00a0 O \u00fanico tema que \u00e9 discutido em todos os munic\u00edpios \u00e9 a quest\u00e3o ambiental, principalmente com esta redu\u00e7\u00e3o da oferta de \u00e1gua\u201d, explica o coordenador estadual de Cafeicultura da Emater-MG, Bernardino Cangussu.<\/p>\n<p>Outro assunto que ser\u00e1 muito abordado este ano \u00e9 gest\u00e3o da propriedade. \u201cMuitos produtores n\u00e3o anotam os gastos com a atividade. Isso dificulta a an\u00e1lise do t\u00e9cnico da Emater-MG na hora de calcular os custos de produ\u00e7\u00e3o naquela propriedade. E o produtor que n\u00e3o sabe quanto custa produzir, ter\u00e1 dificuldades para saber o momento correto de vender o caf\u00e9. Este registro \u00e9 important\u00edssimo para a tomada de decis\u00e3o\u201d, comenta o coordenador.<\/p>\n<p><strong>Primeiras etapas<\/strong><\/p>\n<p>A primeira etapa do Circuito em Concei\u00e7\u00e3o da Aparecida, no dia 29 de mar\u00e7o, ser\u00e1 realizada no Gin\u00e1sio Poliesportivo da cidade, a partir das 13h. Entre os assuntos que ser\u00e3o discutidos, est\u00e3o o controle da broca do cafeeiro e a microbiologia do solo.<\/p>\n<p>J\u00e1 no dia 30 de mar\u00e7o, ser\u00e1 a vez da etapa em Nepomuceno, tamb\u00e9m no Sul de Minas. Al\u00e9m de palestras sobre associativismo, fertilidade do solo e sustentabilidade, haver\u00e1 a solenidade de encerramento do Concurso Municipal de Qualidade do Caf\u00e9 de 2016. O evento come\u00e7a \u00e0s 12h30, no Centro de Eventos da prefeitura.<\/p>\n<p>As informa\u00e7\u00f5es sobre as etapas do Circuito podem ser obtidas nos escrit\u00f3rios da Emater-MG.<\/p>\n<p><strong>Programa\u00e7\u00e3o do Circuito Mineiro da Cafeicultura<\/strong><\/p>\n<p><strong>Mar\u00e7o<\/strong><\/p>\n<p>Concei\u00e7\u00e3o da Aparecida \u2013 dia 29<\/p>\n<p><span style=\"text-decoration: underline;\">Nepomuceno<\/span> \u2013 dia 30<\/p>\n<p><strong>Abril<\/strong><\/p>\n<p>Aguanil \u2013 dia 18<\/p>\n<p>Divino \u2013 dia 18<\/p>\n<p>Guaxup\u00e9 \u2013 dia 19<\/p>\n<p>S\u00e3o Francisco do Gl\u00f3ria \u2013 dia 20<\/p>\n<p>Paragua\u00e7u \u2013 dia 25<\/p>\n<p><span style=\"text-decoration: underline;\">Santo Ant\u00f4nio do Amparo<\/span> \u2013\u00a0 dia 26<\/p>\n<p>Fervedouro \u2013 dia 28<\/p>\n<p><strong>Maio<\/strong><\/p>\n<p>Alterosa \u2013 dia 2<\/p>\n<p><span style=\"text-decoration: underline;\">Lavras<\/span> \u2013 dia 3<\/p>\n<p>Pedralva \u2013 dia 4<\/p>\n<p>Jacutinga \u2013 dia 11<\/p>\n<p>Cambuquira \u2013 dia 16<\/p>\n<p><strong>Agosto<\/strong><\/p>\n<p><span style=\"text-decoration: underline;\">Campo Belo<\/span> &#8211;\u00a0 dia 24<\/p>\n<p>S\u00e3o Sebasti\u00e3o do Para\u00edso \u2013\u00a0 dia 31<\/p>\n<p><strong>Setembro<\/strong><\/p>\n<p>Chal\u00e9 \u2013 dia 14<\/p>\n<p>Lambari \u2013 dia 14<\/p>\n<p>Santa Rita do Sapuca\u00ed \u2013 dia 21<\/p>\n<p>Santa Rosa da Serra \u2013 dia 21<\/p>\n<p>C\u00e1ssia \u2013 dia 26<\/p>\n<p>Boa Esperan\u00e7a \u2013 dia 28<\/p>\n<p>Caratinga \u2013 dia 28<\/p>\n<p><strong>Outubro<\/strong><\/p>\n<p>Campos Gerais \u2013 dia 5<\/p>\n<p>Concei\u00e7\u00e3o das Pedras \u2013 dia 11<\/p>\n<p>Piumhi \u2013 dia 17<\/p>\n<p><span style=\"text-decoration: underline;\">Carmo da Cachoeira<\/span> \u2013 dia 19<\/p>\n<p>Angel\u00e2ndia \u2013 dia 22<\/p>\n<p>Santa Margarida \u2013 dia 25<\/p>\n<p>Carea\u00e7u \u2013 dia 26<\/p>\n<p><strong>Novembro<\/strong><\/p>\n<p>Passos \u2013 dia 4<\/p>\n<p><span style=\"text-decoration: underline;\">Cristais<\/span> \u2013 dia 9<\/p>\n<p><strong>Datas a confirmar<\/strong><\/p>\n<p>\u00c1gua Boa<\/p>\n<p>Campos Altos<\/p>\n<p>Monte Carmelo<\/p>\n<p>Nova Resende<\/p>\n<p>Sacramento<\/p>\n<p>Fonte: Ag\u00eancia Minas<\/p>\n","protected":false},"excerpt":{"rendered":"<p>O Circuito Mineiro da Cafeicultura de 2017 ter\u00e1 in\u00edcio nesta quarta-feira (29\/3) em Concei\u00e7\u00e3o da Aparecida, no Sul de Minas.<\/p>\n","protected":false},"author":2,"featured_media":1846,"comment_status":"closed","ping_status":"open","sticky":false,"template":"","format":"standard","meta":{"advgb_blocks_editor_width":"","advgb_blocks_columns_visual_guide":"","_exactmetrics_skip_tracking":false,"_exactmetrics_sitenote_active":false,"_exactmetrics_sitenote_note":"","_exactmetrics_sitenote_category":0,"footnotes":""},"categories":[7,2],"tags":[259,3031,972,1015,56],"class_list":["post-7663","post","type-post","status-publish","format-standard","has-post-thumbnail","hentry","category-destaques","category-noticias","tag-cafe","tag-circuito-mineiro-de-cafeicultura","tag-emater","tag-mg","tag-ufla"],"better_featured_image":{"id":1846,"alt_text":"","caption":"","description":"","media_type":"image","media_details":{"width":615,"height":300,"file":"2016\/08\/cafezal.jpg","sizes":{"thumbnail":{"file":"cafezal-150x73.jpg","width":150,"height":73,"mime-type":"image\/jpeg","source_url":"https:\/\/lavras.tv\/site\/wp-content\/uploads\/2016\/08\/cafezal-150x73.jpg"},"medium":{"file":"cafezal-300x146.jpg","width":300,"height":146,"mime-type":"image\/jpeg","source_url":"https:\/\/lavras.tv\/site\/wp-content\/uploads\/2016\/08\/cafezal-300x146.jpg"},"featured-post-img":{"file":"cafezal-480x300.jpg","width":480,"height":300,"mime-type":"image\/jpeg","source_url":"https:\/\/lavras.tv\/site\/wp-content\/uploads\/2016\/08\/cafezal-480x300.jpg"},"sow-carousel-default":{"file":"cafezal-272x182.jpg","width":272,"height":182,"mime-type":"image\/jpeg","source_url":"https:\/\/lavras.tv\/site\/wp-content\/uploads\/2016\/08\/cafezal-272x182.jpg"}},"image_meta":{"aperture":"0","credit":"","camera":"","caption":"","created_timestamp":"0","copyright":"","focal_length":"0","iso":"0","shutter_speed":"0","title":"","orientation":"0","keywords":[]}},"post":1845,"source_url":"https:\/\/lavras.tv\/site\/wp-content\/uploads\/2016\/08\/cafezal.jpg"},"author_meta":{"display_name":"Lavras TV","author_link":"https:\/\/lavras.tv\/site\/author\/lavrastv\/"},"featured_img":"https:\/\/lavras.tv\/site\/wp-content\/uploads\/2016\/08\/cafezal-300x146.jpg","coauthors":[],"tax_additional":{"categories":{"linked":["<a href=\"https:\/\/lavras.tv\/site\/category\/destaques\/\" class=\"advgb-post-tax-term\">Destaques<\/a>","<a href=\"https:\/\/lavras.tv\/site\/category\/noticias\/\" class=\"advgb-post-tax-term\">Not\u00edcias<\/a>"],"unlinked":["<span class=\"advgb-post-tax-term\">Destaques<\/span>","<span class=\"advgb-post-tax-term\">Not\u00edcias<\/span>"]},"tags":{"linked":["<a href=\"https:\/\/lavras.tv\/site\/category\/noticias\/\" class=\"advgb-post-tax-term\">caf\u00e9<\/a>","<a href=\"https:\/\/lavras.tv\/site\/category\/noticias\/\" class=\"advgb-post-tax-term\">circuito mineiro de cafeicultura<\/a>","<a href=\"https:\/\/lavras.tv\/site\/category\/noticias\/\" class=\"advgb-post-tax-term\">EMATER<\/a>","<a href=\"https:\/\/lavras.tv\/site\/category\/noticias\/\" class=\"advgb-post-tax-term\">mg<\/a>","<a href=\"https:\/\/lavras.tv\/site\/category\/noticias\/\" class=\"advgb-post-tax-term\">ufla<\/a>"],"unlinked":["<span class=\"advgb-post-tax-term\">caf\u00e9<\/span>","<span class=\"advgb-post-tax-term\">circuito mineiro de cafeicultura<\/span>","<span class=\"advgb-post-tax-term\">EMATER<\/span>","<span class=\"advgb-post-tax-term\">mg<\/span>","<span class=\"advgb-post-tax-term\">ufla<\/span>"]}},"comment_count":"0","relative_dates":{"created":"Publicado 9 anos atr\u00e1s","modified":"Atualizado 9 anos atr\u00e1s"},"absolute_dates":{"created":"Publicado em 28 de mar\u00e7o de 2017","modified":"Atualizado em 28 de mar\u00e7o de 2017"},"absolute_dates_time":{"created":"Publicado em 28 de mar\u00e7o de 2017 09:20","modified":"Atualizado em 28 de mar\u00e7o de 2017 09:20"},"featured_img_caption":"","series_order":"","_links":{"self":[{"href":"https:\/\/lavras.tv\/site\/wp-json\/wp\/v2\/posts\/7663","targetHints":{"allow":["GET"]}}],"collection":[{"href":"https:\/\/lavras.tv\/site\/wp-json\/wp\/v2\/posts"}],"about":[{"href":"https:\/\/lavras.tv\/site\/wp-json\/wp\/v2\/types\/post"}],"author":[{"embeddable":true,"href":"https:\/\/lavras.tv\/site\/wp-json\/wp\/v2\/users\/2"}],"replies":[{"embeddable":true,"href":"https:\/\/lavras.tv\/site\/wp-json\/wp\/v2\/comments?post=7663"}],"version-history":[{"count":1,"href":"https:\/\/lavras.tv\/site\/wp-json\/wp\/v2\/posts\/7663\/revisions"}],"predecessor-version":[{"id":7664,"href":"https:\/\/lavras.tv\/site\/wp-json\/wp\/v2\/posts\/7663\/revisions\/7664"}],"wp:featuredmedia":[{"embeddable":true,"href":"https:\/\/lavras.tv\/site\/wp-json\/wp\/v2\/media\/1846"}],"wp:attachment":[{"href":"https:\/\/lavras.tv\/site\/wp-json\/wp\/v2\/media?parent=7663"}],"wp:term":[{"taxonomy":"category","embeddable":true,"href":"https:\/\/lavras.tv\/site\/wp-json\/wp\/v2\/categories?post=7663"},{"taxonomy":"post_tag","embeddable":true,"href":"https:\/\/lavras.tv\/site\/wp-json\/wp\/v2\/tags?post=7663"}],"curies":[{"name":"wp","href":"https:\/\/api.w.org\/{rel}","templated":true}]}}