{"id":7691,"date":"2017-03-29T09:11:02","date_gmt":"2017-03-29T12:11:02","guid":{"rendered":"http:\/\/lavras.tv\/site\/?p=7691"},"modified":"2017-03-29T09:11:02","modified_gmt":"2017-03-29T12:11:02","slug":"conta-de-luz-da-cemig-vai-ter-desconto-de-10-em-abril","status":"publish","type":"post","link":"https:\/\/lavras.tv\/site\/2017\/03\/29\/conta-de-luz-da-cemig-vai-ter-desconto-de-10-em-abril\/","title":{"rendered":"Conta de luz da CEMIG vai ter desconto de 10% em abril"},"content":{"rendered":"<div class=\"lavra-antes-do-conteudo_2\" id=\"lavra-621206800\"><div id=\"lavra-slider-27\" class=\"custom-slider lavra-slider-108098794 lavra-slider\"><ul><li><div style=\"margin-left: auto;margin-right: auto;text-align: center;\" id=\"lavra-607540671\"><a href=\"https:\/\/sistemas.lavras.mg.gov.br\/portalcidadao\/#df1b1a7c7b2a290bcb31e32771e610784662739a88807c0dacac58ede5f391a7530e299dc302d611ee73cb143fc22eaf93592e53e7b5bdb01b00a0b8d28dae460c141dd2ff83412e4dc1c31b16b25f33144a9e5620ea73b13f5bc1c59411d98439ad226e8af03840603796067d87afe130812cf3de24982d0e306f9e61e764e5\" aria-label=\"Lavras-TV&#8211;720x104px (1) (1)\"><img src=\"https:\/\/lavras.tv\/site\/wp-content\/uploads\/2025\/01\/Lavras-TV-720x104px-1-1.png\" alt=\"\"  srcset=\"https:\/\/lavras.tv\/site\/wp-content\/uploads\/2025\/01\/Lavras-TV-720x104px-1-1.png 720w, https:\/\/lavras.tv\/site\/wp-content\/uploads\/2025\/01\/Lavras-TV-720x104px-1-1-470x68.png 470w, https:\/\/lavras.tv\/site\/wp-content\/uploads\/2025\/01\/Lavras-TV-720x104px-1-1-170x25.png 170w, https:\/\/lavras.tv\/site\/wp-content\/uploads\/2025\/01\/Lavras-TV-720x104px-1-1-200x29.png 200w\" sizes=\"(max-width: 720px) 100vw, 720px\" width=\"720\" height=\"104\"  style=\"display: inline-block;\" \/><\/a><\/div><\/li><li><a href=\"https:\/\/sistemas.lavras.mg.gov.br\/portalcidadao\/#df1b1a7c7b2a290bcb31e32771e610784662739a88807c0dacac58ede5f391a7530e299dc302d611ee73cb143fc22eaf93592e53e7b5bdb01b00a0b8d28dae460c141dd2ff83412e4dc1c31b16b25f33144a9e5620ea73b13f5bc1c59411d98439ad226e8af03840603796067d87afe130812cf3de24982d0e306f9e61e764e5\" aria-label=\"Banner_Emprego_PortallavrasTV\"><img src=\"https:\/\/lavras.tv\/site\/wp-content\/uploads\/2025\/03\/Banner_Emprego_PortallavrasTV.png\" alt=\"\"  srcset=\"https:\/\/lavras.tv\/site\/wp-content\/uploads\/2025\/03\/Banner_Emprego_PortallavrasTV.png 720w, https:\/\/lavras.tv\/site\/wp-content\/uploads\/2025\/03\/Banner_Emprego_PortallavrasTV-470x68.png 470w, https:\/\/lavras.tv\/site\/wp-content\/uploads\/2025\/03\/Banner_Emprego_PortallavrasTV-170x25.png 170w, https:\/\/lavras.tv\/site\/wp-content\/uploads\/2025\/03\/Banner_Emprego_PortallavrasTV-200x29.png 200w\" sizes=\"(max-width: 720px) 100vw, 720px\" width=\"720\" height=\"104\"   \/><\/a><\/li><li><a href=\"https:\/\/sistemas.lavras.mg.gov.br\/portalcidadao\/#df1b1a7c7b2a290bcb31e32771e610784662739a88807c0dacac58ede5f391a7530e299dc302d611ee73cb143fc22eaf93592e53e7b5bdb01b00a0b8d28dae460c141dd2ff83412e4dc1c31b16b25f33144a9e5620ea73b13f5bc1c59411d98439ad226e8af03840603796067d87afe130812cf3de24982d0e306f9e61e764e5\" aria-label=\"Banner_Obras_PortallavrasTV\"><img src=\"https:\/\/lavras.tv\/site\/wp-content\/uploads\/2025\/03\/Banner_Obras_PortallavrasTV.png\" alt=\"\"  srcset=\"https:\/\/lavras.tv\/site\/wp-content\/uploads\/2025\/03\/Banner_Obras_PortallavrasTV.png 720w, https:\/\/lavras.tv\/site\/wp-content\/uploads\/2025\/03\/Banner_Obras_PortallavrasTV-470x68.png 470w, https:\/\/lavras.tv\/site\/wp-content\/uploads\/2025\/03\/Banner_Obras_PortallavrasTV-170x25.png 170w, https:\/\/lavras.tv\/site\/wp-content\/uploads\/2025\/03\/Banner_Obras_PortallavrasTV-200x29.png 200w\" sizes=\"(max-width: 720px) 100vw, 720px\" width=\"720\" height=\"104\"   \/><\/a><\/li><li><div style=\"margin-left: auto;margin-right: auto;text-align: center;\" id=\"lavra-814709450\"><a href=\"https:\/\/sistemas.lavras.mg.gov.br\/portalcidadao\/#df1b1a7c7b2a290bcb31e32771e610784662739a88807c0dacac58ede5f391a7530e299dc302d611ee73cb143fc22eaf93592e53e7b5bdb01b00a0b8d28dae460c141dd2ff83412e4dc1c31b16b25f33144a9e5620ea73b13f5bc1c59411d98439ad226e8af03840603796067d87afe130812cf3de24982d0e306f9e61e764e5\" aria-label=\"Banner_Educa\u00e7\u00e3o_PortallavrasTV\"><img src=\"https:\/\/lavras.tv\/site\/wp-content\/uploads\/2025\/01\/Banner_Educacao_PortallavrasTV.png\" alt=\"\"  srcset=\"https:\/\/lavras.tv\/site\/wp-content\/uploads\/2025\/01\/Banner_Educacao_PortallavrasTV.png 720w, https:\/\/lavras.tv\/site\/wp-content\/uploads\/2025\/01\/Banner_Educacao_PortallavrasTV-470x68.png 470w, https:\/\/lavras.tv\/site\/wp-content\/uploads\/2025\/01\/Banner_Educacao_PortallavrasTV-170x25.png 170w, https:\/\/lavras.tv\/site\/wp-content\/uploads\/2025\/01\/Banner_Educacao_PortallavrasTV-200x29.png 200w\" sizes=\"(max-width: 720px) 100vw, 720px\" width=\"720\" height=\"104\"  style=\"display: inline-block;\" \/><\/a><\/div><\/li><li><a href=\"https:\/\/sistemas.lavras.mg.gov.br\/portalcidadao\/#df1b1a7c7b2a290bcb31e32771e610784662739a88807c0dacac58ede5f391a7530e299dc302d611ee73cb143fc22eaf93592e53e7b5bdb01b00a0b8d28dae460c141dd2ff83412e4dc1c31b16b25f33144a9e5620ea73b13f5bc1c59411d98439ad226e8af03840603796067d87afe130812cf3de24982d0e306f9e61e764e5\" aria-label=\"Banner_Sa\u00fade_PortallavrasTV\"><img src=\"https:\/\/lavras.tv\/site\/wp-content\/uploads\/2025\/03\/Banner_Saude_PortallavrasTV.png\" alt=\"\"  srcset=\"https:\/\/lavras.tv\/site\/wp-content\/uploads\/2025\/03\/Banner_Saude_PortallavrasTV.png 720w, https:\/\/lavras.tv\/site\/wp-content\/uploads\/2025\/03\/Banner_Saude_PortallavrasTV-470x68.png 470w, https:\/\/lavras.tv\/site\/wp-content\/uploads\/2025\/03\/Banner_Saude_PortallavrasTV-170x25.png 170w, https:\/\/lavras.tv\/site\/wp-content\/uploads\/2025\/03\/Banner_Saude_PortallavrasTV-200x29.png 200w\" sizes=\"(max-width: 720px) 100vw, 720px\" width=\"720\" height=\"104\"   \/><\/a><\/li><li><div id=\"lavra-2985189180\" style=\"width:720px;height:104px;background-color:#ddd;overflow:scroll;\">\n\t<strong>Sa\u00edda da depura\u00e7\u00e3o de an\u00fancios<\/strong>\n\t<br><br>\n\tO an\u00fancio n\u00e3o \u00e9 exibido na p\u00e1gina<br><br>post atual: Conta de luz da CEMIG vai ter desconto de 10% em abril, ID: 7691<br><br><span style=\"color: red;\">O post atual n\u00e3o \u00e9 id\u00eantico ao post principal.<\/span><br><br>An\u00fancios: ROXO - TOPO INTERNA - ROTATIVO 2 (197)<br \/>Grupo de an\u00fancios: Princ_Meio01_720x104 (27)<br><br>Condi\u00e7\u00f5es de exibi\u00e7\u00e3o<div style=\"margin-bottom: 20px; white-space: pre-wrap; font-family: monospace; width: 100%; background: #ffe9e9;\"><strong>condi\u00e7\u00f5es gerais<\/strong><table border=\"1\"><thead><tr><th><\/th><th>An\u00fancios<\/th><th>wp_the_query<\/th><\/tr><\/thead><tr><td>is_main_query<\/td><td>1<\/td><td>1<\/td><\/tr><tr><td>is_rest_api<\/td><td>0<\/td><td>1<\/td><\/tr><tr><td>page<\/td><td>0<\/td><td>1<\/td><\/tr><tr><td>numpages<\/td><td>0<\/td><td>1<\/td><\/tr><tr><td>is_archive<\/td><td>1<\/td><td><\/td><\/tr><tr><td>is_search<\/td><td>1<\/td><td><\/td><\/tr><tr><td>is_home<\/td><td>1<\/td><td><\/td><\/tr><tr><td>is_404<\/td><td>1<\/td><td><\/td><\/tr><tr><td>is_attachment<\/td><td>1<\/td><td><\/td><\/tr><tr><td>is_singular<\/td><td>1<\/td><td><\/td><\/tr><tr><td>is_front_page<\/td><td>1<\/td><td><\/td><\/tr><tr><td>is_feed<\/td><td>1<\/td><td><\/td><\/tr><\/table><\/div><br><br><span style=\"color: red;\">Seu site usa HTTPS, mas o c\u00f3digo do an\u00fancio cont\u00e9m HTTP e pode n\u00e3o funcionar.<\/span>\t<br><br>\n\t<a style=\"color: green;\" href=\"https:\/\/wpadvancedads.com\/manual\/ad-debug-mode\/?utm_source=advanced-ads&utm_medium=link&utm_campaign=ad-debug-mode\" target=\"_blank\" rel=\"nofollow\">Encontre solu\u00e7\u00f5es no manual<\/a>\n<\/div>\n<\/li><\/ul><\/div><script>( window.advanced_ads_ready || jQuery( document ).ready ).call( null, function() {var $lavraslider108098794 = jQuery( \".lavra-slider-108098794\" );$lavraslider108098794.on( \"unslider.ready\", function() { jQuery( \"div.custom-slider ul li\" ).css( \"display\", \"block\" ); });$lavraslider108098794.unslider({ delay:4000, autoplay:true, nav:false, arrows:false, infinite:true });$lavraslider108098794.on(\"mouseover\", function() {$lavraslider108098794.unslider(\"stop\");}).on(\"mouseout\", function() {$lavraslider108098794.unslider(\"start\");});});<\/script><\/div><p>A conta de luz do consumidor em todo o pa\u00eds vai cair at\u00e9 20% em abril, sendo 10,61% para os consumidores da Cemig, por conta da devolu\u00e7\u00e3o de uma cobran\u00e7a indevida de energia atrelada \u00e0 usina nuclear de Angra 3. <!--more-->A decis\u00e3o anunciada nesta ter\u00e7a-feira pela Ag\u00eancia Nacional de Energia El\u00e9trica (Aneel) atinge todas as distribuidoras de energia, com exce\u00e7\u00e3o de apenas tr\u00eas empresas, a Sulgipe, a Companhia Energ\u00e9tica de Roraima e a Boa Vista Energia.<\/p>\n<p>A queda ocorrer\u00e1 apenas no m\u00eas de abril. Com a decis\u00e3o, a conta de luz do consumidor residencial da Eletropaulo, de S\u00e3o Paulo, cair\u00e1 12,44%. No caso da Light, do Rio de Janeiro, a queda ser\u00e1 de 5,3%. A CEB, de Bras\u00edlia, ter\u00e1 redu\u00e7\u00e3o de 5,92%.<\/p>\n<p><img fetchpriority=\"high\" decoding=\"async\" class=\"size-full wp-image-7692 aligncenter\" src=\"http:\/\/lavras.tv\/site\/wp-content\/uploads\/2017\/03\/lampada-2.jpg\" alt=\"lampada-2\" width=\"1600\" height=\"931\" srcset=\"https:\/\/lavras.tv\/site\/wp-content\/uploads\/2017\/03\/lampada-2.jpg 1600w, https:\/\/lavras.tv\/site\/wp-content\/uploads\/2017\/03\/lampada-2-150x87.jpg 150w, https:\/\/lavras.tv\/site\/wp-content\/uploads\/2017\/03\/lampada-2-300x175.jpg 300w, https:\/\/lavras.tv\/site\/wp-content\/uploads\/2017\/03\/lampada-2-1024x596.jpg 1024w\" sizes=\"(max-width: 1600px) 100vw, 1600px\" \/><\/p>\n<p>A queda varia entre cada uma das distribuidoras por conta dos diferentes prazos de cobran\u00e7a da energia de Angra 3. No caso da Eletropaulo, por exemplo, o valor foi cobrado indevidamente por nove meses.<\/p>\n<p>A usina termonuclear est\u00e1 em constru\u00e7\u00e3o no Rio de Janeiro e s\u00f3 deve ficar pronta a partir de 2019, mas acabou entrando irregularmente nas cobran\u00e7as de conta de luz. Os valores que ser\u00e3o devolvidos chegam a cerca de R$ 1 bilh\u00e3o e foram devidamente corrigidos pela taxa Selic dos per\u00edodos cobrados.<\/p>\n<p>Pela decis\u00e3o, a conta cobrada por sete distribuidoras do pa\u00eds vai cair de 15% a 20%. S\u00e3o elas: Celpe, Coelba, Cosern, CPFL Jaguari, CPFL Paulista, Energisa Borborema e Energisa Sergipe. Outras 22 empresas apresentar\u00e3o queda de 10% a 15%. Para 29 distribuidoras, a redu\u00e7\u00e3o ser\u00e1 de 5% a 10%. As demais 32 distribuidoras apresentar\u00e3o um corte entre 0% e 5%. A decis\u00e3o atinge 44 concession\u00e1rias e 20 permission\u00e1rias, todas elas distribuidoras de energia.<\/p>\n<p>A diretoria da Aneel j\u00e1 havia determinado, em dezembro de 2015, que a tarifa de energia relacionada a Angra 3 n\u00e3o devia entrar na conta de luz, porque a usina \u2013\u00a0previsto para operar em 2016 \u2013\u00a0n\u00e3o ficaria pronta no prazo. Por um erro interno da ag\u00eancia, por\u00e9m, a cobran\u00e7a acabou sendo inclu\u00edda na conta.<\/p>\n<p>Segundo o diretor da Aneel, Andr\u00e9 Pepitone, trata-se de um erro in\u00e9dito, mas a ag\u00eancia tomou medidas para que n\u00e3o volte a ocorrer. A corre\u00e7\u00e3o dos valores cobrados a mais j\u00e1 tinha sido identificada pela ag\u00eancia nos reajustes tarif\u00e1rios da Energisa Borborema, Light e Ampla, que come\u00e7aram a ter devolu\u00e7\u00f5es mensais por conta da cobran\u00e7a irregular. A decis\u00e3o da Aneel, por\u00e9m, foi de zerar a conta de uma \u00fanica vez, em abril.<\/p>\n<p>&#8220;Foi um erro, mas n\u00e3o houve m\u00e1 f\u00e9&#8221;, disse Pepitone. &#8220;A complexidade do processo \u00e9 enorme. Esse epis\u00f3dio nos trouxe um ensinamento. Precisamos dar um passo adiante e tornar esse sistema ainda mais seguro&#8221;, comentou.<\/p>\n<p>A Aneel vai criar mais etapas no processo de an\u00e1lise do sistema tarif\u00e1rio, incluindo novas \u00e1reas t\u00e9cnicas para homologar as cobran\u00e7as.<\/p>\n<p>Em dezembro de 2015, a Aneel foi questionada pela C\u00e2mara de Comercializa\u00e7\u00e3o de Energia El\u00e9trica (CCEE) a respeito de Angra 3. A CCEE \u00e9 a respons\u00e1vel por fazer a estimativa de custos da conta respons\u00e1vel por recolher recursos do Encargo de Energia de Reserva (EER). Cabe \u00e0 Aneel aprovar esse or\u00e7amento.<\/p>\n<p>\u00c9 por meio desse encargo, cobrado na conta de luz, que Angra 3 seria remunerada quando entrasse em opera\u00e7\u00e3o. Pelo contrato de concess\u00e3o, a usina deveria estar pronta e come\u00e7ar a gerar energia a partir de janeiro de 2016. Mas o Operador Nacional do Sistema El\u00e9trico (ONS) n\u00e3o conta com a usina at\u00e9 2021. Por isso, a Aneel decidiu autorizar a CCEE a n\u00e3o pagar Angra 3.<\/p>\n<p>Ainda assim, a cobran\u00e7a foi feita e repassada a consumidores de todo o pa\u00eds, na data de reajuste tarif\u00e1rio de cada distribuidora. O dinheiro ficou no caixa das distribuidoras de energia e n\u00e3o foi repassado nem \u00e0 CCEE, nem \u00e0 Angra 3.<\/p>\n<p>Caso o processo seguisse adiante, com a cobran\u00e7a por 12 meses dos consumidores de todo o pa\u00eds, o valor da cobran\u00e7a indevida seria de R$ 1,8 bilh\u00e3o a mais para Angra 3.<\/p>\n<p>Projeto do governo militar, Angra 3 teve as obras paralisadas em 1986. O empreendimento foi retomado em 2009 pelo ex-presidente Luiz In\u00e1cio Lula da Silva e deveria ficar pronto em 2014, mas sofreu novos adiamentos. Em 2015, as obras foram novamente paralisadas, devido a problemas financeiros da Eletronuclear, subsidi\u00e1ria da Eletrobras, e den\u00fancias de corrup\u00e7\u00e3o descobertas no \u00e2mbito da Opera\u00e7\u00e3o Pripyat, um dos bra\u00e7os da Lava Jato. Vice-almirante da Marinha, o ex-presidente da Eletronuclear Othon Luiz Pinheiro da Silva foi condenado e preso por envolvimento no esquema.<\/p>\n<p>&nbsp;<\/p>\n<p>Fonte: Itatiaia<\/p>\n","protected":false},"excerpt":{"rendered":"<p>A conta de luz do consumidor em todo o pa\u00eds vai cair at\u00e9 20% em abril, sendo 10,61% para os consumidores da Cemig, por conta da devolu\u00e7\u00e3o de uma cobran\u00e7a indevida de energia atrelada \u00e0 usina nuclear de Angra 3.<\/p>\n","protected":false},"author":2,"featured_media":7692,"comment_status":"closed","ping_status":"open","sticky":false,"template":"","format":"standard","meta":{"advgb_blocks_editor_width":"","advgb_blocks_columns_visual_guide":"","_exactmetrics_skip_tracking":false,"_exactmetrics_sitenote_active":false,"_exactmetrics_sitenote_note":"","_exactmetrics_sitenote_category":0,"footnotes":""},"categories":[7,2],"tags":[3039,684,2378,1222,530],"class_list":["post-7691","post","type-post","status-publish","format-standard","has-post-thumbnail","hentry","category-destaques","category-noticias","tag-abril","tag-cemig","tag-conta-de-luz","tag-desconto","tag-minas-gerais"],"better_featured_image":{"id":7692,"alt_text":"","caption":"","description":"","media_type":"image","media_details":{"width":1600,"height":931,"file":"2017\/03\/lampada-2.jpg","sizes":{"thumbnail":{"file":"lampada-2-150x87.jpg","width":150,"height":87,"mime-type":"image\/jpeg","source_url":"https:\/\/lavras.tv\/site\/wp-content\/uploads\/2017\/03\/lampada-2-150x87.jpg"},"medium":{"file":"lampada-2-300x175.jpg","width":300,"height":175,"mime-type":"image\/jpeg","source_url":"https:\/\/lavras.tv\/site\/wp-content\/uploads\/2017\/03\/lampada-2-300x175.jpg"},"large":{"file":"lampada-2-1024x596.jpg","width":1024,"height":596,"mime-type":"image\/jpeg","source_url":"https:\/\/lavras.tv\/site\/wp-content\/uploads\/2017\/03\/lampada-2-1024x596.jpg"},"featured-slider-img":{"file":"lampada-2-640x480.jpg","width":640,"height":480,"mime-type":"image\/jpeg","source_url":"https:\/\/lavras.tv\/site\/wp-content\/uploads\/2017\/03\/lampada-2-640x480.jpg"},"featured-post-img":{"file":"lampada-2-480x320.jpg","width":480,"height":320,"mime-type":"image\/jpeg","source_url":"https:\/\/lavras.tv\/site\/wp-content\/uploads\/2017\/03\/lampada-2-480x320.jpg"},"sow-carousel-default":{"file":"lampada-2-272x182.jpg","width":272,"height":182,"mime-type":"image\/jpeg","source_url":"https:\/\/lavras.tv\/site\/wp-content\/uploads\/2017\/03\/lampada-2-272x182.jpg"}},"image_meta":{"aperture":"0","credit":"","camera":"","caption":"","created_timestamp":"0","copyright":"","focal_length":"0","iso":"0","shutter_speed":"0","title":"","orientation":"0","keywords":[]}},"post":7691,"source_url":"https:\/\/lavras.tv\/site\/wp-content\/uploads\/2017\/03\/lampada-2.jpg"},"author_meta":{"display_name":"Lavras TV","author_link":"https:\/\/lavras.tv\/site\/author\/lavrastv\/"},"featured_img":"https:\/\/lavras.tv\/site\/wp-content\/uploads\/2017\/03\/lampada-2-300x175.jpg","coauthors":[],"tax_additional":{"categories":{"linked":["<a href=\"https:\/\/lavras.tv\/site\/category\/destaques\/\" class=\"advgb-post-tax-term\">Destaques<\/a>","<a href=\"https:\/\/lavras.tv\/site\/category\/noticias\/\" class=\"advgb-post-tax-term\">Not\u00edcias<\/a>"],"unlinked":["<span class=\"advgb-post-tax-term\">Destaques<\/span>","<span class=\"advgb-post-tax-term\">Not\u00edcias<\/span>"]},"tags":{"linked":["<a href=\"https:\/\/lavras.tv\/site\/category\/noticias\/\" class=\"advgb-post-tax-term\">abril<\/a>","<a href=\"https:\/\/lavras.tv\/site\/category\/noticias\/\" class=\"advgb-post-tax-term\">cemig<\/a>","<a href=\"https:\/\/lavras.tv\/site\/category\/noticias\/\" class=\"advgb-post-tax-term\">conta de luz<\/a>","<a href=\"https:\/\/lavras.tv\/site\/category\/noticias\/\" class=\"advgb-post-tax-term\">desconto<\/a>","<a href=\"https:\/\/lavras.tv\/site\/category\/noticias\/\" class=\"advgb-post-tax-term\">minas gerais<\/a>"],"unlinked":["<span class=\"advgb-post-tax-term\">abril<\/span>","<span class=\"advgb-post-tax-term\">cemig<\/span>","<span class=\"advgb-post-tax-term\">conta de luz<\/span>","<span class=\"advgb-post-tax-term\">desconto<\/span>","<span class=\"advgb-post-tax-term\">minas gerais<\/span>"]}},"comment_count":"0","relative_dates":{"created":"Publicado 9 anos atr\u00e1s","modified":"Atualizado 9 anos atr\u00e1s"},"absolute_dates":{"created":"Publicado em 29 de mar\u00e7o de 2017","modified":"Atualizado em 29 de mar\u00e7o de 2017"},"absolute_dates_time":{"created":"Publicado em 29 de mar\u00e7o de 2017 09:11","modified":"Atualizado em 29 de mar\u00e7o de 2017 09:11"},"featured_img_caption":"","series_order":"","_links":{"self":[{"href":"https:\/\/lavras.tv\/site\/wp-json\/wp\/v2\/posts\/7691","targetHints":{"allow":["GET"]}}],"collection":[{"href":"https:\/\/lavras.tv\/site\/wp-json\/wp\/v2\/posts"}],"about":[{"href":"https:\/\/lavras.tv\/site\/wp-json\/wp\/v2\/types\/post"}],"author":[{"embeddable":true,"href":"https:\/\/lavras.tv\/site\/wp-json\/wp\/v2\/users\/2"}],"replies":[{"embeddable":true,"href":"https:\/\/lavras.tv\/site\/wp-json\/wp\/v2\/comments?post=7691"}],"version-history":[{"count":1,"href":"https:\/\/lavras.tv\/site\/wp-json\/wp\/v2\/posts\/7691\/revisions"}],"predecessor-version":[{"id":7693,"href":"https:\/\/lavras.tv\/site\/wp-json\/wp\/v2\/posts\/7691\/revisions\/7693"}],"wp:featuredmedia":[{"embeddable":true,"href":"https:\/\/lavras.tv\/site\/wp-json\/wp\/v2\/media\/7692"}],"wp:attachment":[{"href":"https:\/\/lavras.tv\/site\/wp-json\/wp\/v2\/media?parent=7691"}],"wp:term":[{"taxonomy":"category","embeddable":true,"href":"https:\/\/lavras.tv\/site\/wp-json\/wp\/v2\/categories?post=7691"},{"taxonomy":"post_tag","embeddable":true,"href":"https:\/\/lavras.tv\/site\/wp-json\/wp\/v2\/tags?post=7691"}],"curies":[{"name":"wp","href":"https:\/\/api.w.org\/{rel}","templated":true}]}}