{"id":7697,"date":"2017-03-29T09:23:17","date_gmt":"2017-03-29T12:23:17","guid":{"rendered":"http:\/\/lavras.tv\/site\/?p=7697"},"modified":"2017-03-29T09:23:17","modified_gmt":"2017-03-29T12:23:17","slug":"fernando-pimentel-diz-que-carne-mineira-pode-ser-consumida-com-tranquilidade","status":"publish","type":"post","link":"https:\/\/lavras.tv\/site\/2017\/03\/29\/fernando-pimentel-diz-que-carne-mineira-pode-ser-consumida-com-tranquilidade\/","title":{"rendered":"Fernando Pimentel diz que carne mineira \u2018pode ser consumida com tranquilidade\u2019"},"content":{"rendered":"<div class=\"lavra-antes-do-conteudo_2\" id=\"lavra-1121436644\"><div id=\"lavra-slider-27\" class=\"custom-slider lavra-slider-3577430325 lavra-slider\"><ul><li><div style=\"margin-left: auto;margin-right: auto;text-align: center;\" id=\"lavra-1787464622\"><a href=\"https:\/\/sistemas.lavras.mg.gov.br\/portalcidadao\/#df1b1a7c7b2a290bcb31e32771e610784662739a88807c0dacac58ede5f391a7530e299dc302d611ee73cb143fc22eaf93592e53e7b5bdb01b00a0b8d28dae460c141dd2ff83412e4dc1c31b16b25f33144a9e5620ea73b13f5bc1c59411d98439ad226e8af03840603796067d87afe130812cf3de24982d0e306f9e61e764e5\" aria-label=\"Lavras-TV&#8211;720x104px (1) (1)\"><img src=\"https:\/\/lavras.tv\/site\/wp-content\/uploads\/2025\/01\/Lavras-TV-720x104px-1-1.png\" alt=\"\"  srcset=\"https:\/\/lavras.tv\/site\/wp-content\/uploads\/2025\/01\/Lavras-TV-720x104px-1-1.png 720w, https:\/\/lavras.tv\/site\/wp-content\/uploads\/2025\/01\/Lavras-TV-720x104px-1-1-470x68.png 470w, https:\/\/lavras.tv\/site\/wp-content\/uploads\/2025\/01\/Lavras-TV-720x104px-1-1-170x25.png 170w, https:\/\/lavras.tv\/site\/wp-content\/uploads\/2025\/01\/Lavras-TV-720x104px-1-1-200x29.png 200w\" sizes=\"(max-width: 720px) 100vw, 720px\" width=\"720\" height=\"104\"  style=\"display: inline-block;\" \/><\/a><\/div><\/li><li><a href=\"https:\/\/sistemas.lavras.mg.gov.br\/portalcidadao\/#df1b1a7c7b2a290bcb31e32771e610784662739a88807c0dacac58ede5f391a7530e299dc302d611ee73cb143fc22eaf93592e53e7b5bdb01b00a0b8d28dae460c141dd2ff83412e4dc1c31b16b25f33144a9e5620ea73b13f5bc1c59411d98439ad226e8af03840603796067d87afe130812cf3de24982d0e306f9e61e764e5\" aria-label=\"Banner_Emprego_PortallavrasTV\"><img src=\"https:\/\/lavras.tv\/site\/wp-content\/uploads\/2025\/03\/Banner_Emprego_PortallavrasTV.png\" alt=\"\"  srcset=\"https:\/\/lavras.tv\/site\/wp-content\/uploads\/2025\/03\/Banner_Emprego_PortallavrasTV.png 720w, https:\/\/lavras.tv\/site\/wp-content\/uploads\/2025\/03\/Banner_Emprego_PortallavrasTV-470x68.png 470w, https:\/\/lavras.tv\/site\/wp-content\/uploads\/2025\/03\/Banner_Emprego_PortallavrasTV-170x25.png 170w, https:\/\/lavras.tv\/site\/wp-content\/uploads\/2025\/03\/Banner_Emprego_PortallavrasTV-200x29.png 200w\" sizes=\"(max-width: 720px) 100vw, 720px\" width=\"720\" height=\"104\"   \/><\/a><\/li><li><a href=\"https:\/\/sistemas.lavras.mg.gov.br\/portalcidadao\/#df1b1a7c7b2a290bcb31e32771e610784662739a88807c0dacac58ede5f391a7530e299dc302d611ee73cb143fc22eaf93592e53e7b5bdb01b00a0b8d28dae460c141dd2ff83412e4dc1c31b16b25f33144a9e5620ea73b13f5bc1c59411d98439ad226e8af03840603796067d87afe130812cf3de24982d0e306f9e61e764e5\" aria-label=\"Banner_Obras_PortallavrasTV\"><img src=\"https:\/\/lavras.tv\/site\/wp-content\/uploads\/2025\/03\/Banner_Obras_PortallavrasTV.png\" alt=\"\"  srcset=\"https:\/\/lavras.tv\/site\/wp-content\/uploads\/2025\/03\/Banner_Obras_PortallavrasTV.png 720w, https:\/\/lavras.tv\/site\/wp-content\/uploads\/2025\/03\/Banner_Obras_PortallavrasTV-470x68.png 470w, https:\/\/lavras.tv\/site\/wp-content\/uploads\/2025\/03\/Banner_Obras_PortallavrasTV-170x25.png 170w, https:\/\/lavras.tv\/site\/wp-content\/uploads\/2025\/03\/Banner_Obras_PortallavrasTV-200x29.png 200w\" sizes=\"(max-width: 720px) 100vw, 720px\" width=\"720\" height=\"104\"   \/><\/a><\/li><li><div style=\"margin-left: auto;margin-right: auto;text-align: center;\" id=\"lavra-1927894403\"><a href=\"https:\/\/sistemas.lavras.mg.gov.br\/portalcidadao\/#df1b1a7c7b2a290bcb31e32771e610784662739a88807c0dacac58ede5f391a7530e299dc302d611ee73cb143fc22eaf93592e53e7b5bdb01b00a0b8d28dae460c141dd2ff83412e4dc1c31b16b25f33144a9e5620ea73b13f5bc1c59411d98439ad226e8af03840603796067d87afe130812cf3de24982d0e306f9e61e764e5\" aria-label=\"Banner_Educa\u00e7\u00e3o_PortallavrasTV\"><img src=\"https:\/\/lavras.tv\/site\/wp-content\/uploads\/2025\/01\/Banner_Educacao_PortallavrasTV.png\" alt=\"\"  srcset=\"https:\/\/lavras.tv\/site\/wp-content\/uploads\/2025\/01\/Banner_Educacao_PortallavrasTV.png 720w, https:\/\/lavras.tv\/site\/wp-content\/uploads\/2025\/01\/Banner_Educacao_PortallavrasTV-470x68.png 470w, https:\/\/lavras.tv\/site\/wp-content\/uploads\/2025\/01\/Banner_Educacao_PortallavrasTV-170x25.png 170w, https:\/\/lavras.tv\/site\/wp-content\/uploads\/2025\/01\/Banner_Educacao_PortallavrasTV-200x29.png 200w\" sizes=\"(max-width: 720px) 100vw, 720px\" width=\"720\" height=\"104\"  style=\"display: inline-block;\" \/><\/a><\/div><\/li><li><a href=\"https:\/\/sistemas.lavras.mg.gov.br\/portalcidadao\/#df1b1a7c7b2a290bcb31e32771e610784662739a88807c0dacac58ede5f391a7530e299dc302d611ee73cb143fc22eaf93592e53e7b5bdb01b00a0b8d28dae460c141dd2ff83412e4dc1c31b16b25f33144a9e5620ea73b13f5bc1c59411d98439ad226e8af03840603796067d87afe130812cf3de24982d0e306f9e61e764e5\" aria-label=\"Banner_Sa\u00fade_PortallavrasTV\"><img src=\"https:\/\/lavras.tv\/site\/wp-content\/uploads\/2025\/03\/Banner_Saude_PortallavrasTV.png\" alt=\"\"  srcset=\"https:\/\/lavras.tv\/site\/wp-content\/uploads\/2025\/03\/Banner_Saude_PortallavrasTV.png 720w, https:\/\/lavras.tv\/site\/wp-content\/uploads\/2025\/03\/Banner_Saude_PortallavrasTV-470x68.png 470w, https:\/\/lavras.tv\/site\/wp-content\/uploads\/2025\/03\/Banner_Saude_PortallavrasTV-170x25.png 170w, https:\/\/lavras.tv\/site\/wp-content\/uploads\/2025\/03\/Banner_Saude_PortallavrasTV-200x29.png 200w\" sizes=\"(max-width: 720px) 100vw, 720px\" width=\"720\" height=\"104\"   \/><\/a><\/li><li><div id=\"lavra-1365302598\" style=\"width:720px;height:104px;background-color:#ddd;overflow:scroll;\">\n\t<strong>Sa\u00edda da depura\u00e7\u00e3o de an\u00fancios<\/strong>\n\t<br><br>\n\tO an\u00fancio n\u00e3o \u00e9 exibido na p\u00e1gina<br><br>post atual: Fernando Pimentel diz que carne mineira \u2018pode ser consumida com tranquilidade\u2019, ID: 7697<br><br><span style=\"color: red;\">O post atual n\u00e3o \u00e9 id\u00eantico ao post principal.<\/span><br><br>An\u00fancios: ROXO - TOPO INTERNA - ROTATIVO 2 (197)<br \/>Grupo de an\u00fancios: Princ_Meio01_720x104 (27)<br><br>Condi\u00e7\u00f5es de exibi\u00e7\u00e3o<div style=\"margin-bottom: 20px; white-space: pre-wrap; font-family: monospace; width: 100%; background: #ffe9e9;\"><strong>condi\u00e7\u00f5es gerais<\/strong><table border=\"1\"><thead><tr><th><\/th><th>An\u00fancios<\/th><th>wp_the_query<\/th><\/tr><\/thead><tr><td>is_main_query<\/td><td>1<\/td><td>1<\/td><\/tr><tr><td>is_rest_api<\/td><td>0<\/td><td>1<\/td><\/tr><tr><td>page<\/td><td>0<\/td><td>1<\/td><\/tr><tr><td>numpages<\/td><td>0<\/td><td>1<\/td><\/tr><tr><td>is_archive<\/td><td>1<\/td><td><\/td><\/tr><tr><td>is_search<\/td><td>1<\/td><td><\/td><\/tr><tr><td>is_home<\/td><td>1<\/td><td><\/td><\/tr><tr><td>is_404<\/td><td>1<\/td><td><\/td><\/tr><tr><td>is_attachment<\/td><td>1<\/td><td><\/td><\/tr><tr><td>is_singular<\/td><td>1<\/td><td><\/td><\/tr><tr><td>is_front_page<\/td><td>1<\/td><td><\/td><\/tr><tr><td>is_feed<\/td><td>1<\/td><td><\/td><\/tr><\/table><\/div><br><br><span style=\"color: red;\">Seu site usa HTTPS, mas o c\u00f3digo do an\u00fancio cont\u00e9m HTTP e pode n\u00e3o funcionar.<\/span>\t<br><br>\n\t<a style=\"color: green;\" href=\"https:\/\/wpadvancedads.com\/manual\/ad-debug-mode\/?utm_source=advanced-ads&utm_medium=link&utm_campaign=ad-debug-mode\" target=\"_blank\" rel=\"nofollow\">Encontre solu\u00e7\u00f5es no manual<\/a>\n<\/div>\n<\/li><\/ul><\/div><script>( window.advanced_ads_ready || jQuery( document ).ready ).call( null, function() {var $lavraslider3577430325 = jQuery( \".lavra-slider-3577430325\" );$lavraslider3577430325.on( \"unslider.ready\", function() { jQuery( \"div.custom-slider ul li\" ).css( \"display\", \"block\" ); });$lavraslider3577430325.unslider({ delay:4000, autoplay:true, nav:false, arrows:false, infinite:true });$lavraslider3577430325.on(\"mouseover\", function() {$lavraslider3577430325.unslider(\"stop\");}).on(\"mouseout\", function() {$lavraslider3577430325.unslider(\"start\");});});<\/script><\/div><p>O governador de Minas Gerais, Fernando Pimentel, reuniu nesta ter\u00e7a-feira no Pal\u00e1cio Liberdade, em Belo Horizonte, representantes das cadeias produtivas de carnes em Minas Gerais para refor\u00e7ar que, apesar dos impactos no setor, a produ\u00e7\u00e3o mineira n\u00e3o pode perder credibilidade. <!--more-->Ele lembrou que nenhum frigor\u00edfico mineiro est\u00e1 na lista dos estabelecimentos investigados na opera\u00e7\u00e3o \u201cCarne Fraca\u201d, da Pol\u00edcia Federal.<\/p>\n<p><img fetchpriority=\"high\" decoding=\"async\" class=\"size-full wp-image-7698 alignleft\" src=\"http:\/\/lavras.tv\/site\/wp-content\/uploads\/2017\/03\/pimentel28-03-2017_2.jpg\" alt=\"pimentel28-03-2017_2\" width=\"405\" height=\"272\" srcset=\"https:\/\/lavras.tv\/site\/wp-content\/uploads\/2017\/03\/pimentel28-03-2017_2.jpg 405w, https:\/\/lavras.tv\/site\/wp-content\/uploads\/2017\/03\/pimentel28-03-2017_2-150x101.jpg 150w, https:\/\/lavras.tv\/site\/wp-content\/uploads\/2017\/03\/pimentel28-03-2017_2-300x201.jpg 300w, https:\/\/lavras.tv\/site\/wp-content\/uploads\/2017\/03\/pimentel28-03-2017_2-272x182.jpg 272w\" sizes=\"(max-width: 405px) 100vw, 405px\" \/><\/p>\n<p>\u201cCompartilhamos as dificuldades e dialogamos sobre os problemas, o que precisa ser mantido. O que podemos fazer agora \u00e9 agir com tranquilidade e mostrar que Minas \u00e9 diferente, e que, se a carne for de Minas Gerais, pode ser consumida com tranquilidade\u201d, afirmou o governador, lembrando que \u201co Brasil levou dezenas de anos para construir um mercado s\u00f3lido, para abrir o mercado exterior. N\u00f3s vamos trabalhar, o governo est\u00e1 solid\u00e1rio e apoiando a voc\u00eas\u201d.<\/p>\n<p>O secret\u00e1rio de Estado de Agricultura, Pecu\u00e1ria e Abastecimento, Pedro Leit\u00e3o, ressaltou que o Governo de Minas Gerais fez quest\u00e3o de levar a discuss\u00e3o aos principais \u00f3rg\u00e3os e entidades ligadas \u00e0 produ\u00e7\u00e3o e comercializa\u00e7\u00e3o da carne no Estado.<\/p>\n<p>\u201cA primeira preocupa\u00e7\u00e3o \u00e9 ver qual o impacto da Opera\u00e7\u00e3o Carne Fraca na cadeia produtiva de Minas Gerais. \u00c9 um setor que tem impacto muito forte na economia e representa em torno de 44% do Produto Interno Bruto (PIB) do agroneg\u00f3cio em Minas. Precisamos mandar uma mensagem de confian\u00e7a para o consumidor, porque nenhuma unidade industrial em Minas est\u00e1 envolvida na opera\u00e7\u00e3o, n\u00e3o tem nenhum produto que est\u00e1 sob suspeita. Temos um sistema estadual que funciona muito bem e \u00e9 elogiado fora e dentro do pa\u00eds. A gente precisa refor\u00e7ar que o consumidor tenha confian\u00e7a na carne produzida em Minas Gerais\u201d, salientou o secret\u00e1rio.<\/p>\n<p>Minas Gerais \u00e9 o terceiro maior produtor de carne do pa\u00eds, sendo que 80% da produ\u00e7\u00e3o \u00e9 consumida no pr\u00f3prio Estado. Somente nos dois primeiros meses de 2017, o Estado exportou US$ 140,8 milh\u00f5es em prote\u00edna animal (bovinos, su\u00ednos e aves), equivalentes a 58,8 mil toneladas. Minas Gerais conta com a atua\u00e7\u00e3o do Instituto Mineiro de Agropecu\u00e1ria (IMA), respons\u00e1vel pela fiscaliza\u00e7\u00e3o estadual.<\/p>\n<p>O presidente da Associa\u00e7\u00e3o Mineira de Supermercados (Amis), Alexandre Poni, acredita que, neste o momento, o mais importante \u00e9 mostrar aos consumidores a qualidade da carne mineira para os diferentes mercados, ressaltando o padr\u00e3o de fiscaliza\u00e7\u00e3o usado em Minas Gerais. \u00a0\u201cA gente sente que esse epis\u00f3dio \u00e9 extremamente pontual. Temos uma fiscaliza\u00e7\u00e3o extremamente efetiva e s\u00e9ria, com exig\u00eancia dos processos. \u00a0Acho importante esse posicionamento para os consumidores. A posi\u00e7\u00e3o da Amis \u00e9 de apoio ao governo, pois sabemos da import\u00e2ncia que o agroneg\u00f3cio representa para Minas Gerais e para o pa\u00eds\u201d, disse.<\/p>\n<p>\u201c\u00c9 importante esclarecer esse epis\u00f3dio, pois estamos falando de uma atividade extremamente importante, que gera emprego e renda. Agora temos que nos posicionar para o setor e para a sociedade, para resgatar o conceito da qualidade da carne mineira\u201d afirmou o vice-presidente da Associa\u00e7\u00e3o dos Suinocultores do Estado de Minas Gerais, Jos\u00e9 Arnaldo Cardoso Penna.<\/p>\n<p>Tamb\u00e9m participaram da reuni\u00e3o o secret\u00e1rio de Estado de Governo, Odair Cunha, representantes da Federa\u00e7\u00e3o das Ind\u00fastrias do Estado de Minas Gerais (Fiemg), Confedera\u00e7\u00e3o Nacional das Ind\u00fastrias (CNI), Federa\u00e7\u00e3o da Agricultura e Pecu\u00e1ria de Minas Gerais (Faemg), Associa\u00e7\u00e3o de Avicultores de Minas Gerais (Avimig), e de associa\u00e7\u00f5es do setor.<\/p>\n<p>&nbsp;<\/p>\n<p>Fonte: Itatiaia<\/p>\n","protected":false},"excerpt":{"rendered":"<p>O governador de Minas Gerais, Fernando Pimentel, reuniu nesta ter\u00e7a-feira no Pal\u00e1cio Liberdade, em Belo Horizonte, representantes das cadeias produtivas de carnes em Minas Gerais para refor\u00e7ar que, apesar dos impactos no setor, a produ\u00e7\u00e3o mineira n\u00e3o pode perder credibilidade.<\/p>\n","protected":false},"author":2,"featured_media":7698,"comment_status":"closed","ping_status":"open","sticky":false,"template":"","format":"standard","meta":{"advgb_blocks_editor_width":"","advgb_blocks_columns_visual_guide":"","_exactmetrics_skip_tracking":false,"_exactmetrics_sitenote_active":false,"_exactmetrics_sitenote_note":"","_exactmetrics_sitenote_category":0,"footnotes":""},"categories":[12],"tags":[2930,3040,1157,1015,530],"class_list":["post-7697","post","type-post","status-publish","format-standard","has-post-thumbnail","hentry","category-politica","tag-carne","tag-carne-fraca","tag-fernando-pimentel","tag-mg","tag-minas-gerais"],"better_featured_image":{"id":7698,"alt_text":"","caption":"","description":"","media_type":"image","media_details":{"width":405,"height":272,"file":"2017\/03\/pimentel28-03-2017_2.jpg","sizes":{"thumbnail":{"file":"pimentel28-03-2017_2-150x101.jpg","width":150,"height":101,"mime-type":"image\/jpeg","source_url":"https:\/\/lavras.tv\/site\/wp-content\/uploads\/2017\/03\/pimentel28-03-2017_2-150x101.jpg"},"medium":{"file":"pimentel28-03-2017_2-300x201.jpg","width":300,"height":201,"mime-type":"image\/jpeg","source_url":"https:\/\/lavras.tv\/site\/wp-content\/uploads\/2017\/03\/pimentel28-03-2017_2-300x201.jpg"},"sow-carousel-default":{"file":"pimentel28-03-2017_2-272x182.jpg","width":272,"height":182,"mime-type":"image\/jpeg","source_url":"https:\/\/lavras.tv\/site\/wp-content\/uploads\/2017\/03\/pimentel28-03-2017_2-272x182.jpg"}},"image_meta":{"aperture":"0","credit":"","camera":"","caption":"","created_timestamp":"0","copyright":"","focal_length":"0","iso":"0","shutter_speed":"0","title":"","orientation":"0","keywords":[]}},"post":7697,"source_url":"https:\/\/lavras.tv\/site\/wp-content\/uploads\/2017\/03\/pimentel28-03-2017_2.jpg"},"author_meta":{"display_name":"Lavras TV","author_link":"https:\/\/lavras.tv\/site\/author\/lavrastv\/"},"featured_img":"https:\/\/lavras.tv\/site\/wp-content\/uploads\/2017\/03\/pimentel28-03-2017_2-300x201.jpg","coauthors":[],"tax_additional":{"categories":{"linked":["<a href=\"https:\/\/lavras.tv\/site\/category\/politica\/\" class=\"advgb-post-tax-term\">Pol\u00edtica<\/a>"],"unlinked":["<span class=\"advgb-post-tax-term\">Pol\u00edtica<\/span>"]},"tags":{"linked":["<a href=\"https:\/\/lavras.tv\/site\/category\/politica\/\" class=\"advgb-post-tax-term\">carn\u00ea<\/a>","<a href=\"https:\/\/lavras.tv\/site\/category\/politica\/\" class=\"advgb-post-tax-term\">carne fraca<\/a>","<a href=\"https:\/\/lavras.tv\/site\/category\/politica\/\" class=\"advgb-post-tax-term\">fernando pimentel<\/a>","<a href=\"https:\/\/lavras.tv\/site\/category\/politica\/\" class=\"advgb-post-tax-term\">mg<\/a>","<a href=\"https:\/\/lavras.tv\/site\/category\/politica\/\" class=\"advgb-post-tax-term\">minas gerais<\/a>"],"unlinked":["<span class=\"advgb-post-tax-term\">carn\u00ea<\/span>","<span class=\"advgb-post-tax-term\">carne fraca<\/span>","<span class=\"advgb-post-tax-term\">fernando pimentel<\/span>","<span class=\"advgb-post-tax-term\">mg<\/span>","<span class=\"advgb-post-tax-term\">minas gerais<\/span>"]}},"comment_count":"0","relative_dates":{"created":"Publicado 9 anos atr\u00e1s","modified":"Atualizado 9 anos atr\u00e1s"},"absolute_dates":{"created":"Publicado em 29 de mar\u00e7o de 2017","modified":"Atualizado em 29 de mar\u00e7o de 2017"},"absolute_dates_time":{"created":"Publicado em 29 de mar\u00e7o de 2017 09:23","modified":"Atualizado em 29 de mar\u00e7o de 2017 09:23"},"featured_img_caption":"","series_order":"","_links":{"self":[{"href":"https:\/\/lavras.tv\/site\/wp-json\/wp\/v2\/posts\/7697","targetHints":{"allow":["GET"]}}],"collection":[{"href":"https:\/\/lavras.tv\/site\/wp-json\/wp\/v2\/posts"}],"about":[{"href":"https:\/\/lavras.tv\/site\/wp-json\/wp\/v2\/types\/post"}],"author":[{"embeddable":true,"href":"https:\/\/lavras.tv\/site\/wp-json\/wp\/v2\/users\/2"}],"replies":[{"embeddable":true,"href":"https:\/\/lavras.tv\/site\/wp-json\/wp\/v2\/comments?post=7697"}],"version-history":[{"count":1,"href":"https:\/\/lavras.tv\/site\/wp-json\/wp\/v2\/posts\/7697\/revisions"}],"predecessor-version":[{"id":7699,"href":"https:\/\/lavras.tv\/site\/wp-json\/wp\/v2\/posts\/7697\/revisions\/7699"}],"wp:featuredmedia":[{"embeddable":true,"href":"https:\/\/lavras.tv\/site\/wp-json\/wp\/v2\/media\/7698"}],"wp:attachment":[{"href":"https:\/\/lavras.tv\/site\/wp-json\/wp\/v2\/media?parent=7697"}],"wp:term":[{"taxonomy":"category","embeddable":true,"href":"https:\/\/lavras.tv\/site\/wp-json\/wp\/v2\/categories?post=7697"},{"taxonomy":"post_tag","embeddable":true,"href":"https:\/\/lavras.tv\/site\/wp-json\/wp\/v2\/tags?post=7697"}],"curies":[{"name":"wp","href":"https:\/\/api.w.org\/{rel}","templated":true}]}}