{"id":7733,"date":"2017-03-30T08:43:55","date_gmt":"2017-03-30T11:43:55","guid":{"rendered":"http:\/\/lavras.tv\/site\/?p=7733"},"modified":"2017-03-30T08:43:55","modified_gmt":"2017-03-30T11:43:55","slug":"senar-divulga-lista-de-cursos-gratis-na-regiao-3","status":"publish","type":"post","link":"https:\/\/lavras.tv\/site\/2017\/03\/30\/senar-divulga-lista-de-cursos-gratis-na-regiao-3\/","title":{"rendered":"SENAR divulga lista de cursos gr\u00e1tis na regi\u00e3o"},"content":{"rendered":"<div class=\"lavra-antes-do-conteudo_2\" id=\"lavra-3373445228\"><div id=\"lavra-slider-27\" class=\"custom-slider lavra-slider-753510485 lavra-slider\"><ul><li><div style=\"margin-left: auto;margin-right: auto;text-align: center;\" id=\"lavra-1088448876\"><a href=\"https:\/\/sistemas.lavras.mg.gov.br\/portalcidadao\/#df1b1a7c7b2a290bcb31e32771e610784662739a88807c0dacac58ede5f391a7530e299dc302d611ee73cb143fc22eaf93592e53e7b5bdb01b00a0b8d28dae460c141dd2ff83412e4dc1c31b16b25f33144a9e5620ea73b13f5bc1c59411d98439ad226e8af03840603796067d87afe130812cf3de24982d0e306f9e61e764e5\" aria-label=\"Lavras-TV&#8211;720x104px (1) (1)\"><img src=\"https:\/\/lavras.tv\/site\/wp-content\/uploads\/2025\/01\/Lavras-TV-720x104px-1-1.png\" alt=\"\"  srcset=\"https:\/\/lavras.tv\/site\/wp-content\/uploads\/2025\/01\/Lavras-TV-720x104px-1-1.png 720w, https:\/\/lavras.tv\/site\/wp-content\/uploads\/2025\/01\/Lavras-TV-720x104px-1-1-470x68.png 470w, https:\/\/lavras.tv\/site\/wp-content\/uploads\/2025\/01\/Lavras-TV-720x104px-1-1-170x25.png 170w, https:\/\/lavras.tv\/site\/wp-content\/uploads\/2025\/01\/Lavras-TV-720x104px-1-1-200x29.png 200w\" sizes=\"(max-width: 720px) 100vw, 720px\" width=\"720\" height=\"104\"  style=\"display: inline-block;\" \/><\/a><\/div><\/li><li><a href=\"https:\/\/sistemas.lavras.mg.gov.br\/portalcidadao\/#df1b1a7c7b2a290bcb31e32771e610784662739a88807c0dacac58ede5f391a7530e299dc302d611ee73cb143fc22eaf93592e53e7b5bdb01b00a0b8d28dae460c141dd2ff83412e4dc1c31b16b25f33144a9e5620ea73b13f5bc1c59411d98439ad226e8af03840603796067d87afe130812cf3de24982d0e306f9e61e764e5\" aria-label=\"Banner_Emprego_PortallavrasTV\"><img src=\"https:\/\/lavras.tv\/site\/wp-content\/uploads\/2025\/03\/Banner_Emprego_PortallavrasTV.png\" alt=\"\"  srcset=\"https:\/\/lavras.tv\/site\/wp-content\/uploads\/2025\/03\/Banner_Emprego_PortallavrasTV.png 720w, https:\/\/lavras.tv\/site\/wp-content\/uploads\/2025\/03\/Banner_Emprego_PortallavrasTV-470x68.png 470w, https:\/\/lavras.tv\/site\/wp-content\/uploads\/2025\/03\/Banner_Emprego_PortallavrasTV-170x25.png 170w, https:\/\/lavras.tv\/site\/wp-content\/uploads\/2025\/03\/Banner_Emprego_PortallavrasTV-200x29.png 200w\" sizes=\"(max-width: 720px) 100vw, 720px\" width=\"720\" height=\"104\"   \/><\/a><\/li><li><a href=\"https:\/\/sistemas.lavras.mg.gov.br\/portalcidadao\/#df1b1a7c7b2a290bcb31e32771e610784662739a88807c0dacac58ede5f391a7530e299dc302d611ee73cb143fc22eaf93592e53e7b5bdb01b00a0b8d28dae460c141dd2ff83412e4dc1c31b16b25f33144a9e5620ea73b13f5bc1c59411d98439ad226e8af03840603796067d87afe130812cf3de24982d0e306f9e61e764e5\" aria-label=\"Banner_Obras_PortallavrasTV\"><img src=\"https:\/\/lavras.tv\/site\/wp-content\/uploads\/2025\/03\/Banner_Obras_PortallavrasTV.png\" alt=\"\"  srcset=\"https:\/\/lavras.tv\/site\/wp-content\/uploads\/2025\/03\/Banner_Obras_PortallavrasTV.png 720w, https:\/\/lavras.tv\/site\/wp-content\/uploads\/2025\/03\/Banner_Obras_PortallavrasTV-470x68.png 470w, https:\/\/lavras.tv\/site\/wp-content\/uploads\/2025\/03\/Banner_Obras_PortallavrasTV-170x25.png 170w, https:\/\/lavras.tv\/site\/wp-content\/uploads\/2025\/03\/Banner_Obras_PortallavrasTV-200x29.png 200w\" sizes=\"(max-width: 720px) 100vw, 720px\" width=\"720\" height=\"104\"   \/><\/a><\/li><li><div style=\"margin-left: auto;margin-right: auto;text-align: center;\" id=\"lavra-537503435\"><a href=\"https:\/\/sistemas.lavras.mg.gov.br\/portalcidadao\/#df1b1a7c7b2a290bcb31e32771e610784662739a88807c0dacac58ede5f391a7530e299dc302d611ee73cb143fc22eaf93592e53e7b5bdb01b00a0b8d28dae460c141dd2ff83412e4dc1c31b16b25f33144a9e5620ea73b13f5bc1c59411d98439ad226e8af03840603796067d87afe130812cf3de24982d0e306f9e61e764e5\" aria-label=\"Banner_Educa\u00e7\u00e3o_PortallavrasTV\"><img src=\"https:\/\/lavras.tv\/site\/wp-content\/uploads\/2025\/01\/Banner_Educacao_PortallavrasTV.png\" alt=\"\"  srcset=\"https:\/\/lavras.tv\/site\/wp-content\/uploads\/2025\/01\/Banner_Educacao_PortallavrasTV.png 720w, https:\/\/lavras.tv\/site\/wp-content\/uploads\/2025\/01\/Banner_Educacao_PortallavrasTV-470x68.png 470w, https:\/\/lavras.tv\/site\/wp-content\/uploads\/2025\/01\/Banner_Educacao_PortallavrasTV-170x25.png 170w, https:\/\/lavras.tv\/site\/wp-content\/uploads\/2025\/01\/Banner_Educacao_PortallavrasTV-200x29.png 200w\" sizes=\"(max-width: 720px) 100vw, 720px\" width=\"720\" height=\"104\"  style=\"display: inline-block;\" \/><\/a><\/div><\/li><li><a href=\"https:\/\/sistemas.lavras.mg.gov.br\/portalcidadao\/#df1b1a7c7b2a290bcb31e32771e610784662739a88807c0dacac58ede5f391a7530e299dc302d611ee73cb143fc22eaf93592e53e7b5bdb01b00a0b8d28dae460c141dd2ff83412e4dc1c31b16b25f33144a9e5620ea73b13f5bc1c59411d98439ad226e8af03840603796067d87afe130812cf3de24982d0e306f9e61e764e5\" aria-label=\"Banner_Sa\u00fade_PortallavrasTV\"><img src=\"https:\/\/lavras.tv\/site\/wp-content\/uploads\/2025\/03\/Banner_Saude_PortallavrasTV.png\" alt=\"\"  srcset=\"https:\/\/lavras.tv\/site\/wp-content\/uploads\/2025\/03\/Banner_Saude_PortallavrasTV.png 720w, https:\/\/lavras.tv\/site\/wp-content\/uploads\/2025\/03\/Banner_Saude_PortallavrasTV-470x68.png 470w, https:\/\/lavras.tv\/site\/wp-content\/uploads\/2025\/03\/Banner_Saude_PortallavrasTV-170x25.png 170w, https:\/\/lavras.tv\/site\/wp-content\/uploads\/2025\/03\/Banner_Saude_PortallavrasTV-200x29.png 200w\" sizes=\"(max-width: 720px) 100vw, 720px\" width=\"720\" height=\"104\"   \/><\/a><\/li><li><div id=\"lavra-2977062575\" style=\"width:720px;height:104px;background-color:#ddd;overflow:scroll;\">\n\t<strong>Sa\u00edda da depura\u00e7\u00e3o de an\u00fancios<\/strong>\n\t<br><br>\n\tO an\u00fancio n\u00e3o \u00e9 exibido na p\u00e1gina<br><br>post atual: SENAR divulga lista de cursos gr\u00e1tis na regi\u00e3o, ID: 7733<br><br><span style=\"color: red;\">O post atual n\u00e3o \u00e9 id\u00eantico ao post principal.<\/span><br><br>An\u00fancios: ROXO - TOPO INTERNA - ROTATIVO 2 (197)<br \/>Grupo de an\u00fancios: Princ_Meio01_720x104 (27)<br><br>Condi\u00e7\u00f5es de exibi\u00e7\u00e3o<div style=\"margin-bottom: 20px; white-space: pre-wrap; font-family: monospace; width: 100%; background: #ffe9e9;\"><strong>condi\u00e7\u00f5es gerais<\/strong><table border=\"1\"><thead><tr><th><\/th><th>An\u00fancios<\/th><th>wp_the_query<\/th><\/tr><\/thead><tr><td>is_main_query<\/td><td>1<\/td><td>1<\/td><\/tr><tr><td>is_rest_api<\/td><td>0<\/td><td>1<\/td><\/tr><tr><td>page<\/td><td>0<\/td><td>1<\/td><\/tr><tr><td>numpages<\/td><td>0<\/td><td>1<\/td><\/tr><tr><td>is_archive<\/td><td>1<\/td><td><\/td><\/tr><tr><td>is_search<\/td><td>1<\/td><td><\/td><\/tr><tr><td>is_home<\/td><td>1<\/td><td><\/td><\/tr><tr><td>is_404<\/td><td>1<\/td><td><\/td><\/tr><tr><td>is_attachment<\/td><td>1<\/td><td><\/td><\/tr><tr><td>is_singular<\/td><td>1<\/td><td><\/td><\/tr><tr><td>is_front_page<\/td><td>1<\/td><td><\/td><\/tr><tr><td>is_feed<\/td><td>1<\/td><td><\/td><\/tr><\/table><\/div><br><br><span style=\"color: red;\">Seu site usa HTTPS, mas o c\u00f3digo do an\u00fancio cont\u00e9m HTTP e pode n\u00e3o funcionar.<\/span>\t<br><br>\n\t<a style=\"color: green;\" href=\"https:\/\/wpadvancedads.com\/manual\/ad-debug-mode\/?utm_source=advanced-ads&utm_medium=link&utm_campaign=ad-debug-mode\" target=\"_blank\" rel=\"nofollow\">Encontre solu\u00e7\u00f5es no manual<\/a>\n<\/div>\n<\/li><\/ul><\/div><script>( window.advanced_ads_ready || jQuery( document ).ready ).call( null, function() {var $lavraslider753510485 = jQuery( \".lavra-slider-753510485\" );$lavraslider753510485.on( \"unslider.ready\", function() { jQuery( \"div.custom-slider ul li\" ).css( \"display\", \"block\" ); });$lavraslider753510485.unslider({ delay:4000, autoplay:true, nav:false, arrows:false, infinite:true });$lavraslider753510485.on(\"mouseover\", function() {$lavraslider753510485.unslider(\"stop\");}).on(\"mouseout\", function() {$lavraslider753510485.unslider(\"start\");});});<\/script><\/div><p><em>AGENDA \u2013 03\/04 a 09\/04\/2017<\/em><!--more--><\/p>\n<p><em>Programa\u00e7\u00e3o de Treinamentos do Escrit\u00f3rio Senar\/MG &#8211; Regional Lavras<\/em><\/p>\n<p><strong><em><u>FORMA\u00c7\u00c3O PROFISSIONAL RURAL<\/u><\/em><\/strong><\/p>\n<p>&nbsp;<\/p>\n<p><strong>CURSO APLICA\u00c7\u00c3O DE AGROT\u00d3XICOS<\/strong><\/p>\n<p>Data: 03\/04 a 06\/04\/2017<\/p>\n<p>Contato: Associa\u00e7\u00e3o dos Produtores Rurais e Agricultores Familiares de Nazareno \u2013 Tel.: (35) 99828-9424<\/p>\n<p>&nbsp;<\/p>\n<p><strong>CURSO PRODU\u00c7\u00c3O DE DERIVADOS DO LEITE<\/strong><\/p>\n<p>Data: 03\/04 a 07\/04\/2017<\/p>\n<p>Contato: Associa\u00e7\u00e3o Ambiental S\u00e3o Sebasti\u00e3o dos Campos \/ Senador Amaral \u2013 Tel.: (35) 99947-4819<\/p>\n<p>&nbsp;<\/p>\n<p><strong>CURSO DE MOTOSSERRA<\/strong><\/p>\n<p>Data: 03\/04 a 05\/04\/2017<\/p>\n<p>Contato: Sindicato dos Produtores Rurais de Cambu\u00ed \u2013 Tel.: (35) 3431-1559<\/p>\n<p>&nbsp;<\/p>\n<p><strong>CURSO PRODU\u00c7\u00c3O DE CONS. VEGETAIS, COMPOTAS, FRUTOS CRISTALIZADOS E DESI.<\/strong><\/p>\n<p>Data: 03\/04 a 07\/04\/2017<\/p>\n<p>Contato: Sindicato dos Produtores Rurais de Cambu\u00ed \u2013 Tel.: (35) 3431-1559<\/p>\n<p>&nbsp;<\/p>\n<p><strong>CURSO DE RO\u00c7ADORA<\/strong><\/p>\n<p>Data: 06\/04 a 07\/04\/2017<\/p>\n<p>Contato: Sindicato dos Produtores Rurais de Cambu\u00ed \u2013 Tel.: (35) 3431-1559<\/p>\n<p>&nbsp;<\/p>\n<p><strong>CURSO PRODU\u00c7\u00c3O DE CONS. VEGETAIS, COMPOTAS, FRUTOS CRISTALIZADOS E DESI.<\/strong><\/p>\n<p>Data: 03\/04 a 07\/04\/2017<\/p>\n<p>Contato: Sindicato dos Produtores Rurais de Campo Belo \u2013 Tel.: (35) 3605-3932<\/p>\n<p>&nbsp;<\/p>\n<p><strong>CURSO DE OPERA\u00c7\u00c3O E MANUTEN\u00c7\u00c3O DE TRATORES AGR\u00cdCOLAS<\/strong><\/p>\n<p>Data: 03\/04 a 07\/04\/2017<\/p>\n<p>Contato: Sindicato dos Produtores Rurais de Candeias \u2013 Tel.: (35) 3833-1479<\/p>\n<p>&nbsp;<\/p>\n<p><strong>CURSO DE EMBUTIDOS E DEFUMADOS<\/strong><\/p>\n<p>Data: 03\/04 a 06\/04\/2017<\/p>\n<p>Contato: Sindicato dos Produtores Rurais de Carea\u00e7u \u2013 Tel.: (35) 3452-1170<\/p>\n<p>&nbsp;<\/p>\n<p><strong>CURSO DE CLASSIFICA\u00c7\u00c3O E DEGUSTA\u00c7\u00c3O DE CAF\u00c9<\/strong><\/p>\n<p>Data: 08\/04 a 13\/04\/2017<\/p>\n<p>Contato: Sindicato dos Produtores Rurais de Carmo da Cachoeira \u2013 Tel.: (35) 3225-1321<\/p>\n<p>&nbsp;<\/p>\n<p><strong>CURSO APLICA\u00c7\u00c3O DE AGROT\u00d3XICOS<\/strong><\/p>\n<p>Data: 08\/04 a 13\/04\/2017<\/p>\n<p>Contato: Sindicato dos Produtores Rurais de Carmo da Cachoeira \u2013 Tel.: (35) 3225-1321<\/p>\n<p>&nbsp;<\/p>\n<p><strong>CURSO DE INSEMINADOR<\/strong><\/p>\n<p>Data: 03\/04 a 06\/04\/2017<\/p>\n<p>Contato: Sindicato dos Produtores Rurais de Carmo da Mata \u2013 Tel.: (35) 3383-1244<\/p>\n<p>&nbsp;<\/p>\n<p>&nbsp;<\/p>\n<p><strong>CURSO APLICA\u00c7\u00c3O DE AGROT\u00d3XICOS<\/strong><\/p>\n<p>Data: 05\/04 a 07\/04\/2017<\/p>\n<p>Contato: Sindicato dos Produtores Rurais de Carmo de Minas \u2013 Tel.: (35) 3334-1392<\/p>\n<p>&nbsp;<\/p>\n<p><strong>CURSO CLASSIFICA\u00c7\u00c3O DE DEGUSTA\u00c7\u00c3O DE CAF\u00c9S ESPECIAIS<\/strong><\/p>\n<p>Data: 03\/04 a 07\/04\/2017<\/p>\n<p>Contato: Sindicato dos Produtores Rurais de Carmo de Minas \u2013 Tel.: (35) 3334-1392<\/p>\n<p>&nbsp;<\/p>\n<p><strong>CURSO DE PODADORA<\/strong><\/p>\n<p>Data: 07\/04 a 08\/04\/2017<\/p>\n<p>Contato: Sindicato dos Produtores Rurais de Carmo de Minas \u2013 Tel.: (35) 3334-1392<\/p>\n<p>&nbsp;<\/p>\n<p><strong>CURSO MANUTEN\u00c7\u00c3O DE TRATORES AGR\u00cdCOLAS<\/strong><\/p>\n<p>Data: 03\/04 a 07\/04\/2017<\/p>\n<p>Contato: Sindicato dos Produtores Rurais de Carrancas \u2013 Tel.: (35) 3327-1013<\/p>\n<p>&nbsp;<\/p>\n<p><strong>CURSO AGROPECU\u00c1RIO EM GERAL<\/strong><\/p>\n<p>Data: 06\/04 a 08\/04\/2017<\/p>\n<p>Contato: Sindicato dos Produtores Rurais de Concei\u00e7\u00e3o do Rio Verde \u2013 Tel.: (35) 3335-1066<\/p>\n<p>&nbsp;<\/p>\n<p><strong>CURSO BENEFICIAMENTO E TRANSFORMA\u00c7\u00c3O DE CEREAIS \/ CAF\u00c9<\/strong><\/p>\n<p>Data: 03\/04 a 05\/04\/2017<\/p>\n<p>Contato: Sindicato dos Produtores Rurais de Concei\u00e7\u00e3o do Rio Verde \u2013 Tel.: (35) 3335-1066<\/p>\n<p>&nbsp;<\/p>\n<p><strong>CURSO PLANTAS INDUSTRIAIS (CAF\u00c9)<\/strong><\/p>\n<p>Data: 03\/04 a 07\/04\/2017<\/p>\n<p>Contato: Sindicato dos Produtores Rurais de Coqueiral \u2013 Tel.: (35) 3855-1200<\/p>\n<p>&nbsp;<\/p>\n<p><strong>CURSO APLICA\u00c7\u00c3O DE AGROT\u00d3XICOS<\/strong><\/p>\n<p>Data: 06\/04 a 08\/04\/2017<\/p>\n<p>Contato: Sindicato dos Produtores Rurais de Coqueiral \u2013 Tel.: (35) 3855-1200<\/p>\n<p>&nbsp;<\/p>\n<p><strong>CURSO APLICA\u00c7\u00c3O DE AGROT\u00d3XICOS<\/strong><\/p>\n<p>Data: 03\/04 a 05\/04\/2017<\/p>\n<p>Contato: Sindicato dos Produtores Rurais de Coqueiral \u2013 Tel.: (35) 3855-1200<\/p>\n<p>&nbsp;<\/p>\n<p><strong>CURSO BOVINOCULTURA DE LEITE<\/strong><\/p>\n<p>Data: 03\/04 a 06\/04\/2017<\/p>\n<p>Contato: Sindicato dos Produtores Rurais de El\u00f3i Mendes \u2013 Tel.: (35) 3264-1344<\/p>\n<p>&nbsp;<\/p>\n<p><strong>CURSO AGROPECU\u00c1RIO EM GERAL \/ MANEJO DE PRAGAS E DOEN\u00c7AS<\/strong><\/p>\n<p>Data: 05\/04 a 07\/04\/2017<\/p>\n<p>Contato: Sindicato dos Produtores Rurais de Ilic\u00ednea \u2013 Tel.: (35) 3854-1383<\/p>\n<p>&nbsp;<\/p>\n<p><strong>CURSO BOVINOCULTURA DE LEITE<\/strong><\/p>\n<p>Data: 05\/04 a 08\/04\/2017<\/p>\n<p>Contato: Sindicato dos Produtores Rurais de Itajub\u00e1 \u2013 Tel.: (35) 3622-1562<\/p>\n<p>&nbsp;<\/p>\n<p><strong>CURSO BENEFICIAMENTO PRIM\u00c1RIO DE FRUTAS<\/strong><\/p>\n<p>Data: 06\/04 a 07\/04\/2017<\/p>\n<p>Contato: Sindicato dos Produtores Rurais de Itajub\u00e1 \u2013 Tel.: (35) 3622-1562<\/p>\n<p>&nbsp;<\/p>\n<p><strong>CURSO DE EQUIDEOCULTURA<\/strong><\/p>\n<p>Data: 03\/04 a 06\/04\/2017<\/p>\n<p>Contato: Sindicato dos Produtores Rurais de Itamonte \u2013 Tel.: (35) 3363-1221<\/p>\n<p>&nbsp;<\/p>\n<p><strong>CURSO DE SEGURAN\u00c7A NO TRABALHO<\/strong><\/p>\n<p>Data: 04\/04 a 06\/04\/2017<\/p>\n<p>Contato: Sindicato dos Produtores Rurais de Jacutinga \u2013 Tel.: (35) 3443-2326<\/p>\n<p>&nbsp;<\/p>\n<p>&nbsp;<\/p>\n<p><strong>CURSO CLASSIFICA\u00c7\u00c3O E DEGUSTA\u00c7\u00c3O DE CAF\u00c9<\/strong><\/p>\n<p>Data: 03\/04 a 07\/04\/2017<\/p>\n<p>Contato: Sindicato dos Produtores Rurais de Nepomuceno \u2013 Tel.: (35) 3861-1485<\/p>\n<p>&nbsp;<\/p>\n<p><strong>CURSO DE DOMA RACIONAL DE EQU\u00cdDEOS<\/strong><\/p>\n<p>Data: 03\/04 a 07\/04\/2017<\/p>\n<p>Contato: Sindicato dos Produtores Rurais de Parais\u00f3polis \u2013 Tel.: (35) 3651-1312<\/p>\n<p><strong>CURSO ALIMENTA\u00c7\u00c3O \u2013 PREPARO E CONSERVA\u00c7\u00c3O (BOVINOS LEITE)<\/strong><\/p>\n<p>Data: 03\/04 a 07\/04\/2017<\/p>\n<p>Contato: Sindicato dos Produtores Rurais de Passa Quatro \u2013 Tel.: (35) 3371-2071<\/p>\n<p>&nbsp;<\/p>\n<p><strong>CURSO MANUTEN\u00c7\u00c3O DE TRATORES AGR\u00cdCOLAS<\/strong><\/p>\n<p>Data: 03\/04 a 07\/04\/2017<\/p>\n<p>Contato: Sindicato dos Produtores Rurais de Pouso Alto \u2013 Tel.: (35) 3364-1320<\/p>\n<p>&nbsp;<\/p>\n<p><strong>CURSO MECANIZA\u00c7\u00c3O AGR\u00cdCOLA \/ TRATOR AGR\u00cdCOLA &#8211; SEMIN\u00c1RIO<\/strong><\/p>\n<p>Data: 07\/04 a 07\/04\/2017<\/p>\n<p>Contato: Sindicato dos Produtores Rurais de Santo Ant\u00f4nio do Amparo \u2013 Tel.: (35) 99906-1280<\/p>\n<p>&nbsp;<\/p>\n<p><strong>CURSO DEFENSIVO AGR\u00cdCOLA \/ SEMIN\u00c1RIO<\/strong><\/p>\n<p>Data: 06\/04 a 06\/04\/2017<\/p>\n<p>Contato: Sindicato dos Produtores Rurais de Santo Ant\u00f4nio do Amparo \u2013 Tel.: (35) 99906-1280<\/p>\n<p>&nbsp;<\/p>\n<p><strong>CURSO APLICA\u00c7\u00c3O DE AGROT\u00d3XICOS<\/strong><\/p>\n<p>Data: 06\/04 a 07\/04\/2017<\/p>\n<p>Contato: Sindicato dos Produtores Rurais de Santo Ant\u00f4nio do Amparo \u2013 Tel.: (35) 99906-1280<\/p>\n<p>&nbsp;<\/p>\n<p><strong>CURSO DE DERRI\u00c7ADORA<\/strong><\/p>\n<p>Data: 03\/04 a 04\/04\/2017<\/p>\n<p>Contato: Sindicato dos Produtores Rurais de Santa Rita do Sapuca\u00ed \u2013 Tel.: (35) 3471-1109<\/p>\n<p>&nbsp;<\/p>\n<p><strong>CURSO DE COLHEDORA AUTOMOTRIZ DE CAF\u00c9<\/strong><\/p>\n<p>Data: 03\/04 a 06\/04\/2017<\/p>\n<p>Contato: Sindicato dos Produtores Rurais de Santana da Vargem \u2013 Tel.: (35) 3858-1208<\/p>\n<p>&nbsp;<\/p>\n<p><strong>CURSO DE EQUIDEOCULTURA<\/strong><\/p>\n<p>Data: 03\/04 a 06\/04\/2017<\/p>\n<p>Contato: Sindicato dos Produtores Rurais de Tr\u00eas Cora\u00e7\u00f5es \u2013 Tel.: (35) 3231-1520<\/p>\n<p>&nbsp;<\/p>\n<p><strong>CURSO DE SEGURAN\u00c7A NO TRABALHO<\/strong><\/p>\n<p>Data: 07\/04 a 08\/04\/2017<\/p>\n<p>Contato: Sindicato dos Produtores Rurais de Tr\u00eas Pontas \u2013 Tel.: (35) 3265-1664<\/p>\n<p>&nbsp;<\/p>\n<p><strong>CURSO DE RO\u00c7ADORA<\/strong><\/p>\n<p>Data: 05\/04 a 06\/04\/2017<\/p>\n<p>Contato: Sindicato dos Produtores Rurais de Tr\u00eas Pontas \u2013 Tel.: (35) 3265-1664<\/p>\n<p>&nbsp;<\/p>\n<p><strong>CURSO DE RO\u00c7ADORA<\/strong><\/p>\n<p>Data: 03\/04 a 04\/04\/2017<\/p>\n<p>Contato: Sindicato dos Produtores Rurais de Tr\u00eas Pontas \u2013 Tel.: (35) 3265-1664<\/p>\n<p>&nbsp;<\/p>\n<p>&nbsp;<\/p>\n<p>&nbsp;<\/p>\n<p><strong><em><u>PROMO\u00c7\u00c3O SOCIAL<\/u><\/em><\/strong><\/p>\n<p><strong>\u00a0<\/strong><\/p>\n<p><strong>\u00a0<\/strong><\/p>\n<p><strong>ARTESANATO DE SEMENTES, CASCAS, FOLHAS E FLORES \/ PE\u00c7AS UTILIT\u00c1RIAS<\/strong><\/p>\n<p>Data: 03\/04 a 06\/04\/2017<\/p>\n<p>Contato: Funda\u00e7\u00e3o Carlos Silv\u00e9rio da Rocha de Prote\u00e7\u00e3o ao Meio Ambiente \u2013 Tel.: (35) 3464-1328<\/p>\n<p>&nbsp;<\/p>\n<p><strong>PRODU\u00c7\u00c3O ARTESANAL DE ALIMENTOS<\/strong><\/p>\n<p>Data: 03\/04 a 07\/04\/2017<\/p>\n<p>Contato: Sindicato dos Produtores Rurais de Campanha \u2013 Tel.: (35) 3261-1108<\/p>\n<p>&nbsp;<\/p>\n<p><strong>PRODU\u00c7\u00c3O ARTESANAL DE ALIMENTOS<\/strong><\/p>\n<p>Data: 03\/04 a 07\/04\/2017<\/p>\n<p>Contato: Sindicato dos Produtores Rurais de Cl\u00e1udio \u2013 Tel.: (37) 3381-1070<\/p>\n<p>&nbsp;<\/p>\n<p><strong>ARTESANATO DE TECIDOS<\/strong><\/p>\n<p>Data: 03\/04 a 07\/04\/2017<\/p>\n<p>Contato: Sindicato dos Produtores Rurais de Cl\u00e1udio \u2013 Tel.: (37) 3381-1070<\/p>\n<p><strong>\u00a0<\/strong><\/p>\n<p><strong>SA\u00daDE BUCAL<\/strong><\/p>\n<p>Data: 03\/04 a 07\/04\/2017<\/p>\n<p>Contato: Sindicato dos Produtores Rurais de Extrema \u2013 Tel.: (35) 3435-56665<\/p>\n<p>&nbsp;<\/p>\n<p><strong>SA\u00daDE BUCAL<\/strong><\/p>\n<p>Data: 03\/04 a 07\/04\/2017<\/p>\n<p>Contato: Sindicato dos Produtores Rurais de Extrema \u2013 Tel.: (35) 3435-56665<\/p>\n<p>&nbsp;<\/p>\n<p><strong>PROGRAMA ESPORTE NA ESCOLA<\/strong><\/p>\n<p>Data: 08\/04 a 08\/04\/2017<\/p>\n<p>Contato: Sindicato dos Produtores Rurais de Ilic\u00ednea \u2013 Tel.: (35) 3854-1383<\/p>\n<p>&nbsp;<\/p>\n<p><strong>MATERIAIS RECICL\u00c1VEIS \/ PAPEL E PAPEL\u00c3O<\/strong><\/p>\n<p>Data: 04\/04 a 08\/04\/2017<\/p>\n<p>Contato: Sindicato dos Produtores Rurais de Jacutinga \u2013 Tel.: (35) 3443-2326<\/p>\n<p>&nbsp;<\/p>\n<p><strong>SA\u00daDE NA TERCEIRA IDADE \/ CUIDADOS B\u00c1SICOS COM O IDOSO<\/strong><\/p>\n<p>Data: 03\/04 a 07\/04\/2017<\/p>\n<p>Contato: Sindicato dos Produtores Rurais de Monsenhor Paulo \u2013 Tel.: (35) 3263-1279<\/p>\n<p>&nbsp;<\/p>\n<p><strong>SA\u00daDE BUCAL<\/strong><\/p>\n<p>Data: 03\/04 a 06\/04\/2017<\/p>\n<p>Contato: Sindicato dos Produtores Rurais de Santa Rita do Sapuca\u00ed \u2013 Tel.: (35) 3471-1109<\/p>\n<p>&nbsp;<\/p>\n<p><strong>SA\u00daDE BUCAL<\/strong><\/p>\n<p>Data: 03\/04 a 06\/04\/2017<\/p>\n<p>Contato: Sindicato dos Produtores Rurais de Santa Rita do Sapuca\u00ed \u2013 Tel.: (35) 3471-1109<\/p>\n<p>&nbsp;<\/p>\n<p><strong>SA\u00daDE BUCAL \/ CAMPANHA<\/strong><\/p>\n<p>Data: 07\/04 a 07\/04\/2017<\/p>\n<p>Contato: Sindicato dos Produtores Rurais de Santa Rita do Sapuca\u00ed \u2013 Tel.: (35) 3471-1109<\/p>\n<p>&nbsp;<\/p>\n<p><strong>SANEAMENTO B\u00c1SICO NO MEIO RURAL<\/strong><\/p>\n<p>Data: 03\/04 a 07\/04\/2017<\/p>\n<p>Contato: Sindicato dos Produtores Rurais de Tr\u00eas Pontas \u2013 Tel.: (35) 3265-1664<\/p>\n<p>&nbsp;<\/p>\n<p><strong>SANEAMENTO B\u00c1SICO NO MEIO RURAL<\/strong><\/p>\n<p>Data: 03\/04 a 07\/04\/2017<\/p>\n<p>Contato: Sindicato dos Produtores Rurais de Tr\u00eas Pontas \u2013 Tel.: (35) 3265-1664<\/p>\n<p>&nbsp;<\/p>\n<p><strong>ENCONTRO DE FAM\u00cdLIAS RURAIS<\/strong><\/p>\n<p>Data: 09\/04 a 09\/04\/2017<\/p>\n<p>Contato: Sindicato dos Produtores Rurais de Monsenhor Paulo \u2013 Tel.: (35) 3263-1279<\/p>\n","protected":false},"excerpt":{"rendered":"<p>AGENDA \u2013 03\/04 a 09\/04\/2017<\/p>\n","protected":false},"author":2,"featured_media":1311,"comment_status":"closed","ping_status":"open","sticky":false,"template":"","format":"standard","meta":{"advgb_blocks_editor_width":"","advgb_blocks_columns_visual_guide":"","_exactmetrics_skip_tracking":false,"_exactmetrics_sitenote_active":false,"_exactmetrics_sitenote_note":"","_exactmetrics_sitenote_category":0,"footnotes":""},"categories":[7,2],"tags":[2150,1167,1245,886,476,70],"class_list":["post-7733","post","type-post","status-publish","format-standard","has-post-thumbnail","hentry","category-destaques","category-noticias","tag-cursos","tag-formacao-profissional","tag-gratis","tag-senar","tag-sindicato-rural","tag-sul-de-minas"],"better_featured_image":{"id":1311,"alt_text":"","caption":"","description":"","media_type":"image","media_details":{"width":3000,"height":2000,"file":"2016\/08\/senar2.jpg","sizes":{"thumbnail":{"file":"senar2-150x100.jpg","width":150,"height":100,"mime-type":"image\/jpeg","source_url":"https:\/\/lavras.tv\/site\/wp-content\/uploads\/2016\/08\/senar2-150x100.jpg"},"medium":{"file":"senar2-300x200.jpg","width":300,"height":200,"mime-type":"image\/jpeg","source_url":"https:\/\/lavras.tv\/site\/wp-content\/uploads\/2016\/08\/senar2-300x200.jpg"},"large":{"file":"senar2-1024x683.jpg","width":1024,"height":683,"mime-type":"image\/jpeg","source_url":"https:\/\/lavras.tv\/site\/wp-content\/uploads\/2016\/08\/senar2-1024x683.jpg"},"featured-slider-img":{"file":"senar2-640x480.jpg","width":640,"height":480,"mime-type":"image\/jpeg","source_url":"https:\/\/lavras.tv\/site\/wp-content\/uploads\/2016\/08\/senar2-640x480.jpg"},"featured-post-img":{"file":"senar2-480x320.jpg","width":480,"height":320,"mime-type":"image\/jpeg","source_url":"https:\/\/lavras.tv\/site\/wp-content\/uploads\/2016\/08\/senar2-480x320.jpg"},"sow-carousel-default":{"file":"senar2-272x182.jpg","width":272,"height":182,"mime-type":"image\/jpeg","source_url":"https:\/\/lavras.tv\/site\/wp-content\/uploads\/2016\/08\/senar2-272x182.jpg"}},"image_meta":{"aperture":"0","credit":"","camera":"","caption":"","created_timestamp":"0","copyright":"","focal_length":"0","iso":"0","shutter_speed":"0","title":"","orientation":"0","keywords":[]}},"post":1310,"source_url":"https:\/\/lavras.tv\/site\/wp-content\/uploads\/2016\/08\/senar2.jpg"},"author_meta":{"display_name":"Lavras TV","author_link":"https:\/\/lavras.tv\/site\/author\/lavrastv\/"},"featured_img":"https:\/\/lavras.tv\/site\/wp-content\/uploads\/2016\/08\/senar2-300x200.jpg","coauthors":[],"tax_additional":{"categories":{"linked":["<a href=\"https:\/\/lavras.tv\/site\/category\/destaques\/\" class=\"advgb-post-tax-term\">Destaques<\/a>","<a href=\"https:\/\/lavras.tv\/site\/category\/noticias\/\" class=\"advgb-post-tax-term\">Not\u00edcias<\/a>"],"unlinked":["<span class=\"advgb-post-tax-term\">Destaques<\/span>","<span class=\"advgb-post-tax-term\">Not\u00edcias<\/span>"]},"tags":{"linked":["<a href=\"https:\/\/lavras.tv\/site\/category\/noticias\/\" class=\"advgb-post-tax-term\">cursos<\/a>","<a href=\"https:\/\/lavras.tv\/site\/category\/noticias\/\" class=\"advgb-post-tax-term\">forma\u00e7\u00e3o profissional<\/a>","<a href=\"https:\/\/lavras.tv\/site\/category\/noticias\/\" class=\"advgb-post-tax-term\">gr\u00e1tis<\/a>","<a href=\"https:\/\/lavras.tv\/site\/category\/noticias\/\" class=\"advgb-post-tax-term\">senar<\/a>","<a href=\"https:\/\/lavras.tv\/site\/category\/noticias\/\" class=\"advgb-post-tax-term\">sindicato rural<\/a>","<a href=\"https:\/\/lavras.tv\/site\/category\/noticias\/\" class=\"advgb-post-tax-term\">sul de minas<\/a>"],"unlinked":["<span class=\"advgb-post-tax-term\">cursos<\/span>","<span class=\"advgb-post-tax-term\">forma\u00e7\u00e3o profissional<\/span>","<span class=\"advgb-post-tax-term\">gr\u00e1tis<\/span>","<span class=\"advgb-post-tax-term\">senar<\/span>","<span class=\"advgb-post-tax-term\">sindicato rural<\/span>","<span class=\"advgb-post-tax-term\">sul de minas<\/span>"]}},"comment_count":"0","relative_dates":{"created":"Publicado 9 anos atr\u00e1s","modified":"Atualizado 9 anos atr\u00e1s"},"absolute_dates":{"created":"Publicado em 30 de mar\u00e7o de 2017","modified":"Atualizado em 30 de mar\u00e7o de 2017"},"absolute_dates_time":{"created":"Publicado em 30 de mar\u00e7o de 2017 08:43","modified":"Atualizado em 30 de mar\u00e7o de 2017 08:43"},"featured_img_caption":"","series_order":"","_links":{"self":[{"href":"https:\/\/lavras.tv\/site\/wp-json\/wp\/v2\/posts\/7733","targetHints":{"allow":["GET"]}}],"collection":[{"href":"https:\/\/lavras.tv\/site\/wp-json\/wp\/v2\/posts"}],"about":[{"href":"https:\/\/lavras.tv\/site\/wp-json\/wp\/v2\/types\/post"}],"author":[{"embeddable":true,"href":"https:\/\/lavras.tv\/site\/wp-json\/wp\/v2\/users\/2"}],"replies":[{"embeddable":true,"href":"https:\/\/lavras.tv\/site\/wp-json\/wp\/v2\/comments?post=7733"}],"version-history":[{"count":1,"href":"https:\/\/lavras.tv\/site\/wp-json\/wp\/v2\/posts\/7733\/revisions"}],"predecessor-version":[{"id":7734,"href":"https:\/\/lavras.tv\/site\/wp-json\/wp\/v2\/posts\/7733\/revisions\/7734"}],"wp:featuredmedia":[{"embeddable":true,"href":"https:\/\/lavras.tv\/site\/wp-json\/wp\/v2\/media\/1311"}],"wp:attachment":[{"href":"https:\/\/lavras.tv\/site\/wp-json\/wp\/v2\/media?parent=7733"}],"wp:term":[{"taxonomy":"category","embeddable":true,"href":"https:\/\/lavras.tv\/site\/wp-json\/wp\/v2\/categories?post=7733"},{"taxonomy":"post_tag","embeddable":true,"href":"https:\/\/lavras.tv\/site\/wp-json\/wp\/v2\/tags?post=7733"}],"curies":[{"name":"wp","href":"https:\/\/api.w.org\/{rel}","templated":true}]}}