{"id":7753,"date":"2017-03-31T08:32:53","date_gmt":"2017-03-31T11:32:53","guid":{"rendered":"http:\/\/lavras.tv\/site\/?p=7753"},"modified":"2017-03-31T08:32:53","modified_gmt":"2017-03-31T11:32:53","slug":"estudantes-da-ufla-participam-do-programa-minas-digital","status":"publish","type":"post","link":"https:\/\/lavras.tv\/site\/2017\/03\/31\/estudantes-da-ufla-participam-do-programa-minas-digital\/","title":{"rendered":"Estudantes da UFLA participam do programa Minas Digital"},"content":{"rendered":"<div class=\"lavra-antes-do-conteudo_2\" id=\"lavra-3387927867\"><div id=\"lavra-slider-27\" class=\"custom-slider lavra-slider-3658073205 lavra-slider\"><ul><li><div style=\"margin-left: auto;margin-right: auto;text-align: center;\" id=\"lavra-874202009\"><a href=\"https:\/\/sistemas.lavras.mg.gov.br\/portalcidadao\/#df1b1a7c7b2a290bcb31e32771e610784662739a88807c0dacac58ede5f391a7530e299dc302d611ee73cb143fc22eaf93592e53e7b5bdb01b00a0b8d28dae460c141dd2ff83412e4dc1c31b16b25f33144a9e5620ea73b13f5bc1c59411d98439ad226e8af03840603796067d87afe130812cf3de24982d0e306f9e61e764e5\" aria-label=\"Lavras-TV&#8211;720x104px (1) (1)\"><img src=\"https:\/\/lavras.tv\/site\/wp-content\/uploads\/2025\/01\/Lavras-TV-720x104px-1-1.png\" alt=\"\"  srcset=\"https:\/\/lavras.tv\/site\/wp-content\/uploads\/2025\/01\/Lavras-TV-720x104px-1-1.png 720w, https:\/\/lavras.tv\/site\/wp-content\/uploads\/2025\/01\/Lavras-TV-720x104px-1-1-470x68.png 470w, https:\/\/lavras.tv\/site\/wp-content\/uploads\/2025\/01\/Lavras-TV-720x104px-1-1-170x25.png 170w, https:\/\/lavras.tv\/site\/wp-content\/uploads\/2025\/01\/Lavras-TV-720x104px-1-1-200x29.png 200w\" sizes=\"(max-width: 720px) 100vw, 720px\" width=\"720\" height=\"104\"  style=\"display: inline-block;\" \/><\/a><\/div><\/li><li><a href=\"https:\/\/sistemas.lavras.mg.gov.br\/portalcidadao\/#df1b1a7c7b2a290bcb31e32771e610784662739a88807c0dacac58ede5f391a7530e299dc302d611ee73cb143fc22eaf93592e53e7b5bdb01b00a0b8d28dae460c141dd2ff83412e4dc1c31b16b25f33144a9e5620ea73b13f5bc1c59411d98439ad226e8af03840603796067d87afe130812cf3de24982d0e306f9e61e764e5\" aria-label=\"Banner_Emprego_PortallavrasTV\"><img src=\"https:\/\/lavras.tv\/site\/wp-content\/uploads\/2025\/03\/Banner_Emprego_PortallavrasTV.png\" alt=\"\"  srcset=\"https:\/\/lavras.tv\/site\/wp-content\/uploads\/2025\/03\/Banner_Emprego_PortallavrasTV.png 720w, https:\/\/lavras.tv\/site\/wp-content\/uploads\/2025\/03\/Banner_Emprego_PortallavrasTV-470x68.png 470w, https:\/\/lavras.tv\/site\/wp-content\/uploads\/2025\/03\/Banner_Emprego_PortallavrasTV-170x25.png 170w, https:\/\/lavras.tv\/site\/wp-content\/uploads\/2025\/03\/Banner_Emprego_PortallavrasTV-200x29.png 200w\" sizes=\"(max-width: 720px) 100vw, 720px\" width=\"720\" height=\"104\"   \/><\/a><\/li><li><a href=\"https:\/\/sistemas.lavras.mg.gov.br\/portalcidadao\/#df1b1a7c7b2a290bcb31e32771e610784662739a88807c0dacac58ede5f391a7530e299dc302d611ee73cb143fc22eaf93592e53e7b5bdb01b00a0b8d28dae460c141dd2ff83412e4dc1c31b16b25f33144a9e5620ea73b13f5bc1c59411d98439ad226e8af03840603796067d87afe130812cf3de24982d0e306f9e61e764e5\" aria-label=\"Banner_Obras_PortallavrasTV\"><img src=\"https:\/\/lavras.tv\/site\/wp-content\/uploads\/2025\/03\/Banner_Obras_PortallavrasTV.png\" alt=\"\"  srcset=\"https:\/\/lavras.tv\/site\/wp-content\/uploads\/2025\/03\/Banner_Obras_PortallavrasTV.png 720w, https:\/\/lavras.tv\/site\/wp-content\/uploads\/2025\/03\/Banner_Obras_PortallavrasTV-470x68.png 470w, https:\/\/lavras.tv\/site\/wp-content\/uploads\/2025\/03\/Banner_Obras_PortallavrasTV-170x25.png 170w, https:\/\/lavras.tv\/site\/wp-content\/uploads\/2025\/03\/Banner_Obras_PortallavrasTV-200x29.png 200w\" sizes=\"(max-width: 720px) 100vw, 720px\" width=\"720\" height=\"104\"   \/><\/a><\/li><li><div style=\"margin-left: auto;margin-right: auto;text-align: center;\" id=\"lavra-3851249591\"><a href=\"https:\/\/sistemas.lavras.mg.gov.br\/portalcidadao\/#df1b1a7c7b2a290bcb31e32771e610784662739a88807c0dacac58ede5f391a7530e299dc302d611ee73cb143fc22eaf93592e53e7b5bdb01b00a0b8d28dae460c141dd2ff83412e4dc1c31b16b25f33144a9e5620ea73b13f5bc1c59411d98439ad226e8af03840603796067d87afe130812cf3de24982d0e306f9e61e764e5\" aria-label=\"Banner_Educa\u00e7\u00e3o_PortallavrasTV\"><img src=\"https:\/\/lavras.tv\/site\/wp-content\/uploads\/2025\/01\/Banner_Educacao_PortallavrasTV.png\" alt=\"\"  srcset=\"https:\/\/lavras.tv\/site\/wp-content\/uploads\/2025\/01\/Banner_Educacao_PortallavrasTV.png 720w, https:\/\/lavras.tv\/site\/wp-content\/uploads\/2025\/01\/Banner_Educacao_PortallavrasTV-470x68.png 470w, https:\/\/lavras.tv\/site\/wp-content\/uploads\/2025\/01\/Banner_Educacao_PortallavrasTV-170x25.png 170w, https:\/\/lavras.tv\/site\/wp-content\/uploads\/2025\/01\/Banner_Educacao_PortallavrasTV-200x29.png 200w\" sizes=\"(max-width: 720px) 100vw, 720px\" width=\"720\" height=\"104\"  style=\"display: inline-block;\" \/><\/a><\/div><\/li><li><a href=\"https:\/\/sistemas.lavras.mg.gov.br\/portalcidadao\/#df1b1a7c7b2a290bcb31e32771e610784662739a88807c0dacac58ede5f391a7530e299dc302d611ee73cb143fc22eaf93592e53e7b5bdb01b00a0b8d28dae460c141dd2ff83412e4dc1c31b16b25f33144a9e5620ea73b13f5bc1c59411d98439ad226e8af03840603796067d87afe130812cf3de24982d0e306f9e61e764e5\" aria-label=\"Banner_Sa\u00fade_PortallavrasTV\"><img src=\"https:\/\/lavras.tv\/site\/wp-content\/uploads\/2025\/03\/Banner_Saude_PortallavrasTV.png\" alt=\"\"  srcset=\"https:\/\/lavras.tv\/site\/wp-content\/uploads\/2025\/03\/Banner_Saude_PortallavrasTV.png 720w, https:\/\/lavras.tv\/site\/wp-content\/uploads\/2025\/03\/Banner_Saude_PortallavrasTV-470x68.png 470w, https:\/\/lavras.tv\/site\/wp-content\/uploads\/2025\/03\/Banner_Saude_PortallavrasTV-170x25.png 170w, https:\/\/lavras.tv\/site\/wp-content\/uploads\/2025\/03\/Banner_Saude_PortallavrasTV-200x29.png 200w\" sizes=\"(max-width: 720px) 100vw, 720px\" width=\"720\" height=\"104\"   \/><\/a><\/li><li><div id=\"lavra-3171079694\" style=\"width:720px;height:104px;background-color:#ddd;overflow:scroll;\">\n\t<strong>Sa\u00edda da depura\u00e7\u00e3o de an\u00fancios<\/strong>\n\t<br><br>\n\tO an\u00fancio n\u00e3o \u00e9 exibido na p\u00e1gina<br><br>post atual: Estudantes da UFLA participam do programa Minas Digital, ID: 7753<br><br><span style=\"color: red;\">O post atual n\u00e3o \u00e9 id\u00eantico ao post principal.<\/span><br><br>An\u00fancios: ROXO - TOPO INTERNA - ROTATIVO 2 (197)<br \/>Grupo de an\u00fancios: Princ_Meio01_720x104 (27)<br><br>Condi\u00e7\u00f5es de exibi\u00e7\u00e3o<div style=\"margin-bottom: 20px; white-space: pre-wrap; font-family: monospace; width: 100%; background: #ffe9e9;\"><strong>condi\u00e7\u00f5es gerais<\/strong><table border=\"1\"><thead><tr><th><\/th><th>An\u00fancios<\/th><th>wp_the_query<\/th><\/tr><\/thead><tr><td>is_main_query<\/td><td>1<\/td><td>1<\/td><\/tr><tr><td>is_rest_api<\/td><td>0<\/td><td>1<\/td><\/tr><tr><td>page<\/td><td>0<\/td><td>1<\/td><\/tr><tr><td>numpages<\/td><td>0<\/td><td>1<\/td><\/tr><tr><td>is_archive<\/td><td>1<\/td><td><\/td><\/tr><tr><td>is_search<\/td><td>1<\/td><td><\/td><\/tr><tr><td>is_home<\/td><td>1<\/td><td><\/td><\/tr><tr><td>is_404<\/td><td>1<\/td><td><\/td><\/tr><tr><td>is_attachment<\/td><td>1<\/td><td><\/td><\/tr><tr><td>is_singular<\/td><td>1<\/td><td><\/td><\/tr><tr><td>is_front_page<\/td><td>1<\/td><td><\/td><\/tr><tr><td>is_feed<\/td><td>1<\/td><td><\/td><\/tr><\/table><\/div><br><br><span style=\"color: red;\">Seu site usa HTTPS, mas o c\u00f3digo do an\u00fancio cont\u00e9m HTTP e pode n\u00e3o funcionar.<\/span>\t<br><br>\n\t<a style=\"color: green;\" href=\"https:\/\/wpadvancedads.com\/manual\/ad-debug-mode\/?utm_source=advanced-ads&utm_medium=link&utm_campaign=ad-debug-mode\" target=\"_blank\" rel=\"nofollow\">Encontre solu\u00e7\u00f5es no manual<\/a>\n<\/div>\n<\/li><\/ul><\/div><script>( window.advanced_ads_ready || jQuery( document ).ready ).call( null, function() {var $lavraslider3658073205 = jQuery( \".lavra-slider-3658073205\" );$lavraslider3658073205.on( \"unslider.ready\", function() { jQuery( \"div.custom-slider ul li\" ).css( \"display\", \"block\" ); });$lavraslider3658073205.unslider({ delay:4000, autoplay:true, nav:false, arrows:false, infinite:true });$lavraslider3658073205.on(\"mouseover\", function() {$lavraslider3658073205.unslider(\"stop\");}).on(\"mouseout\", function() {$lavraslider3658073205.unslider(\"start\");});});<\/script><\/div><p>No \u00faltimo final de semana (25 e 26\/03), foi realizado em Belo Horizonte (MG) um treinamento promovido pela equipe da Secretaria de Estado de Desenvolvimento Econ\u00f4mico, Ci\u00eancia, Tecnologia e Ensino Superior do Governo de Minas (Sedectes), como parte do programa &#8220;guarda-chuva&#8221; para a inova\u00e7\u00e3o, Minas Digital.<!--more--><\/p>\n<p>Os estudantes do departamento de Administra\u00e7\u00e3o e Economia (DAE) da Universidade Federal de Lavras (UFLA), Bruna Caroline Souza e Artur Alexandre Gon\u00e7alves, ambos membros do Empreende UFLA, do Centro de Intelig\u00eancia em Mercados (CIM), fizeram o treinamento juntamente com os 25 novos Agentes Regionais de Inova\u00e7\u00e3o selecionados para ser o elo entre as a\u00e7\u00f5es governamentais relacionadas \u00e0 inova\u00e7\u00e3o e empreendedorismo.<\/p>\n<p><img fetchpriority=\"high\" decoding=\"async\" class=\" wp-image-7754 aligncenter\" src=\"http:\/\/lavras.tv\/site\/wp-content\/uploads\/2017\/03\/minas-digital.jpg\" alt=\"minas digital\" width=\"1151\" height=\"767\" srcset=\"https:\/\/lavras.tv\/site\/wp-content\/uploads\/2017\/03\/minas-digital.jpg 1280w, https:\/\/lavras.tv\/site\/wp-content\/uploads\/2017\/03\/minas-digital-150x100.jpg 150w, https:\/\/lavras.tv\/site\/wp-content\/uploads\/2017\/03\/minas-digital-300x200.jpg 300w, https:\/\/lavras.tv\/site\/wp-content\/uploads\/2017\/03\/minas-digital-1024x682.jpg 1024w, https:\/\/lavras.tv\/site\/wp-content\/uploads\/2017\/03\/minas-digital-480x320.jpg 480w, https:\/\/lavras.tv\/site\/wp-content\/uploads\/2017\/03\/minas-digital-272x182.jpg 272w\" sizes=\"(max-width: 1151px) 100vw, 1151px\" \/><\/p>\n<p>Depois de conhecer todos os projetos e eventos, foram apresentadas \u00e0s diretrizes do &#8220;Difus\u00e3o do Minas Digital&#8221;, incluindo as tarefas e metas que cada um deve desenvolver junto ao seu ecossistema local e d\u00favidas que surgiram.<\/p>\n<p>\u201cFoi um final de semana intenso com muitas atividades e treinamentos, onde tivemos a oportunidade de entender melhor o programa Minas Digital. Estar atuando nesse projeto \u00e9 algo inspirador e motivacional e tudo isso aconteceu porque eu e o Artur de alguma forma criamos nossas a\u00e7\u00f5es e o Empreende UFLA foi uma parceria com o CIM que deu muito certo, ent\u00e3o o apoio do CIM e do professor Luiz Gonzaga de Castro Junior foi muito importante para a gente chegar onde chegou hoje e conseguir abra\u00e7ar essa oportunidade\u201d, comentou a estudante Bruna Caroline Souza.<\/p>\n<p>O programa Minas Digital nasceu como iniciativa pioneira do Governo de Minas Gerais, capitaneado pela Secretaria de Estado de Desenvolvimento Econ\u00f4mico, Ci\u00eancia, Tecnologia e Ensino Superior (Sedectes), que visa gerar o desenvolvimento econ\u00f4mico e social do estado e do pa\u00eds. Sua atua\u00e7\u00e3o busca expandir o j\u00e1 poderoso ambiente de inova\u00e7\u00e3o existente em Belo Horizonte para o estado, por meio de seus 17 pontos estrat\u00e9gicos de desenvolvimento, abarcando todas as a\u00e7\u00f5es governamentais de incentivo e apoio, conforme as necessidades e voca\u00e7\u00f5es regionais.<\/p>\n<p>Segundo o estudante Artur Alexandre Gon\u00e7alves, a forma\u00e7\u00e3o foi &#8220;muito produtiva no sentido de ampliar nossos contatos e participar de um projeto bem bacana com o prop\u00f3sito de conseguir interiorizar essas a\u00e7\u00f5es do Governo de Minas, do programa Minas Digital, que inclui v\u00e1rios outros programas voltados para diferentes p\u00fablicos, sejam universit\u00e1rios, seja a popula\u00e7\u00e3o geral e estudantes do Ensino M\u00e9dio. Ent\u00e3o assim, o nosso objetivo \u00e9 conseguir trazer isso para o interior com a miss\u00e3o de conseguir transformar Minas no melhor estado para se empreender e inovar\u201d.<\/p>\n<p>&nbsp;<\/p>\n<p>Texto: ASCOM InovaCaf\u00e9 Foto: Mercado Web Minas<\/p>\n","protected":false},"excerpt":{"rendered":"<p>No \u00faltimo final de semana (25 e 26\/03), foi realizado em Belo Horizonte (MG) um treinamento promovido pela equipe da Secretaria de Estado de Desenvolvimento Econ\u00f4mico, Ci\u00eancia, Tecnologia e Ensino Superior do Governo de Minas (Sedectes), como parte do programa &#8220;guarda-chuva&#8221; para a inova\u00e7\u00e3o, Minas Digital.<\/p>\n","protected":false},"author":2,"featured_media":7754,"comment_status":"closed","ping_status":"open","sticky":false,"template":"","format":"standard","meta":{"advgb_blocks_editor_width":"","advgb_blocks_columns_visual_guide":"","_exactmetrics_skip_tracking":false,"_exactmetrics_sitenote_active":false,"_exactmetrics_sitenote_note":"","_exactmetrics_sitenote_category":0,"footnotes":""},"categories":[7,2],"tags":[34,3051,56],"class_list":["post-7753","post","type-post","status-publish","format-standard","has-post-thumbnail","hentry","category-destaques","category-noticias","tag-lavras","tag-minas-digital","tag-ufla"],"better_featured_image":{"id":7754,"alt_text":"","caption":"","description":"","media_type":"image","media_details":{"width":1280,"height":853,"file":"2017\/03\/minas-digital.jpg","sizes":{"thumbnail":{"file":"minas-digital-150x100.jpg","width":150,"height":100,"mime-type":"image\/jpeg","source_url":"https:\/\/lavras.tv\/site\/wp-content\/uploads\/2017\/03\/minas-digital-150x100.jpg"},"medium":{"file":"minas-digital-300x200.jpg","width":300,"height":200,"mime-type":"image\/jpeg","source_url":"https:\/\/lavras.tv\/site\/wp-content\/uploads\/2017\/03\/minas-digital-300x200.jpg"},"large":{"file":"minas-digital-1024x682.jpg","width":1024,"height":682,"mime-type":"image\/jpeg","source_url":"https:\/\/lavras.tv\/site\/wp-content\/uploads\/2017\/03\/minas-digital-1024x682.jpg"},"featured-slider-img":{"file":"minas-digital-640x480.jpg","width":640,"height":480,"mime-type":"image\/jpeg","source_url":"https:\/\/lavras.tv\/site\/wp-content\/uploads\/2017\/03\/minas-digital-640x480.jpg"},"featured-post-img":{"file":"minas-digital-480x320.jpg","width":480,"height":320,"mime-type":"image\/jpeg","source_url":"https:\/\/lavras.tv\/site\/wp-content\/uploads\/2017\/03\/minas-digital-480x320.jpg"},"sow-carousel-default":{"file":"minas-digital-272x182.jpg","width":272,"height":182,"mime-type":"image\/jpeg","source_url":"https:\/\/lavras.tv\/site\/wp-content\/uploads\/2017\/03\/minas-digital-272x182.jpg"}},"image_meta":{"aperture":"0","credit":"","camera":"","caption":"","created_timestamp":"0","copyright":"","focal_length":"0","iso":"0","shutter_speed":"0","title":"","orientation":"0","keywords":[]}},"post":7753,"source_url":"https:\/\/lavras.tv\/site\/wp-content\/uploads\/2017\/03\/minas-digital.jpg"},"author_meta":{"display_name":"Lavras TV","author_link":"https:\/\/lavras.tv\/site\/author\/lavrastv\/"},"featured_img":"https:\/\/lavras.tv\/site\/wp-content\/uploads\/2017\/03\/minas-digital-300x200.jpg","coauthors":[],"tax_additional":{"categories":{"linked":["<a href=\"https:\/\/lavras.tv\/site\/category\/destaques\/\" class=\"advgb-post-tax-term\">Destaques<\/a>","<a href=\"https:\/\/lavras.tv\/site\/category\/noticias\/\" class=\"advgb-post-tax-term\">Not\u00edcias<\/a>"],"unlinked":["<span class=\"advgb-post-tax-term\">Destaques<\/span>","<span class=\"advgb-post-tax-term\">Not\u00edcias<\/span>"]},"tags":{"linked":["<a href=\"https:\/\/lavras.tv\/site\/category\/noticias\/\" class=\"advgb-post-tax-term\">lavras<\/a>","<a href=\"https:\/\/lavras.tv\/site\/category\/noticias\/\" class=\"advgb-post-tax-term\">minas digital<\/a>","<a href=\"https:\/\/lavras.tv\/site\/category\/noticias\/\" class=\"advgb-post-tax-term\">ufla<\/a>"],"unlinked":["<span class=\"advgb-post-tax-term\">lavras<\/span>","<span class=\"advgb-post-tax-term\">minas digital<\/span>","<span class=\"advgb-post-tax-term\">ufla<\/span>"]}},"comment_count":"0","relative_dates":{"created":"Publicado 9 anos atr\u00e1s","modified":"Atualizado 9 anos atr\u00e1s"},"absolute_dates":{"created":"Publicado em 31 de mar\u00e7o de 2017","modified":"Atualizado em 31 de mar\u00e7o de 2017"},"absolute_dates_time":{"created":"Publicado em 31 de mar\u00e7o de 2017 08:32","modified":"Atualizado em 31 de mar\u00e7o de 2017 08:32"},"featured_img_caption":"","series_order":"","_links":{"self":[{"href":"https:\/\/lavras.tv\/site\/wp-json\/wp\/v2\/posts\/7753","targetHints":{"allow":["GET"]}}],"collection":[{"href":"https:\/\/lavras.tv\/site\/wp-json\/wp\/v2\/posts"}],"about":[{"href":"https:\/\/lavras.tv\/site\/wp-json\/wp\/v2\/types\/post"}],"author":[{"embeddable":true,"href":"https:\/\/lavras.tv\/site\/wp-json\/wp\/v2\/users\/2"}],"replies":[{"embeddable":true,"href":"https:\/\/lavras.tv\/site\/wp-json\/wp\/v2\/comments?post=7753"}],"version-history":[{"count":1,"href":"https:\/\/lavras.tv\/site\/wp-json\/wp\/v2\/posts\/7753\/revisions"}],"predecessor-version":[{"id":7755,"href":"https:\/\/lavras.tv\/site\/wp-json\/wp\/v2\/posts\/7753\/revisions\/7755"}],"wp:featuredmedia":[{"embeddable":true,"href":"https:\/\/lavras.tv\/site\/wp-json\/wp\/v2\/media\/7754"}],"wp:attachment":[{"href":"https:\/\/lavras.tv\/site\/wp-json\/wp\/v2\/media?parent=7753"}],"wp:term":[{"taxonomy":"category","embeddable":true,"href":"https:\/\/lavras.tv\/site\/wp-json\/wp\/v2\/categories?post=7753"},{"taxonomy":"post_tag","embeddable":true,"href":"https:\/\/lavras.tv\/site\/wp-json\/wp\/v2\/tags?post=7753"}],"curies":[{"name":"wp","href":"https:\/\/api.w.org\/{rel}","templated":true}]}}