{"id":7766,"date":"2017-03-31T09:03:44","date_gmt":"2017-03-31T12:03:44","guid":{"rendered":"http:\/\/lavras.tv\/site\/?p=7766"},"modified":"2017-03-31T09:03:44","modified_gmt":"2017-03-31T12:03:44","slug":"lavras-recebe-mais-de-r-100-mil-para-acoes-de-combate-a-febre-amarela","status":"publish","type":"post","link":"https:\/\/lavras.tv\/site\/2017\/03\/31\/lavras-recebe-mais-de-r-100-mil-para-acoes-de-combate-a-febre-amarela\/","title":{"rendered":"Lavras recebe mais de R$ 100 mil para a\u00e7\u00f5es de combate \u00e0 febre amarela"},"content":{"rendered":"<div class=\"lavra-antes-do-conteudo_2\" id=\"lavra-8747962\"><div id=\"lavra-slider-27\" class=\"custom-slider lavra-slider-2890909400 lavra-slider\"><ul><li><div style=\"margin-left: auto;margin-right: auto;text-align: center;\" id=\"lavra-2825795121\"><a href=\"https:\/\/sistemas.lavras.mg.gov.br\/portalcidadao\/#df1b1a7c7b2a290bcb31e32771e610784662739a88807c0dacac58ede5f391a7530e299dc302d611ee73cb143fc22eaf93592e53e7b5bdb01b00a0b8d28dae460c141dd2ff83412e4dc1c31b16b25f33144a9e5620ea73b13f5bc1c59411d98439ad226e8af03840603796067d87afe130812cf3de24982d0e306f9e61e764e5\" aria-label=\"Lavras-TV&#8211;720x104px (1) (1)\"><img src=\"https:\/\/lavras.tv\/site\/wp-content\/uploads\/2025\/01\/Lavras-TV-720x104px-1-1.png\" alt=\"\"  srcset=\"https:\/\/lavras.tv\/site\/wp-content\/uploads\/2025\/01\/Lavras-TV-720x104px-1-1.png 720w, https:\/\/lavras.tv\/site\/wp-content\/uploads\/2025\/01\/Lavras-TV-720x104px-1-1-470x68.png 470w, https:\/\/lavras.tv\/site\/wp-content\/uploads\/2025\/01\/Lavras-TV-720x104px-1-1-170x25.png 170w, https:\/\/lavras.tv\/site\/wp-content\/uploads\/2025\/01\/Lavras-TV-720x104px-1-1-200x29.png 200w\" sizes=\"(max-width: 720px) 100vw, 720px\" width=\"720\" height=\"104\"  style=\"display: inline-block;\" \/><\/a><\/div><\/li><li><a href=\"https:\/\/sistemas.lavras.mg.gov.br\/portalcidadao\/#df1b1a7c7b2a290bcb31e32771e610784662739a88807c0dacac58ede5f391a7530e299dc302d611ee73cb143fc22eaf93592e53e7b5bdb01b00a0b8d28dae460c141dd2ff83412e4dc1c31b16b25f33144a9e5620ea73b13f5bc1c59411d98439ad226e8af03840603796067d87afe130812cf3de24982d0e306f9e61e764e5\" aria-label=\"Banner_Emprego_PortallavrasTV\"><img src=\"https:\/\/lavras.tv\/site\/wp-content\/uploads\/2025\/03\/Banner_Emprego_PortallavrasTV.png\" alt=\"\"  srcset=\"https:\/\/lavras.tv\/site\/wp-content\/uploads\/2025\/03\/Banner_Emprego_PortallavrasTV.png 720w, https:\/\/lavras.tv\/site\/wp-content\/uploads\/2025\/03\/Banner_Emprego_PortallavrasTV-470x68.png 470w, https:\/\/lavras.tv\/site\/wp-content\/uploads\/2025\/03\/Banner_Emprego_PortallavrasTV-170x25.png 170w, https:\/\/lavras.tv\/site\/wp-content\/uploads\/2025\/03\/Banner_Emprego_PortallavrasTV-200x29.png 200w\" sizes=\"(max-width: 720px) 100vw, 720px\" width=\"720\" height=\"104\"   \/><\/a><\/li><li><a href=\"https:\/\/sistemas.lavras.mg.gov.br\/portalcidadao\/#df1b1a7c7b2a290bcb31e32771e610784662739a88807c0dacac58ede5f391a7530e299dc302d611ee73cb143fc22eaf93592e53e7b5bdb01b00a0b8d28dae460c141dd2ff83412e4dc1c31b16b25f33144a9e5620ea73b13f5bc1c59411d98439ad226e8af03840603796067d87afe130812cf3de24982d0e306f9e61e764e5\" aria-label=\"Banner_Obras_PortallavrasTV\"><img src=\"https:\/\/lavras.tv\/site\/wp-content\/uploads\/2025\/03\/Banner_Obras_PortallavrasTV.png\" alt=\"\"  srcset=\"https:\/\/lavras.tv\/site\/wp-content\/uploads\/2025\/03\/Banner_Obras_PortallavrasTV.png 720w, https:\/\/lavras.tv\/site\/wp-content\/uploads\/2025\/03\/Banner_Obras_PortallavrasTV-470x68.png 470w, https:\/\/lavras.tv\/site\/wp-content\/uploads\/2025\/03\/Banner_Obras_PortallavrasTV-170x25.png 170w, https:\/\/lavras.tv\/site\/wp-content\/uploads\/2025\/03\/Banner_Obras_PortallavrasTV-200x29.png 200w\" sizes=\"(max-width: 720px) 100vw, 720px\" width=\"720\" height=\"104\"   \/><\/a><\/li><li><div style=\"margin-left: auto;margin-right: auto;text-align: center;\" id=\"lavra-975282414\"><a href=\"https:\/\/sistemas.lavras.mg.gov.br\/portalcidadao\/#df1b1a7c7b2a290bcb31e32771e610784662739a88807c0dacac58ede5f391a7530e299dc302d611ee73cb143fc22eaf93592e53e7b5bdb01b00a0b8d28dae460c141dd2ff83412e4dc1c31b16b25f33144a9e5620ea73b13f5bc1c59411d98439ad226e8af03840603796067d87afe130812cf3de24982d0e306f9e61e764e5\" aria-label=\"Banner_Educa\u00e7\u00e3o_PortallavrasTV\"><img src=\"https:\/\/lavras.tv\/site\/wp-content\/uploads\/2025\/01\/Banner_Educacao_PortallavrasTV.png\" alt=\"\"  srcset=\"https:\/\/lavras.tv\/site\/wp-content\/uploads\/2025\/01\/Banner_Educacao_PortallavrasTV.png 720w, https:\/\/lavras.tv\/site\/wp-content\/uploads\/2025\/01\/Banner_Educacao_PortallavrasTV-470x68.png 470w, https:\/\/lavras.tv\/site\/wp-content\/uploads\/2025\/01\/Banner_Educacao_PortallavrasTV-170x25.png 170w, https:\/\/lavras.tv\/site\/wp-content\/uploads\/2025\/01\/Banner_Educacao_PortallavrasTV-200x29.png 200w\" sizes=\"(max-width: 720px) 100vw, 720px\" width=\"720\" height=\"104\"  style=\"display: inline-block;\" \/><\/a><\/div><\/li><li><a href=\"https:\/\/sistemas.lavras.mg.gov.br\/portalcidadao\/#df1b1a7c7b2a290bcb31e32771e610784662739a88807c0dacac58ede5f391a7530e299dc302d611ee73cb143fc22eaf93592e53e7b5bdb01b00a0b8d28dae460c141dd2ff83412e4dc1c31b16b25f33144a9e5620ea73b13f5bc1c59411d98439ad226e8af03840603796067d87afe130812cf3de24982d0e306f9e61e764e5\" aria-label=\"Banner_Sa\u00fade_PortallavrasTV\"><img src=\"https:\/\/lavras.tv\/site\/wp-content\/uploads\/2025\/03\/Banner_Saude_PortallavrasTV.png\" alt=\"\"  srcset=\"https:\/\/lavras.tv\/site\/wp-content\/uploads\/2025\/03\/Banner_Saude_PortallavrasTV.png 720w, https:\/\/lavras.tv\/site\/wp-content\/uploads\/2025\/03\/Banner_Saude_PortallavrasTV-470x68.png 470w, https:\/\/lavras.tv\/site\/wp-content\/uploads\/2025\/03\/Banner_Saude_PortallavrasTV-170x25.png 170w, https:\/\/lavras.tv\/site\/wp-content\/uploads\/2025\/03\/Banner_Saude_PortallavrasTV-200x29.png 200w\" sizes=\"(max-width: 720px) 100vw, 720px\" width=\"720\" height=\"104\"   \/><\/a><\/li><li><div id=\"lavra-744258000\" style=\"width:720px;height:104px;background-color:#ddd;overflow:scroll;\">\n\t<strong>Sa\u00edda da depura\u00e7\u00e3o de an\u00fancios<\/strong>\n\t<br><br>\n\tO an\u00fancio n\u00e3o \u00e9 exibido na p\u00e1gina<br><br>post atual: Lavras recebe mais de R$ 100 mil para a\u00e7\u00f5es de combate \u00e0 febre amarela, ID: 7766<br><br><span style=\"color: red;\">O post atual n\u00e3o \u00e9 id\u00eantico ao post principal.<\/span><br><br>An\u00fancios: ROXO - TOPO INTERNA - ROTATIVO 2 (197)<br \/>Grupo de an\u00fancios: Princ_Meio01_720x104 (27)<br><br>Condi\u00e7\u00f5es de exibi\u00e7\u00e3o<div style=\"margin-bottom: 20px; white-space: pre-wrap; font-family: monospace; width: 100%; background: #ffe9e9;\"><strong>condi\u00e7\u00f5es gerais<\/strong><table border=\"1\"><thead><tr><th><\/th><th>An\u00fancios<\/th><th>wp_the_query<\/th><\/tr><\/thead><tr><td>is_main_query<\/td><td>1<\/td><td>1<\/td><\/tr><tr><td>is_rest_api<\/td><td>0<\/td><td>1<\/td><\/tr><tr><td>page<\/td><td>0<\/td><td>1<\/td><\/tr><tr><td>numpages<\/td><td>0<\/td><td>1<\/td><\/tr><tr><td>is_archive<\/td><td>1<\/td><td><\/td><\/tr><tr><td>is_search<\/td><td>1<\/td><td><\/td><\/tr><tr><td>is_home<\/td><td>1<\/td><td><\/td><\/tr><tr><td>is_404<\/td><td>1<\/td><td><\/td><\/tr><tr><td>is_attachment<\/td><td>1<\/td><td><\/td><\/tr><tr><td>is_singular<\/td><td>1<\/td><td><\/td><\/tr><tr><td>is_front_page<\/td><td>1<\/td><td><\/td><\/tr><tr><td>is_feed<\/td><td>1<\/td><td><\/td><\/tr><\/table><\/div><br><br><span style=\"color: red;\">Seu site usa HTTPS, mas o c\u00f3digo do an\u00fancio cont\u00e9m HTTP e pode n\u00e3o funcionar.<\/span>\t<br><br>\n\t<a style=\"color: green;\" href=\"https:\/\/wpadvancedads.com\/manual\/ad-debug-mode\/?utm_source=advanced-ads&utm_medium=link&utm_campaign=ad-debug-mode\" target=\"_blank\" rel=\"nofollow\">Encontre solu\u00e7\u00f5es no manual<\/a>\n<\/div>\n<\/li><\/ul><\/div><script>( window.advanced_ads_ready || jQuery( document ).ready ).call( null, function() {var $lavraslider2890909400 = jQuery( \".lavra-slider-2890909400\" );$lavraslider2890909400.on( \"unslider.ready\", function() { jQuery( \"div.custom-slider ul li\" ).css( \"display\", \"block\" ); });$lavraslider2890909400.unslider({ delay:4000, autoplay:true, nav:false, arrows:false, infinite:true });$lavraslider2890909400.on(\"mouseover\", function() {$lavraslider2890909400.unslider(\"stop\");}).on(\"mouseout\", function() {$lavraslider2890909400.unslider(\"start\");});});<\/script><\/div><p>O Minist\u00e9rio da Sa\u00fade autorizou o repasse de R$ 19.227.422,73 para a intensifica\u00e7\u00e3o das a\u00e7\u00f5es de vacina\u00e7\u00e3o contra a febre amarela.<!--more--> A verba vai ser dividida entre 366 cidades de cinco estados &#8211; Bahia (R$ 1. 899.116,47), Esp\u00edrito Santo (R$ 2.514.598,32), Minas Gerais (R$ 10.741.705,61), Rio de Janeiro (R$ 2.367.261,23) e S\u00e3o Paulo (R$ 1.704.741,10). No Sul de Minas, 53 cidades v\u00e3o receber uma parcela.<\/p>\n<p><img fetchpriority=\"high\" decoding=\"async\" class=\"size-full wp-image-7058 aligncenter\" src=\"http:\/\/lavras.tv\/site\/wp-content\/uploads\/2017\/03\/febre-amarela.jpg\" alt=\"febre-amarela\" width=\"764\" height=\"400\" srcset=\"https:\/\/lavras.tv\/site\/wp-content\/uploads\/2017\/03\/febre-amarela.jpg 764w, https:\/\/lavras.tv\/site\/wp-content\/uploads\/2017\/03\/febre-amarela-150x79.jpg 150w, https:\/\/lavras.tv\/site\/wp-content\/uploads\/2017\/03\/febre-amarela-300x157.jpg 300w\" sizes=\"(max-width: 764px) 100vw, 764px\" \/><\/p>\n<p>At\u00e9 o dia 17 de mar\u00e7o, foram confirmados 448 casos da doen\u00e7a no pa\u00eds. Ao todo, foram notificados 1.561 casos suspeitos, sendo que 850 permanecem em investiga\u00e7\u00e3o e 263 foram descartados. Das 264 mortes notificadas, 144 foram confirmadas, 110 ainda s\u00e3o investigadas e 10 foram descartadas.<\/p>\n<p>No Sul de Minas, quatro casos, com tr\u00eas mortes, foram confirmados em humanos, todos em Delfin\u00f3polis. Al\u00e9m disso, nove cidades tiveram registros de mortes de macacos causadas pela febre amarela: Delfin\u00f3polis, Caldas, Ouro Fino, Po\u00e7os de Caldas, Lavras, Santa Rita de Caldas, S\u00e3o Jo\u00e3o Batista do Gl\u00f3ria, Tr\u00eas Pontas e Varginha. Al\u00e9m dessas cidades, casos notificados em outros 26 munic\u00edpios da regi\u00e3o ainda est\u00e3o em investiga\u00e7\u00e3o.<\/p>\n<p>Confira a lista das cidades da regi\u00e3o que receber\u00e3o a verba:<\/p>\n<p>Aguanil (MG) &#8211; R$ 4.538,18<br \/>\nAlpin\u00f3polis (MG) &#8211; R$ 20.333,23<br \/>\nAlterosa (MG) &#8211; R$ 14.928,82<br \/>\nAndradas (MG) &#8211; R$ 41.619,21<br \/>\nArceburgo (MG) &#8211; R$ 10.792,34<br \/>\nBandeira Do Sul (MG) &#8211; R$ 5.879,24<br \/>\nBoa Esperan\u00e7a (MG) &#8211; R$ 41.624,36<br \/>\nBotelhos (MG) &#8211; R$ 15.782,69<br \/>\nBras\u00f3polis (MG) &#8211; R$ 15.358,33<br \/>\nBueno Brand\u00e3o (MG) &#8211; R$ 11.564,84<br \/>\nCampanha (MG) &#8211; R$ 17.027,96<br \/>\nCampo Belo (MG) &#8211; R$ 55.900,16<br \/>\nCampos Gerais (MG) &#8211; R$ 29.839,10<br \/>\nCana Verde (MG) &#8211; R$ 5.908,08<br \/>\nCarmo Da Cachoeira (MG) &#8211; R$ 12.695,78<br \/>\nCarmo De Minas (MG) &#8211; R$ 15.178,08<br \/>\nConcei\u00e7\u00e3o Da Aparecida (MG) &#8211; R$ 10.649,17<br \/>\nCoqueiral (MG) &#8211; R$ 9.729,38<br \/>\nEl\u00f3i Mendes (MG) &#8211; R$ 28.330,15<br \/>\nExtrema (MG) &#8211; R$ 34.740,87<br \/>\nIbiti\u00fara De Minas (MG) &#8211; R$ 3.633,84<br \/>\nIjaci (MG) &#8211; R$ 6.598,18<br \/>\nIlic\u00ednea (MG) &#8211; R$ 12.657,67<br \/>\nInconfidentes (MG) &#8211; R$ 7.543,72<br \/>\nInga\u00ed (MG) &#8211; R$ 2.858,25<br \/>\nItajub\u00e1 (MG) &#8211; R$ 99.418,69<br \/>\nItapeva (MG) &#8211; R$ 9.814,87<br \/>\nItumirim (MG) &#8211; R$ 6.411,75<br \/>\nItutinga (MG) &#8211; R$ 4.056,14<br \/>\nJacutinga (MG) &#8211; R$ 25.954,97<br \/>\nJesu\u00e2nia (MG) &#8211; R$ 5.045,97<br \/>\nLavras (MG) &#8211; R$ 104.244,24<br \/>\nMachado (MG) &#8211; R$ 42.900,53<br \/>\nMonsenhor Paulo (MG) &#8211; R$ 8.931,13<br \/>\nMonte Belo (MG) &#8211; R$ 13.852,47<br \/>\nMonte Si\u00e3o (MG) &#8211; R$ 23.935,14<br \/>\nMunhoz (MG) &#8211; R$ 6.470,46<br \/>\nNazareno (MG) &#8211; R$ 8.787,96<br \/>\nNepomuceno (MG) &#8211; R$ 27.786,31<br \/>\nNova Resende (MG) &#8211; R$ 17.036,20<br \/>\nOuro Fino (MG) &#8211; R$ 34.563,71<br \/>\nParagua\u00e7u (MG) &#8211; R$ 22.130,58<br \/>\nPerd\u00f5es (MG) &#8211; R$ 21.984,32<br \/>\nPo\u00e7os De Caldas (MG) &#8211; R$ 169.859,36<br \/>\nPouso Alto (MG) &#8211; R$ 6.396,30<br \/>\nRibeir\u00e3o Vermelho (MG) &#8211; R$ 4.163,26<br \/>\nSanta Rita De Caldas (MG) &#8211; R$ 9.484,24<br \/>\nS\u00e3o Sebasti\u00e3o Do Para\u00edso (MG) &#8211; R$ 72.167,98<br \/>\nSenador Amaral (MG) &#8211; R$ 5.591,87<br \/>\nSenador Jos\u00e9 Bento (MG) &#8211; R$ 1.754,09<br \/>\nTr\u00eas Cora\u00e7\u00f5es (MG) &#8211; R$ 80.828,22<br \/>\nTr\u00eas Pontas (MG) &#8211; R$ 58.585,37<br \/>\nVarginha (MG) &#8211; R$ 137.385,52<\/p>\n<p>Fonte: G1<\/p>\n","protected":false},"excerpt":{"rendered":"<p>O Minist\u00e9rio da Sa\u00fade autorizou o repasse de R$ 19.227.422,73 para a intensifica\u00e7\u00e3o das a\u00e7\u00f5es de vacina\u00e7\u00e3o contra a febre amarela.<\/p>\n","protected":false},"author":2,"featured_media":7058,"comment_status":"closed","ping_status":"open","sticky":false,"template":"","format":"standard","meta":{"advgb_blocks_editor_width":"","advgb_blocks_columns_visual_guide":"","_exactmetrics_skip_tracking":false,"_exactmetrics_sitenote_active":false,"_exactmetrics_sitenote_note":"","_exactmetrics_sitenote_category":0,"footnotes":""},"categories":[7,2],"tags":[2249,2669,34,1803],"class_list":["post-7766","post","type-post","status-publish","format-standard","has-post-thumbnail","hentry","category-destaques","category-noticias","tag-febre-amarela","tag-governo-do-estado","tag-lavras","tag-saude"],"better_featured_image":{"id":7058,"alt_text":"","caption":"","description":"","media_type":"image","media_details":{"width":764,"height":400,"file":"2017\/03\/febre-amarela.jpg","sizes":{"thumbnail":{"file":"febre-amarela-150x79.jpg","width":150,"height":79,"mime-type":"image\/jpeg","source_url":"https:\/\/lavras.tv\/site\/wp-content\/uploads\/2017\/03\/febre-amarela-150x79.jpg"},"medium":{"file":"febre-amarela-300x157.jpg","width":300,"height":157,"mime-type":"image\/jpeg","source_url":"https:\/\/lavras.tv\/site\/wp-content\/uploads\/2017\/03\/febre-amarela-300x157.jpg"},"featured-slider-img":{"file":"febre-amarela-640x400.jpg","width":640,"height":400,"mime-type":"image\/jpeg","source_url":"https:\/\/lavras.tv\/site\/wp-content\/uploads\/2017\/03\/febre-amarela-640x400.jpg"},"featured-post-img":{"file":"febre-amarela-480x320.jpg","width":480,"height":320,"mime-type":"image\/jpeg","source_url":"https:\/\/lavras.tv\/site\/wp-content\/uploads\/2017\/03\/febre-amarela-480x320.jpg"},"sow-carousel-default":{"file":"febre-amarela-272x182.jpg","width":272,"height":182,"mime-type":"image\/jpeg","source_url":"https:\/\/lavras.tv\/site\/wp-content\/uploads\/2017\/03\/febre-amarela-272x182.jpg"}},"image_meta":{"aperture":"0","credit":"","camera":"","caption":"","created_timestamp":"0","copyright":"","focal_length":"0","iso":"0","shutter_speed":"0","title":"","orientation":"0","keywords":[]}},"post":7056,"source_url":"https:\/\/lavras.tv\/site\/wp-content\/uploads\/2017\/03\/febre-amarela.jpg"},"author_meta":{"display_name":"Lavras TV","author_link":"https:\/\/lavras.tv\/site\/author\/lavrastv\/"},"featured_img":"https:\/\/lavras.tv\/site\/wp-content\/uploads\/2017\/03\/febre-amarela-300x157.jpg","coauthors":[],"tax_additional":{"categories":{"linked":["<a href=\"https:\/\/lavras.tv\/site\/category\/destaques\/\" class=\"advgb-post-tax-term\">Destaques<\/a>","<a href=\"https:\/\/lavras.tv\/site\/category\/noticias\/\" class=\"advgb-post-tax-term\">Not\u00edcias<\/a>"],"unlinked":["<span class=\"advgb-post-tax-term\">Destaques<\/span>","<span class=\"advgb-post-tax-term\">Not\u00edcias<\/span>"]},"tags":{"linked":["<a href=\"https:\/\/lavras.tv\/site\/category\/noticias\/\" class=\"advgb-post-tax-term\">febre amarela<\/a>","<a href=\"https:\/\/lavras.tv\/site\/category\/noticias\/\" class=\"advgb-post-tax-term\">governo do estado<\/a>","<a href=\"https:\/\/lavras.tv\/site\/category\/noticias\/\" class=\"advgb-post-tax-term\">lavras<\/a>","<a href=\"https:\/\/lavras.tv\/site\/category\/noticias\/\" class=\"advgb-post-tax-term\">sa\u00fade<\/a>"],"unlinked":["<span class=\"advgb-post-tax-term\">febre amarela<\/span>","<span class=\"advgb-post-tax-term\">governo do estado<\/span>","<span class=\"advgb-post-tax-term\">lavras<\/span>","<span class=\"advgb-post-tax-term\">sa\u00fade<\/span>"]}},"comment_count":"0","relative_dates":{"created":"Publicado 9 anos atr\u00e1s","modified":"Atualizado 9 anos atr\u00e1s"},"absolute_dates":{"created":"Publicado em 31 de mar\u00e7o de 2017","modified":"Atualizado em 31 de mar\u00e7o de 2017"},"absolute_dates_time":{"created":"Publicado em 31 de mar\u00e7o de 2017 09:03","modified":"Atualizado em 31 de mar\u00e7o de 2017 09:03"},"featured_img_caption":"","series_order":"","_links":{"self":[{"href":"https:\/\/lavras.tv\/site\/wp-json\/wp\/v2\/posts\/7766","targetHints":{"allow":["GET"]}}],"collection":[{"href":"https:\/\/lavras.tv\/site\/wp-json\/wp\/v2\/posts"}],"about":[{"href":"https:\/\/lavras.tv\/site\/wp-json\/wp\/v2\/types\/post"}],"author":[{"embeddable":true,"href":"https:\/\/lavras.tv\/site\/wp-json\/wp\/v2\/users\/2"}],"replies":[{"embeddable":true,"href":"https:\/\/lavras.tv\/site\/wp-json\/wp\/v2\/comments?post=7766"}],"version-history":[{"count":1,"href":"https:\/\/lavras.tv\/site\/wp-json\/wp\/v2\/posts\/7766\/revisions"}],"predecessor-version":[{"id":7767,"href":"https:\/\/lavras.tv\/site\/wp-json\/wp\/v2\/posts\/7766\/revisions\/7767"}],"wp:featuredmedia":[{"embeddable":true,"href":"https:\/\/lavras.tv\/site\/wp-json\/wp\/v2\/media\/7058"}],"wp:attachment":[{"href":"https:\/\/lavras.tv\/site\/wp-json\/wp\/v2\/media?parent=7766"}],"wp:term":[{"taxonomy":"category","embeddable":true,"href":"https:\/\/lavras.tv\/site\/wp-json\/wp\/v2\/categories?post=7766"},{"taxonomy":"post_tag","embeddable":true,"href":"https:\/\/lavras.tv\/site\/wp-json\/wp\/v2\/tags?post=7766"}],"curies":[{"name":"wp","href":"https:\/\/api.w.org\/{rel}","templated":true}]}}