{"id":7796,"date":"2017-04-03T08:09:28","date_gmt":"2017-04-03T11:09:28","guid":{"rendered":"http:\/\/lavras.tv\/site\/?p=7796"},"modified":"2017-04-03T08:09:28","modified_gmt":"2017-04-03T11:09:28","slug":"adolescente-e-morto-a-facadas-em-nepomuceno","status":"publish","type":"post","link":"https:\/\/lavras.tv\/site\/2017\/04\/03\/adolescente-e-morto-a-facadas-em-nepomuceno\/","title":{"rendered":"Adolescente \u00e9 morto a facadas em Nepomuceno"},"content":{"rendered":"<div class=\"lavra-antes-do-conteudo_2\" id=\"lavra-1159312114\"><div id=\"lavra-slider-27\" class=\"custom-slider lavra-slider-1201735011 lavra-slider\"><ul><li><div style=\"margin-left: auto;margin-right: auto;text-align: center;\" id=\"lavra-2564456768\"><a href=\"https:\/\/sistemas.lavras.mg.gov.br\/portalcidadao\/#df1b1a7c7b2a290bcb31e32771e610784662739a88807c0dacac58ede5f391a7530e299dc302d611ee73cb143fc22eaf93592e53e7b5bdb01b00a0b8d28dae460c141dd2ff83412e4dc1c31b16b25f33144a9e5620ea73b13f5bc1c59411d98439ad226e8af03840603796067d87afe130812cf3de24982d0e306f9e61e764e5\" aria-label=\"Lavras-TV&#8211;720x104px (1) (1)\"><img src=\"https:\/\/lavras.tv\/site\/wp-content\/uploads\/2025\/01\/Lavras-TV-720x104px-1-1.png\" alt=\"\"  srcset=\"https:\/\/lavras.tv\/site\/wp-content\/uploads\/2025\/01\/Lavras-TV-720x104px-1-1.png 720w, https:\/\/lavras.tv\/site\/wp-content\/uploads\/2025\/01\/Lavras-TV-720x104px-1-1-470x68.png 470w, https:\/\/lavras.tv\/site\/wp-content\/uploads\/2025\/01\/Lavras-TV-720x104px-1-1-170x25.png 170w, https:\/\/lavras.tv\/site\/wp-content\/uploads\/2025\/01\/Lavras-TV-720x104px-1-1-200x29.png 200w\" sizes=\"(max-width: 720px) 100vw, 720px\" width=\"720\" height=\"104\"  style=\"display: inline-block;\" \/><\/a><\/div><\/li><li><a href=\"https:\/\/sistemas.lavras.mg.gov.br\/portalcidadao\/#df1b1a7c7b2a290bcb31e32771e610784662739a88807c0dacac58ede5f391a7530e299dc302d611ee73cb143fc22eaf93592e53e7b5bdb01b00a0b8d28dae460c141dd2ff83412e4dc1c31b16b25f33144a9e5620ea73b13f5bc1c59411d98439ad226e8af03840603796067d87afe130812cf3de24982d0e306f9e61e764e5\" aria-label=\"Banner_Emprego_PortallavrasTV\"><img src=\"https:\/\/lavras.tv\/site\/wp-content\/uploads\/2025\/03\/Banner_Emprego_PortallavrasTV.png\" alt=\"\"  srcset=\"https:\/\/lavras.tv\/site\/wp-content\/uploads\/2025\/03\/Banner_Emprego_PortallavrasTV.png 720w, https:\/\/lavras.tv\/site\/wp-content\/uploads\/2025\/03\/Banner_Emprego_PortallavrasTV-470x68.png 470w, https:\/\/lavras.tv\/site\/wp-content\/uploads\/2025\/03\/Banner_Emprego_PortallavrasTV-170x25.png 170w, https:\/\/lavras.tv\/site\/wp-content\/uploads\/2025\/03\/Banner_Emprego_PortallavrasTV-200x29.png 200w\" sizes=\"(max-width: 720px) 100vw, 720px\" width=\"720\" height=\"104\"   \/><\/a><\/li><li><a href=\"https:\/\/sistemas.lavras.mg.gov.br\/portalcidadao\/#df1b1a7c7b2a290bcb31e32771e610784662739a88807c0dacac58ede5f391a7530e299dc302d611ee73cb143fc22eaf93592e53e7b5bdb01b00a0b8d28dae460c141dd2ff83412e4dc1c31b16b25f33144a9e5620ea73b13f5bc1c59411d98439ad226e8af03840603796067d87afe130812cf3de24982d0e306f9e61e764e5\" aria-label=\"Banner_Obras_PortallavrasTV\"><img src=\"https:\/\/lavras.tv\/site\/wp-content\/uploads\/2025\/03\/Banner_Obras_PortallavrasTV.png\" alt=\"\"  srcset=\"https:\/\/lavras.tv\/site\/wp-content\/uploads\/2025\/03\/Banner_Obras_PortallavrasTV.png 720w, https:\/\/lavras.tv\/site\/wp-content\/uploads\/2025\/03\/Banner_Obras_PortallavrasTV-470x68.png 470w, https:\/\/lavras.tv\/site\/wp-content\/uploads\/2025\/03\/Banner_Obras_PortallavrasTV-170x25.png 170w, https:\/\/lavras.tv\/site\/wp-content\/uploads\/2025\/03\/Banner_Obras_PortallavrasTV-200x29.png 200w\" sizes=\"(max-width: 720px) 100vw, 720px\" width=\"720\" height=\"104\"   \/><\/a><\/li><li><div style=\"margin-left: auto;margin-right: auto;text-align: center;\" id=\"lavra-2613438729\"><a href=\"https:\/\/sistemas.lavras.mg.gov.br\/portalcidadao\/#df1b1a7c7b2a290bcb31e32771e610784662739a88807c0dacac58ede5f391a7530e299dc302d611ee73cb143fc22eaf93592e53e7b5bdb01b00a0b8d28dae460c141dd2ff83412e4dc1c31b16b25f33144a9e5620ea73b13f5bc1c59411d98439ad226e8af03840603796067d87afe130812cf3de24982d0e306f9e61e764e5\" aria-label=\"Banner_Educa\u00e7\u00e3o_PortallavrasTV\"><img src=\"https:\/\/lavras.tv\/site\/wp-content\/uploads\/2025\/01\/Banner_Educacao_PortallavrasTV.png\" alt=\"\"  srcset=\"https:\/\/lavras.tv\/site\/wp-content\/uploads\/2025\/01\/Banner_Educacao_PortallavrasTV.png 720w, https:\/\/lavras.tv\/site\/wp-content\/uploads\/2025\/01\/Banner_Educacao_PortallavrasTV-470x68.png 470w, https:\/\/lavras.tv\/site\/wp-content\/uploads\/2025\/01\/Banner_Educacao_PortallavrasTV-170x25.png 170w, https:\/\/lavras.tv\/site\/wp-content\/uploads\/2025\/01\/Banner_Educacao_PortallavrasTV-200x29.png 200w\" sizes=\"(max-width: 720px) 100vw, 720px\" width=\"720\" height=\"104\"  style=\"display: inline-block;\" \/><\/a><\/div><\/li><li><a href=\"https:\/\/sistemas.lavras.mg.gov.br\/portalcidadao\/#df1b1a7c7b2a290bcb31e32771e610784662739a88807c0dacac58ede5f391a7530e299dc302d611ee73cb143fc22eaf93592e53e7b5bdb01b00a0b8d28dae460c141dd2ff83412e4dc1c31b16b25f33144a9e5620ea73b13f5bc1c59411d98439ad226e8af03840603796067d87afe130812cf3de24982d0e306f9e61e764e5\" aria-label=\"Banner_Sa\u00fade_PortallavrasTV\"><img src=\"https:\/\/lavras.tv\/site\/wp-content\/uploads\/2025\/03\/Banner_Saude_PortallavrasTV.png\" alt=\"\"  srcset=\"https:\/\/lavras.tv\/site\/wp-content\/uploads\/2025\/03\/Banner_Saude_PortallavrasTV.png 720w, https:\/\/lavras.tv\/site\/wp-content\/uploads\/2025\/03\/Banner_Saude_PortallavrasTV-470x68.png 470w, https:\/\/lavras.tv\/site\/wp-content\/uploads\/2025\/03\/Banner_Saude_PortallavrasTV-170x25.png 170w, https:\/\/lavras.tv\/site\/wp-content\/uploads\/2025\/03\/Banner_Saude_PortallavrasTV-200x29.png 200w\" sizes=\"(max-width: 720px) 100vw, 720px\" width=\"720\" height=\"104\"   \/><\/a><\/li><li><div id=\"lavra-3868498224\" style=\"width:720px;height:104px;background-color:#ddd;overflow:scroll;\">\n\t<strong>Sa\u00edda da depura\u00e7\u00e3o de an\u00fancios<\/strong>\n\t<br><br>\n\tO an\u00fancio n\u00e3o \u00e9 exibido na p\u00e1gina<br><br>post atual: Adolescente \u00e9 morto a facadas em Nepomuceno, ID: 7796<br><br><span style=\"color: red;\">O post atual n\u00e3o \u00e9 id\u00eantico ao post principal.<\/span><br><br>An\u00fancios: ROXO - TOPO INTERNA - ROTATIVO 2 (197)<br \/>Grupo de an\u00fancios: Princ_Meio01_720x104 (27)<br><br>Condi\u00e7\u00f5es de exibi\u00e7\u00e3o<div style=\"margin-bottom: 20px; white-space: pre-wrap; font-family: monospace; width: 100%; background: #ffe9e9;\"><strong>condi\u00e7\u00f5es gerais<\/strong><table border=\"1\"><thead><tr><th><\/th><th>An\u00fancios<\/th><th>wp_the_query<\/th><\/tr><\/thead><tr><td>is_main_query<\/td><td>1<\/td><td>1<\/td><\/tr><tr><td>is_rest_api<\/td><td>0<\/td><td>1<\/td><\/tr><tr><td>page<\/td><td>0<\/td><td>1<\/td><\/tr><tr><td>numpages<\/td><td>0<\/td><td>1<\/td><\/tr><tr><td>is_archive<\/td><td>1<\/td><td><\/td><\/tr><tr><td>is_search<\/td><td>1<\/td><td><\/td><\/tr><tr><td>is_home<\/td><td>1<\/td><td><\/td><\/tr><tr><td>is_404<\/td><td>1<\/td><td><\/td><\/tr><tr><td>is_attachment<\/td><td>1<\/td><td><\/td><\/tr><tr><td>is_singular<\/td><td>1<\/td><td><\/td><\/tr><tr><td>is_front_page<\/td><td>1<\/td><td><\/td><\/tr><tr><td>is_feed<\/td><td>1<\/td><td><\/td><\/tr><\/table><\/div><br><br><span style=\"color: red;\">Seu site usa HTTPS, mas o c\u00f3digo do an\u00fancio cont\u00e9m HTTP e pode n\u00e3o funcionar.<\/span>\t<br><br>\n\t<a style=\"color: green;\" href=\"https:\/\/wpadvancedads.com\/manual\/ad-debug-mode\/?utm_source=advanced-ads&utm_medium=link&utm_campaign=ad-debug-mode\" target=\"_blank\" rel=\"nofollow\">Encontre solu\u00e7\u00f5es no manual<\/a>\n<\/div>\n<\/li><\/ul><\/div><script>( window.advanced_ads_ready || jQuery( document ).ready ).call( null, function() {var $lavraslider1201735011 = jQuery( \".lavra-slider-1201735011\" );$lavraslider1201735011.on( \"unslider.ready\", function() { jQuery( \"div.custom-slider ul li\" ).css( \"display\", \"block\" ); });$lavraslider1201735011.unslider({ delay:4000, autoplay:true, nav:false, arrows:false, infinite:true });$lavraslider1201735011.on(\"mouseover\", function() {$lavraslider1201735011.unslider(\"stop\");}).on(\"mouseout\", function() {$lavraslider1201735011.unslider(\"start\");});});<\/script><\/div><p>Uma briga generalizada deixou um morto e dois feridos no Centro de Nepomuceno na noite de s\u00e1bado. Segundo a Pol\u00edcia Militar, a confus\u00e3o aconteceu na Pra\u00e7a C\u00f4nego Menezes, local conhecido por moradores como Trevinho.<\/p>\n<p>Ainda segundo a PM, um rapaz de 20 anos foi esfaqueado na m\u00e3o e socorrido pelos pr\u00f3prios policiais. Ao darem entrada com o jovem na Santa Casa da cidade, os militares foram informados que outros dois rapazes, tamb\u00e9m v\u00edtimas de facadas, estavam sendo atendidos na unidade, sendo que um deles n\u00e3o teria resistido aos ferimentos.<\/p>\n<p>Testemunhas disseram aos policiais que o jovem morto foi atingido no peito, em frente \u00e0 Santa Casa, por pessoas encapuzadas que, ap\u00f3s o crime, fugiram \u00e0 p\u00e9. Os policiais informaram que a v\u00edtima \u00e9 Jos\u00e9 Vitor Gerv\u00e1sio Junior, de 17 anos. Ainda segundo a pol\u00edcia, o adolescente completaria 18 anos na pr\u00f3xima quarta-feira (5).<\/p>\n<p>De acordo com a pol\u00edcia, ainda no hospital, uma v\u00edtima de 20 anos, que teria sido esfaqueada nas costas, contou que durante a confus\u00e3o na pra\u00e7a, correu em dire\u00e7\u00e3o ao hospital quando percebeu que estava ferida. Segundo informa\u00e7\u00f5es do hospital, os dois feridos j\u00e1 tiveram alta m\u00e9dica.<\/p>\n<p>A Pol\u00edcia Civil foi acionada e investiga o que motivou a briga e quem teria esfaqueado as v\u00edtimas. As imagens das c\u00e2meras de seguran\u00e7a do hospital ser\u00e3o analisadas. At\u00e9 a publica\u00e7\u00e3o desta reportagem, ningu\u00e9m tinha sido preso.<\/p>\n<p>Fonte: G1<\/p>\n","protected":false},"excerpt":{"rendered":"<p>Uma briga generalizada deixou um morto e dois feridos no Centro de Nepomuceno na noite de s\u00e1bado. Segundo a Pol\u00edcia Militar, a confus\u00e3o aconteceu na Pra\u00e7a C\u00f4nego Menezes, local conhecido por moradores como Trevinho. Ainda segundo a PM, um rapaz de 20 anos foi esfaqueado na m\u00e3o e socorrido pelos pr\u00f3prios policiais. Ao darem entrada [&hellip;]<\/p>\n","protected":false},"author":2,"featured_media":435,"comment_status":"closed","ping_status":"open","sticky":false,"template":"","format":"standard","meta":{"advgb_blocks_editor_width":"","advgb_blocks_columns_visual_guide":"","_exactmetrics_skip_tracking":false,"_exactmetrics_sitenote_active":false,"_exactmetrics_sitenote_note":"","_exactmetrics_sitenote_category":0,"footnotes":""},"categories":[7,2],"tags":[230,1103,1015,447,302,3065],"class_list":["post-7796","post","type-post","status-publish","format-standard","has-post-thumbnail","hentry","category-destaques","category-noticias","tag-assassinato","tag-homicidio","tag-mg","tag-nepomuceno","tag-policia","tag-santa-casa"],"better_featured_image":{"id":435,"alt_text":"","caption":"","description":"","media_type":"image","media_details":{"width":500,"height":375,"file":"2016\/05\/nepomuceno.jpg","sizes":{"thumbnail":{"file":"nepomuceno-150x113.jpg","width":150,"height":113,"mime-type":"image\/jpeg","source_url":"https:\/\/lavras.tv\/site\/wp-content\/uploads\/2016\/05\/nepomuceno-150x113.jpg"},"medium":{"file":"nepomuceno-300x225.jpg","width":300,"height":225,"mime-type":"image\/jpeg","source_url":"https:\/\/lavras.tv\/site\/wp-content\/uploads\/2016\/05\/nepomuceno-300x225.jpg"},"featured-post-img":{"file":"nepomuceno-480x320.jpg","width":480,"height":320,"mime-type":"image\/jpeg","source_url":"https:\/\/lavras.tv\/site\/wp-content\/uploads\/2016\/05\/nepomuceno-480x320.jpg"},"sow-carousel-default":{"file":"nepomuceno-272x182.jpg","width":272,"height":182,"mime-type":"image\/jpeg","source_url":"https:\/\/lavras.tv\/site\/wp-content\/uploads\/2016\/05\/nepomuceno-272x182.jpg"}},"image_meta":{"aperture":"0","credit":"","camera":"","caption":"","created_timestamp":"0","copyright":"","focal_length":"0","iso":"0","shutter_speed":"0","title":"","orientation":"0","keywords":[]}},"post":433,"source_url":"https:\/\/lavras.tv\/site\/wp-content\/uploads\/2016\/05\/nepomuceno.jpg"},"author_meta":{"display_name":"Lavras TV","author_link":"https:\/\/lavras.tv\/site\/author\/lavrastv\/"},"featured_img":"https:\/\/lavras.tv\/site\/wp-content\/uploads\/2016\/05\/nepomuceno-300x225.jpg","coauthors":[],"tax_additional":{"categories":{"linked":["<a href=\"https:\/\/lavras.tv\/site\/category\/destaques\/\" class=\"advgb-post-tax-term\">Destaques<\/a>","<a href=\"https:\/\/lavras.tv\/site\/category\/noticias\/\" class=\"advgb-post-tax-term\">Not\u00edcias<\/a>"],"unlinked":["<span class=\"advgb-post-tax-term\">Destaques<\/span>","<span class=\"advgb-post-tax-term\">Not\u00edcias<\/span>"]},"tags":{"linked":["<a href=\"https:\/\/lavras.tv\/site\/category\/noticias\/\" class=\"advgb-post-tax-term\">assassinato<\/a>","<a href=\"https:\/\/lavras.tv\/site\/category\/noticias\/\" class=\"advgb-post-tax-term\">homic\u00eddio<\/a>","<a href=\"https:\/\/lavras.tv\/site\/category\/noticias\/\" class=\"advgb-post-tax-term\">mg<\/a>","<a href=\"https:\/\/lavras.tv\/site\/category\/noticias\/\" class=\"advgb-post-tax-term\">nepomuceno<\/a>","<a href=\"https:\/\/lavras.tv\/site\/category\/noticias\/\" class=\"advgb-post-tax-term\">pol\u00edcia<\/a>","<a href=\"https:\/\/lavras.tv\/site\/category\/noticias\/\" class=\"advgb-post-tax-term\">santa casa<\/a>"],"unlinked":["<span class=\"advgb-post-tax-term\">assassinato<\/span>","<span class=\"advgb-post-tax-term\">homic\u00eddio<\/span>","<span class=\"advgb-post-tax-term\">mg<\/span>","<span class=\"advgb-post-tax-term\">nepomuceno<\/span>","<span class=\"advgb-post-tax-term\">pol\u00edcia<\/span>","<span class=\"advgb-post-tax-term\">santa casa<\/span>"]}},"comment_count":"0","relative_dates":{"created":"Publicado 9 anos atr\u00e1s","modified":"Atualizado 9 anos atr\u00e1s"},"absolute_dates":{"created":"Publicado em 3 de abril de 2017","modified":"Atualizado em 3 de abril de 2017"},"absolute_dates_time":{"created":"Publicado em 3 de abril de 2017 08:09","modified":"Atualizado em 3 de abril de 2017 08:09"},"featured_img_caption":"","series_order":"","_links":{"self":[{"href":"https:\/\/lavras.tv\/site\/wp-json\/wp\/v2\/posts\/7796","targetHints":{"allow":["GET"]}}],"collection":[{"href":"https:\/\/lavras.tv\/site\/wp-json\/wp\/v2\/posts"}],"about":[{"href":"https:\/\/lavras.tv\/site\/wp-json\/wp\/v2\/types\/post"}],"author":[{"embeddable":true,"href":"https:\/\/lavras.tv\/site\/wp-json\/wp\/v2\/users\/2"}],"replies":[{"embeddable":true,"href":"https:\/\/lavras.tv\/site\/wp-json\/wp\/v2\/comments?post=7796"}],"version-history":[{"count":1,"href":"https:\/\/lavras.tv\/site\/wp-json\/wp\/v2\/posts\/7796\/revisions"}],"predecessor-version":[{"id":7797,"href":"https:\/\/lavras.tv\/site\/wp-json\/wp\/v2\/posts\/7796\/revisions\/7797"}],"wp:featuredmedia":[{"embeddable":true,"href":"https:\/\/lavras.tv\/site\/wp-json\/wp\/v2\/media\/435"}],"wp:attachment":[{"href":"https:\/\/lavras.tv\/site\/wp-json\/wp\/v2\/media?parent=7796"}],"wp:term":[{"taxonomy":"category","embeddable":true,"href":"https:\/\/lavras.tv\/site\/wp-json\/wp\/v2\/categories?post=7796"},{"taxonomy":"post_tag","embeddable":true,"href":"https:\/\/lavras.tv\/site\/wp-json\/wp\/v2\/tags?post=7796"}],"curies":[{"name":"wp","href":"https:\/\/api.w.org\/{rel}","templated":true}]}}