{"id":7806,"date":"2017-04-03T08:31:34","date_gmt":"2017-04-03T11:31:34","guid":{"rendered":"http:\/\/lavras.tv\/site\/?p=7806"},"modified":"2017-04-03T08:31:34","modified_gmt":"2017-04-03T11:31:34","slug":"senac-realiza-semana-de-prevencao-a-depressao","status":"publish","type":"post","link":"https:\/\/lavras.tv\/site\/2017\/04\/03\/senac-realiza-semana-de-prevencao-a-depressao\/","title":{"rendered":"SENAC realiza semana de preven\u00e7\u00e3o \u00e0 depress\u00e3o"},"content":{"rendered":"<div class=\"lavra-antes-do-conteudo_2\" id=\"lavra-2627424691\"><div id=\"lavra-slider-27\" class=\"custom-slider lavra-slider-4244077885 lavra-slider\"><ul><li><div style=\"margin-left: auto;margin-right: auto;text-align: center;\" id=\"lavra-3786254240\"><a href=\"https:\/\/sistemas.lavras.mg.gov.br\/portalcidadao\/#df1b1a7c7b2a290bcb31e32771e610784662739a88807c0dacac58ede5f391a7530e299dc302d611ee73cb143fc22eaf93592e53e7b5bdb01b00a0b8d28dae460c141dd2ff83412e4dc1c31b16b25f33144a9e5620ea73b13f5bc1c59411d98439ad226e8af03840603796067d87afe130812cf3de24982d0e306f9e61e764e5\" aria-label=\"Lavras-TV&#8211;720x104px (1) (1)\"><img src=\"https:\/\/lavras.tv\/site\/wp-content\/uploads\/2025\/01\/Lavras-TV-720x104px-1-1.png\" alt=\"\"  srcset=\"https:\/\/lavras.tv\/site\/wp-content\/uploads\/2025\/01\/Lavras-TV-720x104px-1-1.png 720w, https:\/\/lavras.tv\/site\/wp-content\/uploads\/2025\/01\/Lavras-TV-720x104px-1-1-470x68.png 470w, https:\/\/lavras.tv\/site\/wp-content\/uploads\/2025\/01\/Lavras-TV-720x104px-1-1-170x25.png 170w, https:\/\/lavras.tv\/site\/wp-content\/uploads\/2025\/01\/Lavras-TV-720x104px-1-1-200x29.png 200w\" sizes=\"(max-width: 720px) 100vw, 720px\" width=\"720\" height=\"104\"  style=\"display: inline-block;\" \/><\/a><\/div><\/li><li><a href=\"https:\/\/sistemas.lavras.mg.gov.br\/portalcidadao\/#df1b1a7c7b2a290bcb31e32771e610784662739a88807c0dacac58ede5f391a7530e299dc302d611ee73cb143fc22eaf93592e53e7b5bdb01b00a0b8d28dae460c141dd2ff83412e4dc1c31b16b25f33144a9e5620ea73b13f5bc1c59411d98439ad226e8af03840603796067d87afe130812cf3de24982d0e306f9e61e764e5\" aria-label=\"Banner_Emprego_PortallavrasTV\"><img src=\"https:\/\/lavras.tv\/site\/wp-content\/uploads\/2025\/03\/Banner_Emprego_PortallavrasTV.png\" alt=\"\"  srcset=\"https:\/\/lavras.tv\/site\/wp-content\/uploads\/2025\/03\/Banner_Emprego_PortallavrasTV.png 720w, https:\/\/lavras.tv\/site\/wp-content\/uploads\/2025\/03\/Banner_Emprego_PortallavrasTV-470x68.png 470w, https:\/\/lavras.tv\/site\/wp-content\/uploads\/2025\/03\/Banner_Emprego_PortallavrasTV-170x25.png 170w, https:\/\/lavras.tv\/site\/wp-content\/uploads\/2025\/03\/Banner_Emprego_PortallavrasTV-200x29.png 200w\" sizes=\"(max-width: 720px) 100vw, 720px\" width=\"720\" height=\"104\"   \/><\/a><\/li><li><a href=\"https:\/\/sistemas.lavras.mg.gov.br\/portalcidadao\/#df1b1a7c7b2a290bcb31e32771e610784662739a88807c0dacac58ede5f391a7530e299dc302d611ee73cb143fc22eaf93592e53e7b5bdb01b00a0b8d28dae460c141dd2ff83412e4dc1c31b16b25f33144a9e5620ea73b13f5bc1c59411d98439ad226e8af03840603796067d87afe130812cf3de24982d0e306f9e61e764e5\" aria-label=\"Banner_Obras_PortallavrasTV\"><img src=\"https:\/\/lavras.tv\/site\/wp-content\/uploads\/2025\/03\/Banner_Obras_PortallavrasTV.png\" alt=\"\"  srcset=\"https:\/\/lavras.tv\/site\/wp-content\/uploads\/2025\/03\/Banner_Obras_PortallavrasTV.png 720w, https:\/\/lavras.tv\/site\/wp-content\/uploads\/2025\/03\/Banner_Obras_PortallavrasTV-470x68.png 470w, https:\/\/lavras.tv\/site\/wp-content\/uploads\/2025\/03\/Banner_Obras_PortallavrasTV-170x25.png 170w, https:\/\/lavras.tv\/site\/wp-content\/uploads\/2025\/03\/Banner_Obras_PortallavrasTV-200x29.png 200w\" sizes=\"(max-width: 720px) 100vw, 720px\" width=\"720\" height=\"104\"   \/><\/a><\/li><li><div style=\"margin-left: auto;margin-right: auto;text-align: center;\" id=\"lavra-4064378123\"><a href=\"https:\/\/sistemas.lavras.mg.gov.br\/portalcidadao\/#df1b1a7c7b2a290bcb31e32771e610784662739a88807c0dacac58ede5f391a7530e299dc302d611ee73cb143fc22eaf93592e53e7b5bdb01b00a0b8d28dae460c141dd2ff83412e4dc1c31b16b25f33144a9e5620ea73b13f5bc1c59411d98439ad226e8af03840603796067d87afe130812cf3de24982d0e306f9e61e764e5\" aria-label=\"Banner_Educa\u00e7\u00e3o_PortallavrasTV\"><img src=\"https:\/\/lavras.tv\/site\/wp-content\/uploads\/2025\/01\/Banner_Educacao_PortallavrasTV.png\" alt=\"\"  srcset=\"https:\/\/lavras.tv\/site\/wp-content\/uploads\/2025\/01\/Banner_Educacao_PortallavrasTV.png 720w, https:\/\/lavras.tv\/site\/wp-content\/uploads\/2025\/01\/Banner_Educacao_PortallavrasTV-470x68.png 470w, https:\/\/lavras.tv\/site\/wp-content\/uploads\/2025\/01\/Banner_Educacao_PortallavrasTV-170x25.png 170w, https:\/\/lavras.tv\/site\/wp-content\/uploads\/2025\/01\/Banner_Educacao_PortallavrasTV-200x29.png 200w\" sizes=\"(max-width: 720px) 100vw, 720px\" width=\"720\" height=\"104\"  style=\"display: inline-block;\" \/><\/a><\/div><\/li><li><a href=\"https:\/\/sistemas.lavras.mg.gov.br\/portalcidadao\/#df1b1a7c7b2a290bcb31e32771e610784662739a88807c0dacac58ede5f391a7530e299dc302d611ee73cb143fc22eaf93592e53e7b5bdb01b00a0b8d28dae460c141dd2ff83412e4dc1c31b16b25f33144a9e5620ea73b13f5bc1c59411d98439ad226e8af03840603796067d87afe130812cf3de24982d0e306f9e61e764e5\" aria-label=\"Banner_Sa\u00fade_PortallavrasTV\"><img src=\"https:\/\/lavras.tv\/site\/wp-content\/uploads\/2025\/03\/Banner_Saude_PortallavrasTV.png\" alt=\"\"  srcset=\"https:\/\/lavras.tv\/site\/wp-content\/uploads\/2025\/03\/Banner_Saude_PortallavrasTV.png 720w, https:\/\/lavras.tv\/site\/wp-content\/uploads\/2025\/03\/Banner_Saude_PortallavrasTV-470x68.png 470w, https:\/\/lavras.tv\/site\/wp-content\/uploads\/2025\/03\/Banner_Saude_PortallavrasTV-170x25.png 170w, https:\/\/lavras.tv\/site\/wp-content\/uploads\/2025\/03\/Banner_Saude_PortallavrasTV-200x29.png 200w\" sizes=\"(max-width: 720px) 100vw, 720px\" width=\"720\" height=\"104\"   \/><\/a><\/li><li><div id=\"lavra-904884343\" style=\"width:720px;height:104px;background-color:#ddd;overflow:scroll;\">\n\t<strong>Sa\u00edda da depura\u00e7\u00e3o de an\u00fancios<\/strong>\n\t<br><br>\n\tO an\u00fancio n\u00e3o \u00e9 exibido na p\u00e1gina<br><br>post atual: SENAC realiza semana de preven\u00e7\u00e3o \u00e0 depress\u00e3o, ID: 7806<br><br><span style=\"color: red;\">O post atual n\u00e3o \u00e9 id\u00eantico ao post principal.<\/span><br><br>An\u00fancios: ROXO - TOPO INTERNA - ROTATIVO 2 (197)<br \/>Grupo de an\u00fancios: Princ_Meio01_720x104 (27)<br><br>Condi\u00e7\u00f5es de exibi\u00e7\u00e3o<div style=\"margin-bottom: 20px; white-space: pre-wrap; font-family: monospace; width: 100%; background: #ffe9e9;\"><strong>condi\u00e7\u00f5es gerais<\/strong><table border=\"1\"><thead><tr><th><\/th><th>An\u00fancios<\/th><th>wp_the_query<\/th><\/tr><\/thead><tr><td>is_main_query<\/td><td>1<\/td><td>1<\/td><\/tr><tr><td>is_rest_api<\/td><td>0<\/td><td>1<\/td><\/tr><tr><td>page<\/td><td>0<\/td><td>1<\/td><\/tr><tr><td>numpages<\/td><td>0<\/td><td>1<\/td><\/tr><tr><td>is_archive<\/td><td>1<\/td><td><\/td><\/tr><tr><td>is_search<\/td><td>1<\/td><td><\/td><\/tr><tr><td>is_home<\/td><td>1<\/td><td><\/td><\/tr><tr><td>is_404<\/td><td>1<\/td><td><\/td><\/tr><tr><td>is_attachment<\/td><td>1<\/td><td><\/td><\/tr><tr><td>is_singular<\/td><td>1<\/td><td><\/td><\/tr><tr><td>is_front_page<\/td><td>1<\/td><td><\/td><\/tr><tr><td>is_feed<\/td><td>1<\/td><td><\/td><\/tr><\/table><\/div><br><br><span style=\"color: red;\">Seu site usa HTTPS, mas o c\u00f3digo do an\u00fancio cont\u00e9m HTTP e pode n\u00e3o funcionar.<\/span>\t<br><br>\n\t<a style=\"color: green;\" href=\"https:\/\/wpadvancedads.com\/manual\/ad-debug-mode\/?utm_source=advanced-ads&utm_medium=link&utm_campaign=ad-debug-mode\" target=\"_blank\" rel=\"nofollow\">Encontre solu\u00e7\u00f5es no manual<\/a>\n<\/div>\n<\/li><\/ul><\/div><script>( window.advanced_ads_ready || jQuery( document ).ready ).call( null, function() {var $lavraslider4244077885 = jQuery( \".lavra-slider-4244077885\" );$lavraslider4244077885.on( \"unslider.ready\", function() { jQuery( \"div.custom-slider ul li\" ).css( \"display\", \"block\" ); });$lavraslider4244077885.unslider({ delay:4000, autoplay:true, nav:false, arrows:false, infinite:true });$lavraslider4244077885.on(\"mouseover\", function() {$lavraslider4244077885.unslider(\"stop\");}).on(\"mouseout\", function() {$lavraslider4244077885.unslider(\"start\");});});<\/script><\/div><p>A depress\u00e3o, conhecida como o mal-estar do mundo moderno, acomete 350 milh\u00f5es de pessoas no planeta e foi eleita pela Organiza\u00e7\u00e3o Mundial de Sa\u00fade (OMS) o tema do Dia Mundial da Sa\u00fade em 2017. <!--more-->A data, comemorada anualmente no dia 7 de abril, tem a proposta de debater a preven\u00e7\u00e3o, tratamentos e as graves consequ\u00eancias desse dist\u00farbio. O Senac, integrado ao Sistema Fecom\u00e9rcio MG, Sesc e Senac, aderiu \u00e0 campanha de conscientiza\u00e7\u00e3o com o mote \u201cDepress\u00e3o. Voc\u00ea n\u00e3o est\u00e1 sozinho nessa\u201d e realiza, pelo quinto ano, a Semana da Sa\u00fade. Palestras, oficinas, blitze educativas e atendimento ao p\u00fablico em diversas cidades mineiras fazem parte da programa\u00e7\u00e3o gratuita, que acontece entre os dias 3 e 7 de abril.<\/p>\n<p>Na regi\u00e3o teremos atividades em Juiz de Fora, Barbacena, S\u00e3o Jo\u00e3o del-Rei, Tiradentes, Manhua\u00e7u, <strong>Lavras<\/strong> e Conselheiro Lafaiete.\u00a0Vinte unidades do Senac em Minas Gerais ir\u00e3o participar da campanha. As inscri\u00e7\u00f5es para as atividades gratuitas do Senac durante a Semana da Sa\u00fade podem ser feitas pelo <a href=\"http:\/\/www.cursos\/\">www.cursos<\/a>.<a href=\"http:\/\/www.mg.senac.br\/\">mg.senac.br<\/a>\u00a0ou 0800 724 4440. O atendimento ao p\u00fablico acontecer\u00e1 por ordem de chegada, de acordo com a capacidade de atendimento de cada unidade. Mais informa\u00e7\u00f5es pelo\u00a0<a href=\"http:\/\/www.mg.senac.br\/\">www.mg.senac.br<\/a>.<strong>\u00a0<\/strong><\/p>\n<p><strong>Confira a programa\u00e7\u00e3o em Lavras<\/strong><\/p>\n<p>Data: 03\/04 (segunda-feira)<\/p>\n<p><strong>Hor\u00e1rio:\u00a0<\/strong>14h<br \/>\n<strong>Teatro \u2013\u00a0<\/strong>Como Escapar da Depress\u00e3o?<br \/>\n<strong>Local:\u00a0<\/strong>Casa do Vov\u00f4 \u2013 Rua Francisco Barros, 11 \u2013 Santa Efig\u00eania<\/p>\n<p>Data: 04\/04 (ter\u00e7a-feira)<\/p>\n<p><strong>Hor\u00e1rio:\u00a0<\/strong>13h30<br \/>\n<strong>Oficina \u2013\u00a0<\/strong>Artesanato como Autoestima e Intera\u00e7\u00e3o<br \/>\n<strong>Local:\u00a0<\/strong>Senac em Lavras \u2013 Av. Comandante Soares J\u00fanior, 68 \u2013 Arthur Bernardes<\/p>\n<p>Data: 06\/04 (quinta-feira)<\/p>\n<p><strong>Hor\u00e1rio:\u00a0<\/strong>das 15h \u00e0s 17h<br \/>\n<strong>Atendimento \u2013\u00a0<\/strong>Beleza e Autoestima<br \/>\n<strong>Local:\u00a0<\/strong>Asilo \u2013 Rua Chagas D\u00f3ria, 750 \u2013 Centro<\/p>\n<p>Data: 07\/04 (sexta-feira)<\/p>\n<p><strong>Hor\u00e1rio:\u00a0<\/strong>das 16h \u00e0s 17h30<br \/>\n<strong>Atendimento \u2013\u00a0<\/strong>Massagem Antiestresse<br \/>\n<strong>Local:\u00a0<\/strong>Senac em Lavras \u2013 Av. Comandante Soares J\u00fanior, 68 \u2013 Arthur Bernardes<\/p>\n<p>Para participar das palestras \u00e9 necess\u00e1rio\u00a0<a href=\"http:\/\/www.cursos.mg.senac.br\/\"><strong>se inscrever no site de Cursos Senac<\/strong><\/a>\u00a0(aba Palestras e Workshops)<\/p>\n<p>&nbsp;<\/p>\n<p>Fonte: SENAC<\/p>\n","protected":false},"excerpt":{"rendered":"<p>A depress\u00e3o, conhecida como o mal-estar do mundo moderno, acomete 350 milh\u00f5es de pessoas no planeta e foi eleita pela Organiza\u00e7\u00e3o Mundial de Sa\u00fade (OMS) o tema do Dia Mundial da Sa\u00fade em 2017.<\/p>\n","protected":false},"author":2,"featured_media":7807,"comment_status":"closed","ping_status":"open","sticky":false,"template":"","format":"standard","meta":{"advgb_blocks_editor_width":"","advgb_blocks_columns_visual_guide":"","_exactmetrics_skip_tracking":false,"_exactmetrics_sitenote_active":false,"_exactmetrics_sitenote_note":"","_exactmetrics_sitenote_category":0,"footnotes":""},"categories":[7,2],"tags":[2981,34,201,1803,3069,845],"class_list":["post-7806","post","type-post","status-publish","format-standard","has-post-thumbnail","hentry","category-destaques","category-noticias","tag-depressao","tag-lavras","tag-programacao","tag-saude","tag-semana-da-saude","tag-senac"],"better_featured_image":{"id":7807,"alt_text":"","caption":"","description":"","media_type":"image","media_details":{"width":528,"height":307,"file":"2017\/04\/depressao.jpg","sizes":{"thumbnail":{"file":"depressao-150x87.jpg","width":150,"height":87,"mime-type":"image\/jpeg","source_url":"https:\/\/lavras.tv\/site\/wp-content\/uploads\/2017\/04\/depressao-150x87.jpg"},"medium":{"file":"depressao-300x174.jpg","width":300,"height":174,"mime-type":"image\/jpeg","source_url":"https:\/\/lavras.tv\/site\/wp-content\/uploads\/2017\/04\/depressao-300x174.jpg"},"featured-post-img":{"file":"depressao-480x307.jpg","width":480,"height":307,"mime-type":"image\/jpeg","source_url":"https:\/\/lavras.tv\/site\/wp-content\/uploads\/2017\/04\/depressao-480x307.jpg"},"sow-carousel-default":{"file":"depressao-272x182.jpg","width":272,"height":182,"mime-type":"image\/jpeg","source_url":"https:\/\/lavras.tv\/site\/wp-content\/uploads\/2017\/04\/depressao-272x182.jpg"}},"image_meta":{"aperture":"0","credit":"","camera":"","caption":"","created_timestamp":"0","copyright":"","focal_length":"0","iso":"0","shutter_speed":"0","title":"","orientation":"0","keywords":[]}},"post":7806,"source_url":"https:\/\/lavras.tv\/site\/wp-content\/uploads\/2017\/04\/depressao.jpg"},"author_meta":{"display_name":"Lavras TV","author_link":"https:\/\/lavras.tv\/site\/author\/lavrastv\/"},"featured_img":"https:\/\/lavras.tv\/site\/wp-content\/uploads\/2017\/04\/depressao-300x174.jpg","coauthors":[],"tax_additional":{"categories":{"linked":["<a href=\"https:\/\/lavras.tv\/site\/category\/destaques\/\" class=\"advgb-post-tax-term\">Destaques<\/a>","<a href=\"https:\/\/lavras.tv\/site\/category\/noticias\/\" class=\"advgb-post-tax-term\">Not\u00edcias<\/a>"],"unlinked":["<span class=\"advgb-post-tax-term\">Destaques<\/span>","<span class=\"advgb-post-tax-term\">Not\u00edcias<\/span>"]},"tags":{"linked":["<a href=\"https:\/\/lavras.tv\/site\/category\/noticias\/\" class=\"advgb-post-tax-term\">depress\u00e3o<\/a>","<a href=\"https:\/\/lavras.tv\/site\/category\/noticias\/\" class=\"advgb-post-tax-term\">lavras<\/a>","<a href=\"https:\/\/lavras.tv\/site\/category\/noticias\/\" class=\"advgb-post-tax-term\">programa\u00e7\u00e3o<\/a>","<a href=\"https:\/\/lavras.tv\/site\/category\/noticias\/\" class=\"advgb-post-tax-term\">sa\u00fade<\/a>","<a href=\"https:\/\/lavras.tv\/site\/category\/noticias\/\" class=\"advgb-post-tax-term\">semana da sa\u00fade<\/a>","<a href=\"https:\/\/lavras.tv\/site\/category\/noticias\/\" class=\"advgb-post-tax-term\">SENAC<\/a>"],"unlinked":["<span class=\"advgb-post-tax-term\">depress\u00e3o<\/span>","<span class=\"advgb-post-tax-term\">lavras<\/span>","<span class=\"advgb-post-tax-term\">programa\u00e7\u00e3o<\/span>","<span class=\"advgb-post-tax-term\">sa\u00fade<\/span>","<span class=\"advgb-post-tax-term\">semana da sa\u00fade<\/span>","<span class=\"advgb-post-tax-term\">SENAC<\/span>"]}},"comment_count":"0","relative_dates":{"created":"Publicado 9 anos atr\u00e1s","modified":"Atualizado 9 anos atr\u00e1s"},"absolute_dates":{"created":"Publicado em 3 de abril de 2017","modified":"Atualizado em 3 de abril de 2017"},"absolute_dates_time":{"created":"Publicado em 3 de abril de 2017 08:31","modified":"Atualizado em 3 de abril de 2017 08:31"},"featured_img_caption":"","series_order":"","_links":{"self":[{"href":"https:\/\/lavras.tv\/site\/wp-json\/wp\/v2\/posts\/7806","targetHints":{"allow":["GET"]}}],"collection":[{"href":"https:\/\/lavras.tv\/site\/wp-json\/wp\/v2\/posts"}],"about":[{"href":"https:\/\/lavras.tv\/site\/wp-json\/wp\/v2\/types\/post"}],"author":[{"embeddable":true,"href":"https:\/\/lavras.tv\/site\/wp-json\/wp\/v2\/users\/2"}],"replies":[{"embeddable":true,"href":"https:\/\/lavras.tv\/site\/wp-json\/wp\/v2\/comments?post=7806"}],"version-history":[{"count":1,"href":"https:\/\/lavras.tv\/site\/wp-json\/wp\/v2\/posts\/7806\/revisions"}],"predecessor-version":[{"id":7808,"href":"https:\/\/lavras.tv\/site\/wp-json\/wp\/v2\/posts\/7806\/revisions\/7808"}],"wp:featuredmedia":[{"embeddable":true,"href":"https:\/\/lavras.tv\/site\/wp-json\/wp\/v2\/media\/7807"}],"wp:attachment":[{"href":"https:\/\/lavras.tv\/site\/wp-json\/wp\/v2\/media?parent=7806"}],"wp:term":[{"taxonomy":"category","embeddable":true,"href":"https:\/\/lavras.tv\/site\/wp-json\/wp\/v2\/categories?post=7806"},{"taxonomy":"post_tag","embeddable":true,"href":"https:\/\/lavras.tv\/site\/wp-json\/wp\/v2\/tags?post=7806"}],"curies":[{"name":"wp","href":"https:\/\/api.w.org\/{rel}","templated":true}]}}