{"id":7809,"date":"2017-04-03T08:47:21","date_gmt":"2017-04-03T11:47:21","guid":{"rendered":"http:\/\/lavras.tv\/site\/?p=7809"},"modified":"2017-04-03T08:47:21","modified_gmt":"2017-04-03T11:47:21","slug":"em-video-andrea-neves-chora-ao-rebater-acusacoes-de-que-teria-recebido-propina","status":"publish","type":"post","link":"https:\/\/lavras.tv\/site\/2017\/04\/03\/em-video-andrea-neves-chora-ao-rebater-acusacoes-de-que-teria-recebido-propina\/","title":{"rendered":"Em v\u00eddeo, Andrea Neves chora ao rebater acusa\u00e7\u00f5es de que teria recebido propina"},"content":{"rendered":"<div class=\"lavra-antes-do-conteudo_2\" id=\"lavra-4116057591\"><div id=\"lavra-slider-27\" class=\"custom-slider lavra-slider-2143043738 lavra-slider\"><ul><li><div style=\"margin-left: auto;margin-right: auto;text-align: center;\" id=\"lavra-2946949482\"><a href=\"https:\/\/sistemas.lavras.mg.gov.br\/portalcidadao\/#df1b1a7c7b2a290bcb31e32771e610784662739a88807c0dacac58ede5f391a7530e299dc302d611ee73cb143fc22eaf93592e53e7b5bdb01b00a0b8d28dae460c141dd2ff83412e4dc1c31b16b25f33144a9e5620ea73b13f5bc1c59411d98439ad226e8af03840603796067d87afe130812cf3de24982d0e306f9e61e764e5\" aria-label=\"Lavras-TV&#8211;720x104px (1) (1)\"><img src=\"https:\/\/lavras.tv\/site\/wp-content\/uploads\/2025\/01\/Lavras-TV-720x104px-1-1.png\" alt=\"\"  srcset=\"https:\/\/lavras.tv\/site\/wp-content\/uploads\/2025\/01\/Lavras-TV-720x104px-1-1.png 720w, https:\/\/lavras.tv\/site\/wp-content\/uploads\/2025\/01\/Lavras-TV-720x104px-1-1-470x68.png 470w, https:\/\/lavras.tv\/site\/wp-content\/uploads\/2025\/01\/Lavras-TV-720x104px-1-1-170x25.png 170w, https:\/\/lavras.tv\/site\/wp-content\/uploads\/2025\/01\/Lavras-TV-720x104px-1-1-200x29.png 200w\" sizes=\"(max-width: 720px) 100vw, 720px\" width=\"720\" height=\"104\"  style=\"display: inline-block;\" \/><\/a><\/div><\/li><li><a href=\"https:\/\/sistemas.lavras.mg.gov.br\/portalcidadao\/#df1b1a7c7b2a290bcb31e32771e610784662739a88807c0dacac58ede5f391a7530e299dc302d611ee73cb143fc22eaf93592e53e7b5bdb01b00a0b8d28dae460c141dd2ff83412e4dc1c31b16b25f33144a9e5620ea73b13f5bc1c59411d98439ad226e8af03840603796067d87afe130812cf3de24982d0e306f9e61e764e5\" aria-label=\"Banner_Emprego_PortallavrasTV\"><img src=\"https:\/\/lavras.tv\/site\/wp-content\/uploads\/2025\/03\/Banner_Emprego_PortallavrasTV.png\" alt=\"\"  srcset=\"https:\/\/lavras.tv\/site\/wp-content\/uploads\/2025\/03\/Banner_Emprego_PortallavrasTV.png 720w, https:\/\/lavras.tv\/site\/wp-content\/uploads\/2025\/03\/Banner_Emprego_PortallavrasTV-470x68.png 470w, https:\/\/lavras.tv\/site\/wp-content\/uploads\/2025\/03\/Banner_Emprego_PortallavrasTV-170x25.png 170w, https:\/\/lavras.tv\/site\/wp-content\/uploads\/2025\/03\/Banner_Emprego_PortallavrasTV-200x29.png 200w\" sizes=\"(max-width: 720px) 100vw, 720px\" width=\"720\" height=\"104\"   \/><\/a><\/li><li><a href=\"https:\/\/sistemas.lavras.mg.gov.br\/portalcidadao\/#df1b1a7c7b2a290bcb31e32771e610784662739a88807c0dacac58ede5f391a7530e299dc302d611ee73cb143fc22eaf93592e53e7b5bdb01b00a0b8d28dae460c141dd2ff83412e4dc1c31b16b25f33144a9e5620ea73b13f5bc1c59411d98439ad226e8af03840603796067d87afe130812cf3de24982d0e306f9e61e764e5\" aria-label=\"Banner_Obras_PortallavrasTV\"><img src=\"https:\/\/lavras.tv\/site\/wp-content\/uploads\/2025\/03\/Banner_Obras_PortallavrasTV.png\" alt=\"\"  srcset=\"https:\/\/lavras.tv\/site\/wp-content\/uploads\/2025\/03\/Banner_Obras_PortallavrasTV.png 720w, https:\/\/lavras.tv\/site\/wp-content\/uploads\/2025\/03\/Banner_Obras_PortallavrasTV-470x68.png 470w, https:\/\/lavras.tv\/site\/wp-content\/uploads\/2025\/03\/Banner_Obras_PortallavrasTV-170x25.png 170w, https:\/\/lavras.tv\/site\/wp-content\/uploads\/2025\/03\/Banner_Obras_PortallavrasTV-200x29.png 200w\" sizes=\"(max-width: 720px) 100vw, 720px\" width=\"720\" height=\"104\"   \/><\/a><\/li><li><div style=\"margin-left: auto;margin-right: auto;text-align: center;\" id=\"lavra-2015001545\"><a href=\"https:\/\/sistemas.lavras.mg.gov.br\/portalcidadao\/#df1b1a7c7b2a290bcb31e32771e610784662739a88807c0dacac58ede5f391a7530e299dc302d611ee73cb143fc22eaf93592e53e7b5bdb01b00a0b8d28dae460c141dd2ff83412e4dc1c31b16b25f33144a9e5620ea73b13f5bc1c59411d98439ad226e8af03840603796067d87afe130812cf3de24982d0e306f9e61e764e5\" aria-label=\"Banner_Educa\u00e7\u00e3o_PortallavrasTV\"><img src=\"https:\/\/lavras.tv\/site\/wp-content\/uploads\/2025\/01\/Banner_Educacao_PortallavrasTV.png\" alt=\"\"  srcset=\"https:\/\/lavras.tv\/site\/wp-content\/uploads\/2025\/01\/Banner_Educacao_PortallavrasTV.png 720w, https:\/\/lavras.tv\/site\/wp-content\/uploads\/2025\/01\/Banner_Educacao_PortallavrasTV-470x68.png 470w, https:\/\/lavras.tv\/site\/wp-content\/uploads\/2025\/01\/Banner_Educacao_PortallavrasTV-170x25.png 170w, https:\/\/lavras.tv\/site\/wp-content\/uploads\/2025\/01\/Banner_Educacao_PortallavrasTV-200x29.png 200w\" sizes=\"(max-width: 720px) 100vw, 720px\" width=\"720\" height=\"104\"  style=\"display: inline-block;\" \/><\/a><\/div><\/li><li><a href=\"https:\/\/sistemas.lavras.mg.gov.br\/portalcidadao\/#df1b1a7c7b2a290bcb31e32771e610784662739a88807c0dacac58ede5f391a7530e299dc302d611ee73cb143fc22eaf93592e53e7b5bdb01b00a0b8d28dae460c141dd2ff83412e4dc1c31b16b25f33144a9e5620ea73b13f5bc1c59411d98439ad226e8af03840603796067d87afe130812cf3de24982d0e306f9e61e764e5\" aria-label=\"Banner_Sa\u00fade_PortallavrasTV\"><img src=\"https:\/\/lavras.tv\/site\/wp-content\/uploads\/2025\/03\/Banner_Saude_PortallavrasTV.png\" alt=\"\"  srcset=\"https:\/\/lavras.tv\/site\/wp-content\/uploads\/2025\/03\/Banner_Saude_PortallavrasTV.png 720w, https:\/\/lavras.tv\/site\/wp-content\/uploads\/2025\/03\/Banner_Saude_PortallavrasTV-470x68.png 470w, https:\/\/lavras.tv\/site\/wp-content\/uploads\/2025\/03\/Banner_Saude_PortallavrasTV-170x25.png 170w, https:\/\/lavras.tv\/site\/wp-content\/uploads\/2025\/03\/Banner_Saude_PortallavrasTV-200x29.png 200w\" sizes=\"(max-width: 720px) 100vw, 720px\" width=\"720\" height=\"104\"   \/><\/a><\/li><li><div id=\"lavra-3495604277\" style=\"width:720px;height:104px;background-color:#ddd;overflow:scroll;\">\n\t<strong>Sa\u00edda da depura\u00e7\u00e3o de an\u00fancios<\/strong>\n\t<br><br>\n\tO an\u00fancio n\u00e3o \u00e9 exibido na p\u00e1gina<br><br>post atual: Em v\u00eddeo, Andrea Neves chora ao rebater acusa\u00e7\u00f5es de que teria recebido propina, ID: 7809<br><br><span style=\"color: red;\">O post atual n\u00e3o \u00e9 id\u00eantico ao post principal.<\/span><br><br>An\u00fancios: ROXO - TOPO INTERNA - ROTATIVO 2 (197)<br \/>Grupo de an\u00fancios: Princ_Meio01_720x104 (27)<br><br>Condi\u00e7\u00f5es de exibi\u00e7\u00e3o<div style=\"margin-bottom: 20px; white-space: pre-wrap; font-family: monospace; width: 100%; background: #ffe9e9;\"><strong>condi\u00e7\u00f5es gerais<\/strong><table border=\"1\"><thead><tr><th><\/th><th>An\u00fancios<\/th><th>wp_the_query<\/th><\/tr><\/thead><tr><td>is_main_query<\/td><td>1<\/td><td>1<\/td><\/tr><tr><td>is_rest_api<\/td><td>0<\/td><td>1<\/td><\/tr><tr><td>page<\/td><td>0<\/td><td>1<\/td><\/tr><tr><td>numpages<\/td><td>0<\/td><td>1<\/td><\/tr><tr><td>is_archive<\/td><td>1<\/td><td><\/td><\/tr><tr><td>is_search<\/td><td>1<\/td><td><\/td><\/tr><tr><td>is_home<\/td><td>1<\/td><td><\/td><\/tr><tr><td>is_404<\/td><td>1<\/td><td><\/td><\/tr><tr><td>is_attachment<\/td><td>1<\/td><td><\/td><\/tr><tr><td>is_singular<\/td><td>1<\/td><td><\/td><\/tr><tr><td>is_front_page<\/td><td>1<\/td><td><\/td><\/tr><tr><td>is_feed<\/td><td>1<\/td><td><\/td><\/tr><\/table><\/div><br><br><span style=\"color: red;\">Seu site usa HTTPS, mas o c\u00f3digo do an\u00fancio cont\u00e9m HTTP e pode n\u00e3o funcionar.<\/span>\t<br><br>\n\t<a style=\"color: green;\" href=\"https:\/\/wpadvancedads.com\/manual\/ad-debug-mode\/?utm_source=advanced-ads&utm_medium=link&utm_campaign=ad-debug-mode\" target=\"_blank\" rel=\"nofollow\">Encontre solu\u00e7\u00f5es no manual<\/a>\n<\/div>\n<\/li><\/ul><\/div><script>( window.advanced_ads_ready || jQuery( document ).ready ).call( null, function() {var $lavraslider2143043738 = jQuery( \".lavra-slider-2143043738\" );$lavraslider2143043738.on( \"unslider.ready\", function() { jQuery( \"div.custom-slider ul li\" ).css( \"display\", \"block\" ); });$lavraslider2143043738.unslider({ delay:4000, autoplay:true, nav:false, arrows:false, infinite:true });$lavraslider2143043738.on(\"mouseover\", function() {$lavraslider2143043738.unslider(\"stop\");}).on(\"mouseout\", function() {$lavraslider2143043738.unslider(\"start\");});});<\/script><\/div><p>Irm\u00e3 do senador A\u00e9cio Neves (PSDB-MG), a jornalista Andrea Neves chorou em um v\u00eddeo gravado por ela no qual rebate a acusa\u00e7\u00e3o de que teria recebido propina da Odebrecht em uma conta banc\u00e1ria nos Estados Unidos.<!--more--><\/p>\n<p>&#8220;Pra mim, como disse meu irm\u00e3o ontem \u00e0 noite, pouco interessa agora quem mentiu, quem \u00e9 o mentiroso, se o delator ou a fonte da revista. O que interessa \u00e9 a mentira. Eu n\u00e3o sei o que est\u00e1 acontecendo para tanto \u00f3dio e tanta irresponsabilidade, atacar de forma t\u00e3o covarde a vida das pessoas&#8221;, disse Andrea.<\/p>\n<p>Em reportagem publicada na \u00faltima sexta-feira, a revista &#8220;Veja&#8221; revelou parte do conte\u00fado do que seria a dela\u00e7\u00e3o de Benedicto Junior, ex-\u00adpre\u00adsidente da Odebrecht Infraestrutura.<\/p>\n<p>Segundo a semanal, Junior teria afirmado na dela\u00e7\u00e3o &#8211; j\u00e1 homologada no Supremo Tribunal Federal &#8211; que os repasses a A\u00e9cio foram &#8220;contrapartida&#8221; ao atendimento de interesses da empreiteira em obras como a da Cidade Administrativa, em Minas, e da usina de Santo Ant\u00f4nio, em Rond\u00f4nia, onde a Cemig (estatal mineira) integrou um cons\u00f3rcio.<\/p>\n<p>S\u00e1bado, o senador A\u00e9cio Neves convocou uma entrevista coletiva e tamb\u00e9m gravou um v\u00eddeo para rebater a reportagem. Segundo ele, o advogado do delator que teria feito as acusa\u00e7\u00f5es teria desmentido o depoimento.&#8221;Estou solicitando ao ministro (Edson) Fachin (relator da Lava Jato na corte) que abra as dela\u00e7\u00f5es. Esses vazamentos seletivos s\u00e3o criminosos. Tem que parar e ser punidos&#8221;, afirmou o tucano.<\/p>\n<p>No v\u00eddeo de Andrea, a irm\u00e3 de A\u00e9cio fez um apelo emocionado. &#8220;Eu gostaria de poder olhar no seu olho, embora n\u00e3o te conhe\u00e7a, pra garantir que isso \u00e9 mentira e que vamos provar&#8221;.<\/p>\n<p>Depois, fala com a voz embargada. &#8220;Gostaria de poder olhar no olho&#8230; Desculpa&#8230; De cada pessoa que eu conhe\u00e7o, de cada amigo de cada pessoa que acompanha nosso trabalho, pra dizer \u00e9 mentira, e n\u00f3s vamos provar.&#8221;<\/p>\n<p>Enfim, evoca &#8220;duas pessoas que me conhecem t\u00e3o bem&#8221;, a m\u00e3e e a filha. &#8220;Fiquem tranquilas, n\u00e3o sofram por n\u00f3s, porque n\u00f3s vamos provar que \u00e9 mentira.&#8221;<\/p>\n[vsw id=&#8221;TtIsjdZSJyQ&#8221; source=&#8221;youtube&#8221; width=&#8221;790&#8243; height=&#8221;450&#8243; autoplay=&#8221;no&#8221;]\n<p>Fonte: Itatiaia<\/p>\n","protected":false},"excerpt":{"rendered":"<p>Irm\u00e3 do senador A\u00e9cio Neves (PSDB-MG), a jornalista Andrea Neves chorou em um v\u00eddeo gravado por ela no qual rebate a acusa\u00e7\u00e3o de que teria recebido propina da Odebrecht em uma conta banc\u00e1ria nos Estados Unidos.<\/p>\n","protected":false},"author":2,"featured_media":7811,"comment_status":"closed","ping_status":"open","sticky":false,"template":"","format":"standard","meta":{"advgb_blocks_editor_width":"","advgb_blocks_columns_visual_guide":"","_exactmetrics_skip_tracking":false,"_exactmetrics_sitenote_active":false,"_exactmetrics_sitenote_note":"","_exactmetrics_sitenote_category":0,"footnotes":""},"categories":[12],"tags":[2023,3070,104,3071],"class_list":["post-7809","post","type-post","status-publish","format-standard","has-post-thumbnail","hentry","category-politica","tag-aecio-neves","tag-andrea-neves","tag-denuncia","tag-propina","has-post-video"],"better_featured_image":{"id":7811,"alt_text":"","caption":"","description":"","media_type":"image","media_details":{"width":650,"height":424,"file":"2017\/04\/andrea-aecio.jpg","sizes":{"thumbnail":{"file":"andrea-aecio-150x98.jpg","width":150,"height":98,"mime-type":"image\/jpeg","source_url":"https:\/\/lavras.tv\/site\/wp-content\/uploads\/2017\/04\/andrea-aecio-150x98.jpg"},"medium":{"file":"andrea-aecio-300x196.jpg","width":300,"height":196,"mime-type":"image\/jpeg","source_url":"https:\/\/lavras.tv\/site\/wp-content\/uploads\/2017\/04\/andrea-aecio-300x196.jpg"},"featured-slider-img":{"file":"andrea-aecio-640x424.jpg","width":640,"height":424,"mime-type":"image\/jpeg","source_url":"https:\/\/lavras.tv\/site\/wp-content\/uploads\/2017\/04\/andrea-aecio-640x424.jpg"},"featured-post-img":{"file":"andrea-aecio-480x320.jpg","width":480,"height":320,"mime-type":"image\/jpeg","source_url":"https:\/\/lavras.tv\/site\/wp-content\/uploads\/2017\/04\/andrea-aecio-480x320.jpg"},"sow-carousel-default":{"file":"andrea-aecio-272x182.jpg","width":272,"height":182,"mime-type":"image\/jpeg","source_url":"https:\/\/lavras.tv\/site\/wp-content\/uploads\/2017\/04\/andrea-aecio-272x182.jpg"}},"image_meta":{"aperture":"0","credit":"","camera":"","caption":"","created_timestamp":"0","copyright":"","focal_length":"0","iso":"0","shutter_speed":"0","title":"","orientation":"1","keywords":[]}},"post":7809,"source_url":"https:\/\/lavras.tv\/site\/wp-content\/uploads\/2017\/04\/andrea-aecio.jpg"},"author_meta":{"display_name":"Lavras TV","author_link":"https:\/\/lavras.tv\/site\/author\/lavrastv\/"},"featured_img":"https:\/\/lavras.tv\/site\/wp-content\/uploads\/2017\/04\/andrea-aecio-300x196.jpg","coauthors":[],"tax_additional":{"categories":{"linked":["<a href=\"https:\/\/lavras.tv\/site\/category\/politica\/\" class=\"advgb-post-tax-term\">Pol\u00edtica<\/a>"],"unlinked":["<span class=\"advgb-post-tax-term\">Pol\u00edtica<\/span>"]},"tags":{"linked":["<a href=\"https:\/\/lavras.tv\/site\/category\/politica\/\" class=\"advgb-post-tax-term\">a\u00e9cio neves<\/a>","<a href=\"https:\/\/lavras.tv\/site\/category\/politica\/\" class=\"advgb-post-tax-term\">andrea neves<\/a>","<a href=\"https:\/\/lavras.tv\/site\/category\/politica\/\" class=\"advgb-post-tax-term\">den\u00fancia<\/a>","<a href=\"https:\/\/lavras.tv\/site\/category\/politica\/\" class=\"advgb-post-tax-term\">propina<\/a>"],"unlinked":["<span class=\"advgb-post-tax-term\">a\u00e9cio neves<\/span>","<span class=\"advgb-post-tax-term\">andrea neves<\/span>","<span class=\"advgb-post-tax-term\">den\u00fancia<\/span>","<span class=\"advgb-post-tax-term\">propina<\/span>"]}},"comment_count":"0","relative_dates":{"created":"Publicado 9 anos atr\u00e1s","modified":"Atualizado 9 anos atr\u00e1s"},"absolute_dates":{"created":"Publicado em 3 de abril de 2017","modified":"Atualizado em 3 de abril de 2017"},"absolute_dates_time":{"created":"Publicado em 3 de abril de 2017 08:47","modified":"Atualizado em 3 de abril de 2017 08:47"},"featured_img_caption":"","series_order":"","_links":{"self":[{"href":"https:\/\/lavras.tv\/site\/wp-json\/wp\/v2\/posts\/7809","targetHints":{"allow":["GET"]}}],"collection":[{"href":"https:\/\/lavras.tv\/site\/wp-json\/wp\/v2\/posts"}],"about":[{"href":"https:\/\/lavras.tv\/site\/wp-json\/wp\/v2\/types\/post"}],"author":[{"embeddable":true,"href":"https:\/\/lavras.tv\/site\/wp-json\/wp\/v2\/users\/2"}],"replies":[{"embeddable":true,"href":"https:\/\/lavras.tv\/site\/wp-json\/wp\/v2\/comments?post=7809"}],"version-history":[{"count":1,"href":"https:\/\/lavras.tv\/site\/wp-json\/wp\/v2\/posts\/7809\/revisions"}],"predecessor-version":[{"id":7812,"href":"https:\/\/lavras.tv\/site\/wp-json\/wp\/v2\/posts\/7809\/revisions\/7812"}],"wp:featuredmedia":[{"embeddable":true,"href":"https:\/\/lavras.tv\/site\/wp-json\/wp\/v2\/media\/7811"}],"wp:attachment":[{"href":"https:\/\/lavras.tv\/site\/wp-json\/wp\/v2\/media?parent=7809"}],"wp:term":[{"taxonomy":"category","embeddable":true,"href":"https:\/\/lavras.tv\/site\/wp-json\/wp\/v2\/categories?post=7809"},{"taxonomy":"post_tag","embeddable":true,"href":"https:\/\/lavras.tv\/site\/wp-json\/wp\/v2\/tags?post=7809"}],"curies":[{"name":"wp","href":"https:\/\/api.w.org\/{rel}","templated":true}]}}