{"id":7815,"date":"2017-04-03T08:55:02","date_gmt":"2017-04-03T11:55:02","guid":{"rendered":"http:\/\/lavras.tv\/site\/?p=7815"},"modified":"2017-04-03T08:55:02","modified_gmt":"2017-04-03T11:55:02","slug":"novas-regras-para-rotativo-do-cartao-de-credito-valem-a-partir-desta-segunda-feira","status":"publish","type":"post","link":"https:\/\/lavras.tv\/site\/2017\/04\/03\/novas-regras-para-rotativo-do-cartao-de-credito-valem-a-partir-desta-segunda-feira\/","title":{"rendered":"Novas regras para rotativo do cart\u00e3o de cr\u00e9dito valem a partir desta segunda-feira"},"content":{"rendered":"<div class=\"lavra-antes-do-conteudo_2\" id=\"lavra-2937350021\"><div id=\"lavra-slider-27\" class=\"custom-slider lavra-slider-1125683283 lavra-slider\"><ul><li><div style=\"margin-left: auto;margin-right: auto;text-align: center;\" id=\"lavra-302932478\"><a href=\"https:\/\/sistemas.lavras.mg.gov.br\/portalcidadao\/#df1b1a7c7b2a290bcb31e32771e610784662739a88807c0dacac58ede5f391a7530e299dc302d611ee73cb143fc22eaf93592e53e7b5bdb01b00a0b8d28dae460c141dd2ff83412e4dc1c31b16b25f33144a9e5620ea73b13f5bc1c59411d98439ad226e8af03840603796067d87afe130812cf3de24982d0e306f9e61e764e5\" aria-label=\"Lavras-TV&#8211;720x104px (1) (1)\"><img src=\"https:\/\/lavras.tv\/site\/wp-content\/uploads\/2025\/01\/Lavras-TV-720x104px-1-1.png\" alt=\"\"  srcset=\"https:\/\/lavras.tv\/site\/wp-content\/uploads\/2025\/01\/Lavras-TV-720x104px-1-1.png 720w, https:\/\/lavras.tv\/site\/wp-content\/uploads\/2025\/01\/Lavras-TV-720x104px-1-1-470x68.png 470w, https:\/\/lavras.tv\/site\/wp-content\/uploads\/2025\/01\/Lavras-TV-720x104px-1-1-170x25.png 170w, https:\/\/lavras.tv\/site\/wp-content\/uploads\/2025\/01\/Lavras-TV-720x104px-1-1-200x29.png 200w\" sizes=\"(max-width: 720px) 100vw, 720px\" width=\"720\" height=\"104\"  style=\"display: inline-block;\" \/><\/a><\/div><\/li><li><a href=\"https:\/\/sistemas.lavras.mg.gov.br\/portalcidadao\/#df1b1a7c7b2a290bcb31e32771e610784662739a88807c0dacac58ede5f391a7530e299dc302d611ee73cb143fc22eaf93592e53e7b5bdb01b00a0b8d28dae460c141dd2ff83412e4dc1c31b16b25f33144a9e5620ea73b13f5bc1c59411d98439ad226e8af03840603796067d87afe130812cf3de24982d0e306f9e61e764e5\" aria-label=\"Banner_Emprego_PortallavrasTV\"><img src=\"https:\/\/lavras.tv\/site\/wp-content\/uploads\/2025\/03\/Banner_Emprego_PortallavrasTV.png\" alt=\"\"  srcset=\"https:\/\/lavras.tv\/site\/wp-content\/uploads\/2025\/03\/Banner_Emprego_PortallavrasTV.png 720w, https:\/\/lavras.tv\/site\/wp-content\/uploads\/2025\/03\/Banner_Emprego_PortallavrasTV-470x68.png 470w, https:\/\/lavras.tv\/site\/wp-content\/uploads\/2025\/03\/Banner_Emprego_PortallavrasTV-170x25.png 170w, https:\/\/lavras.tv\/site\/wp-content\/uploads\/2025\/03\/Banner_Emprego_PortallavrasTV-200x29.png 200w\" sizes=\"(max-width: 720px) 100vw, 720px\" width=\"720\" height=\"104\"   \/><\/a><\/li><li><a href=\"https:\/\/sistemas.lavras.mg.gov.br\/portalcidadao\/#df1b1a7c7b2a290bcb31e32771e610784662739a88807c0dacac58ede5f391a7530e299dc302d611ee73cb143fc22eaf93592e53e7b5bdb01b00a0b8d28dae460c141dd2ff83412e4dc1c31b16b25f33144a9e5620ea73b13f5bc1c59411d98439ad226e8af03840603796067d87afe130812cf3de24982d0e306f9e61e764e5\" aria-label=\"Banner_Obras_PortallavrasTV\"><img src=\"https:\/\/lavras.tv\/site\/wp-content\/uploads\/2025\/03\/Banner_Obras_PortallavrasTV.png\" alt=\"\"  srcset=\"https:\/\/lavras.tv\/site\/wp-content\/uploads\/2025\/03\/Banner_Obras_PortallavrasTV.png 720w, https:\/\/lavras.tv\/site\/wp-content\/uploads\/2025\/03\/Banner_Obras_PortallavrasTV-470x68.png 470w, https:\/\/lavras.tv\/site\/wp-content\/uploads\/2025\/03\/Banner_Obras_PortallavrasTV-170x25.png 170w, https:\/\/lavras.tv\/site\/wp-content\/uploads\/2025\/03\/Banner_Obras_PortallavrasTV-200x29.png 200w\" sizes=\"(max-width: 720px) 100vw, 720px\" width=\"720\" height=\"104\"   \/><\/a><\/li><li><div style=\"margin-left: auto;margin-right: auto;text-align: center;\" id=\"lavra-51737264\"><a href=\"https:\/\/sistemas.lavras.mg.gov.br\/portalcidadao\/#df1b1a7c7b2a290bcb31e32771e610784662739a88807c0dacac58ede5f391a7530e299dc302d611ee73cb143fc22eaf93592e53e7b5bdb01b00a0b8d28dae460c141dd2ff83412e4dc1c31b16b25f33144a9e5620ea73b13f5bc1c59411d98439ad226e8af03840603796067d87afe130812cf3de24982d0e306f9e61e764e5\" aria-label=\"Banner_Educa\u00e7\u00e3o_PortallavrasTV\"><img src=\"https:\/\/lavras.tv\/site\/wp-content\/uploads\/2025\/01\/Banner_Educacao_PortallavrasTV.png\" alt=\"\"  srcset=\"https:\/\/lavras.tv\/site\/wp-content\/uploads\/2025\/01\/Banner_Educacao_PortallavrasTV.png 720w, https:\/\/lavras.tv\/site\/wp-content\/uploads\/2025\/01\/Banner_Educacao_PortallavrasTV-470x68.png 470w, https:\/\/lavras.tv\/site\/wp-content\/uploads\/2025\/01\/Banner_Educacao_PortallavrasTV-170x25.png 170w, https:\/\/lavras.tv\/site\/wp-content\/uploads\/2025\/01\/Banner_Educacao_PortallavrasTV-200x29.png 200w\" sizes=\"(max-width: 720px) 100vw, 720px\" width=\"720\" height=\"104\"  style=\"display: inline-block;\" \/><\/a><\/div><\/li><li><a href=\"https:\/\/sistemas.lavras.mg.gov.br\/portalcidadao\/#df1b1a7c7b2a290bcb31e32771e610784662739a88807c0dacac58ede5f391a7530e299dc302d611ee73cb143fc22eaf93592e53e7b5bdb01b00a0b8d28dae460c141dd2ff83412e4dc1c31b16b25f33144a9e5620ea73b13f5bc1c59411d98439ad226e8af03840603796067d87afe130812cf3de24982d0e306f9e61e764e5\" aria-label=\"Banner_Sa\u00fade_PortallavrasTV\"><img src=\"https:\/\/lavras.tv\/site\/wp-content\/uploads\/2025\/03\/Banner_Saude_PortallavrasTV.png\" alt=\"\"  srcset=\"https:\/\/lavras.tv\/site\/wp-content\/uploads\/2025\/03\/Banner_Saude_PortallavrasTV.png 720w, https:\/\/lavras.tv\/site\/wp-content\/uploads\/2025\/03\/Banner_Saude_PortallavrasTV-470x68.png 470w, https:\/\/lavras.tv\/site\/wp-content\/uploads\/2025\/03\/Banner_Saude_PortallavrasTV-170x25.png 170w, https:\/\/lavras.tv\/site\/wp-content\/uploads\/2025\/03\/Banner_Saude_PortallavrasTV-200x29.png 200w\" sizes=\"(max-width: 720px) 100vw, 720px\" width=\"720\" height=\"104\"   \/><\/a><\/li><li><div id=\"lavra-3835624828\" style=\"width:720px;height:104px;background-color:#ddd;overflow:scroll;\">\n\t<strong>Sa\u00edda da depura\u00e7\u00e3o de an\u00fancios<\/strong>\n\t<br><br>\n\tO an\u00fancio n\u00e3o \u00e9 exibido na p\u00e1gina<br><br>post atual: Novas regras para rotativo do cart\u00e3o de cr\u00e9dito valem a partir desta segunda-feira, ID: 7815<br><br><span style=\"color: red;\">O post atual n\u00e3o \u00e9 id\u00eantico ao post principal.<\/span><br><br>An\u00fancios: ROXO - TOPO INTERNA - ROTATIVO 2 (197)<br \/>Grupo de an\u00fancios: Princ_Meio01_720x104 (27)<br><br>Condi\u00e7\u00f5es de exibi\u00e7\u00e3o<div style=\"margin-bottom: 20px; white-space: pre-wrap; font-family: monospace; width: 100%; background: #ffe9e9;\"><strong>condi\u00e7\u00f5es gerais<\/strong><table border=\"1\"><thead><tr><th><\/th><th>An\u00fancios<\/th><th>wp_the_query<\/th><\/tr><\/thead><tr><td>is_main_query<\/td><td>1<\/td><td>1<\/td><\/tr><tr><td>is_rest_api<\/td><td>0<\/td><td>1<\/td><\/tr><tr><td>page<\/td><td>0<\/td><td>1<\/td><\/tr><tr><td>numpages<\/td><td>0<\/td><td>1<\/td><\/tr><tr><td>is_archive<\/td><td>1<\/td><td><\/td><\/tr><tr><td>is_search<\/td><td>1<\/td><td><\/td><\/tr><tr><td>is_home<\/td><td>1<\/td><td><\/td><\/tr><tr><td>is_404<\/td><td>1<\/td><td><\/td><\/tr><tr><td>is_attachment<\/td><td>1<\/td><td><\/td><\/tr><tr><td>is_singular<\/td><td>1<\/td><td><\/td><\/tr><tr><td>is_front_page<\/td><td>1<\/td><td><\/td><\/tr><tr><td>is_feed<\/td><td>1<\/td><td><\/td><\/tr><\/table><\/div><br><br><span style=\"color: red;\">Seu site usa HTTPS, mas o c\u00f3digo do an\u00fancio cont\u00e9m HTTP e pode n\u00e3o funcionar.<\/span>\t<br><br>\n\t<a style=\"color: green;\" href=\"https:\/\/wpadvancedads.com\/manual\/ad-debug-mode\/?utm_source=advanced-ads&utm_medium=link&utm_campaign=ad-debug-mode\" target=\"_blank\" rel=\"nofollow\">Encontre solu\u00e7\u00f5es no manual<\/a>\n<\/div>\n<\/li><\/ul><\/div><script>( window.advanced_ads_ready || jQuery( document ).ready ).call( null, function() {var $lavraslider1125683283 = jQuery( \".lavra-slider-1125683283\" );$lavraslider1125683283.on( \"unslider.ready\", function() { jQuery( \"div.custom-slider ul li\" ).css( \"display\", \"block\" ); });$lavraslider1125683283.unslider({ delay:4000, autoplay:true, nav:false, arrows:false, infinite:true });$lavraslider1125683283.on(\"mouseover\", function() {$lavraslider1125683283.unslider(\"stop\");}).on(\"mouseout\", function() {$lavraslider1125683283.unslider(\"start\");});});<\/script><\/div><p>A partir deste m\u00eas, os consumidores que n\u00e3o conseguirem pagar integralmente a tarifa do cart\u00e3o de cr\u00e9dito s\u00f3 poder\u00e3o ficar no cr\u00e9dito rotativo por 30 dias.<!--more--> A nova regra, fixada pelo Conselho Monet\u00e1rio Nacional (CMN) em janeiro, entrar\u00e1 em vigor nesta segunda-feira (3).<\/p>\n<p>A medida consta da reforma microecon\u00f4mica anunciada pelo governo no fim do ano passado. Os bancos tiveram pouco mais de dois meses para se adaptarem \u00e0 nova regra, que obrigou as institui\u00e7\u00f5es financeiras a transferirem para o cr\u00e9dito parcelado, que cobra taxas menores, os clientes que n\u00e3o conseguirem quitar o rotativo do cart\u00e3o de cr\u00e9dito nos primeiros 30 dias.<\/p>\n<p><img fetchpriority=\"high\" decoding=\"async\" class=\"size-full wp-image-7816 aligncenter\" src=\"http:\/\/lavras.tv\/site\/wp-content\/uploads\/2017\/04\/cartao-de-credito.jpg\" alt=\"cartao-de-credito\" width=\"430\" height=\"248\" srcset=\"https:\/\/lavras.tv\/site\/wp-content\/uploads\/2017\/04\/cartao-de-credito.jpg 430w, https:\/\/lavras.tv\/site\/wp-content\/uploads\/2017\/04\/cartao-de-credito-150x87.jpg 150w, https:\/\/lavras.tv\/site\/wp-content\/uploads\/2017\/04\/cartao-de-credito-300x173.jpg 300w\" sizes=\"(max-width: 430px) 100vw, 430px\" \/><\/p>\n<p>Durante esse per\u00edodo de quase dois meses, os bancos definiram as novas taxas para o cr\u00e9dito parcelado. De acordo com a Associa\u00e7\u00e3o Nacional dos Executivos de Finan\u00e7as, Administra\u00e7\u00e3o e Contabilidade (Anefac), a medida tem o potencial de reduzir pela metade os gastos com juros em 12 meses.<\/p>\n<p><strong>Impacto<\/strong><\/p>\n<p>No entanto, o diretor econ\u00f4mico da entidade, Miguel de Oliveira, diz que o impacto das medidas sobre os juros s\u00f3 ser\u00e1 conhecido nos pr\u00f3ximos meses.<\/p>\n<p>\u201cEm primeiro lugar, muitos bancos fixaram taxas bem el\u00e1sticas, que podem chegar de 1,99% a 10% ao m\u00eas, dependendo da institui\u00e7\u00e3o financeira e do hist\u00f3rico [capacidade de pagamento] do consumidor. Ent\u00e3o, fica dif\u00edcil saber qual ser\u00e1 o efeito efetivo, porque cada consumidor tem uma taxa personalizada, e a gente precisa ver quem n\u00e3o conseguir\u00e1 pagar a fatura integral\u201d, acrescentou Oliveira.<\/p>\n<p>Em fevereiro, ap\u00f3s o an\u00fancio da nova regra, a taxa m\u00e9dia do cr\u00e9dito rotativo subiu de 15,12% para 15,16% ao m\u00eas, conforme pesquisa mensal da Anefac. A taxa m\u00e9dia do cr\u00e9dito parcelado foi na contram\u00e3o e caiu de 8,34% para 8,30% ao m\u00eas. Segundo Miguel de Oliveira, os juros do cart\u00e3o s\u00f3 dever\u00e3o sofrer influ\u00eancia das novas regras a partir de maio.<\/p>\n<p>\u201cComo a nova regra limita em 30 dias o prazo do rotativo, o consumidor que n\u00e3o conseguir pagar a fatura de mar\u00e7o vai cair no rotativo em abril e s\u00f3 passar\u00e1 para o cr\u00e9dito parcelado em maio. S\u00f3 l\u00e1, nossos levantamentos come\u00e7ar\u00e3o a refletir os efeitos da mudan\u00e7a\u201d, esclareceu Oliveira.<\/p>\n<p><strong>D\u00edvida multiplicada<\/strong><\/p>\n<p>Com base em dados mais recentes da Anefac, de fevereiro, a taxa m\u00e9dia de 15,16% ao m\u00eas no cr\u00e9dito rotativo equivale a 444,03% ao ano. Ao fim de tr\u00eas meses, uma d\u00edvida de R$ 1 mil na fatura do cart\u00e3o subiria para R$ 1.527,23. Ao fim de 12 meses, equivaleria a R$ 5.440,26.<\/p>\n<p>Com a nova regra, pela qual a taxa mais alta \u2013 de 15,16% ao m\u00eas \u2013 incidir\u00e1 nos primeiros 30 dias e a taxa de 8,3% ao m\u00eas incide nos meses restantes, a d\u00edvida aumenta para R$ 1.350,70 em tr\u00eas meses e para R$ 2.768,31 em 12 meses. A diferen\u00e7a chega a 11,6% em 90 dias e a 49,1% em um ano.<\/p>\n<p>O c\u00e1lculo, no entanto, leva em conta as taxas m\u00e9dias de juros. A economia efetiva pode variar porque os bancos personalizam as taxas para cada consumidor no rotativo e no cr\u00e9dito parcelado. Os juros finais tamb\u00e9m variam em fun\u00e7\u00e3o do hist\u00f3rico e da capacidade de pagamento do cliente.<\/p>\n<p>Fonte: Itatiaia<\/p>\n","protected":false},"excerpt":{"rendered":"<p>A partir deste m\u00eas, os consumidores que n\u00e3o conseguirem pagar integralmente a tarifa do cart\u00e3o de cr\u00e9dito s\u00f3 poder\u00e3o ficar no cr\u00e9dito rotativo por 30 dias.<\/p>\n","protected":false},"author":2,"featured_media":7816,"comment_status":"closed","ping_status":"open","sticky":false,"template":"","format":"standard","meta":{"advgb_blocks_editor_width":"","advgb_blocks_columns_visual_guide":"","_exactmetrics_skip_tracking":false,"_exactmetrics_sitenote_active":false,"_exactmetrics_sitenote_note":"","_exactmetrics_sitenote_category":0,"footnotes":""},"categories":[7,2],"tags":[3073,1748,3075,3074],"class_list":["post-7815","post","type-post","status-publish","format-standard","has-post-thumbnail","hentry","category-destaques","category-noticias","tag-cartao-de-credito","tag-novas-regras","tag-pagamento-minimo","tag-rotativo"],"better_featured_image":{"id":7816,"alt_text":"","caption":"","description":"","media_type":"image","media_details":{"width":430,"height":248,"file":"2017\/04\/cartao-de-credito.jpg","sizes":{"thumbnail":{"file":"cartao-de-credito-150x87.jpg","width":150,"height":87,"mime-type":"image\/jpeg","source_url":"https:\/\/lavras.tv\/site\/wp-content\/uploads\/2017\/04\/cartao-de-credito-150x87.jpg"},"medium":{"file":"cartao-de-credito-300x173.jpg","width":300,"height":173,"mime-type":"image\/jpeg","source_url":"https:\/\/lavras.tv\/site\/wp-content\/uploads\/2017\/04\/cartao-de-credito-300x173.jpg"},"sow-carousel-default":{"file":"cartao-de-credito-272x182.jpg","width":272,"height":182,"mime-type":"image\/jpeg","source_url":"https:\/\/lavras.tv\/site\/wp-content\/uploads\/2017\/04\/cartao-de-credito-272x182.jpg"}},"image_meta":{"aperture":"0","credit":"Picasa","camera":"","caption":"","created_timestamp":"1355767525","copyright":"","focal_length":"0","iso":"0","shutter_speed":"0","title":"","orientation":"0","keywords":[]}},"post":7815,"source_url":"https:\/\/lavras.tv\/site\/wp-content\/uploads\/2017\/04\/cartao-de-credito.jpg"},"author_meta":{"display_name":"Lavras TV","author_link":"https:\/\/lavras.tv\/site\/author\/lavrastv\/"},"featured_img":"https:\/\/lavras.tv\/site\/wp-content\/uploads\/2017\/04\/cartao-de-credito-300x173.jpg","coauthors":[],"tax_additional":{"categories":{"linked":["<a href=\"https:\/\/lavras.tv\/site\/category\/destaques\/\" class=\"advgb-post-tax-term\">Destaques<\/a>","<a href=\"https:\/\/lavras.tv\/site\/category\/noticias\/\" class=\"advgb-post-tax-term\">Not\u00edcias<\/a>"],"unlinked":["<span class=\"advgb-post-tax-term\">Destaques<\/span>","<span class=\"advgb-post-tax-term\">Not\u00edcias<\/span>"]},"tags":{"linked":["<a href=\"https:\/\/lavras.tv\/site\/category\/noticias\/\" class=\"advgb-post-tax-term\">cart\u00e3o de cr\u00e9dito<\/a>","<a href=\"https:\/\/lavras.tv\/site\/category\/noticias\/\" class=\"advgb-post-tax-term\">novas regras<\/a>","<a href=\"https:\/\/lavras.tv\/site\/category\/noticias\/\" class=\"advgb-post-tax-term\">pagamento m\u00ednimo<\/a>","<a href=\"https:\/\/lavras.tv\/site\/category\/noticias\/\" class=\"advgb-post-tax-term\">rotativo<\/a>"],"unlinked":["<span class=\"advgb-post-tax-term\">cart\u00e3o de cr\u00e9dito<\/span>","<span class=\"advgb-post-tax-term\">novas regras<\/span>","<span class=\"advgb-post-tax-term\">pagamento m\u00ednimo<\/span>","<span class=\"advgb-post-tax-term\">rotativo<\/span>"]}},"comment_count":"0","relative_dates":{"created":"Publicado 9 anos atr\u00e1s","modified":"Atualizado 9 anos atr\u00e1s"},"absolute_dates":{"created":"Publicado em 3 de abril de 2017","modified":"Atualizado em 3 de abril de 2017"},"absolute_dates_time":{"created":"Publicado em 3 de abril de 2017 08:55","modified":"Atualizado em 3 de abril de 2017 08:55"},"featured_img_caption":"","series_order":"","_links":{"self":[{"href":"https:\/\/lavras.tv\/site\/wp-json\/wp\/v2\/posts\/7815","targetHints":{"allow":["GET"]}}],"collection":[{"href":"https:\/\/lavras.tv\/site\/wp-json\/wp\/v2\/posts"}],"about":[{"href":"https:\/\/lavras.tv\/site\/wp-json\/wp\/v2\/types\/post"}],"author":[{"embeddable":true,"href":"https:\/\/lavras.tv\/site\/wp-json\/wp\/v2\/users\/2"}],"replies":[{"embeddable":true,"href":"https:\/\/lavras.tv\/site\/wp-json\/wp\/v2\/comments?post=7815"}],"version-history":[{"count":1,"href":"https:\/\/lavras.tv\/site\/wp-json\/wp\/v2\/posts\/7815\/revisions"}],"predecessor-version":[{"id":7817,"href":"https:\/\/lavras.tv\/site\/wp-json\/wp\/v2\/posts\/7815\/revisions\/7817"}],"wp:featuredmedia":[{"embeddable":true,"href":"https:\/\/lavras.tv\/site\/wp-json\/wp\/v2\/media\/7816"}],"wp:attachment":[{"href":"https:\/\/lavras.tv\/site\/wp-json\/wp\/v2\/media?parent=7815"}],"wp:term":[{"taxonomy":"category","embeddable":true,"href":"https:\/\/lavras.tv\/site\/wp-json\/wp\/v2\/categories?post=7815"},{"taxonomy":"post_tag","embeddable":true,"href":"https:\/\/lavras.tv\/site\/wp-json\/wp\/v2\/tags?post=7815"}],"curies":[{"name":"wp","href":"https:\/\/api.w.org\/{rel}","templated":true}]}}