{"id":7876,"date":"2017-04-05T09:07:13","date_gmt":"2017-04-05T12:07:13","guid":{"rendered":"http:\/\/lavras.tv\/site\/?p=7876"},"modified":"2017-04-05T09:07:13","modified_gmt":"2017-04-05T12:07:13","slug":"pesquisa-da-ufla-monitora-animais-silvestres-no-parque-quedas-do-rio-bonito","status":"publish","type":"post","link":"https:\/\/lavras.tv\/site\/2017\/04\/05\/pesquisa-da-ufla-monitora-animais-silvestres-no-parque-quedas-do-rio-bonito\/","title":{"rendered":"Pesquisa da UFLA monitora animais silvestres no Parque Quedas do Rio Bonito"},"content":{"rendered":"<div class=\"lavra-antes-do-conteudo_2\" id=\"lavra-3497772876\"><div id=\"lavra-slider-27\" class=\"custom-slider lavra-slider-2269301744 lavra-slider\"><ul><li><div style=\"margin-left: auto;margin-right: auto;text-align: center;\" id=\"lavra-760727155\"><a href=\"https:\/\/sistemas.lavras.mg.gov.br\/portalcidadao\/#df1b1a7c7b2a290bcb31e32771e610784662739a88807c0dacac58ede5f391a7530e299dc302d611ee73cb143fc22eaf93592e53e7b5bdb01b00a0b8d28dae460c141dd2ff83412e4dc1c31b16b25f33144a9e5620ea73b13f5bc1c59411d98439ad226e8af03840603796067d87afe130812cf3de24982d0e306f9e61e764e5\" aria-label=\"Lavras-TV&#8211;720x104px (1) (1)\"><img src=\"https:\/\/lavras.tv\/site\/wp-content\/uploads\/2025\/01\/Lavras-TV-720x104px-1-1.png\" alt=\"\"  srcset=\"https:\/\/lavras.tv\/site\/wp-content\/uploads\/2025\/01\/Lavras-TV-720x104px-1-1.png 720w, https:\/\/lavras.tv\/site\/wp-content\/uploads\/2025\/01\/Lavras-TV-720x104px-1-1-470x68.png 470w, https:\/\/lavras.tv\/site\/wp-content\/uploads\/2025\/01\/Lavras-TV-720x104px-1-1-170x25.png 170w, https:\/\/lavras.tv\/site\/wp-content\/uploads\/2025\/01\/Lavras-TV-720x104px-1-1-200x29.png 200w\" sizes=\"(max-width: 720px) 100vw, 720px\" width=\"720\" height=\"104\"  style=\"display: inline-block;\" \/><\/a><\/div><\/li><li><a href=\"https:\/\/sistemas.lavras.mg.gov.br\/portalcidadao\/#df1b1a7c7b2a290bcb31e32771e610784662739a88807c0dacac58ede5f391a7530e299dc302d611ee73cb143fc22eaf93592e53e7b5bdb01b00a0b8d28dae460c141dd2ff83412e4dc1c31b16b25f33144a9e5620ea73b13f5bc1c59411d98439ad226e8af03840603796067d87afe130812cf3de24982d0e306f9e61e764e5\" aria-label=\"Banner_Emprego_PortallavrasTV\"><img src=\"https:\/\/lavras.tv\/site\/wp-content\/uploads\/2025\/03\/Banner_Emprego_PortallavrasTV.png\" alt=\"\"  srcset=\"https:\/\/lavras.tv\/site\/wp-content\/uploads\/2025\/03\/Banner_Emprego_PortallavrasTV.png 720w, https:\/\/lavras.tv\/site\/wp-content\/uploads\/2025\/03\/Banner_Emprego_PortallavrasTV-470x68.png 470w, https:\/\/lavras.tv\/site\/wp-content\/uploads\/2025\/03\/Banner_Emprego_PortallavrasTV-170x25.png 170w, https:\/\/lavras.tv\/site\/wp-content\/uploads\/2025\/03\/Banner_Emprego_PortallavrasTV-200x29.png 200w\" sizes=\"(max-width: 720px) 100vw, 720px\" width=\"720\" height=\"104\"   \/><\/a><\/li><li><a href=\"https:\/\/sistemas.lavras.mg.gov.br\/portalcidadao\/#df1b1a7c7b2a290bcb31e32771e610784662739a88807c0dacac58ede5f391a7530e299dc302d611ee73cb143fc22eaf93592e53e7b5bdb01b00a0b8d28dae460c141dd2ff83412e4dc1c31b16b25f33144a9e5620ea73b13f5bc1c59411d98439ad226e8af03840603796067d87afe130812cf3de24982d0e306f9e61e764e5\" aria-label=\"Banner_Obras_PortallavrasTV\"><img src=\"https:\/\/lavras.tv\/site\/wp-content\/uploads\/2025\/03\/Banner_Obras_PortallavrasTV.png\" alt=\"\"  srcset=\"https:\/\/lavras.tv\/site\/wp-content\/uploads\/2025\/03\/Banner_Obras_PortallavrasTV.png 720w, https:\/\/lavras.tv\/site\/wp-content\/uploads\/2025\/03\/Banner_Obras_PortallavrasTV-470x68.png 470w, https:\/\/lavras.tv\/site\/wp-content\/uploads\/2025\/03\/Banner_Obras_PortallavrasTV-170x25.png 170w, https:\/\/lavras.tv\/site\/wp-content\/uploads\/2025\/03\/Banner_Obras_PortallavrasTV-200x29.png 200w\" sizes=\"(max-width: 720px) 100vw, 720px\" width=\"720\" height=\"104\"   \/><\/a><\/li><li><div style=\"margin-left: auto;margin-right: auto;text-align: center;\" id=\"lavra-1656384929\"><a href=\"https:\/\/sistemas.lavras.mg.gov.br\/portalcidadao\/#df1b1a7c7b2a290bcb31e32771e610784662739a88807c0dacac58ede5f391a7530e299dc302d611ee73cb143fc22eaf93592e53e7b5bdb01b00a0b8d28dae460c141dd2ff83412e4dc1c31b16b25f33144a9e5620ea73b13f5bc1c59411d98439ad226e8af03840603796067d87afe130812cf3de24982d0e306f9e61e764e5\" aria-label=\"Banner_Educa\u00e7\u00e3o_PortallavrasTV\"><img src=\"https:\/\/lavras.tv\/site\/wp-content\/uploads\/2025\/01\/Banner_Educacao_PortallavrasTV.png\" alt=\"\"  srcset=\"https:\/\/lavras.tv\/site\/wp-content\/uploads\/2025\/01\/Banner_Educacao_PortallavrasTV.png 720w, https:\/\/lavras.tv\/site\/wp-content\/uploads\/2025\/01\/Banner_Educacao_PortallavrasTV-470x68.png 470w, https:\/\/lavras.tv\/site\/wp-content\/uploads\/2025\/01\/Banner_Educacao_PortallavrasTV-170x25.png 170w, https:\/\/lavras.tv\/site\/wp-content\/uploads\/2025\/01\/Banner_Educacao_PortallavrasTV-200x29.png 200w\" sizes=\"(max-width: 720px) 100vw, 720px\" width=\"720\" height=\"104\"  style=\"display: inline-block;\" \/><\/a><\/div><\/li><li><a href=\"https:\/\/sistemas.lavras.mg.gov.br\/portalcidadao\/#df1b1a7c7b2a290bcb31e32771e610784662739a88807c0dacac58ede5f391a7530e299dc302d611ee73cb143fc22eaf93592e53e7b5bdb01b00a0b8d28dae460c141dd2ff83412e4dc1c31b16b25f33144a9e5620ea73b13f5bc1c59411d98439ad226e8af03840603796067d87afe130812cf3de24982d0e306f9e61e764e5\" aria-label=\"Banner_Sa\u00fade_PortallavrasTV\"><img src=\"https:\/\/lavras.tv\/site\/wp-content\/uploads\/2025\/03\/Banner_Saude_PortallavrasTV.png\" alt=\"\"  srcset=\"https:\/\/lavras.tv\/site\/wp-content\/uploads\/2025\/03\/Banner_Saude_PortallavrasTV.png 720w, https:\/\/lavras.tv\/site\/wp-content\/uploads\/2025\/03\/Banner_Saude_PortallavrasTV-470x68.png 470w, https:\/\/lavras.tv\/site\/wp-content\/uploads\/2025\/03\/Banner_Saude_PortallavrasTV-170x25.png 170w, https:\/\/lavras.tv\/site\/wp-content\/uploads\/2025\/03\/Banner_Saude_PortallavrasTV-200x29.png 200w\" sizes=\"(max-width: 720px) 100vw, 720px\" width=\"720\" height=\"104\"   \/><\/a><\/li><li><div id=\"lavra-3262381049\" style=\"width:720px;height:104px;background-color:#ddd;overflow:scroll;\">\n\t<strong>Sa\u00edda da depura\u00e7\u00e3o de an\u00fancios<\/strong>\n\t<br><br>\n\tO an\u00fancio n\u00e3o \u00e9 exibido na p\u00e1gina<br><br>post atual: Pesquisa da UFLA monitora animais silvestres no Parque Quedas do Rio Bonito, ID: 7876<br><br><span style=\"color: red;\">O post atual n\u00e3o \u00e9 id\u00eantico ao post principal.<\/span><br><br>An\u00fancios: ROXO - TOPO INTERNA - ROTATIVO 2 (197)<br \/>Grupo de an\u00fancios: Princ_Meio01_720x104 (27)<br><br>Condi\u00e7\u00f5es de exibi\u00e7\u00e3o<div style=\"margin-bottom: 20px; white-space: pre-wrap; font-family: monospace; width: 100%; background: #ffe9e9;\"><strong>condi\u00e7\u00f5es gerais<\/strong><table border=\"1\"><thead><tr><th><\/th><th>An\u00fancios<\/th><th>wp_the_query<\/th><\/tr><\/thead><tr><td>is_main_query<\/td><td>1<\/td><td>1<\/td><\/tr><tr><td>is_rest_api<\/td><td>0<\/td><td>1<\/td><\/tr><tr><td>page<\/td><td>0<\/td><td>1<\/td><\/tr><tr><td>numpages<\/td><td>0<\/td><td>1<\/td><\/tr><tr><td>is_archive<\/td><td>1<\/td><td><\/td><\/tr><tr><td>is_search<\/td><td>1<\/td><td><\/td><\/tr><tr><td>is_home<\/td><td>1<\/td><td><\/td><\/tr><tr><td>is_404<\/td><td>1<\/td><td><\/td><\/tr><tr><td>is_attachment<\/td><td>1<\/td><td><\/td><\/tr><tr><td>is_singular<\/td><td>1<\/td><td><\/td><\/tr><tr><td>is_front_page<\/td><td>1<\/td><td><\/td><\/tr><tr><td>is_feed<\/td><td>1<\/td><td><\/td><\/tr><\/table><\/div><br><br><span style=\"color: red;\">Seu site usa HTTPS, mas o c\u00f3digo do an\u00fancio cont\u00e9m HTTP e pode n\u00e3o funcionar.<\/span>\t<br><br>\n\t<a style=\"color: green;\" href=\"https:\/\/wpadvancedads.com\/manual\/ad-debug-mode\/?utm_source=advanced-ads&utm_medium=link&utm_campaign=ad-debug-mode\" target=\"_blank\" rel=\"nofollow\">Encontre solu\u00e7\u00f5es no manual<\/a>\n<\/div>\n<\/li><\/ul><\/div><script>( window.advanced_ads_ready || jQuery( document ).ready ).call( null, function() {var $lavraslider2269301744 = jQuery( \".lavra-slider-2269301744\" );$lavraslider2269301744.on( \"unslider.ready\", function() { jQuery( \"div.custom-slider ul li\" ).css( \"display\", \"block\" ); });$lavraslider2269301744.unslider({ delay:4000, autoplay:true, nav:false, arrows:false, infinite:true });$lavraslider2269301744.on(\"mouseover\", function() {$lavraslider2269301744.unslider(\"stop\");}).on(\"mouseout\", function() {$lavraslider2269301744.unslider(\"start\");});});<\/script><\/div><p>Treze esp\u00e9cies de animais silvestres foram monitoradas por armadilhas fotogr\u00e1ficas durante dez meses, no Parque Ecol\u00f3gico Quedas do Rio Bonito, em Lavras. <!--more--><img fetchpriority=\"high\" decoding=\"async\" class=\" wp-image-7877 aligncenter\" src=\"http:\/\/lavras.tv\/site\/wp-content\/uploads\/2017\/04\/bichos_1.jpg\" alt=\"bichos_1\" width=\"713\" height=\"422\" srcset=\"https:\/\/lavras.tv\/site\/wp-content\/uploads\/2017\/04\/bichos_1.jpg 769w, https:\/\/lavras.tv\/site\/wp-content\/uploads\/2017\/04\/bichos_1-150x89.jpg 150w, https:\/\/lavras.tv\/site\/wp-content\/uploads\/2017\/04\/bichos_1-300x178.jpg 300w\" sizes=\"(max-width: 713px) 100vw, 713px\" \/><\/p>\n<figure id=\"attachment_129437\" aria-describedby=\"caption-attachment-129437\" style=\"width: 174px\" class=\"wp-caption alignright\"><a href=\"http:\/\/www.ufla.br\/ascom\/wp-content\/uploads\/2017\/04\/cachorro.jpg\"><img decoding=\"async\" class=\"wp-image-129437\" src=\"http:\/\/www.ufla.br\/ascom\/wp-content\/uploads\/2017\/04\/cachorro-240x249.jpg\" sizes=\"(max-width: 240px) 100vw, 240px\" srcset=\"http:\/\/www.ufla.br\/ascom\/wp-content\/uploads\/2017\/04\/cachorro-240x249.jpg 240w, http:\/\/www.ufla.br\/ascom\/wp-content\/uploads\/2017\/04\/cachorro.jpg 319w\" width=\"174\" height=\"181\" \/><\/a><figcaption id=\"caption-attachment-129437\" class=\"wp-caption-text\">C\u00e3es foram localizados no parque<\/figcaption><\/figure>\n<p>De acordo com o professor Antonio Carlos da Silva Zanzini, do Departamento de Ci\u00eancias Florestais (DCF) da Universidade Federal de Lavras (UFLA), o trabalho, desenvolvido em parceria com a aluna do curso de biologia (bacharelado) Ellen Cristina M\u00f5es Oliveira, resultou em cerca de tr\u00eas mil registros que flagraram o per\u00edodo e o perfil de atividade dos bichos por 24 horas. Um deles, o porco do mato, foi encontrado pela primeira vez na reserva. Lobo-guar\u00e1 (vulner\u00e1vel \u00e0 extin\u00e7\u00e3o), cateto (vulner\u00e1vel \u00e0 extin\u00e7\u00e3o), irara, jaguatirica, sagui e coelho do mato e outros tamb\u00e9m foram localizados no parque.<\/p>\n<p>O monitoramento permitiu tamb\u00e9m avaliar a riqueza em esp\u00e9cies de mam\u00edferos de m\u00e9dio e grande porte do parque e analisar a similaridade entre os tipos fision\u00f4micos dos vegetais encontrados. O parque \u00e9 o maior de Lavras, com cerca de 250 hectares de extens\u00e3o, motivos que fizeram o professor a escolher o local para o levantamento. Aberta ao p\u00fablico, a reserva ecol\u00f3gica \u00e9 mantida por uma funda\u00e7\u00e3o.<\/p>\n<figure id=\"attachment_129438\" aria-describedby=\"caption-attachment-129438\" style=\"width: 179px\" class=\"wp-caption alignleft\"><a href=\"http:\/\/www.ufla.br\/ascom\/wp-content\/uploads\/2017\/04\/maquina-fotografica.jpg\"><img decoding=\"async\" class=\"wp-image-129438\" src=\"http:\/\/www.ufla.br\/ascom\/wp-content\/uploads\/2017\/04\/maquina-fotografica-249x234.jpg\" sizes=\"(max-width: 249px) 100vw, 249px\" srcset=\"http:\/\/www.ufla.br\/ascom\/wp-content\/uploads\/2017\/04\/maquina-fotografica-249x234.jpg 249w, http:\/\/www.ufla.br\/ascom\/wp-content\/uploads\/2017\/04\/maquina-fotografica.jpg 273w\" width=\"179\" height=\"168\" \/><\/a><figcaption id=\"caption-attachment-129438\" class=\"wp-caption-text\">Armadilhas fotogr\u00e1ficas utilizadas no trabalho<\/figcaption><\/figure>\n<p>Antes de deixar os equipamentos no parque, o Zanzini visitou a \u00e1rea e escolheu quatro tipos de vegeta\u00e7\u00e3o para desenvolver o trabalho. Os locais onde houve monitoramento compreendem Floresta Estacional Semidecidual, Mata de Galeria, Campo Cerrado e Cerrado T\u00edpico.O professor explicou que oito armadilhas fotogr\u00e1ficas foram fixadas em \u00e1rvores, a aproximadamente dez cent\u00edmetros de dist\u00e2ncia do solo, e em regi\u00f5es por onde os bichos circulam na mata. De acordo com Zanzini, cada m\u00e1quina pode captar os movimentos dos animais a cada 30 segundos, sendo que as c\u00e2meras ficaram em modo filmagem por 24 horas\/dia. Outro tipo de registro, o chamado de \u201cindependente\u201d pelo professor, flagrou as esp\u00e9cies no intervalo de tempo superior a uma hora.<\/p>\n<p>Com a a\u00e7\u00e3o, foi poss\u00edvel tamb\u00e9m identificar 400 registros da presen\u00e7a de c\u00e3es no parque e esses animais dom\u00e9sticos tiveram o mesmo hor\u00e1rio de circula\u00e7\u00e3o de oito esp\u00e9cies silvestres. Para o professor, essa constata\u00e7\u00e3o sinaliza um desequil\u00edbrio ambiental em raz\u00e3o da conviv\u00eancia entre bichos dom\u00e9sticos e nativos. Al\u00e9m desse problema, o Zanzini identificou que alguns animais de porte pequeno acabam virando presa para os cachorros.<br \/>\nPara que essa situa\u00e7\u00e3o seja controlada, Zanzini sugeriu captura e remo\u00e7\u00e3o dos c\u00e3es, controle da entrada desses animais na reserva e uma a\u00e7\u00e3o de educa\u00e7\u00e3o ambiental. O professor Zanzini avaliou como positivo o resultado do trabalho e disse que espera public\u00e1-lo em forma de artigo cient\u00edfico. Por fim, ele ressaltou a disponibilidade e a aten\u00e7\u00e3o da dire\u00e7\u00e3o do parque para a realiza\u00e7\u00e3o da pesquisa.<\/p>\n<p>&nbsp;<\/p>\n<p>Fonte: UFLA<\/p>\n","protected":false},"excerpt":{"rendered":"<p>Treze esp\u00e9cies de animais silvestres foram monitoradas por armadilhas fotogr\u00e1ficas durante dez meses, no Parque Ecol\u00f3gico Quedas do Rio Bonito, em Lavras.<\/p>\n","protected":false},"author":2,"featured_media":7878,"comment_status":"closed","ping_status":"open","sticky":false,"template":"","format":"standard","meta":{"advgb_blocks_editor_width":"","advgb_blocks_columns_visual_guide":"","_exactmetrics_skip_tracking":false,"_exactmetrics_sitenote_active":false,"_exactmetrics_sitenote_note":"","_exactmetrics_sitenote_category":0,"footnotes":""},"categories":[7,2],"tags":[3093,34,1309,1362,3092,56],"class_list":["post-7876","post","type-post","status-publish","format-standard","has-post-thumbnail","hentry","category-destaques","category-noticias","tag-animais-silvestres","tag-lavras","tag-parque-quedas-do-rio-bonito","tag-pesquisa","tag-poco-bonito","tag-ufla"],"better_featured_image":{"id":7878,"alt_text":"","caption":"","description":"","media_type":"image","media_details":{"width":1080,"height":720,"file":"2017\/04\/parque.jpg","sizes":{"thumbnail":{"file":"parque-150x100.jpg","width":150,"height":100,"mime-type":"image\/jpeg","source_url":"https:\/\/lavras.tv\/site\/wp-content\/uploads\/2017\/04\/parque-150x100.jpg"},"medium":{"file":"parque-300x200.jpg","width":300,"height":200,"mime-type":"image\/jpeg","source_url":"https:\/\/lavras.tv\/site\/wp-content\/uploads\/2017\/04\/parque-300x200.jpg"},"large":{"file":"parque-1024x683.jpg","width":1024,"height":683,"mime-type":"image\/jpeg","source_url":"https:\/\/lavras.tv\/site\/wp-content\/uploads\/2017\/04\/parque-1024x683.jpg"},"featured-slider-img":{"file":"parque-640x480.jpg","width":640,"height":480,"mime-type":"image\/jpeg","source_url":"https:\/\/lavras.tv\/site\/wp-content\/uploads\/2017\/04\/parque-640x480.jpg"},"featured-post-img":{"file":"parque-480x320.jpg","width":480,"height":320,"mime-type":"image\/jpeg","source_url":"https:\/\/lavras.tv\/site\/wp-content\/uploads\/2017\/04\/parque-480x320.jpg"},"sow-carousel-default":{"file":"parque-272x182.jpg","width":272,"height":182,"mime-type":"image\/jpeg","source_url":"https:\/\/lavras.tv\/site\/wp-content\/uploads\/2017\/04\/parque-272x182.jpg"}},"image_meta":{"aperture":"8","credit":"","camera":"Canon EOS DIGITAL REBEL XT","caption":"","created_timestamp":"1077284742","copyright":"","focal_length":"18","iso":"100","shutter_speed":"0.005","title":"","orientation":"1","keywords":[]}},"post":7876,"source_url":"https:\/\/lavras.tv\/site\/wp-content\/uploads\/2017\/04\/parque.jpg"},"author_meta":{"display_name":"Lavras TV","author_link":"https:\/\/lavras.tv\/site\/author\/lavrastv\/"},"featured_img":"https:\/\/lavras.tv\/site\/wp-content\/uploads\/2017\/04\/parque-300x200.jpg","coauthors":[],"tax_additional":{"categories":{"linked":["<a href=\"https:\/\/lavras.tv\/site\/category\/destaques\/\" class=\"advgb-post-tax-term\">Destaques<\/a>","<a href=\"https:\/\/lavras.tv\/site\/category\/noticias\/\" class=\"advgb-post-tax-term\">Not\u00edcias<\/a>"],"unlinked":["<span class=\"advgb-post-tax-term\">Destaques<\/span>","<span class=\"advgb-post-tax-term\">Not\u00edcias<\/span>"]},"tags":{"linked":["<a href=\"https:\/\/lavras.tv\/site\/category\/noticias\/\" class=\"advgb-post-tax-term\">animais silvestres<\/a>","<a href=\"https:\/\/lavras.tv\/site\/category\/noticias\/\" class=\"advgb-post-tax-term\">lavras<\/a>","<a href=\"https:\/\/lavras.tv\/site\/category\/noticias\/\" class=\"advgb-post-tax-term\">parque quedas do rio bonito<\/a>","<a href=\"https:\/\/lavras.tv\/site\/category\/noticias\/\" class=\"advgb-post-tax-term\">Pesquisa<\/a>","<a href=\"https:\/\/lavras.tv\/site\/category\/noticias\/\" class=\"advgb-post-tax-term\">po\u00e7o bonito<\/a>","<a href=\"https:\/\/lavras.tv\/site\/category\/noticias\/\" class=\"advgb-post-tax-term\">ufla<\/a>"],"unlinked":["<span class=\"advgb-post-tax-term\">animais silvestres<\/span>","<span class=\"advgb-post-tax-term\">lavras<\/span>","<span class=\"advgb-post-tax-term\">parque quedas do rio bonito<\/span>","<span class=\"advgb-post-tax-term\">Pesquisa<\/span>","<span class=\"advgb-post-tax-term\">po\u00e7o bonito<\/span>","<span class=\"advgb-post-tax-term\">ufla<\/span>"]}},"comment_count":"0","relative_dates":{"created":"Publicado 9 anos atr\u00e1s","modified":"Atualizado 9 anos atr\u00e1s"},"absolute_dates":{"created":"Publicado em 5 de abril de 2017","modified":"Atualizado em 5 de abril de 2017"},"absolute_dates_time":{"created":"Publicado em 5 de abril de 2017 09:07","modified":"Atualizado em 5 de abril de 2017 09:07"},"featured_img_caption":"","series_order":"","_links":{"self":[{"href":"https:\/\/lavras.tv\/site\/wp-json\/wp\/v2\/posts\/7876","targetHints":{"allow":["GET"]}}],"collection":[{"href":"https:\/\/lavras.tv\/site\/wp-json\/wp\/v2\/posts"}],"about":[{"href":"https:\/\/lavras.tv\/site\/wp-json\/wp\/v2\/types\/post"}],"author":[{"embeddable":true,"href":"https:\/\/lavras.tv\/site\/wp-json\/wp\/v2\/users\/2"}],"replies":[{"embeddable":true,"href":"https:\/\/lavras.tv\/site\/wp-json\/wp\/v2\/comments?post=7876"}],"version-history":[{"count":1,"href":"https:\/\/lavras.tv\/site\/wp-json\/wp\/v2\/posts\/7876\/revisions"}],"predecessor-version":[{"id":7879,"href":"https:\/\/lavras.tv\/site\/wp-json\/wp\/v2\/posts\/7876\/revisions\/7879"}],"wp:featuredmedia":[{"embeddable":true,"href":"https:\/\/lavras.tv\/site\/wp-json\/wp\/v2\/media\/7878"}],"wp:attachment":[{"href":"https:\/\/lavras.tv\/site\/wp-json\/wp\/v2\/media?parent=7876"}],"wp:term":[{"taxonomy":"category","embeddable":true,"href":"https:\/\/lavras.tv\/site\/wp-json\/wp\/v2\/categories?post=7876"},{"taxonomy":"post_tag","embeddable":true,"href":"https:\/\/lavras.tv\/site\/wp-json\/wp\/v2\/tags?post=7876"}],"curies":[{"name":"wp","href":"https:\/\/api.w.org\/{rel}","templated":true}]}}