{"id":7922,"date":"2017-04-06T08:59:33","date_gmt":"2017-04-06T11:59:33","guid":{"rendered":"http:\/\/lavras.tv\/site\/?p=7922"},"modified":"2017-04-06T08:59:33","modified_gmt":"2017-04-06T11:59:33","slug":"iii-ufla-de-portas-abertas-ja-esta-recebendo-inscricoes","status":"publish","type":"post","link":"https:\/\/lavras.tv\/site\/2017\/04\/06\/iii-ufla-de-portas-abertas-ja-esta-recebendo-inscricoes\/","title":{"rendered":"III UFLA de Portas Abertas j\u00e1 est\u00e1 recebendo inscri\u00e7\u00f5es"},"content":{"rendered":"<div class=\"lavra-antes-do-conteudo_2\" id=\"lavra-2103458544\"><div id=\"lavra-slider-27\" class=\"custom-slider lavra-slider-1709441786 lavra-slider\"><ul><li><div style=\"margin-left: auto;margin-right: auto;text-align: center;\" id=\"lavra-231631244\"><a href=\"https:\/\/sistemas.lavras.mg.gov.br\/portalcidadao\/#df1b1a7c7b2a290bcb31e32771e610784662739a88807c0dacac58ede5f391a7530e299dc302d611ee73cb143fc22eaf93592e53e7b5bdb01b00a0b8d28dae460c141dd2ff83412e4dc1c31b16b25f33144a9e5620ea73b13f5bc1c59411d98439ad226e8af03840603796067d87afe130812cf3de24982d0e306f9e61e764e5\" aria-label=\"Lavras-TV&#8211;720x104px (1) (1)\"><img src=\"https:\/\/lavras.tv\/site\/wp-content\/uploads\/2025\/01\/Lavras-TV-720x104px-1-1.png\" alt=\"\"  srcset=\"https:\/\/lavras.tv\/site\/wp-content\/uploads\/2025\/01\/Lavras-TV-720x104px-1-1.png 720w, https:\/\/lavras.tv\/site\/wp-content\/uploads\/2025\/01\/Lavras-TV-720x104px-1-1-470x68.png 470w, https:\/\/lavras.tv\/site\/wp-content\/uploads\/2025\/01\/Lavras-TV-720x104px-1-1-170x25.png 170w, https:\/\/lavras.tv\/site\/wp-content\/uploads\/2025\/01\/Lavras-TV-720x104px-1-1-200x29.png 200w\" sizes=\"(max-width: 720px) 100vw, 720px\" width=\"720\" height=\"104\"  style=\"display: inline-block;\" \/><\/a><\/div><\/li><li><a href=\"https:\/\/sistemas.lavras.mg.gov.br\/portalcidadao\/#df1b1a7c7b2a290bcb31e32771e610784662739a88807c0dacac58ede5f391a7530e299dc302d611ee73cb143fc22eaf93592e53e7b5bdb01b00a0b8d28dae460c141dd2ff83412e4dc1c31b16b25f33144a9e5620ea73b13f5bc1c59411d98439ad226e8af03840603796067d87afe130812cf3de24982d0e306f9e61e764e5\" aria-label=\"Banner_Emprego_PortallavrasTV\"><img src=\"https:\/\/lavras.tv\/site\/wp-content\/uploads\/2025\/03\/Banner_Emprego_PortallavrasTV.png\" alt=\"\"  srcset=\"https:\/\/lavras.tv\/site\/wp-content\/uploads\/2025\/03\/Banner_Emprego_PortallavrasTV.png 720w, https:\/\/lavras.tv\/site\/wp-content\/uploads\/2025\/03\/Banner_Emprego_PortallavrasTV-470x68.png 470w, https:\/\/lavras.tv\/site\/wp-content\/uploads\/2025\/03\/Banner_Emprego_PortallavrasTV-170x25.png 170w, https:\/\/lavras.tv\/site\/wp-content\/uploads\/2025\/03\/Banner_Emprego_PortallavrasTV-200x29.png 200w\" sizes=\"(max-width: 720px) 100vw, 720px\" width=\"720\" height=\"104\"   \/><\/a><\/li><li><a href=\"https:\/\/sistemas.lavras.mg.gov.br\/portalcidadao\/#df1b1a7c7b2a290bcb31e32771e610784662739a88807c0dacac58ede5f391a7530e299dc302d611ee73cb143fc22eaf93592e53e7b5bdb01b00a0b8d28dae460c141dd2ff83412e4dc1c31b16b25f33144a9e5620ea73b13f5bc1c59411d98439ad226e8af03840603796067d87afe130812cf3de24982d0e306f9e61e764e5\" aria-label=\"Banner_Obras_PortallavrasTV\"><img src=\"https:\/\/lavras.tv\/site\/wp-content\/uploads\/2025\/03\/Banner_Obras_PortallavrasTV.png\" alt=\"\"  srcset=\"https:\/\/lavras.tv\/site\/wp-content\/uploads\/2025\/03\/Banner_Obras_PortallavrasTV.png 720w, https:\/\/lavras.tv\/site\/wp-content\/uploads\/2025\/03\/Banner_Obras_PortallavrasTV-470x68.png 470w, https:\/\/lavras.tv\/site\/wp-content\/uploads\/2025\/03\/Banner_Obras_PortallavrasTV-170x25.png 170w, https:\/\/lavras.tv\/site\/wp-content\/uploads\/2025\/03\/Banner_Obras_PortallavrasTV-200x29.png 200w\" sizes=\"(max-width: 720px) 100vw, 720px\" width=\"720\" height=\"104\"   \/><\/a><\/li><li><div style=\"margin-left: auto;margin-right: auto;text-align: center;\" id=\"lavra-3935504977\"><a href=\"https:\/\/sistemas.lavras.mg.gov.br\/portalcidadao\/#df1b1a7c7b2a290bcb31e32771e610784662739a88807c0dacac58ede5f391a7530e299dc302d611ee73cb143fc22eaf93592e53e7b5bdb01b00a0b8d28dae460c141dd2ff83412e4dc1c31b16b25f33144a9e5620ea73b13f5bc1c59411d98439ad226e8af03840603796067d87afe130812cf3de24982d0e306f9e61e764e5\" aria-label=\"Banner_Educa\u00e7\u00e3o_PortallavrasTV\"><img src=\"https:\/\/lavras.tv\/site\/wp-content\/uploads\/2025\/01\/Banner_Educacao_PortallavrasTV.png\" alt=\"\"  srcset=\"https:\/\/lavras.tv\/site\/wp-content\/uploads\/2025\/01\/Banner_Educacao_PortallavrasTV.png 720w, https:\/\/lavras.tv\/site\/wp-content\/uploads\/2025\/01\/Banner_Educacao_PortallavrasTV-470x68.png 470w, https:\/\/lavras.tv\/site\/wp-content\/uploads\/2025\/01\/Banner_Educacao_PortallavrasTV-170x25.png 170w, https:\/\/lavras.tv\/site\/wp-content\/uploads\/2025\/01\/Banner_Educacao_PortallavrasTV-200x29.png 200w\" sizes=\"(max-width: 720px) 100vw, 720px\" width=\"720\" height=\"104\"  style=\"display: inline-block;\" \/><\/a><\/div><\/li><li><a href=\"https:\/\/sistemas.lavras.mg.gov.br\/portalcidadao\/#df1b1a7c7b2a290bcb31e32771e610784662739a88807c0dacac58ede5f391a7530e299dc302d611ee73cb143fc22eaf93592e53e7b5bdb01b00a0b8d28dae460c141dd2ff83412e4dc1c31b16b25f33144a9e5620ea73b13f5bc1c59411d98439ad226e8af03840603796067d87afe130812cf3de24982d0e306f9e61e764e5\" aria-label=\"Banner_Sa\u00fade_PortallavrasTV\"><img src=\"https:\/\/lavras.tv\/site\/wp-content\/uploads\/2025\/03\/Banner_Saude_PortallavrasTV.png\" alt=\"\"  srcset=\"https:\/\/lavras.tv\/site\/wp-content\/uploads\/2025\/03\/Banner_Saude_PortallavrasTV.png 720w, https:\/\/lavras.tv\/site\/wp-content\/uploads\/2025\/03\/Banner_Saude_PortallavrasTV-470x68.png 470w, https:\/\/lavras.tv\/site\/wp-content\/uploads\/2025\/03\/Banner_Saude_PortallavrasTV-170x25.png 170w, https:\/\/lavras.tv\/site\/wp-content\/uploads\/2025\/03\/Banner_Saude_PortallavrasTV-200x29.png 200w\" sizes=\"(max-width: 720px) 100vw, 720px\" width=\"720\" height=\"104\"   \/><\/a><\/li><li><div id=\"lavra-1859104863\" style=\"width:720px;height:104px;background-color:#ddd;overflow:scroll;\">\n\t<strong>Sa\u00edda da depura\u00e7\u00e3o de an\u00fancios<\/strong>\n\t<br><br>\n\tO an\u00fancio n\u00e3o \u00e9 exibido na p\u00e1gina<br><br>post atual: III UFLA de Portas Abertas j\u00e1 est\u00e1 recebendo inscri\u00e7\u00f5es, ID: 7922<br><br><span style=\"color: red;\">O post atual n\u00e3o \u00e9 id\u00eantico ao post principal.<\/span><br><br>An\u00fancios: ROXO - TOPO INTERNA - ROTATIVO 2 (197)<br \/>Grupo de an\u00fancios: Princ_Meio01_720x104 (27)<br><br>Condi\u00e7\u00f5es de exibi\u00e7\u00e3o<div style=\"margin-bottom: 20px; white-space: pre-wrap; font-family: monospace; width: 100%; background: #ffe9e9;\"><strong>condi\u00e7\u00f5es gerais<\/strong><table border=\"1\"><thead><tr><th><\/th><th>An\u00fancios<\/th><th>wp_the_query<\/th><\/tr><\/thead><tr><td>is_main_query<\/td><td>1<\/td><td>1<\/td><\/tr><tr><td>is_rest_api<\/td><td>0<\/td><td>1<\/td><\/tr><tr><td>page<\/td><td>0<\/td><td>1<\/td><\/tr><tr><td>numpages<\/td><td>0<\/td><td>1<\/td><\/tr><tr><td>is_archive<\/td><td>1<\/td><td><\/td><\/tr><tr><td>is_search<\/td><td>1<\/td><td><\/td><\/tr><tr><td>is_home<\/td><td>1<\/td><td><\/td><\/tr><tr><td>is_404<\/td><td>1<\/td><td><\/td><\/tr><tr><td>is_attachment<\/td><td>1<\/td><td><\/td><\/tr><tr><td>is_singular<\/td><td>1<\/td><td><\/td><\/tr><tr><td>is_front_page<\/td><td>1<\/td><td><\/td><\/tr><tr><td>is_feed<\/td><td>1<\/td><td><\/td><\/tr><\/table><\/div><br><br><span style=\"color: red;\">Seu site usa HTTPS, mas o c\u00f3digo do an\u00fancio cont\u00e9m HTTP e pode n\u00e3o funcionar.<\/span>\t<br><br>\n\t<a style=\"color: green;\" href=\"https:\/\/wpadvancedads.com\/manual\/ad-debug-mode\/?utm_source=advanced-ads&utm_medium=link&utm_campaign=ad-debug-mode\" target=\"_blank\" rel=\"nofollow\">Encontre solu\u00e7\u00f5es no manual<\/a>\n<\/div>\n<\/li><\/ul><\/div><script>( window.advanced_ads_ready || jQuery( document ).ready ).call( null, function() {var $lavraslider1709441786 = jQuery( \".lavra-slider-1709441786\" );$lavraslider1709441786.on( \"unslider.ready\", function() { jQuery( \"div.custom-slider ul li\" ).css( \"display\", \"block\" ); });$lavraslider1709441786.unslider({ delay:4000, autoplay:true, nav:false, arrows:false, infinite:true });$lavraslider1709441786.on(\"mouseover\", function() {$lavraslider1709441786.unslider(\"stop\");}).on(\"mouseout\", function() {$lavraslider1709441786.unslider(\"start\");});});<\/script><\/div><p>Est\u00e3o abertas as inscri\u00e7\u00f5es para o \u201c<a href=\"https:\/\/www.facebook.com\/ufladeportasabertas\/\"><strong>III\u00a0UFLA\u00a0de\u00a0Portas\u00a0Abertas<\/strong><\/a>\u201d. <!--more-->A mostra de profiss\u00f5es da Universidade Federal de Lavras (UFLA) ocorrer\u00e1 em 21 de junho, sob a organiza\u00e7\u00e3o da Pr\u00f3-Reitoria de Extens\u00e3o e Cultura (Proec) e colabora\u00e7\u00e3o de toda a comunidade acad\u00eamica. O objetivo \u00e9 permitir que os estudantes matriculados no Ensino M\u00e9dio conhe\u00e7am os cursos de gradua\u00e7\u00e3o, as respectivas profiss\u00f5es e o funcionamento da Universidade.<\/p>\n<p><img fetchpriority=\"high\" decoding=\"async\" class=\"size-full wp-image-1328 aligncenter\" src=\"http:\/\/lavras.tv\/site\/wp-content\/uploads\/2016\/08\/uflacampus.jpg\" alt=\"uflacampus\" width=\"512\" height=\"384\" srcset=\"https:\/\/lavras.tv\/site\/wp-content\/uploads\/2016\/08\/uflacampus.jpg 512w, https:\/\/lavras.tv\/site\/wp-content\/uploads\/2016\/08\/uflacampus-150x113.jpg 150w, https:\/\/lavras.tv\/site\/wp-content\/uploads\/2016\/08\/uflacampus-300x225.jpg 300w\" sizes=\"(max-width: 512px) 100vw, 512px\" \/><\/p>\n<p>As escolas p\u00fablicas e particulares, interessadas em participar, j\u00e1 podem acessar o formul\u00e1rio de inscri\u00e7\u00e3o (<a href=\"https:\/\/docs.google.com\/forms\/d\/e\/1FAIpQLSeA1U7qbyuPUrkl1ZXq2l1lnPeiFYft80N0YF29Ngr31XsoyA\/viewform?c=0&amp;w=1\">clique aqui<\/a>), que deve ser preenchido por um respons\u00e1vel (professores, secret\u00e1rios, diretores, coordenadores, entre outros) da escola. \u00c9 v\u00e1lido ressaltar que o evento n\u00e3o aceita inscri\u00e7\u00f5es individuais de estudantes, apenas das escolas.<\/p>\n<p>A UFLA estar\u00e1 novamente atenta \u00e0 acessibilidade.\u00a0Sendo assim, escolas que tiverem algum aluno que necessite de atendimento especial devem especificar na ficha de inscri\u00e7\u00e3o. Na segunda edi\u00e7\u00e3o, dez estudantes com necessidades especiais\u00a0foram recebidos durante o evento. A equipe do N\u00facleo de Acessibilidade (NaUFLA) ofereceu suporte a eles, acompanhando-os durante a visita.<\/p>\n<p>Atualmente, a UFLA conta com 35 cursos de gradua\u00e7\u00e3o, entre presenciais e a dist\u00e2ncia. Durante o evento, os visitantes t\u00eam a oportunidade de conversar com professores e estudantes, numa troca de experi\u00eancias e informa\u00e7\u00f5es que pode ser determinante para seu futuro.<\/p>\n<p><strong>O evento<\/strong><\/p>\n<p><a href=\"http:\/\/www.ufla.br\/ascom\/wp-content\/uploads\/2017\/04\/IMG_0185.jpg\"><img decoding=\"async\" class=\" wp-image-129484 alignleft\" src=\"http:\/\/www.ufla.br\/ascom\/wp-content\/uploads\/2017\/04\/IMG_0185-249x160.jpg\" sizes=\"(max-width: 255px) 100vw, 255px\" srcset=\"http:\/\/www.ufla.br\/ascom\/wp-content\/uploads\/2017\/04\/IMG_0185-249x160.jpg 249w, http:\/\/www.ufla.br\/ascom\/wp-content\/uploads\/2017\/04\/IMG_0185-768x495.jpg 768w, http:\/\/www.ufla.br\/ascom\/wp-content\/uploads\/2017\/04\/IMG_0185-612x394.jpg 612w\" alt=\"\" width=\"255\" height=\"164\" \/><\/a>Cada coordenador de curso com as equipes de acad\u00eamicos da UFLA receber\u00e3o os estudantes com visitas guiadas. Durante a visita \u00e9 indispens\u00e1vel a presen\u00e7a de um respons\u00e1vel da escola inscrita para acompanhar os alunos.<\/p>\n<p>A comunidade acad\u00eamica estar\u00e1 organizada, nos diferentes departamentos da\u00a0Universidade, para receber os participantes com visitas guiadas, palestras, demonstra\u00e7\u00f5es e apresenta\u00e7\u00f5es culturais, de maneira que eles possam conhecer os cursos, a estrutura da institui\u00e7\u00e3o e as pesquisas desenvolvidas.<\/p>\n<p>Na segunda edi\u00e7\u00e3o, participaram aproximadamente dez mil estudantes, de 98 munic\u00edpios. O movimento foi intenso das 8h \u00e0s 19h, com a participa\u00e7\u00e3o de mais de 150 escolas p\u00fablicas e particulares. Em cada lugar da Universidade havia uma programa\u00e7\u00e3o extensa com diversas atividades te\u00f3ricas e pr\u00e1ticas. Assim, os estudantes do Ensino M\u00e9dio tiveram a oportunidade de conhecer os cursos, a estrutura da institui\u00e7\u00e3o e as pesquisas desenvolvidas.<\/p>\n<p><strong>Alimenta\u00e7\u00e3o<\/strong><\/p>\n<p>H\u00e1 um limite de refei\u00e7\u00f5es ofertadas pelo Restaurante Universit\u00e1rio (RU) durante o evento. Por isso, ser\u00e3o seguidos alguns crit\u00e9rios para selecionar as escolas que poder\u00e3o usufruir do almo\u00e7o no RU pelo valor R$ 5,00 por pessoa:<\/p>\n<p>Primeiro:\u00a0Escola P\u00fablica;<\/p>\n<p>Segundo: Ordem de inscri\u00e7\u00e3o.<\/p>\n<p>Ap\u00f3s a demonstra\u00e7\u00e3o de interesse em almo\u00e7ar no RU (por meio do preenchimento do formul\u00e1rio de inscri\u00e7\u00e3o), se ainda houver vagas dispon\u00edveis, a organiza\u00e7\u00e3o do evento entrar\u00e1 em contato confirmando o atendimento. Neste momento, a escola j\u00e1 dever\u00e1 informar o n\u00famero exato de alunos visitantes, com a menor margem de erro poss\u00edvel, para que assim outros alunos possam ser atendidos.<\/p>\n<p><strong>Parcerias<\/strong><\/p>\n<p><a href=\"http:\/\/www.ufla.br\/ascom\/wp-content\/uploads\/2017\/04\/IMG_0077.jpg\"><img decoding=\"async\" class=\"size-medium wp-image-129483 alignleft\" src=\"http:\/\/www.ufla.br\/ascom\/wp-content\/uploads\/2017\/04\/IMG_0077-249x166.jpg\" sizes=\"(max-width: 249px) 100vw, 249px\" srcset=\"http:\/\/www.ufla.br\/ascom\/wp-content\/uploads\/2017\/04\/IMG_0077-249x166.jpg 249w, http:\/\/www.ufla.br\/ascom\/wp-content\/uploads\/2017\/04\/IMG_0077-768x512.jpg 768w, http:\/\/www.ufla.br\/ascom\/wp-content\/uploads\/2017\/04\/IMG_0077-612x408.jpg 612w, http:\/\/www.ufla.br\/ascom\/wp-content\/uploads\/2017\/04\/IMG_0077.jpg 850w\" alt=\"\" width=\"249\" height=\"166\" \/><\/a>Empresas que tenham interesse em ser apoiadoras do evento devem ficar atentas ao Plano de Apoio do III UFLA de Portas Abertas. Atualmente, os produtos e servi\u00e7os necess\u00e1rios para a realiza\u00e7\u00e3o do evento s\u00e3o: <em>coffee break,<\/em> coletes de identifica\u00e7\u00e3o, materiais gr\u00e1ficos e canecas.<\/p>\n<p>Por se tratar de um evento institucional, o UFLA de Portas Abertas possui grande capacidade de alcan\u00e7ar diferentes localidades atrav\u00e9s de m\u00eddias de divulga\u00e7\u00e3o, atingindo diferentes p\u00fablicos. Al\u00e9m disso, apoiar uma mostra de profiss\u00f5es evidencia o papel social de uma organiza\u00e7\u00e3o, que se preocupa com o desenvolvimento dos indiv\u00edduos, a partir da educa\u00e7\u00e3o e desenvolvimento social.<\/p>\n<p>Clique aqui para acessar o <a href=\"http:\/\/www.ufla.br\/ascom\/wp-content\/uploads\/2017\/04\/Plano-de-Apoio-UFLA-de-Portas-Abertas.pdf\">Plano de Apoio \u2013 UFLA de Portas Abertas<\/a><\/p>\n<p>Em caso de d\u00favidas, entre em contato pelo e-mail: <a href=\"mailto:codets@proec.ufla.br\">codets@proec.ufla.br<\/a> ou pelo telefone: (35 3829-1101 \/ 35 3829-1317).<\/p>\n<p>Fonte: UFLA<\/p>\n","protected":false},"excerpt":{"rendered":"<p>Est\u00e3o abertas as inscri\u00e7\u00f5es para o \u201cIII\u00a0UFLA\u00a0de\u00a0Portas\u00a0Abertas\u201d.<\/p>\n","protected":false},"author":2,"featured_media":1328,"comment_status":"closed","ping_status":"open","sticky":false,"template":"","format":"standard","meta":{"advgb_blocks_editor_width":"","advgb_blocks_columns_visual_guide":"","_exactmetrics_skip_tracking":false,"_exactmetrics_sitenote_active":false,"_exactmetrics_sitenote_note":"","_exactmetrics_sitenote_category":0,"footnotes":""},"categories":[7,2],"tags":[1487,3104,56,3102,3103],"class_list":["post-7922","post","type-post","status-publish","format-standard","has-post-thumbnail","hentry","category-destaques","category-noticias","tag-escolas","tag-feira-de-profissoes","tag-ufla","tag-ufla-de-portas-abertas","tag-visitas"],"better_featured_image":{"id":1328,"alt_text":"","caption":"","description":"","media_type":"image","media_details":{"width":512,"height":384,"file":"2016\/08\/uflacampus.jpg","sizes":{"thumbnail":{"file":"uflacampus-150x113.jpg","width":150,"height":113,"mime-type":"image\/jpeg","source_url":"https:\/\/lavras.tv\/site\/wp-content\/uploads\/2016\/08\/uflacampus-150x113.jpg"},"medium":{"file":"uflacampus-300x225.jpg","width":300,"height":225,"mime-type":"image\/jpeg","source_url":"https:\/\/lavras.tv\/site\/wp-content\/uploads\/2016\/08\/uflacampus-300x225.jpg"},"featured-post-img":{"file":"uflacampus-480x320.jpg","width":480,"height":320,"mime-type":"image\/jpeg","source_url":"https:\/\/lavras.tv\/site\/wp-content\/uploads\/2016\/08\/uflacampus-480x320.jpg"},"sow-carousel-default":{"file":"uflacampus-272x182.jpg","width":272,"height":182,"mime-type":"image\/jpeg","source_url":"https:\/\/lavras.tv\/site\/wp-content\/uploads\/2016\/08\/uflacampus-272x182.jpg"}},"image_meta":{"aperture":"0","credit":"","camera":"","caption":"","created_timestamp":"0","copyright":"","focal_length":"0","iso":"0","shutter_speed":"0","title":"","orientation":"0","keywords":[]}},"post":1327,"source_url":"https:\/\/lavras.tv\/site\/wp-content\/uploads\/2016\/08\/uflacampus.jpg"},"author_meta":{"display_name":"Lavras TV","author_link":"https:\/\/lavras.tv\/site\/author\/lavrastv\/"},"featured_img":"https:\/\/lavras.tv\/site\/wp-content\/uploads\/2016\/08\/uflacampus-300x225.jpg","coauthors":[],"tax_additional":{"categories":{"linked":["<a href=\"https:\/\/lavras.tv\/site\/category\/destaques\/\" class=\"advgb-post-tax-term\">Destaques<\/a>","<a href=\"https:\/\/lavras.tv\/site\/category\/noticias\/\" class=\"advgb-post-tax-term\">Not\u00edcias<\/a>"],"unlinked":["<span class=\"advgb-post-tax-term\">Destaques<\/span>","<span class=\"advgb-post-tax-term\">Not\u00edcias<\/span>"]},"tags":{"linked":["<a href=\"https:\/\/lavras.tv\/site\/category\/noticias\/\" class=\"advgb-post-tax-term\">escolas<\/a>","<a href=\"https:\/\/lavras.tv\/site\/category\/noticias\/\" class=\"advgb-post-tax-term\">feira de profiss\u00f5es<\/a>","<a href=\"https:\/\/lavras.tv\/site\/category\/noticias\/\" class=\"advgb-post-tax-term\">ufla<\/a>","<a href=\"https:\/\/lavras.tv\/site\/category\/noticias\/\" class=\"advgb-post-tax-term\">UFLA de portas abertas<\/a>","<a href=\"https:\/\/lavras.tv\/site\/category\/noticias\/\" class=\"advgb-post-tax-term\">visitas<\/a>"],"unlinked":["<span class=\"advgb-post-tax-term\">escolas<\/span>","<span class=\"advgb-post-tax-term\">feira de profiss\u00f5es<\/span>","<span class=\"advgb-post-tax-term\">ufla<\/span>","<span class=\"advgb-post-tax-term\">UFLA de portas abertas<\/span>","<span class=\"advgb-post-tax-term\">visitas<\/span>"]}},"comment_count":"0","relative_dates":{"created":"Publicado 9 anos atr\u00e1s","modified":"Atualizado 9 anos atr\u00e1s"},"absolute_dates":{"created":"Publicado em 6 de abril de 2017","modified":"Atualizado em 6 de abril de 2017"},"absolute_dates_time":{"created":"Publicado em 6 de abril de 2017 08:59","modified":"Atualizado em 6 de abril de 2017 08:59"},"featured_img_caption":"","series_order":"","_links":{"self":[{"href":"https:\/\/lavras.tv\/site\/wp-json\/wp\/v2\/posts\/7922","targetHints":{"allow":["GET"]}}],"collection":[{"href":"https:\/\/lavras.tv\/site\/wp-json\/wp\/v2\/posts"}],"about":[{"href":"https:\/\/lavras.tv\/site\/wp-json\/wp\/v2\/types\/post"}],"author":[{"embeddable":true,"href":"https:\/\/lavras.tv\/site\/wp-json\/wp\/v2\/users\/2"}],"replies":[{"embeddable":true,"href":"https:\/\/lavras.tv\/site\/wp-json\/wp\/v2\/comments?post=7922"}],"version-history":[{"count":1,"href":"https:\/\/lavras.tv\/site\/wp-json\/wp\/v2\/posts\/7922\/revisions"}],"predecessor-version":[{"id":7923,"href":"https:\/\/lavras.tv\/site\/wp-json\/wp\/v2\/posts\/7922\/revisions\/7923"}],"wp:featuredmedia":[{"embeddable":true,"href":"https:\/\/lavras.tv\/site\/wp-json\/wp\/v2\/media\/1328"}],"wp:attachment":[{"href":"https:\/\/lavras.tv\/site\/wp-json\/wp\/v2\/media?parent=7922"}],"wp:term":[{"taxonomy":"category","embeddable":true,"href":"https:\/\/lavras.tv\/site\/wp-json\/wp\/v2\/categories?post=7922"},{"taxonomy":"post_tag","embeddable":true,"href":"https:\/\/lavras.tv\/site\/wp-json\/wp\/v2\/tags?post=7922"}],"curies":[{"name":"wp","href":"https:\/\/api.w.org\/{rel}","templated":true}]}}