{"id":7924,"date":"2017-04-06T09:03:13","date_gmt":"2017-04-06T12:03:13","guid":{"rendered":"http:\/\/lavras.tv\/site\/?p=7924"},"modified":"2017-04-06T09:03:13","modified_gmt":"2017-04-06T12:03:13","slug":"projeto-social-ha-cinco-anos-o-poscafe-promove-a-doacao-de-cafes-especiais-ao-lar-esperanca-e-vida","status":"publish","type":"post","link":"https:\/\/lavras.tv\/site\/2017\/04\/06\/projeto-social-ha-cinco-anos-o-poscafe-promove-a-doacao-de-cafes-especiais-ao-lar-esperanca-e-vida\/","title":{"rendered":"Projeto social: h\u00e1 cinco anos o P\u00f3sCaf\u00e9 promove a doa\u00e7\u00e3o de caf\u00e9s especiais ao Lar Esperan\u00e7a e Vida"},"content":{"rendered":"<div class=\"lavra-antes-do-conteudo_2\" id=\"lavra-622454543\"><div id=\"lavra-slider-27\" class=\"custom-slider lavra-slider-3515466677 lavra-slider\"><ul><li><div style=\"margin-left: auto;margin-right: auto;text-align: center;\" id=\"lavra-2671190090\"><a href=\"https:\/\/sistemas.lavras.mg.gov.br\/portalcidadao\/#df1b1a7c7b2a290bcb31e32771e610784662739a88807c0dacac58ede5f391a7530e299dc302d611ee73cb143fc22eaf93592e53e7b5bdb01b00a0b8d28dae460c141dd2ff83412e4dc1c31b16b25f33144a9e5620ea73b13f5bc1c59411d98439ad226e8af03840603796067d87afe130812cf3de24982d0e306f9e61e764e5\" aria-label=\"Lavras-TV&#8211;720x104px (1) (1)\"><img src=\"https:\/\/lavras.tv\/site\/wp-content\/uploads\/2025\/01\/Lavras-TV-720x104px-1-1.png\" alt=\"\"  srcset=\"https:\/\/lavras.tv\/site\/wp-content\/uploads\/2025\/01\/Lavras-TV-720x104px-1-1.png 720w, https:\/\/lavras.tv\/site\/wp-content\/uploads\/2025\/01\/Lavras-TV-720x104px-1-1-470x68.png 470w, https:\/\/lavras.tv\/site\/wp-content\/uploads\/2025\/01\/Lavras-TV-720x104px-1-1-170x25.png 170w, https:\/\/lavras.tv\/site\/wp-content\/uploads\/2025\/01\/Lavras-TV-720x104px-1-1-200x29.png 200w\" sizes=\"(max-width: 720px) 100vw, 720px\" width=\"720\" height=\"104\"  style=\"display: inline-block;\" \/><\/a><\/div><\/li><li><a href=\"https:\/\/sistemas.lavras.mg.gov.br\/portalcidadao\/#df1b1a7c7b2a290bcb31e32771e610784662739a88807c0dacac58ede5f391a7530e299dc302d611ee73cb143fc22eaf93592e53e7b5bdb01b00a0b8d28dae460c141dd2ff83412e4dc1c31b16b25f33144a9e5620ea73b13f5bc1c59411d98439ad226e8af03840603796067d87afe130812cf3de24982d0e306f9e61e764e5\" aria-label=\"Banner_Emprego_PortallavrasTV\"><img src=\"https:\/\/lavras.tv\/site\/wp-content\/uploads\/2025\/03\/Banner_Emprego_PortallavrasTV.png\" alt=\"\"  srcset=\"https:\/\/lavras.tv\/site\/wp-content\/uploads\/2025\/03\/Banner_Emprego_PortallavrasTV.png 720w, https:\/\/lavras.tv\/site\/wp-content\/uploads\/2025\/03\/Banner_Emprego_PortallavrasTV-470x68.png 470w, https:\/\/lavras.tv\/site\/wp-content\/uploads\/2025\/03\/Banner_Emprego_PortallavrasTV-170x25.png 170w, https:\/\/lavras.tv\/site\/wp-content\/uploads\/2025\/03\/Banner_Emprego_PortallavrasTV-200x29.png 200w\" sizes=\"(max-width: 720px) 100vw, 720px\" width=\"720\" height=\"104\"   \/><\/a><\/li><li><a href=\"https:\/\/sistemas.lavras.mg.gov.br\/portalcidadao\/#df1b1a7c7b2a290bcb31e32771e610784662739a88807c0dacac58ede5f391a7530e299dc302d611ee73cb143fc22eaf93592e53e7b5bdb01b00a0b8d28dae460c141dd2ff83412e4dc1c31b16b25f33144a9e5620ea73b13f5bc1c59411d98439ad226e8af03840603796067d87afe130812cf3de24982d0e306f9e61e764e5\" aria-label=\"Banner_Obras_PortallavrasTV\"><img src=\"https:\/\/lavras.tv\/site\/wp-content\/uploads\/2025\/03\/Banner_Obras_PortallavrasTV.png\" alt=\"\"  srcset=\"https:\/\/lavras.tv\/site\/wp-content\/uploads\/2025\/03\/Banner_Obras_PortallavrasTV.png 720w, https:\/\/lavras.tv\/site\/wp-content\/uploads\/2025\/03\/Banner_Obras_PortallavrasTV-470x68.png 470w, https:\/\/lavras.tv\/site\/wp-content\/uploads\/2025\/03\/Banner_Obras_PortallavrasTV-170x25.png 170w, https:\/\/lavras.tv\/site\/wp-content\/uploads\/2025\/03\/Banner_Obras_PortallavrasTV-200x29.png 200w\" sizes=\"(max-width: 720px) 100vw, 720px\" width=\"720\" height=\"104\"   \/><\/a><\/li><li><div style=\"margin-left: auto;margin-right: auto;text-align: center;\" id=\"lavra-2537287851\"><a href=\"https:\/\/sistemas.lavras.mg.gov.br\/portalcidadao\/#df1b1a7c7b2a290bcb31e32771e610784662739a88807c0dacac58ede5f391a7530e299dc302d611ee73cb143fc22eaf93592e53e7b5bdb01b00a0b8d28dae460c141dd2ff83412e4dc1c31b16b25f33144a9e5620ea73b13f5bc1c59411d98439ad226e8af03840603796067d87afe130812cf3de24982d0e306f9e61e764e5\" aria-label=\"Banner_Educa\u00e7\u00e3o_PortallavrasTV\"><img src=\"https:\/\/lavras.tv\/site\/wp-content\/uploads\/2025\/01\/Banner_Educacao_PortallavrasTV.png\" alt=\"\"  srcset=\"https:\/\/lavras.tv\/site\/wp-content\/uploads\/2025\/01\/Banner_Educacao_PortallavrasTV.png 720w, https:\/\/lavras.tv\/site\/wp-content\/uploads\/2025\/01\/Banner_Educacao_PortallavrasTV-470x68.png 470w, https:\/\/lavras.tv\/site\/wp-content\/uploads\/2025\/01\/Banner_Educacao_PortallavrasTV-170x25.png 170w, https:\/\/lavras.tv\/site\/wp-content\/uploads\/2025\/01\/Banner_Educacao_PortallavrasTV-200x29.png 200w\" sizes=\"(max-width: 720px) 100vw, 720px\" width=\"720\" height=\"104\"  style=\"display: inline-block;\" \/><\/a><\/div><\/li><li><a href=\"https:\/\/sistemas.lavras.mg.gov.br\/portalcidadao\/#df1b1a7c7b2a290bcb31e32771e610784662739a88807c0dacac58ede5f391a7530e299dc302d611ee73cb143fc22eaf93592e53e7b5bdb01b00a0b8d28dae460c141dd2ff83412e4dc1c31b16b25f33144a9e5620ea73b13f5bc1c59411d98439ad226e8af03840603796067d87afe130812cf3de24982d0e306f9e61e764e5\" aria-label=\"Banner_Sa\u00fade_PortallavrasTV\"><img src=\"https:\/\/lavras.tv\/site\/wp-content\/uploads\/2025\/03\/Banner_Saude_PortallavrasTV.png\" alt=\"\"  srcset=\"https:\/\/lavras.tv\/site\/wp-content\/uploads\/2025\/03\/Banner_Saude_PortallavrasTV.png 720w, https:\/\/lavras.tv\/site\/wp-content\/uploads\/2025\/03\/Banner_Saude_PortallavrasTV-470x68.png 470w, https:\/\/lavras.tv\/site\/wp-content\/uploads\/2025\/03\/Banner_Saude_PortallavrasTV-170x25.png 170w, https:\/\/lavras.tv\/site\/wp-content\/uploads\/2025\/03\/Banner_Saude_PortallavrasTV-200x29.png 200w\" sizes=\"(max-width: 720px) 100vw, 720px\" width=\"720\" height=\"104\"   \/><\/a><\/li><li><div id=\"lavra-2853903904\" style=\"width:720px;height:104px;background-color:#ddd;overflow:scroll;\">\n\t<strong>Sa\u00edda da depura\u00e7\u00e3o de an\u00fancios<\/strong>\n\t<br><br>\n\tO an\u00fancio n\u00e3o \u00e9 exibido na p\u00e1gina<br><br>post atual: Projeto social: h\u00e1 cinco anos o P\u00f3sCaf\u00e9 promove a doa\u00e7\u00e3o de caf\u00e9s especiais ao Lar Esperan\u00e7a e Vida, ID: 7924<br><br><span style=\"color: red;\">O post atual n\u00e3o \u00e9 id\u00eantico ao post principal.<\/span><br><br>An\u00fancios: ROXO - TOPO INTERNA - ROTATIVO 2 (197)<br \/>Grupo de an\u00fancios: Princ_Meio01_720x104 (27)<br><br>Condi\u00e7\u00f5es de exibi\u00e7\u00e3o<div style=\"margin-bottom: 20px; white-space: pre-wrap; font-family: monospace; width: 100%; background: #ffe9e9;\"><strong>condi\u00e7\u00f5es gerais<\/strong><table border=\"1\"><thead><tr><th><\/th><th>An\u00fancios<\/th><th>wp_the_query<\/th><\/tr><\/thead><tr><td>is_main_query<\/td><td>1<\/td><td>1<\/td><\/tr><tr><td>is_rest_api<\/td><td>0<\/td><td>1<\/td><\/tr><tr><td>page<\/td><td>0<\/td><td>1<\/td><\/tr><tr><td>numpages<\/td><td>0<\/td><td>1<\/td><\/tr><tr><td>is_archive<\/td><td>1<\/td><td><\/td><\/tr><tr><td>is_search<\/td><td>1<\/td><td><\/td><\/tr><tr><td>is_home<\/td><td>1<\/td><td><\/td><\/tr><tr><td>is_404<\/td><td>1<\/td><td><\/td><\/tr><tr><td>is_attachment<\/td><td>1<\/td><td><\/td><\/tr><tr><td>is_singular<\/td><td>1<\/td><td><\/td><\/tr><tr><td>is_front_page<\/td><td>1<\/td><td><\/td><\/tr><tr><td>is_feed<\/td><td>1<\/td><td><\/td><\/tr><\/table><\/div><br><br><span style=\"color: red;\">Seu site usa HTTPS, mas o c\u00f3digo do an\u00fancio cont\u00e9m HTTP e pode n\u00e3o funcionar.<\/span>\t<br><br>\n\t<a style=\"color: green;\" href=\"https:\/\/wpadvancedads.com\/manual\/ad-debug-mode\/?utm_source=advanced-ads&utm_medium=link&utm_campaign=ad-debug-mode\" target=\"_blank\" rel=\"nofollow\">Encontre solu\u00e7\u00f5es no manual<\/a>\n<\/div>\n<\/li><\/ul><\/div><script>( window.advanced_ads_ready || jQuery( document ).ready ).call( null, function() {var $lavraslider3515466677 = jQuery( \".lavra-slider-3515466677\" );$lavraslider3515466677.on( \"unslider.ready\", function() { jQuery( \"div.custom-slider ul li\" ).css( \"display\", \"block\" ); });$lavraslider3515466677.unslider({ delay:4000, autoplay:true, nav:false, arrows:false, infinite:true });$lavraslider3515466677.on(\"mouseover\", function() {$lavraslider3515466677.unslider(\"stop\");}).on(\"mouseout\", function() {$lavraslider3515466677.unslider(\"start\");});});<\/script><\/div><p>Desde 2013, o N\u00facleo de Estudos em P\u00f3s-Colheita do Caf\u00e9 (P\u00f3sCaf\u00e9), da Universidade Federal de Lavras, promove a doa\u00e7\u00e3o de caf\u00e9s especiais \u00e0 institui\u00e7\u00e3o filantr\u00f3pica de apoio ao paciente oncol\u00f3gico Lar Esperan\u00e7a e Vida (LarEVida), com o objetivo de propiciar aos pacientes em tratamento de c\u00e2ncer o consumo de um caf\u00e9 de melhor qualidade.<!--more--><\/p>\n<p>O LarEVida oferece assist\u00eancia a pacientes com c\u00e2ncer e seus familiares, em \u00e1reas que complementam o tratamento, como psicologia, nutri\u00e7\u00e3o, odontologia, enfermagem e assist\u00eancia social.\u00a0Cerca de 50 pacientes frequentam a institui\u00e7\u00e3o diariamente, e todas as tardes eles podem usufruir de um caf\u00e9 especial. Atualmente, s\u00e3o doados cerca de 10 quilos de caf\u00e9 por m\u00eas. Esta iniciativa al\u00e9m de ter um fator social muito significativo, colabora com a dissemina\u00e7\u00e3o do conceito para consumo de caf\u00e9s de qualidade.<\/p>\n<div id=\"attachment_129470\" class=\"wp-caption alignleft\"><a href=\"http:\/\/www.ufla.br\/ascom\/wp-content\/uploads\/2017\/04\/poscafe_3.jpg\"><img decoding=\"async\" class=\"wp-image-129470 \" src=\"http:\/\/www.ufla.br\/ascom\/wp-content\/uploads\/2017\/04\/poscafe_3-249x156.jpg\" sizes=\"(max-width: 235px) 100vw, 235px\" srcset=\"http:\/\/www.ufla.br\/ascom\/wp-content\/uploads\/2017\/04\/poscafe_3-249x156.jpg 249w, http:\/\/www.ufla.br\/ascom\/wp-content\/uploads\/2017\/04\/poscafe_3-768x480.jpg 768w, http:\/\/www.ufla.br\/ascom\/wp-content\/uploads\/2017\/04\/poscafe_3-612x383.jpg 612w, http:\/\/www.ufla.br\/ascom\/wp-content\/uploads\/2017\/04\/poscafe_3.jpg 960w\" alt=\"\" width=\"235\" height=\"147\" \/><\/a><\/p>\n<p class=\"wp-caption-text\">Caf\u00e9 especial \u00e9 realizado no LarEVida<\/p>\n<\/div>\n<p>\u201cO caf\u00e9 que o Lar e Vida recebe mensalmente,\u00a0de doa\u00e7\u00e3o da Universidade Federal de Lavras, \u00e9 um caf\u00e9 de grande qualidade. \u00c9 utilizado no lanche diariamente, al\u00e9m de servir\u00a0para completar as cestas b\u00e1sicas que doamos todos os meses.\u00a0 Desta maneira garantimos a complementa\u00e7\u00e3o alimentar dos assistidos e economizamos recursos que ser\u00e3o investidos em outros itens para atend\u00ea-los\u201d, comenta a auxiliar administrativo no LarEVida Cl\u00e1udia Zacaroni.<\/p>\n<p>O P\u00f3sCaf\u00e9 \u00e9 um \u00f3rg\u00e3o destinado a congregar pesquisadores, professores, estudantes e demais interessados em p\u00f3s-colheita do caf\u00e9. Tendo por finalidade melhorar a forma\u00e7\u00e3o de seus integrantes, com eventos que possam contribuir para um melhor aproveitamento dos conhecimentos gerados nesta \u00e1rea. O N\u00facleo tem como tutores os professores Fl\u00e1vio Meira Bor\u00e9m e Ednilton Tavares. A equipe \u00e9 composta por 18 integrantes, sendo estudantes da gradua\u00e7\u00e3o e p\u00f3s-gradua\u00e7\u00e3o.<\/p>\n<p>As iniciativas das doa\u00e7\u00f5es ao LarEVida partiu do tutor Bor\u00e9m, tamb\u00e9m coordenador do Laborat\u00f3rio de Processamento de produtos Agr\u00edcolas (LPPA), juntamente com o professor Ednilton. Neste local, que os caf\u00e9s s\u00e3o torrados, embalados e entregues ao LarEVida.<\/p>\n<p><a href=\"http:\/\/www.ufla.br\/ascom\/wp-content\/uploads\/2017\/04\/poscafe_2-1.jpg\"><img fetchpriority=\"high\" decoding=\"async\" class=\"aligncenter wp-image-129471 size-large\" src=\"http:\/\/www.ufla.br\/ascom\/wp-content\/uploads\/2017\/04\/poscafe_2-1-612x360.jpg\" sizes=\"(max-width: 612px) 100vw, 612px\" srcset=\"http:\/\/www.ufla.br\/ascom\/wp-content\/uploads\/2017\/04\/poscafe_2-1-612x360.jpg 612w, http:\/\/www.ufla.br\/ascom\/wp-content\/uploads\/2017\/04\/poscafe_2-1-249x146.jpg 249w, http:\/\/www.ufla.br\/ascom\/wp-content\/uploads\/2017\/04\/poscafe_2-1-768x451.jpg 768w, http:\/\/www.ufla.br\/ascom\/wp-content\/uploads\/2017\/04\/poscafe_2-1.jpg 960w\" alt=\"\" width=\"612\" height=\"360\" \/><\/a><\/p>\n<p>Fonte: UFLA<\/p>\n","protected":false},"excerpt":{"rendered":"<p>Desde 2013, o N\u00facleo de Estudos em P\u00f3s-Colheita do Caf\u00e9 (P\u00f3sCaf\u00e9), da Universidade Federal de Lavras, promove a doa\u00e7\u00e3o de caf\u00e9s especiais \u00e0 institui\u00e7\u00e3o filantr\u00f3pica de apoio ao paciente oncol\u00f3gico Lar Esperan\u00e7a e Vida (LarEVida), com o objetivo de propiciar aos pacientes em tratamento de c\u00e2ncer o consumo de um caf\u00e9 de melhor qualidade.<\/p>\n","protected":false},"author":2,"featured_media":7925,"comment_status":"closed","ping_status":"open","sticky":false,"template":"","format":"standard","meta":{"advgb_blocks_editor_width":"","advgb_blocks_columns_visual_guide":"","_exactmetrics_skip_tracking":false,"_exactmetrics_sitenote_active":false,"_exactmetrics_sitenote_note":"","_exactmetrics_sitenote_category":0,"footnotes":""},"categories":[7,2],"tags":[463,34,3105,3106,56],"class_list":["post-7924","post","type-post","status-publish","format-standard","has-post-thumbnail","hentry","category-destaques","category-noticias","tag-lar-e-vida","tag-lavras","tag-pos-cafe","tag-projeto-social","tag-ufla"],"better_featured_image":{"id":7925,"alt_text":"","caption":"","description":"","media_type":"image","media_details":{"width":612,"height":360,"file":"2017\/04\/poscafe.jpg","sizes":{"thumbnail":{"file":"poscafe-150x88.jpg","width":150,"height":88,"mime-type":"image\/jpeg","source_url":"https:\/\/lavras.tv\/site\/wp-content\/uploads\/2017\/04\/poscafe-150x88.jpg"},"medium":{"file":"poscafe-300x176.jpg","width":300,"height":176,"mime-type":"image\/jpeg","source_url":"https:\/\/lavras.tv\/site\/wp-content\/uploads\/2017\/04\/poscafe-300x176.jpg"},"featured-post-img":{"file":"poscafe-480x320.jpg","width":480,"height":320,"mime-type":"image\/jpeg","source_url":"https:\/\/lavras.tv\/site\/wp-content\/uploads\/2017\/04\/poscafe-480x320.jpg"},"sow-carousel-default":{"file":"poscafe-272x182.jpg","width":272,"height":182,"mime-type":"image\/jpeg","source_url":"https:\/\/lavras.tv\/site\/wp-content\/uploads\/2017\/04\/poscafe-272x182.jpg"}},"image_meta":{"aperture":"0","credit":"","camera":"","caption":"","created_timestamp":"0","copyright":"","focal_length":"0","iso":"0","shutter_speed":"0","title":"","orientation":"0","keywords":[]}},"post":7924,"source_url":"https:\/\/lavras.tv\/site\/wp-content\/uploads\/2017\/04\/poscafe.jpg"},"author_meta":{"display_name":"Lavras TV","author_link":"https:\/\/lavras.tv\/site\/author\/lavrastv\/"},"featured_img":"https:\/\/lavras.tv\/site\/wp-content\/uploads\/2017\/04\/poscafe-300x176.jpg","coauthors":[],"tax_additional":{"categories":{"linked":["<a href=\"https:\/\/lavras.tv\/site\/category\/destaques\/\" class=\"advgb-post-tax-term\">Destaques<\/a>","<a href=\"https:\/\/lavras.tv\/site\/category\/noticias\/\" class=\"advgb-post-tax-term\">Not\u00edcias<\/a>"],"unlinked":["<span class=\"advgb-post-tax-term\">Destaques<\/span>","<span class=\"advgb-post-tax-term\">Not\u00edcias<\/span>"]},"tags":{"linked":["<a href=\"https:\/\/lavras.tv\/site\/category\/noticias\/\" class=\"advgb-post-tax-term\">lar e vida<\/a>","<a href=\"https:\/\/lavras.tv\/site\/category\/noticias\/\" class=\"advgb-post-tax-term\">lavras<\/a>","<a href=\"https:\/\/lavras.tv\/site\/category\/noticias\/\" class=\"advgb-post-tax-term\">p\u00f3s caf\u00e9<\/a>","<a href=\"https:\/\/lavras.tv\/site\/category\/noticias\/\" class=\"advgb-post-tax-term\">projeto social<\/a>","<a href=\"https:\/\/lavras.tv\/site\/category\/noticias\/\" class=\"advgb-post-tax-term\">ufla<\/a>"],"unlinked":["<span class=\"advgb-post-tax-term\">lar e vida<\/span>","<span class=\"advgb-post-tax-term\">lavras<\/span>","<span class=\"advgb-post-tax-term\">p\u00f3s caf\u00e9<\/span>","<span class=\"advgb-post-tax-term\">projeto social<\/span>","<span class=\"advgb-post-tax-term\">ufla<\/span>"]}},"comment_count":"0","relative_dates":{"created":"Publicado 9 anos atr\u00e1s","modified":"Atualizado 9 anos atr\u00e1s"},"absolute_dates":{"created":"Publicado em 6 de abril de 2017","modified":"Atualizado em 6 de abril de 2017"},"absolute_dates_time":{"created":"Publicado em 6 de abril de 2017 09:03","modified":"Atualizado em 6 de abril de 2017 09:03"},"featured_img_caption":"","series_order":"","_links":{"self":[{"href":"https:\/\/lavras.tv\/site\/wp-json\/wp\/v2\/posts\/7924","targetHints":{"allow":["GET"]}}],"collection":[{"href":"https:\/\/lavras.tv\/site\/wp-json\/wp\/v2\/posts"}],"about":[{"href":"https:\/\/lavras.tv\/site\/wp-json\/wp\/v2\/types\/post"}],"author":[{"embeddable":true,"href":"https:\/\/lavras.tv\/site\/wp-json\/wp\/v2\/users\/2"}],"replies":[{"embeddable":true,"href":"https:\/\/lavras.tv\/site\/wp-json\/wp\/v2\/comments?post=7924"}],"version-history":[{"count":1,"href":"https:\/\/lavras.tv\/site\/wp-json\/wp\/v2\/posts\/7924\/revisions"}],"predecessor-version":[{"id":7926,"href":"https:\/\/lavras.tv\/site\/wp-json\/wp\/v2\/posts\/7924\/revisions\/7926"}],"wp:featuredmedia":[{"embeddable":true,"href":"https:\/\/lavras.tv\/site\/wp-json\/wp\/v2\/media\/7925"}],"wp:attachment":[{"href":"https:\/\/lavras.tv\/site\/wp-json\/wp\/v2\/media?parent=7924"}],"wp:term":[{"taxonomy":"category","embeddable":true,"href":"https:\/\/lavras.tv\/site\/wp-json\/wp\/v2\/categories?post=7924"},{"taxonomy":"post_tag","embeddable":true,"href":"https:\/\/lavras.tv\/site\/wp-json\/wp\/v2\/tags?post=7924"}],"curies":[{"name":"wp","href":"https:\/\/api.w.org\/{rel}","templated":true}]}}