{"id":7987,"date":"2017-04-08T09:51:49","date_gmt":"2017-04-08T12:51:49","guid":{"rendered":"http:\/\/lavras.tv\/site\/?p=7987"},"modified":"2017-04-08T09:51:49","modified_gmt":"2017-04-08T12:51:49","slug":"ufla-e-policia-civil-assinam-termo-para-o-recebimento-de-cadaveres","status":"publish","type":"post","link":"https:\/\/lavras.tv\/site\/2017\/04\/08\/ufla-e-policia-civil-assinam-termo-para-o-recebimento-de-cadaveres\/","title":{"rendered":"UFLA e Pol\u00edcia Civil assinam termo para o recebimento de cad\u00e1veres"},"content":{"rendered":"<div class=\"lavra-antes-do-conteudo_2\" id=\"lavra-4190049195\"><div id=\"lavra-slider-27\" class=\"custom-slider lavra-slider-1810578044 lavra-slider\"><ul><li><div style=\"margin-left: auto;margin-right: auto;text-align: center;\" id=\"lavra-2545137811\"><a href=\"https:\/\/sistemas.lavras.mg.gov.br\/portalcidadao\/#df1b1a7c7b2a290bcb31e32771e610784662739a88807c0dacac58ede5f391a7530e299dc302d611ee73cb143fc22eaf93592e53e7b5bdb01b00a0b8d28dae460c141dd2ff83412e4dc1c31b16b25f33144a9e5620ea73b13f5bc1c59411d98439ad226e8af03840603796067d87afe130812cf3de24982d0e306f9e61e764e5\" aria-label=\"Lavras-TV&#8211;720x104px (1) (1)\"><img src=\"https:\/\/lavras.tv\/site\/wp-content\/uploads\/2025\/01\/Lavras-TV-720x104px-1-1.png\" alt=\"\"  srcset=\"https:\/\/lavras.tv\/site\/wp-content\/uploads\/2025\/01\/Lavras-TV-720x104px-1-1.png 720w, https:\/\/lavras.tv\/site\/wp-content\/uploads\/2025\/01\/Lavras-TV-720x104px-1-1-470x68.png 470w, https:\/\/lavras.tv\/site\/wp-content\/uploads\/2025\/01\/Lavras-TV-720x104px-1-1-170x25.png 170w, https:\/\/lavras.tv\/site\/wp-content\/uploads\/2025\/01\/Lavras-TV-720x104px-1-1-200x29.png 200w\" sizes=\"(max-width: 720px) 100vw, 720px\" width=\"720\" height=\"104\"  style=\"display: inline-block;\" \/><\/a><\/div><\/li><li><a href=\"https:\/\/sistemas.lavras.mg.gov.br\/portalcidadao\/#df1b1a7c7b2a290bcb31e32771e610784662739a88807c0dacac58ede5f391a7530e299dc302d611ee73cb143fc22eaf93592e53e7b5bdb01b00a0b8d28dae460c141dd2ff83412e4dc1c31b16b25f33144a9e5620ea73b13f5bc1c59411d98439ad226e8af03840603796067d87afe130812cf3de24982d0e306f9e61e764e5\" aria-label=\"Banner_Emprego_PortallavrasTV\"><img src=\"https:\/\/lavras.tv\/site\/wp-content\/uploads\/2025\/03\/Banner_Emprego_PortallavrasTV.png\" alt=\"\"  srcset=\"https:\/\/lavras.tv\/site\/wp-content\/uploads\/2025\/03\/Banner_Emprego_PortallavrasTV.png 720w, https:\/\/lavras.tv\/site\/wp-content\/uploads\/2025\/03\/Banner_Emprego_PortallavrasTV-470x68.png 470w, https:\/\/lavras.tv\/site\/wp-content\/uploads\/2025\/03\/Banner_Emprego_PortallavrasTV-170x25.png 170w, https:\/\/lavras.tv\/site\/wp-content\/uploads\/2025\/03\/Banner_Emprego_PortallavrasTV-200x29.png 200w\" sizes=\"(max-width: 720px) 100vw, 720px\" width=\"720\" height=\"104\"   \/><\/a><\/li><li><a href=\"https:\/\/sistemas.lavras.mg.gov.br\/portalcidadao\/#df1b1a7c7b2a290bcb31e32771e610784662739a88807c0dacac58ede5f391a7530e299dc302d611ee73cb143fc22eaf93592e53e7b5bdb01b00a0b8d28dae460c141dd2ff83412e4dc1c31b16b25f33144a9e5620ea73b13f5bc1c59411d98439ad226e8af03840603796067d87afe130812cf3de24982d0e306f9e61e764e5\" aria-label=\"Banner_Obras_PortallavrasTV\"><img src=\"https:\/\/lavras.tv\/site\/wp-content\/uploads\/2025\/03\/Banner_Obras_PortallavrasTV.png\" alt=\"\"  srcset=\"https:\/\/lavras.tv\/site\/wp-content\/uploads\/2025\/03\/Banner_Obras_PortallavrasTV.png 720w, https:\/\/lavras.tv\/site\/wp-content\/uploads\/2025\/03\/Banner_Obras_PortallavrasTV-470x68.png 470w, https:\/\/lavras.tv\/site\/wp-content\/uploads\/2025\/03\/Banner_Obras_PortallavrasTV-170x25.png 170w, https:\/\/lavras.tv\/site\/wp-content\/uploads\/2025\/03\/Banner_Obras_PortallavrasTV-200x29.png 200w\" sizes=\"(max-width: 720px) 100vw, 720px\" width=\"720\" height=\"104\"   \/><\/a><\/li><li><div style=\"margin-left: auto;margin-right: auto;text-align: center;\" id=\"lavra-3583642050\"><a href=\"https:\/\/sistemas.lavras.mg.gov.br\/portalcidadao\/#df1b1a7c7b2a290bcb31e32771e610784662739a88807c0dacac58ede5f391a7530e299dc302d611ee73cb143fc22eaf93592e53e7b5bdb01b00a0b8d28dae460c141dd2ff83412e4dc1c31b16b25f33144a9e5620ea73b13f5bc1c59411d98439ad226e8af03840603796067d87afe130812cf3de24982d0e306f9e61e764e5\" aria-label=\"Banner_Educa\u00e7\u00e3o_PortallavrasTV\"><img src=\"https:\/\/lavras.tv\/site\/wp-content\/uploads\/2025\/01\/Banner_Educacao_PortallavrasTV.png\" alt=\"\"  srcset=\"https:\/\/lavras.tv\/site\/wp-content\/uploads\/2025\/01\/Banner_Educacao_PortallavrasTV.png 720w, https:\/\/lavras.tv\/site\/wp-content\/uploads\/2025\/01\/Banner_Educacao_PortallavrasTV-470x68.png 470w, https:\/\/lavras.tv\/site\/wp-content\/uploads\/2025\/01\/Banner_Educacao_PortallavrasTV-170x25.png 170w, https:\/\/lavras.tv\/site\/wp-content\/uploads\/2025\/01\/Banner_Educacao_PortallavrasTV-200x29.png 200w\" sizes=\"(max-width: 720px) 100vw, 720px\" width=\"720\" height=\"104\"  style=\"display: inline-block;\" \/><\/a><\/div><\/li><li><a href=\"https:\/\/sistemas.lavras.mg.gov.br\/portalcidadao\/#df1b1a7c7b2a290bcb31e32771e610784662739a88807c0dacac58ede5f391a7530e299dc302d611ee73cb143fc22eaf93592e53e7b5bdb01b00a0b8d28dae460c141dd2ff83412e4dc1c31b16b25f33144a9e5620ea73b13f5bc1c59411d98439ad226e8af03840603796067d87afe130812cf3de24982d0e306f9e61e764e5\" aria-label=\"Banner_Sa\u00fade_PortallavrasTV\"><img src=\"https:\/\/lavras.tv\/site\/wp-content\/uploads\/2025\/03\/Banner_Saude_PortallavrasTV.png\" alt=\"\"  srcset=\"https:\/\/lavras.tv\/site\/wp-content\/uploads\/2025\/03\/Banner_Saude_PortallavrasTV.png 720w, https:\/\/lavras.tv\/site\/wp-content\/uploads\/2025\/03\/Banner_Saude_PortallavrasTV-470x68.png 470w, https:\/\/lavras.tv\/site\/wp-content\/uploads\/2025\/03\/Banner_Saude_PortallavrasTV-170x25.png 170w, https:\/\/lavras.tv\/site\/wp-content\/uploads\/2025\/03\/Banner_Saude_PortallavrasTV-200x29.png 200w\" sizes=\"(max-width: 720px) 100vw, 720px\" width=\"720\" height=\"104\"   \/><\/a><\/li><li><div id=\"lavra-4117631457\" style=\"width:720px;height:104px;background-color:#ddd;overflow:scroll;\">\n\t<strong>Sa\u00edda da depura\u00e7\u00e3o de an\u00fancios<\/strong>\n\t<br><br>\n\tO an\u00fancio n\u00e3o \u00e9 exibido na p\u00e1gina<br><br>post atual: UFLA e Pol\u00edcia Civil assinam termo para o recebimento de cad\u00e1veres, ID: 7987<br><br><span style=\"color: red;\">O post atual n\u00e3o \u00e9 id\u00eantico ao post principal.<\/span><br><br>An\u00fancios: ROXO - TOPO INTERNA - ROTATIVO 2 (197)<br \/>Grupo de an\u00fancios: Princ_Meio01_720x104 (27)<br><br>Condi\u00e7\u00f5es de exibi\u00e7\u00e3o<div style=\"margin-bottom: 20px; white-space: pre-wrap; font-family: monospace; width: 100%; background: #ffe9e9;\"><strong>condi\u00e7\u00f5es gerais<\/strong><table border=\"1\"><thead><tr><th><\/th><th>An\u00fancios<\/th><th>wp_the_query<\/th><\/tr><\/thead><tr><td>is_main_query<\/td><td>1<\/td><td>1<\/td><\/tr><tr><td>is_rest_api<\/td><td>0<\/td><td>1<\/td><\/tr><tr><td>page<\/td><td>0<\/td><td>1<\/td><\/tr><tr><td>numpages<\/td><td>0<\/td><td>1<\/td><\/tr><tr><td>is_archive<\/td><td>1<\/td><td><\/td><\/tr><tr><td>is_search<\/td><td>1<\/td><td><\/td><\/tr><tr><td>is_home<\/td><td>1<\/td><td><\/td><\/tr><tr><td>is_404<\/td><td>1<\/td><td><\/td><\/tr><tr><td>is_attachment<\/td><td>1<\/td><td><\/td><\/tr><tr><td>is_singular<\/td><td>1<\/td><td><\/td><\/tr><tr><td>is_front_page<\/td><td>1<\/td><td><\/td><\/tr><tr><td>is_feed<\/td><td>1<\/td><td><\/td><\/tr><\/table><\/div><br><br><span style=\"color: red;\">Seu site usa HTTPS, mas o c\u00f3digo do an\u00fancio cont\u00e9m HTTP e pode n\u00e3o funcionar.<\/span>\t<br><br>\n\t<a style=\"color: green;\" href=\"https:\/\/wpadvancedads.com\/manual\/ad-debug-mode\/?utm_source=advanced-ads&utm_medium=link&utm_campaign=ad-debug-mode\" target=\"_blank\" rel=\"nofollow\">Encontre solu\u00e7\u00f5es no manual<\/a>\n<\/div>\n<\/li><\/ul><\/div><script>( window.advanced_ads_ready || jQuery( document ).ready ).call( null, function() {var $lavraslider1810578044 = jQuery( \".lavra-slider-1810578044\" );$lavraslider1810578044.on( \"unslider.ready\", function() { jQuery( \"div.custom-slider ul li\" ).css( \"display\", \"block\" ); });$lavraslider1810578044.unslider({ delay:4000, autoplay:true, nav:false, arrows:false, infinite:true });$lavraslider1810578044.on(\"mouseover\", function() {$lavraslider1810578044.unslider(\"stop\");}).on(\"mouseout\", function() {$lavraslider1810578044.unslider(\"start\");});});<\/script><\/div><p>A Universidade Federal de Lavras (UFLA) avan\u00e7a mais uma vez no aprimoramento dos cursos da \u00e1rea de sa\u00fade da institui\u00e7\u00e3o.<!--more--> Na manh\u00e3 desta quinta-feira (6\/4) ocorreu a assinatura do \u201cTermo de Credenciamento para recebimento de cad\u00e1ver n\u00e3o reclamado\u201d, estabelecido entre a UFLA e a Pol\u00edcia Civil de Minas Gerais. Essa nova parceria possibilitar\u00e1 o recebimento de corpos reais que ser\u00e3o utilizados nas aulas de anatomia, em especial do curso de Medicina.<\/p>\n<p><img fetchpriority=\"high\" decoding=\"async\" class=\"size-full wp-image-7988 aligncenter\" src=\"http:\/\/lavras.tv\/site\/wp-content\/uploads\/2017\/04\/ufla-policia-civil.jpg\" alt=\"ufla policia civil\" width=\"4868\" height=\"3456\" srcset=\"https:\/\/lavras.tv\/site\/wp-content\/uploads\/2017\/04\/ufla-policia-civil.jpg 4868w, https:\/\/lavras.tv\/site\/wp-content\/uploads\/2017\/04\/ufla-policia-civil-150x106.jpg 150w, https:\/\/lavras.tv\/site\/wp-content\/uploads\/2017\/04\/ufla-policia-civil-300x213.jpg 300w, https:\/\/lavras.tv\/site\/wp-content\/uploads\/2017\/04\/ufla-policia-civil-1024x727.jpg 1024w\" sizes=\"(max-width: 4868px) 100vw, 4868px\" \/><\/p>\n<p>A anatomia \u00e9 uma disciplina de extrema import\u00e2ncia para a forma\u00e7\u00e3o dos profissionais da \u00e1rea da sa\u00fade. Para o chefe do Departamento de Ci\u00eancias da Sa\u00fade (DSA), professor Thales Augusto Bar\u00e7ante, esse conv\u00eanio ser\u00e1 fundamental para o futuro da Universidade, possibilitando in\u00fameras melhorias no ensino. \u201cEsta ser\u00e1 uma parceria estrat\u00e9gica, com uma troca m\u00fatua de benef\u00edcios. Devo ressaltar que este termo \u00e9 fruto do esfor\u00e7o e dedica\u00e7\u00e3o do nosso reitor, que n\u00e3o mediu esfor\u00e7os para que isso fosse poss\u00edvel e, da Pol\u00edcia Civil, que se mostrou predisposta a nos atender. Temos que valorizar as pessoas que se dedicam ao bem comum\u201d, comentou. Na ocasi\u00e3o, o professor Thales destacou a frase: \u201cAqui a morte se alegra de socorrer a vida\u201d, sempre presente nos laborat\u00f3rios de anatomia das institui\u00e7\u00f5es de ensino.<\/p>\n<div id=\"attachment_129512\" class=\"wp-caption aligncenter\" style=\"width: 394px;\"><a href=\"http:\/\/www.ufla.br\/ascom\/wp-content\/uploads\/2017\/04\/Termo.jpg\"><img decoding=\"async\" class=\"wp-image-129512\" src=\"http:\/\/www.ufla.br\/ascom\/wp-content\/uploads\/2017\/04\/Termo-249x149.jpg\" sizes=\"(max-width: 248px) 100vw, 248px\" srcset=\"http:\/\/www.ufla.br\/ascom\/wp-content\/uploads\/2017\/04\/Termo-249x149.jpg 249w, http:\/\/www.ufla.br\/ascom\/wp-content\/uploads\/2017\/04\/Termo-768x459.jpg 768w, http:\/\/www.ufla.br\/ascom\/wp-content\/uploads\/2017\/04\/Termo-612x366.jpg 612w\" alt=\"\" width=\"394\" height=\"235\" \/><\/a><\/div>\n<p>Ao longo dos \u00faltimos tempos, tem sido constatada a dificuldade em se conseguir cad\u00e1veres para as universidades. Para minimizar esse problema, h\u00e1 programas computacionais e modelos anat\u00f4micos que s\u00e3o utilizados nas aulas em diversas atividades, como pr\u00e1tica de t\u00e9cnicas de ressuscita\u00e7\u00e3o. No entanto, n\u00e3o equivalem ao corpo humano real. Atrav\u00e9s da doa\u00e7\u00e3o de corpos, as institui\u00e7\u00f5es conseguem a qualidade no ensino da anatomia e assim formam profissionais melhor qualificados.<\/p>\n<p>O chefe do 6\u00ba Departamento de Pol\u00edcia Civil em Lavras, Pedro Paulo Uch\u00f4a Fonseca Marques, salientou a dificuldade de se conseguir a doa\u00e7\u00e3o de corpos no Brasil. \u201cEstudos mostram que o indicado \u00e9 de que haja um corpo para cada seis alunos. Mas, isso \u00e9 imposs\u00edvel. Temos relatos de Universidades que possuem um corpo para cada 180 alunos. Isso dificulta os estudos na Medicina. Ent\u00e3o, ficamos satisfeitos em poder colaborar de alguma forma com a sociedade, e temos muito interesse em trabalhar com essa interdisciplinaridade. Esperamos estabelecer novos conv\u00eanios com a Universidade\u201d.<\/p>\n<div id=\"attachment_129513\" class=\"wp-caption aligncenter\" style=\"width: 363px;\"><a href=\"http:\/\/www.ufla.br\/ascom\/wp-content\/uploads\/2017\/04\/Termo_5.jpg\"><img decoding=\"async\" class=\"wp-image-129513\" src=\"http:\/\/www.ufla.br\/ascom\/wp-content\/uploads\/2017\/04\/Termo_5-249x180.jpg\" sizes=\"(max-width: 193px) 100vw, 193px\" srcset=\"http:\/\/www.ufla.br\/ascom\/wp-content\/uploads\/2017\/04\/Termo_5-249x180.jpg 249w, http:\/\/www.ufla.br\/ascom\/wp-content\/uploads\/2017\/04\/Termo_5-768x556.jpg 768w, http:\/\/www.ufla.br\/ascom\/wp-content\/uploads\/2017\/04\/Termo_5-612x443.jpg 612w\" alt=\"\" width=\"363\" height=\"263\" \/><\/a><\/div>\n<p>O reitor da UFLA, professor Jos\u00e9 Roberto Scolforo, tamb\u00e9m destacou a complexidade do trabalho realizado para chegar \u00e0 formaliza\u00e7\u00e3o do termo e enfatizou o benef\u00edcio incalcul\u00e1vel para a Universidade. \u201cEsse acordo significa uma das maiores garantias de que manteremos o padr\u00e3o UFLA de qualidade, formando estudantes qualificados, que prestar\u00e3o um servi\u00e7o com seguran\u00e7a, pois ter\u00e3o na Universidade uma excelente pr\u00e1tica. Agrade\u00e7o \u00e0 Pol\u00edcia Civil, por possibilitar essa parceria, que ser\u00e1 uma contribui\u00e7\u00e3o fant\u00e1stica para com a sociedade brasileira, pois esses estudantes ap\u00f3s formados migram para outras regi\u00f5es. Compartilhamos felicidade nesse momento, mas a nossa luta permanece e continuaremos avan\u00e7ando\u201d.<\/p>\n<p><em>\u201cAo curvar-te com a l\u00e2mina rija de teu bisturi sobre o cad\u00e1ver desconhecido, lembra-te que este corpo nasceu do amor de duas almas; cresceu embalado pela f\u00e9 e esperan\u00e7a daquela que em seu seio o agasalhou, sorriu e sonhou os mesmos sonhos das crian\u00e7as e dos jovens; por certo amou e foi amado e sentiu saudades dos outros que partiram, acalentou um amanh\u00e3 feliz e agora jaz na fria lousa, sem que por ele tivesse derramado uma l\u00e1grima sequer, sem que tivesse uma s\u00f3 prece. Seu nome s\u00f3 Deus o sabe; mas o destino inexor\u00e1vel deu-lhe o poder e a grandeza de servir a humanidade que por ele passou indiferente\u201d (Karl Rokitansky\/1876)- ora\u00e7\u00e3o mencionada pelo professor Thalles Bar\u00e7ante em respeito ao cad\u00e1ver n\u00e3o reclamado.<\/em><\/p>\n<p>Fonte: UFLA<\/p>\n<p><a href=\"http:\/\/www.ufla.br\/ascom\/wp-content\/uploads\/2017\/04\/Termo_3.jpg\"><br \/>\n<\/a><a href=\"http:\/\/www.ufla.br\/ascom\/wp-content\/uploads\/2017\/04\/Termo_4.jpg\"><br \/>\n<\/a><\/p>\n","protected":false},"excerpt":{"rendered":"<p>A Universidade Federal de Lavras (UFLA) avan\u00e7a mais uma vez no aprimoramento dos cursos da \u00e1rea de sa\u00fade da institui\u00e7\u00e3o.<\/p>\n","protected":false},"author":2,"featured_media":7988,"comment_status":"closed","ping_status":"open","sticky":false,"template":"","format":"standard","meta":{"advgb_blocks_editor_width":"","advgb_blocks_columns_visual_guide":"","_exactmetrics_skip_tracking":false,"_exactmetrics_sitenote_active":false,"_exactmetrics_sitenote_note":"","_exactmetrics_sitenote_category":0,"footnotes":""},"categories":[7,2],"tags":[3129,3128,3130,1058,1312,56],"class_list":["post-7987","post","type-post","status-publish","format-standard","has-post-thumbnail","hentry","category-destaques","category-noticias","tag-anatomia","tag-cadaver","tag-convenio","tag-medicina","tag-policia-civil","tag-ufla"],"better_featured_image":{"id":7988,"alt_text":"","caption":"","description":"","media_type":"image","media_details":{"width":4868,"height":3456,"file":"2017\/04\/ufla-policia-civil.jpg","sizes":{"thumbnail":{"file":"ufla-policia-civil-150x106.jpg","width":150,"height":106,"mime-type":"image\/jpeg","source_url":"https:\/\/lavras.tv\/site\/wp-content\/uploads\/2017\/04\/ufla-policia-civil-150x106.jpg"},"medium":{"file":"ufla-policia-civil-300x213.jpg","width":300,"height":213,"mime-type":"image\/jpeg","source_url":"https:\/\/lavras.tv\/site\/wp-content\/uploads\/2017\/04\/ufla-policia-civil-300x213.jpg"},"large":{"file":"ufla-policia-civil-1024x727.jpg","width":1024,"height":727,"mime-type":"image\/jpeg","source_url":"https:\/\/lavras.tv\/site\/wp-content\/uploads\/2017\/04\/ufla-policia-civil-1024x727.jpg"},"featured-slider-img":{"file":"ufla-policia-civil-640x480.jpg","width":640,"height":480,"mime-type":"image\/jpeg","source_url":"https:\/\/lavras.tv\/site\/wp-content\/uploads\/2017\/04\/ufla-policia-civil-640x480.jpg"},"featured-post-img":{"file":"ufla-policia-civil-480x320.jpg","width":480,"height":320,"mime-type":"image\/jpeg","source_url":"https:\/\/lavras.tv\/site\/wp-content\/uploads\/2017\/04\/ufla-policia-civil-480x320.jpg"},"sow-carousel-default":{"file":"ufla-policia-civil-272x182.jpg","width":272,"height":182,"mime-type":"image\/jpeg","source_url":"https:\/\/lavras.tv\/site\/wp-content\/uploads\/2017\/04\/ufla-policia-civil-272x182.jpg"}},"image_meta":{"aperture":"7.1","credit":"","camera":"Canon EOS 60D","caption":"","created_timestamp":"1491482279","copyright":"","focal_length":"42","iso":"100","shutter_speed":"0.00625","title":"","orientation":"1","keywords":[]}},"post":7987,"source_url":"https:\/\/lavras.tv\/site\/wp-content\/uploads\/2017\/04\/ufla-policia-civil.jpg"},"author_meta":{"display_name":"Lavras TV","author_link":"https:\/\/lavras.tv\/site\/author\/lavrastv\/"},"featured_img":"https:\/\/lavras.tv\/site\/wp-content\/uploads\/2017\/04\/ufla-policia-civil-300x213.jpg","coauthors":[],"tax_additional":{"categories":{"linked":["<a href=\"https:\/\/lavras.tv\/site\/category\/destaques\/\" class=\"advgb-post-tax-term\">Destaques<\/a>","<a href=\"https:\/\/lavras.tv\/site\/category\/noticias\/\" class=\"advgb-post-tax-term\">Not\u00edcias<\/a>"],"unlinked":["<span class=\"advgb-post-tax-term\">Destaques<\/span>","<span class=\"advgb-post-tax-term\">Not\u00edcias<\/span>"]},"tags":{"linked":["<a href=\"https:\/\/lavras.tv\/site\/category\/noticias\/\" class=\"advgb-post-tax-term\">anatomia<\/a>","<a href=\"https:\/\/lavras.tv\/site\/category\/noticias\/\" class=\"advgb-post-tax-term\">cad\u00e1ver<\/a>","<a href=\"https:\/\/lavras.tv\/site\/category\/noticias\/\" class=\"advgb-post-tax-term\">conv\u00eanio<\/a>","<a href=\"https:\/\/lavras.tv\/site\/category\/noticias\/\" class=\"advgb-post-tax-term\">medicina<\/a>","<a href=\"https:\/\/lavras.tv\/site\/category\/noticias\/\" class=\"advgb-post-tax-term\">pol\u00edcia civil<\/a>","<a href=\"https:\/\/lavras.tv\/site\/category\/noticias\/\" class=\"advgb-post-tax-term\">ufla<\/a>"],"unlinked":["<span class=\"advgb-post-tax-term\">anatomia<\/span>","<span class=\"advgb-post-tax-term\">cad\u00e1ver<\/span>","<span class=\"advgb-post-tax-term\">conv\u00eanio<\/span>","<span class=\"advgb-post-tax-term\">medicina<\/span>","<span class=\"advgb-post-tax-term\">pol\u00edcia civil<\/span>","<span class=\"advgb-post-tax-term\">ufla<\/span>"]}},"comment_count":"0","relative_dates":{"created":"Publicado 9 anos atr\u00e1s","modified":"Atualizado 9 anos atr\u00e1s"},"absolute_dates":{"created":"Publicado em 8 de abril de 2017","modified":"Atualizado em 8 de abril de 2017"},"absolute_dates_time":{"created":"Publicado em 8 de abril de 2017 09:51","modified":"Atualizado em 8 de abril de 2017 09:51"},"featured_img_caption":"","series_order":"","_links":{"self":[{"href":"https:\/\/lavras.tv\/site\/wp-json\/wp\/v2\/posts\/7987","targetHints":{"allow":["GET"]}}],"collection":[{"href":"https:\/\/lavras.tv\/site\/wp-json\/wp\/v2\/posts"}],"about":[{"href":"https:\/\/lavras.tv\/site\/wp-json\/wp\/v2\/types\/post"}],"author":[{"embeddable":true,"href":"https:\/\/lavras.tv\/site\/wp-json\/wp\/v2\/users\/2"}],"replies":[{"embeddable":true,"href":"https:\/\/lavras.tv\/site\/wp-json\/wp\/v2\/comments?post=7987"}],"version-history":[{"count":1,"href":"https:\/\/lavras.tv\/site\/wp-json\/wp\/v2\/posts\/7987\/revisions"}],"predecessor-version":[{"id":7989,"href":"https:\/\/lavras.tv\/site\/wp-json\/wp\/v2\/posts\/7987\/revisions\/7989"}],"wp:featuredmedia":[{"embeddable":true,"href":"https:\/\/lavras.tv\/site\/wp-json\/wp\/v2\/media\/7988"}],"wp:attachment":[{"href":"https:\/\/lavras.tv\/site\/wp-json\/wp\/v2\/media?parent=7987"}],"wp:term":[{"taxonomy":"category","embeddable":true,"href":"https:\/\/lavras.tv\/site\/wp-json\/wp\/v2\/categories?post=7987"},{"taxonomy":"post_tag","embeddable":true,"href":"https:\/\/lavras.tv\/site\/wp-json\/wp\/v2\/tags?post=7987"}],"curies":[{"name":"wp","href":"https:\/\/api.w.org\/{rel}","templated":true}]}}