{"id":7993,"date":"2017-04-10T08:01:16","date_gmt":"2017-04-10T11:01:16","guid":{"rendered":"http:\/\/lavras.tv\/site\/?p=7993"},"modified":"2017-04-10T08:01:16","modified_gmt":"2017-04-10T11:01:16","slug":"caixa-abre-mais-cedo-para-saques-do-fgts","status":"publish","type":"post","link":"https:\/\/lavras.tv\/site\/2017\/04\/10\/caixa-abre-mais-cedo-para-saques-do-fgts\/","title":{"rendered":"Caixa abre mais cedo para saques do FGTS"},"content":{"rendered":"<div class=\"lavra-antes-do-conteudo_2\" id=\"lavra-1321907807\"><div id=\"lavra-slider-27\" class=\"custom-slider lavra-slider-1337689437 lavra-slider\"><ul><li><div style=\"margin-left: auto;margin-right: auto;text-align: center;\" id=\"lavra-2840545069\"><a href=\"https:\/\/sistemas.lavras.mg.gov.br\/portalcidadao\/#df1b1a7c7b2a290bcb31e32771e610784662739a88807c0dacac58ede5f391a7530e299dc302d611ee73cb143fc22eaf93592e53e7b5bdb01b00a0b8d28dae460c141dd2ff83412e4dc1c31b16b25f33144a9e5620ea73b13f5bc1c59411d98439ad226e8af03840603796067d87afe130812cf3de24982d0e306f9e61e764e5\" aria-label=\"Lavras-TV&#8211;720x104px (1) (1)\"><img src=\"https:\/\/lavras.tv\/site\/wp-content\/uploads\/2025\/01\/Lavras-TV-720x104px-1-1.png\" alt=\"\"  srcset=\"https:\/\/lavras.tv\/site\/wp-content\/uploads\/2025\/01\/Lavras-TV-720x104px-1-1.png 720w, https:\/\/lavras.tv\/site\/wp-content\/uploads\/2025\/01\/Lavras-TV-720x104px-1-1-470x68.png 470w, https:\/\/lavras.tv\/site\/wp-content\/uploads\/2025\/01\/Lavras-TV-720x104px-1-1-170x25.png 170w, https:\/\/lavras.tv\/site\/wp-content\/uploads\/2025\/01\/Lavras-TV-720x104px-1-1-200x29.png 200w\" sizes=\"(max-width: 720px) 100vw, 720px\" width=\"720\" height=\"104\"  style=\"display: inline-block;\" \/><\/a><\/div><\/li><li><a href=\"https:\/\/sistemas.lavras.mg.gov.br\/portalcidadao\/#df1b1a7c7b2a290bcb31e32771e610784662739a88807c0dacac58ede5f391a7530e299dc302d611ee73cb143fc22eaf93592e53e7b5bdb01b00a0b8d28dae460c141dd2ff83412e4dc1c31b16b25f33144a9e5620ea73b13f5bc1c59411d98439ad226e8af03840603796067d87afe130812cf3de24982d0e306f9e61e764e5\" aria-label=\"Banner_Emprego_PortallavrasTV\"><img src=\"https:\/\/lavras.tv\/site\/wp-content\/uploads\/2025\/03\/Banner_Emprego_PortallavrasTV.png\" alt=\"\"  srcset=\"https:\/\/lavras.tv\/site\/wp-content\/uploads\/2025\/03\/Banner_Emprego_PortallavrasTV.png 720w, https:\/\/lavras.tv\/site\/wp-content\/uploads\/2025\/03\/Banner_Emprego_PortallavrasTV-470x68.png 470w, https:\/\/lavras.tv\/site\/wp-content\/uploads\/2025\/03\/Banner_Emprego_PortallavrasTV-170x25.png 170w, https:\/\/lavras.tv\/site\/wp-content\/uploads\/2025\/03\/Banner_Emprego_PortallavrasTV-200x29.png 200w\" sizes=\"(max-width: 720px) 100vw, 720px\" width=\"720\" height=\"104\"   \/><\/a><\/li><li><a href=\"https:\/\/sistemas.lavras.mg.gov.br\/portalcidadao\/#df1b1a7c7b2a290bcb31e32771e610784662739a88807c0dacac58ede5f391a7530e299dc302d611ee73cb143fc22eaf93592e53e7b5bdb01b00a0b8d28dae460c141dd2ff83412e4dc1c31b16b25f33144a9e5620ea73b13f5bc1c59411d98439ad226e8af03840603796067d87afe130812cf3de24982d0e306f9e61e764e5\" aria-label=\"Banner_Obras_PortallavrasTV\"><img src=\"https:\/\/lavras.tv\/site\/wp-content\/uploads\/2025\/03\/Banner_Obras_PortallavrasTV.png\" alt=\"\"  srcset=\"https:\/\/lavras.tv\/site\/wp-content\/uploads\/2025\/03\/Banner_Obras_PortallavrasTV.png 720w, https:\/\/lavras.tv\/site\/wp-content\/uploads\/2025\/03\/Banner_Obras_PortallavrasTV-470x68.png 470w, https:\/\/lavras.tv\/site\/wp-content\/uploads\/2025\/03\/Banner_Obras_PortallavrasTV-170x25.png 170w, https:\/\/lavras.tv\/site\/wp-content\/uploads\/2025\/03\/Banner_Obras_PortallavrasTV-200x29.png 200w\" sizes=\"(max-width: 720px) 100vw, 720px\" width=\"720\" height=\"104\"   \/><\/a><\/li><li><div style=\"margin-left: auto;margin-right: auto;text-align: center;\" id=\"lavra-2021067546\"><a href=\"https:\/\/sistemas.lavras.mg.gov.br\/portalcidadao\/#df1b1a7c7b2a290bcb31e32771e610784662739a88807c0dacac58ede5f391a7530e299dc302d611ee73cb143fc22eaf93592e53e7b5bdb01b00a0b8d28dae460c141dd2ff83412e4dc1c31b16b25f33144a9e5620ea73b13f5bc1c59411d98439ad226e8af03840603796067d87afe130812cf3de24982d0e306f9e61e764e5\" aria-label=\"Banner_Educa\u00e7\u00e3o_PortallavrasTV\"><img src=\"https:\/\/lavras.tv\/site\/wp-content\/uploads\/2025\/01\/Banner_Educacao_PortallavrasTV.png\" alt=\"\"  srcset=\"https:\/\/lavras.tv\/site\/wp-content\/uploads\/2025\/01\/Banner_Educacao_PortallavrasTV.png 720w, https:\/\/lavras.tv\/site\/wp-content\/uploads\/2025\/01\/Banner_Educacao_PortallavrasTV-470x68.png 470w, https:\/\/lavras.tv\/site\/wp-content\/uploads\/2025\/01\/Banner_Educacao_PortallavrasTV-170x25.png 170w, https:\/\/lavras.tv\/site\/wp-content\/uploads\/2025\/01\/Banner_Educacao_PortallavrasTV-200x29.png 200w\" sizes=\"(max-width: 720px) 100vw, 720px\" width=\"720\" height=\"104\"  style=\"display: inline-block;\" \/><\/a><\/div><\/li><li><a href=\"https:\/\/sistemas.lavras.mg.gov.br\/portalcidadao\/#df1b1a7c7b2a290bcb31e32771e610784662739a88807c0dacac58ede5f391a7530e299dc302d611ee73cb143fc22eaf93592e53e7b5bdb01b00a0b8d28dae460c141dd2ff83412e4dc1c31b16b25f33144a9e5620ea73b13f5bc1c59411d98439ad226e8af03840603796067d87afe130812cf3de24982d0e306f9e61e764e5\" aria-label=\"Banner_Sa\u00fade_PortallavrasTV\"><img src=\"https:\/\/lavras.tv\/site\/wp-content\/uploads\/2025\/03\/Banner_Saude_PortallavrasTV.png\" alt=\"\"  srcset=\"https:\/\/lavras.tv\/site\/wp-content\/uploads\/2025\/03\/Banner_Saude_PortallavrasTV.png 720w, https:\/\/lavras.tv\/site\/wp-content\/uploads\/2025\/03\/Banner_Saude_PortallavrasTV-470x68.png 470w, https:\/\/lavras.tv\/site\/wp-content\/uploads\/2025\/03\/Banner_Saude_PortallavrasTV-170x25.png 170w, https:\/\/lavras.tv\/site\/wp-content\/uploads\/2025\/03\/Banner_Saude_PortallavrasTV-200x29.png 200w\" sizes=\"(max-width: 720px) 100vw, 720px\" width=\"720\" height=\"104\"   \/><\/a><\/li><li><div id=\"lavra-278698282\" style=\"width:720px;height:104px;background-color:#ddd;overflow:scroll;\">\n\t<strong>Sa\u00edda da depura\u00e7\u00e3o de an\u00fancios<\/strong>\n\t<br><br>\n\tO an\u00fancio n\u00e3o \u00e9 exibido na p\u00e1gina<br><br>post atual: Caixa abre mais cedo para saques do FGTS, ID: 7993<br><br><span style=\"color: red;\">O post atual n\u00e3o \u00e9 id\u00eantico ao post principal.<\/span><br><br>An\u00fancios: ROXO - TOPO INTERNA - ROTATIVO 2 (197)<br \/>Grupo de an\u00fancios: Princ_Meio01_720x104 (27)<br><br>Condi\u00e7\u00f5es de exibi\u00e7\u00e3o<div style=\"margin-bottom: 20px; white-space: pre-wrap; font-family: monospace; width: 100%; background: #ffe9e9;\"><strong>condi\u00e7\u00f5es gerais<\/strong><table border=\"1\"><thead><tr><th><\/th><th>An\u00fancios<\/th><th>wp_the_query<\/th><\/tr><\/thead><tr><td>is_main_query<\/td><td>1<\/td><td>1<\/td><\/tr><tr><td>is_rest_api<\/td><td>0<\/td><td>1<\/td><\/tr><tr><td>page<\/td><td>0<\/td><td>1<\/td><\/tr><tr><td>numpages<\/td><td>0<\/td><td>1<\/td><\/tr><tr><td>is_archive<\/td><td>1<\/td><td><\/td><\/tr><tr><td>is_search<\/td><td>1<\/td><td><\/td><\/tr><tr><td>is_home<\/td><td>1<\/td><td><\/td><\/tr><tr><td>is_404<\/td><td>1<\/td><td><\/td><\/tr><tr><td>is_attachment<\/td><td>1<\/td><td><\/td><\/tr><tr><td>is_singular<\/td><td>1<\/td><td><\/td><\/tr><tr><td>is_front_page<\/td><td>1<\/td><td><\/td><\/tr><tr><td>is_feed<\/td><td>1<\/td><td><\/td><\/tr><\/table><\/div><br><br><span style=\"color: red;\">Seu site usa HTTPS, mas o c\u00f3digo do an\u00fancio cont\u00e9m HTTP e pode n\u00e3o funcionar.<\/span>\t<br><br>\n\t<a style=\"color: green;\" href=\"https:\/\/wpadvancedads.com\/manual\/ad-debug-mode\/?utm_source=advanced-ads&utm_medium=link&utm_campaign=ad-debug-mode\" target=\"_blank\" rel=\"nofollow\">Encontre solu\u00e7\u00f5es no manual<\/a>\n<\/div>\n<\/li><\/ul><\/div><script>( window.advanced_ads_ready || jQuery( document ).ready ).call( null, function() {var $lavraslider1337689437 = jQuery( \".lavra-slider-1337689437\" );$lavraslider1337689437.on( \"unslider.ready\", function() { jQuery( \"div.custom-slider ul li\" ).css( \"display\", \"block\" ); });$lavraslider1337689437.unslider({ delay:4000, autoplay:true, nav:false, arrows:false, infinite:true });$lavraslider1337689437.on(\"mouseover\", function() {$lavraslider1337689437.unslider(\"stop\");}).on(\"mouseout\", function() {$lavraslider1337689437.unslider(\"start\");});});<\/script><\/div><p>As ag\u00eancias da Caixa ter\u00e3o duas horas a mais de atendimento nesta segunda, ter\u00e7a e quarta-feira, de 10 a 12 de abril. <!--more-->A medida visa atender os trabalhadores que precisam sacar ou tirar d\u00favidas sobre as contas inativas do FGTS.<\/p>\n<div id=\"deferNews\">\n<div class=\"pubSpotNews fLeft\">\n<div class=\"pubSpotWrapper\"><img fetchpriority=\"high\" decoding=\"async\" class=\"size-full wp-image-7209 aligncenter\" src=\"http:\/\/lavras.tv\/site\/wp-content\/uploads\/2017\/03\/caixa-e1489142935473.jpg\" alt=\"caixa\" width=\"1295\" height=\"926\" srcset=\"https:\/\/lavras.tv\/site\/wp-content\/uploads\/2017\/03\/caixa-e1489142935473.jpg 1295w, https:\/\/lavras.tv\/site\/wp-content\/uploads\/2017\/03\/caixa-e1489142935473-150x107.jpg 150w, https:\/\/lavras.tv\/site\/wp-content\/uploads\/2017\/03\/caixa-e1489142935473-300x215.jpg 300w, https:\/\/lavras.tv\/site\/wp-content\/uploads\/2017\/03\/caixa-e1489142935473-1024x732.jpg 1024w\" sizes=\"(max-width: 1295px) 100vw, 1295px\" \/><\/p>\n<div class=\"mrec\"><\/div>\n<\/div>\n<\/div>\n<\/div>\n<p>As ag\u00eancias que abrem \u00e0s 11 horas, funcionar\u00e3o a partir das 9 horas; as que abrem \u00e0s 10 horas, abrir\u00e3o \u00e0s 8 horas; e as que normalmente iniciam suas atividades \u00e0s 9 horas, come\u00e7ar\u00e3o \u00e0s 8 horas com fechamento uma hora mais tarde.<\/p>\n<p>O presidente da Caixa, Gilberto Occhi, recomenda que o trabalhador, ao procurar a ag\u00eancia, leve a carteira de trabalho e o termo de rescis\u00e3o do contrato de trabalho. J\u00e1 se for sacar no autoatendimento, que atente \u00e0 mensagem que aparece no terminal, porque \u00e0s vezes ele pode possuir mais de uma conta inativa.<\/p>\n<p>S\u00e3o 3.412 ag\u00eancias em todo Brasil com hor\u00e1rio especial nesses primeiros dias da segunda fase de pagamento. N\u00e3o ter\u00e3o hor\u00e1rios especiais os 837 postos de atendimento da Caixa\u00a0que ficam dentro de reparti\u00e7\u00f5es p\u00fablicas e as oito unidades m\u00f3veis (caminh\u00f5es) por n\u00e3o serem caracterizados como ag\u00eancia.<\/p>\n<p><span class=\"news_bold\">SAQUES DO FGTS<\/span><\/p>\n<p>Desde s\u00e1bado, 8 de abril, 7,7 milh\u00f5es de brasileiros aniversariantes de mar\u00e7o, abril e maio podem sacar os recursos das contas inativas do FGTS. O valor total dispon\u00edvel para essa segunda fase chega a R$ 11,2 bilh\u00f5es e equivale a 26% do total dispon\u00edvel. Esses trabalhadores t\u00eam at\u00e9 o dia 31 de julho para realizarem o saque, caso n\u00e3o recebam automaticamente em conta Caixa. Vale lembrar que apenas o trabalhador que pediu demiss\u00e3o ou foi demitido por justa causa at\u00e9 o dia 31 de dezembro de 2015 possuir\u00e1 contas inativas aptas a serem sacadas.<\/p>\n<p>&nbsp;<\/p>\n<p>Fonte: Not\u00edcias ao minuto<\/p>\n","protected":false},"excerpt":{"rendered":"<p>As ag\u00eancias da Caixa ter\u00e3o duas horas a mais de atendimento nesta segunda, ter\u00e7a e quarta-feira, de 10 a 12 de abril.<\/p>\n","protected":false},"author":2,"featured_media":7209,"comment_status":"closed","ping_status":"open","sticky":false,"template":"","format":"standard","meta":{"advgb_blocks_editor_width":"","advgb_blocks_columns_visual_guide":"","_exactmetrics_skip_tracking":false,"_exactmetrics_sitenote_active":false,"_exactmetrics_sitenote_note":"","_exactmetrics_sitenote_category":0,"footnotes":""},"categories":[7,2],"tags":[2707,2884,2540,3135,2708],"class_list":["post-7993","post","type-post","status-publish","format-standard","has-post-thumbnail","hentry","category-destaques","category-noticias","tag-caixa","tag-contas-inativas","tag-fgts","tag-horario-especial","tag-saque"],"better_featured_image":{"id":7209,"alt_text":"","caption":"","description":"","media_type":"image","media_details":{"width":1295,"height":926,"file":"2017\/03\/caixa-e1489142935473.jpg","sizes":{"thumbnail":{"file":"caixa-e1489142935473-150x107.jpg","width":150,"height":107,"mime-type":"image\/jpeg","source_url":"https:\/\/lavras.tv\/site\/wp-content\/uploads\/2017\/03\/caixa-e1489142935473-150x107.jpg"},"medium":{"file":"caixa-e1489142935473-300x215.jpg","width":300,"height":215,"mime-type":"image\/jpeg","source_url":"https:\/\/lavras.tv\/site\/wp-content\/uploads\/2017\/03\/caixa-e1489142935473-300x215.jpg"},"large":{"file":"caixa-e1489142935473-1024x732.jpg","width":1024,"height":732,"mime-type":"image\/jpeg","source_url":"https:\/\/lavras.tv\/site\/wp-content\/uploads\/2017\/03\/caixa-e1489142935473-1024x732.jpg"},"featured-slider-img":{"file":"caixa-e1489142935473-640x480.jpg","width":640,"height":480,"mime-type":"image\/jpeg","source_url":"https:\/\/lavras.tv\/site\/wp-content\/uploads\/2017\/03\/caixa-e1489142935473-640x480.jpg"},"featured-post-img":{"file":"caixa-e1489142935473-480x320.jpg","width":480,"height":320,"mime-type":"image\/jpeg","source_url":"https:\/\/lavras.tv\/site\/wp-content\/uploads\/2017\/03\/caixa-e1489142935473-480x320.jpg"},"sow-carousel-default":{"file":"caixa-e1489142935473-272x182.jpg","width":272,"height":182,"mime-type":"image\/jpeg","source_url":"https:\/\/lavras.tv\/site\/wp-content\/uploads\/2017\/03\/caixa-e1489142935473-272x182.jpg"}},"image_meta":{"aperture":"0","credit":"","camera":"","caption":"","created_timestamp":"0","copyright":"","focal_length":"0","iso":"0","shutter_speed":"0","title":"","orientation":"0","keywords":[]}},"post":7208,"source_url":"https:\/\/lavras.tv\/site\/wp-content\/uploads\/2017\/03\/caixa-e1489142935473.jpg"},"author_meta":{"display_name":"Lavras TV","author_link":"https:\/\/lavras.tv\/site\/author\/lavrastv\/"},"featured_img":"https:\/\/lavras.tv\/site\/wp-content\/uploads\/2017\/03\/caixa-e1489142935473-300x215.jpg","coauthors":[],"tax_additional":{"categories":{"linked":["<a href=\"https:\/\/lavras.tv\/site\/category\/destaques\/\" class=\"advgb-post-tax-term\">Destaques<\/a>","<a href=\"https:\/\/lavras.tv\/site\/category\/noticias\/\" class=\"advgb-post-tax-term\">Not\u00edcias<\/a>"],"unlinked":["<span class=\"advgb-post-tax-term\">Destaques<\/span>","<span class=\"advgb-post-tax-term\">Not\u00edcias<\/span>"]},"tags":{"linked":["<a href=\"https:\/\/lavras.tv\/site\/category\/noticias\/\" class=\"advgb-post-tax-term\">caixa<\/a>","<a href=\"https:\/\/lavras.tv\/site\/category\/noticias\/\" class=\"advgb-post-tax-term\">contas inativas<\/a>","<a href=\"https:\/\/lavras.tv\/site\/category\/noticias\/\" class=\"advgb-post-tax-term\">fgts<\/a>","<a href=\"https:\/\/lavras.tv\/site\/category\/noticias\/\" class=\"advgb-post-tax-term\">hor\u00e1rio especial<\/a>","<a href=\"https:\/\/lavras.tv\/site\/category\/noticias\/\" class=\"advgb-post-tax-term\">saque<\/a>"],"unlinked":["<span class=\"advgb-post-tax-term\">caixa<\/span>","<span class=\"advgb-post-tax-term\">contas inativas<\/span>","<span class=\"advgb-post-tax-term\">fgts<\/span>","<span class=\"advgb-post-tax-term\">hor\u00e1rio especial<\/span>","<span class=\"advgb-post-tax-term\">saque<\/span>"]}},"comment_count":"0","relative_dates":{"created":"Publicado 9 anos atr\u00e1s","modified":"Atualizado 9 anos atr\u00e1s"},"absolute_dates":{"created":"Publicado em 10 de abril de 2017","modified":"Atualizado em 10 de abril de 2017"},"absolute_dates_time":{"created":"Publicado em 10 de abril de 2017 08:01","modified":"Atualizado em 10 de abril de 2017 08:01"},"featured_img_caption":"","series_order":"","_links":{"self":[{"href":"https:\/\/lavras.tv\/site\/wp-json\/wp\/v2\/posts\/7993","targetHints":{"allow":["GET"]}}],"collection":[{"href":"https:\/\/lavras.tv\/site\/wp-json\/wp\/v2\/posts"}],"about":[{"href":"https:\/\/lavras.tv\/site\/wp-json\/wp\/v2\/types\/post"}],"author":[{"embeddable":true,"href":"https:\/\/lavras.tv\/site\/wp-json\/wp\/v2\/users\/2"}],"replies":[{"embeddable":true,"href":"https:\/\/lavras.tv\/site\/wp-json\/wp\/v2\/comments?post=7993"}],"version-history":[{"count":1,"href":"https:\/\/lavras.tv\/site\/wp-json\/wp\/v2\/posts\/7993\/revisions"}],"predecessor-version":[{"id":7994,"href":"https:\/\/lavras.tv\/site\/wp-json\/wp\/v2\/posts\/7993\/revisions\/7994"}],"wp:featuredmedia":[{"embeddable":true,"href":"https:\/\/lavras.tv\/site\/wp-json\/wp\/v2\/media\/7209"}],"wp:attachment":[{"href":"https:\/\/lavras.tv\/site\/wp-json\/wp\/v2\/media?parent=7993"}],"wp:term":[{"taxonomy":"category","embeddable":true,"href":"https:\/\/lavras.tv\/site\/wp-json\/wp\/v2\/categories?post=7993"},{"taxonomy":"post_tag","embeddable":true,"href":"https:\/\/lavras.tv\/site\/wp-json\/wp\/v2\/tags?post=7993"}],"curies":[{"name":"wp","href":"https:\/\/api.w.org\/{rel}","templated":true}]}}