{"id":7998,"date":"2017-04-10T08:24:02","date_gmt":"2017-04-10T11:24:02","guid":{"rendered":"http:\/\/lavras.tv\/site\/?p=7998"},"modified":"2017-04-10T08:24:02","modified_gmt":"2017-04-10T11:24:02","slug":"enem-2017-tera-taxa-mais-cara-inscricoes-comecam-no-dia-8-de-maio","status":"publish","type":"post","link":"https:\/\/lavras.tv\/site\/2017\/04\/10\/enem-2017-tera-taxa-mais-cara-inscricoes-comecam-no-dia-8-de-maio\/","title":{"rendered":"Enem 2017 ter\u00e1 taxa mais cara; inscri\u00e7\u00f5es come\u00e7am no dia 8 de maio"},"content":{"rendered":"<div class=\"lavra-antes-do-conteudo_2\" id=\"lavra-2034072057\"><div id=\"lavra-slider-27\" class=\"custom-slider lavra-slider-2682214382 lavra-slider\"><ul><li><div style=\"margin-left: auto;margin-right: auto;text-align: center;\" id=\"lavra-413699075\"><a href=\"https:\/\/sistemas.lavras.mg.gov.br\/portalcidadao\/#df1b1a7c7b2a290bcb31e32771e610784662739a88807c0dacac58ede5f391a7530e299dc302d611ee73cb143fc22eaf93592e53e7b5bdb01b00a0b8d28dae460c141dd2ff83412e4dc1c31b16b25f33144a9e5620ea73b13f5bc1c59411d98439ad226e8af03840603796067d87afe130812cf3de24982d0e306f9e61e764e5\" aria-label=\"Lavras-TV&#8211;720x104px (1) (1)\"><img src=\"https:\/\/lavras.tv\/site\/wp-content\/uploads\/2025\/01\/Lavras-TV-720x104px-1-1.png\" alt=\"\"  srcset=\"https:\/\/lavras.tv\/site\/wp-content\/uploads\/2025\/01\/Lavras-TV-720x104px-1-1.png 720w, https:\/\/lavras.tv\/site\/wp-content\/uploads\/2025\/01\/Lavras-TV-720x104px-1-1-470x68.png 470w, https:\/\/lavras.tv\/site\/wp-content\/uploads\/2025\/01\/Lavras-TV-720x104px-1-1-170x25.png 170w, https:\/\/lavras.tv\/site\/wp-content\/uploads\/2025\/01\/Lavras-TV-720x104px-1-1-200x29.png 200w\" sizes=\"(max-width: 720px) 100vw, 720px\" width=\"720\" height=\"104\"  style=\"display: inline-block;\" \/><\/a><\/div><\/li><li><a href=\"https:\/\/sistemas.lavras.mg.gov.br\/portalcidadao\/#df1b1a7c7b2a290bcb31e32771e610784662739a88807c0dacac58ede5f391a7530e299dc302d611ee73cb143fc22eaf93592e53e7b5bdb01b00a0b8d28dae460c141dd2ff83412e4dc1c31b16b25f33144a9e5620ea73b13f5bc1c59411d98439ad226e8af03840603796067d87afe130812cf3de24982d0e306f9e61e764e5\" aria-label=\"Banner_Emprego_PortallavrasTV\"><img src=\"https:\/\/lavras.tv\/site\/wp-content\/uploads\/2025\/03\/Banner_Emprego_PortallavrasTV.png\" alt=\"\"  srcset=\"https:\/\/lavras.tv\/site\/wp-content\/uploads\/2025\/03\/Banner_Emprego_PortallavrasTV.png 720w, https:\/\/lavras.tv\/site\/wp-content\/uploads\/2025\/03\/Banner_Emprego_PortallavrasTV-470x68.png 470w, https:\/\/lavras.tv\/site\/wp-content\/uploads\/2025\/03\/Banner_Emprego_PortallavrasTV-170x25.png 170w, https:\/\/lavras.tv\/site\/wp-content\/uploads\/2025\/03\/Banner_Emprego_PortallavrasTV-200x29.png 200w\" sizes=\"(max-width: 720px) 100vw, 720px\" width=\"720\" height=\"104\"   \/><\/a><\/li><li><a href=\"https:\/\/sistemas.lavras.mg.gov.br\/portalcidadao\/#df1b1a7c7b2a290bcb31e32771e610784662739a88807c0dacac58ede5f391a7530e299dc302d611ee73cb143fc22eaf93592e53e7b5bdb01b00a0b8d28dae460c141dd2ff83412e4dc1c31b16b25f33144a9e5620ea73b13f5bc1c59411d98439ad226e8af03840603796067d87afe130812cf3de24982d0e306f9e61e764e5\" aria-label=\"Banner_Obras_PortallavrasTV\"><img src=\"https:\/\/lavras.tv\/site\/wp-content\/uploads\/2025\/03\/Banner_Obras_PortallavrasTV.png\" alt=\"\"  srcset=\"https:\/\/lavras.tv\/site\/wp-content\/uploads\/2025\/03\/Banner_Obras_PortallavrasTV.png 720w, https:\/\/lavras.tv\/site\/wp-content\/uploads\/2025\/03\/Banner_Obras_PortallavrasTV-470x68.png 470w, https:\/\/lavras.tv\/site\/wp-content\/uploads\/2025\/03\/Banner_Obras_PortallavrasTV-170x25.png 170w, https:\/\/lavras.tv\/site\/wp-content\/uploads\/2025\/03\/Banner_Obras_PortallavrasTV-200x29.png 200w\" sizes=\"(max-width: 720px) 100vw, 720px\" width=\"720\" height=\"104\"   \/><\/a><\/li><li><div style=\"margin-left: auto;margin-right: auto;text-align: center;\" id=\"lavra-3522380812\"><a href=\"https:\/\/sistemas.lavras.mg.gov.br\/portalcidadao\/#df1b1a7c7b2a290bcb31e32771e610784662739a88807c0dacac58ede5f391a7530e299dc302d611ee73cb143fc22eaf93592e53e7b5bdb01b00a0b8d28dae460c141dd2ff83412e4dc1c31b16b25f33144a9e5620ea73b13f5bc1c59411d98439ad226e8af03840603796067d87afe130812cf3de24982d0e306f9e61e764e5\" aria-label=\"Banner_Educa\u00e7\u00e3o_PortallavrasTV\"><img src=\"https:\/\/lavras.tv\/site\/wp-content\/uploads\/2025\/01\/Banner_Educacao_PortallavrasTV.png\" alt=\"\"  srcset=\"https:\/\/lavras.tv\/site\/wp-content\/uploads\/2025\/01\/Banner_Educacao_PortallavrasTV.png 720w, https:\/\/lavras.tv\/site\/wp-content\/uploads\/2025\/01\/Banner_Educacao_PortallavrasTV-470x68.png 470w, https:\/\/lavras.tv\/site\/wp-content\/uploads\/2025\/01\/Banner_Educacao_PortallavrasTV-170x25.png 170w, https:\/\/lavras.tv\/site\/wp-content\/uploads\/2025\/01\/Banner_Educacao_PortallavrasTV-200x29.png 200w\" sizes=\"(max-width: 720px) 100vw, 720px\" width=\"720\" height=\"104\"  style=\"display: inline-block;\" \/><\/a><\/div><\/li><li><a href=\"https:\/\/sistemas.lavras.mg.gov.br\/portalcidadao\/#df1b1a7c7b2a290bcb31e32771e610784662739a88807c0dacac58ede5f391a7530e299dc302d611ee73cb143fc22eaf93592e53e7b5bdb01b00a0b8d28dae460c141dd2ff83412e4dc1c31b16b25f33144a9e5620ea73b13f5bc1c59411d98439ad226e8af03840603796067d87afe130812cf3de24982d0e306f9e61e764e5\" aria-label=\"Banner_Sa\u00fade_PortallavrasTV\"><img src=\"https:\/\/lavras.tv\/site\/wp-content\/uploads\/2025\/03\/Banner_Saude_PortallavrasTV.png\" alt=\"\"  srcset=\"https:\/\/lavras.tv\/site\/wp-content\/uploads\/2025\/03\/Banner_Saude_PortallavrasTV.png 720w, https:\/\/lavras.tv\/site\/wp-content\/uploads\/2025\/03\/Banner_Saude_PortallavrasTV-470x68.png 470w, https:\/\/lavras.tv\/site\/wp-content\/uploads\/2025\/03\/Banner_Saude_PortallavrasTV-170x25.png 170w, https:\/\/lavras.tv\/site\/wp-content\/uploads\/2025\/03\/Banner_Saude_PortallavrasTV-200x29.png 200w\" sizes=\"(max-width: 720px) 100vw, 720px\" width=\"720\" height=\"104\"   \/><\/a><\/li><li><div id=\"lavra-3748435403\" style=\"width:720px;height:104px;background-color:#ddd;overflow:scroll;\">\n\t<strong>Sa\u00edda da depura\u00e7\u00e3o de an\u00fancios<\/strong>\n\t<br><br>\n\tO an\u00fancio n\u00e3o \u00e9 exibido na p\u00e1gina<br><br>post atual: Enem 2017 ter\u00e1 taxa mais cara; inscri\u00e7\u00f5es come\u00e7am no dia 8 de maio, ID: 7998<br><br><span style=\"color: red;\">O post atual n\u00e3o \u00e9 id\u00eantico ao post principal.<\/span><br><br>An\u00fancios: ROXO - TOPO INTERNA - ROTATIVO 2 (197)<br \/>Grupo de an\u00fancios: Princ_Meio01_720x104 (27)<br><br>Condi\u00e7\u00f5es de exibi\u00e7\u00e3o<div style=\"margin-bottom: 20px; white-space: pre-wrap; font-family: monospace; width: 100%; background: #ffe9e9;\"><strong>condi\u00e7\u00f5es gerais<\/strong><table border=\"1\"><thead><tr><th><\/th><th>An\u00fancios<\/th><th>wp_the_query<\/th><\/tr><\/thead><tr><td>is_main_query<\/td><td>1<\/td><td>1<\/td><\/tr><tr><td>is_rest_api<\/td><td>0<\/td><td>1<\/td><\/tr><tr><td>page<\/td><td>0<\/td><td>1<\/td><\/tr><tr><td>numpages<\/td><td>0<\/td><td>1<\/td><\/tr><tr><td>is_archive<\/td><td>1<\/td><td><\/td><\/tr><tr><td>is_search<\/td><td>1<\/td><td><\/td><\/tr><tr><td>is_home<\/td><td>1<\/td><td><\/td><\/tr><tr><td>is_404<\/td><td>1<\/td><td><\/td><\/tr><tr><td>is_attachment<\/td><td>1<\/td><td><\/td><\/tr><tr><td>is_singular<\/td><td>1<\/td><td><\/td><\/tr><tr><td>is_front_page<\/td><td>1<\/td><td><\/td><\/tr><tr><td>is_feed<\/td><td>1<\/td><td><\/td><\/tr><\/table><\/div><br><br><span style=\"color: red;\">Seu site usa HTTPS, mas o c\u00f3digo do an\u00fancio cont\u00e9m HTTP e pode n\u00e3o funcionar.<\/span>\t<br><br>\n\t<a style=\"color: green;\" href=\"https:\/\/wpadvancedads.com\/manual\/ad-debug-mode\/?utm_source=advanced-ads&utm_medium=link&utm_campaign=ad-debug-mode\" target=\"_blank\" rel=\"nofollow\">Encontre solu\u00e7\u00f5es no manual<\/a>\n<\/div>\n<\/li><\/ul><\/div><script>( window.advanced_ads_ready || jQuery( document ).ready ).call( null, function() {var $lavraslider2682214382 = jQuery( \".lavra-slider-2682214382\" );$lavraslider2682214382.on( \"unslider.ready\", function() { jQuery( \"div.custom-slider ul li\" ).css( \"display\", \"block\" ); });$lavraslider2682214382.unslider({ delay:4000, autoplay:true, nav:false, arrows:false, infinite:true });$lavraslider2682214382.on(\"mouseover\", function() {$lavraslider2682214382.unslider(\"stop\");}).on(\"mouseout\", function() {$lavraslider2682214382.unslider(\"start\");});});<\/script><\/div><p>O Exame Nacional do Ensino M\u00e9dio (Enem) vai ficar mais caro para quem n\u00e3o conseguir isen\u00e7\u00e3o.<!--more--> Em 2017, a taxa para se inscrever nas provas subiu de R$ 68 para R$ 82. O novo valor, que representa um aumento de 20,5%, consta no edital publicado nesta segunda-feira (10) no Di\u00e1rio Oficial da Uni\u00e3o (DOU). Al\u00e9m de O texto confirma as mudan\u00e7as no Enem j\u00e1 divulgadas pelo Instituto Nacional de Estudos e Pesquisas Educacionais An\u00edsio Teixeira (Inep).<\/p>\n<div class=\"mc-column content-text active-extra-styles \" data-block-type=\"unstyled\" data-block-weight=\"4\">\n<p class=\"content-text__container \" data-track-category=\"Link no Texto\" data-track-links=\"\"><strong>Destaques do Enem 2017<\/strong><\/p>\n<\/div>\n<div class=\"mc-column content-text active-extra-styles\" data-block-type=\"raw\" data-block-weight=\"179\">\n<ul class=\"content-unordered-list\">\n<li>Prazo de inscri\u00e7\u00e3o come\u00e7a em <strong>8 de maio<\/strong> e vai at\u00e9 23h59 de <strong>19 de maio<\/strong>.<\/li>\n<li>Taxa de inscri\u00e7\u00e3o subiu de R$ 68 para <strong>R$ 82<\/strong><\/li>\n<li>Boleto precisa ser pago at\u00e9 <strong>24 de maio<\/strong><\/li>\n<li>Provas ser\u00e3o em <strong>dois domingos<\/strong>: 5 de novembro (linguagens, ci\u00eancias humanas e reda\u00e7\u00e3o, com cinco horas e meia de prova) e 12 de novembro (matem\u00e1tica e ci\u00eancias da natureza, com quatro horas e meia de prova)<\/li>\n<li>Cadernos de prova ser\u00e3o <strong>personalizados<\/strong>, com nome do participante na capa e cart\u00e3o de respostas<\/li>\n<li>Participante ainda ter\u00e1 que preencher a &#8220;<a href=\"http:\/\/g1.globo.com\/educacao\/enem\/2015\/noticia\/2015\/10\/frases-misteriosas-nas-capas-de-provas-do-enem-sao-de-poeta-veja.html\"><strong>frase da capa<\/strong><\/a>&#8221; do caderno de quest\u00f5es<\/li>\n<li><strong>Isen\u00e7\u00e3o<\/strong>: Estudante da rede p\u00fablica (no terceiro ano do ensino m\u00e9dio), pessoas cadastradas no Cad\u00danico e candidato que se encaixa na Lei 12.799\/2013 (<a href=\"http:\/\/g1.globo.com\/educacao\/enem\/2017\/noticia\/mudanca-no-enem-2017-aumenta-o-rigor-para-pedidos-de-isencao-da-taxa-entenda-o-que-muda.ghtml\">clique aqui para saber mais<\/a>).<\/li>\n<li>Isentos que <strong>n\u00e3o comparecem<\/strong> perdem direito ao benef\u00edcio no ano seguinte se a aus\u00eancia n\u00e3o for justificada por meio de atestado m\u00e9dico, documento oficial judicial ou, ainda, por meio de boletim de ocorr\u00eancia<\/li>\n<li>Enem n\u00e3o valer\u00e1 como <strong>certificado do ensino m\u00e9dio<\/strong><\/li>\n<li>Solicita\u00e7\u00e3o de <strong>tempo adicional <\/strong>para atendimento especial deve ser solicitada na inscri\u00e7\u00e3o<\/li>\n<\/ul>\n<\/div>\n<div class=\"mc-column content-text active-extra-styles \" data-block-type=\"unstyled\" data-block-weight=\"42\">\n<p class=\"content-text__container \" data-track-category=\"Link no Texto\" data-track-links=\"\">O Inep afirma que o aumento da tarifa da inscri\u00e7\u00e3o se deu para atualizar os valores conforme o \u00cdndice Nacional de Pre\u00e7os ao Consumidor Amplo (IPCA) praticado em 2016 e para arcar com os custos operacionais e as melhorias implementadas no certame.<\/p>\n<\/div>\n<div class=\"mc-column content-text active-extra-styles \" data-block-type=\"unstyled\" data-block-weight=\"44\">\n<p class=\"content-text__container \" data-track-category=\"Link no Texto\" data-track-links=\"\">Segundo o Inep, entre 2000 e 2014, a taxa manteve-se em R$ 35. De acordo com a institui\u00e7\u00e3o, os pre\u00e7os cobrados em 2015 (R$ 63) e 2016 (R$ 68) foram inferiores aos apurados pelo IPCA no per\u00edodo. O valor representa uma alta de 20%.<\/p>\n<\/div>\n<div class=\"mc-column content-text active-extra-styles \" data-block-type=\"unstyled\" data-block-weight=\"66\">\n<p class=\"content-text__container \" data-track-category=\"Link no Texto\" data-track-links=\"\">\u201cEsse valor ainda n\u00e3o \u00e9 o suficiente para cobrir todas as despesas do Enem\u201d, disse a presidente do Inep, Maria In\u00eas Fini. Durante reuni\u00e3o t\u00e9cnica na sexta-feira (7) para apresentar o edital \u00e0 imprensa, Maria In\u00eas informou que o custo por participante \u00e9 de R$ 91,49. Por causa desse valor e das isen\u00e7\u00f5es, o governo precisa arcar com cerca de um ter\u00e7o do valor do exame.<\/p>\n<\/div>\n<div class=\"content-ads content-ads--reveal\"><\/div>\n<div class=\"mc-column content-text active-extra-styles \" data-block-type=\"unstyled\" data-block-weight=\"36\">\n<p class=\"content-text__container \" data-track-category=\"Link no Texto\" data-track-links=\"\">Como o Enem n\u00e3o poder\u00e1 ser mais usado como certificado do ensino m\u00e9dio, o Inep calcula que o n\u00famero de inscritos cair\u00e1 para cerca de 7,5 milh\u00f5es. Em 2016, a prova teve 8,6 milh\u00f5es de inscri\u00e7\u00f5es.<\/p>\n<\/div>\n<div class=\"mc-column content-text active-extra-styles \" data-block-type=\"unstyled\" data-block-weight=\"31\">\n<p class=\"content-text__container \" data-track-category=\"Link no Texto\" data-track-links=\"\">As inscri\u00e7\u00f5es para o Enem 2017 ficar\u00e3o abertas a partir de 8 maio \u00e0s 10h. Os interessados poder\u00e3o se cadastrar at\u00e9 19 de maio de 2017, \u00e0s 23h59 (hor\u00e1rio de Bras\u00edlia).<\/p>\n<\/div>\n<div class=\"mc-column content-media content-media--normal\" data-block-type=\"backstage-photo\">\n<div class=\"content-media__container\">\n<div class=\"content-media__image-centered\">\n<div class=\"progressive-img can-open-lightbox\" data-max-size-url=\"http:\/\/s2.glbimg.com\/7rgw1MxUkrMvEYvv1_26WM3iKXM=\/0x0:650x1100\/1600x0\/smart\/filters:strip_icc()\/i.s3.glbimg.com\/v1\/AUTH_59edd422c0c84a879bd37670ae4f538a\/internal_photos\/bs\/2017\/C\/l\/GGxDLzQbW24kql3hzzoA\/edital-do-enem-arte-materia-va.jpg\" data-min-size-url=\"http:\/\/s2.glbimg.com\/G3XYi2C0V1b3L_gFaKMss8rYHfo=\/0x0:650x1100\/1008x0\/smart\/filters:strip_icc()\/i.s3.glbimg.com\/v1\/AUTH_59edd422c0c84a879bd37670ae4f538a\/internal_photos\/bs\/2017\/C\/l\/GGxDLzQbW24kql3hzzoA\/edital-do-enem-arte-materia-va.jpg\" data-min-size=\"1008x1705\" data-max-size=\"1600x2707\" data-media-index=\"0\"><img decoding=\"async\" class=\"progressive-draft\" title=\"Confira as principais informa\u00e7\u00f5es sobre o Enem 2017, que come\u00e7a a receber inscri\u00e7\u00f5es no dia 8 de maio (Foto: Editoria de Arte\/G1)\" src=\"data:image\/jpeg;base64,\/9j\/4AAQSkZJRgABAQAAAQABAAD\/2wBDAAMCAgMCAgMDAwMEAwMEBQgFBQQEBQoHBwYIDAoMDAsKCwsNDhIQDQ4RDgsLEBYQERMUFRUVDA8XGBYUGBIUFRT\/2wBDAQMEBAUEBQkFBQkUDQsNFBQUFBQUFBQUFBQUFBQUFBQUFBQUFBQUFBQUFBQUFBQUFBQUFBQUFBQUFBQUFBQUFBT\/wgARCAAqABkDASIAAhEBAxEB\/8QAGwAAAgMAAwAAAAAAAAAAAAAABAUBAwYAAgf\/xAAXAQADAQAAAAAAAAAAAAAAAAABAgME\/9oADAMBAAIQAxAAAAH1ltnHaaNkwFKfPiesXrXQsQD2kruNkEO67hH\/xAAhEAABBAEDBQAAAAAAAAAAAAAEAAECAwUGERMQFSAhI\/\/aAAgBAQABBQLHsSQo0FVWhzvnWsQB7bDQdC0tQOq9PDhrswjqh2j0HyR5q5jlQ20VWTWdU3Cy+C5YLbbw\/8QAGxEBAAICAwAAAAAAAAAAAAAAARASAgMEMWH\/2gAIAQMBAT8B5AY7UI22u37h8j\/\/xAAZEQACAwEAAAAAAAAAAAAAAAACERAgITH\/2gAIAQIBAT8BDkCllP\/EAC8QAAECAwMICwAAAAAAAAAAAAECAwAREgQQIRMlMTIzYXHRBSAkQUJjgYOSweH\/2gAIAQEABj8CersNlboWU7U84C27LY5p1SXDMR2hKEr8szF1ozSdocXnMeGiDmlr1d\/IbbSgNhI1E6BcpRUpxSjhMyw++MYtq+ZhCEVUgaMLnMp0eGUpVIZRZE4kLEwffPKEzbpV37rqmjlG5yqQRBExvnHhjWHV\/8QAIhABAAEDBAIDAQAAAAAAAAAAAREAITEQQVFhcYEgkaGx\/9oACAEBAAE\/IY6TCyespjdt0UGlQsnMpeB8u+kzxkGA68e75LtBxL0fVC85JJ6J30EiMKwEwWy5V2pc3WYl\/tWRBBgA03aPl\/F\/OKmXhBcaFNVB3C8ukk0ySCnugaO8l6sNMAEBB18P\/9oADAMBAAIAAwAAABAnQkzpT\/\/EABsRAAICAwEAAAAAAAAAAAAAAAExEBEhQWGx\/9oACAEDAQE\/EAygDCSHT6Yab2R1zCilnSP\/xAAXEQEBAQEAAAAAAAAAAAAAAAABECFB\/9oACAECAQE\/EEpWYOIT\/8QAIBABAQADAAMAAgMAAAAAAAAAAREAITEQQVGBkaHR8f\/aAAgBAQABPxA42SqI2JqEE2WQLlzWkYPfs68yuIQvvw9j1dTwcOwsjtAij3VPA0YWN9A9609GsDi3oM2IOruF778Fp2+ZklgqrXArrGptrPV+c3+8CQ2bQoFlYT3f58GXvB2rIakDYapLvBMJ0sX6F5p\/mRm7DZDe54PyZJ4iX4b+s5NtB7cfzjA0Fps7n+1kgukEMPP\/2Q==\" alt=\"Confira as principais informa\u00e7\u00f5es sobre o Enem 2017, que come\u00e7a a receber inscri\u00e7\u00f5es no dia 8 de maio (Foto: Editoria de Arte\/G1)\" \/><picture><source srcset=\"http:\/\/s2.glbimg.com\/IuGAV_ebDLfGSYbfzomh6E9Eat0=\/0x0:650x1100\/600x0\/smart\/filters:strip_icc()\/i.s3.glbimg.com\/v1\/AUTH_59edd422c0c84a879bd37670ae4f538a\/internal_photos\/bs\/2017\/C\/l\/GGxDLzQbW24kql3hzzoA\/edital-do-enem-arte-materia-va.jpg 1x, http:\/\/s2.glbimg.com\/mf2a9EVWSbnvCD9iZNub2g6lN10=\/0x0:650x1100\/1200x0\/smart\/filters:strip_icc()\/i.s3.glbimg.com\/v1\/AUTH_59edd422c0c84a879bd37670ae4f538a\/internal_photos\/bs\/2017\/C\/l\/GGxDLzQbW24kql3hzzoA\/edital-do-enem-arte-materia-va.jpg 2x\" media=\"(max-width: 1024px)\" data-src=\"http:\/\/s2.glbimg.com\/IuGAV_ebDLfGSYbfzomh6E9Eat0=\/0x0:650x1100\/600x0\/smart\/filters:strip_icc()\/i.s3.glbimg.com\/v1\/AUTH_59edd422c0c84a879bd37670ae4f538a\/internal_photos\/bs\/2017\/C\/l\/GGxDLzQbW24kql3hzzoA\/edital-do-enem-arte-materia-va.jpg 1x, http:\/\/s2.glbimg.com\/mf2a9EVWSbnvCD9iZNub2g6lN10=\/0x0:650x1100\/1200x0\/smart\/filters:strip_icc()\/i.s3.glbimg.com\/v1\/AUTH_59edd422c0c84a879bd37670ae4f538a\/internal_photos\/bs\/2017\/C\/l\/GGxDLzQbW24kql3hzzoA\/edital-do-enem-arte-materia-va.jpg 2x\" \/><source srcset=\"http:\/\/s2.glbimg.com\/3maF03gHPCc5poVSlc0eDlDctjk=\/0x0:650x1100\/640x0\/smart\/filters:strip_icc()\/i.s3.glbimg.com\/v1\/AUTH_59edd422c0c84a879bd37670ae4f538a\/internal_photos\/bs\/2017\/C\/l\/GGxDLzQbW24kql3hzzoA\/edital-do-enem-arte-materia-va.jpg 1x, http:\/\/s2.glbimg.com\/YnRxn7CanwyS6Q2HNkuDbNkSaFY=\/0x0:650x1100\/1280x0\/smart\/filters:strip_icc()\/i.s3.glbimg.com\/v1\/AUTH_59edd422c0c84a879bd37670ae4f538a\/internal_photos\/bs\/2017\/C\/l\/GGxDLzQbW24kql3hzzoA\/edital-do-enem-arte-materia-va.jpg 2x\" media=\"(max-width: 1280px)\" data-src=\"http:\/\/s2.glbimg.com\/3maF03gHPCc5poVSlc0eDlDctjk=\/0x0:650x1100\/640x0\/smart\/filters:strip_icc()\/i.s3.glbimg.com\/v1\/AUTH_59edd422c0c84a879bd37670ae4f538a\/internal_photos\/bs\/2017\/C\/l\/GGxDLzQbW24kql3hzzoA\/edital-do-enem-arte-materia-va.jpg 1x, http:\/\/s2.glbimg.com\/YnRxn7CanwyS6Q2HNkuDbNkSaFY=\/0x0:650x1100\/1280x0\/smart\/filters:strip_icc()\/i.s3.glbimg.com\/v1\/AUTH_59edd422c0c84a879bd37670ae4f538a\/internal_photos\/bs\/2017\/C\/l\/GGxDLzQbW24kql3hzzoA\/edital-do-enem-arte-materia-va.jpg 2x\" \/><source srcset=\"http:\/\/s2.glbimg.com\/yE5ShhgH_JWB8gEh6IWaZuBfoTg=\/0x0:650x1100\/984x0\/smart\/filters:strip_icc()\/i.s3.glbimg.com\/v1\/AUTH_59edd422c0c84a879bd37670ae4f538a\/internal_photos\/bs\/2017\/C\/l\/GGxDLzQbW24kql3hzzoA\/edital-do-enem-arte-materia-va.jpg 1x, http:\/\/s2.glbimg.com\/cVrspuufj8Vy9aPMl5vxa7eQ4bQ=\/0x0:650x1100\/1968x0\/smart\/filters:strip_icc()\/i.s3.glbimg.com\/v1\/AUTH_59edd422c0c84a879bd37670ae4f538a\/internal_photos\/bs\/2017\/C\/l\/GGxDLzQbW24kql3hzzoA\/edital-do-enem-arte-materia-va.jpg 2x\" media=\"(max-width: 1360px)\" data-src=\"http:\/\/s2.glbimg.com\/yE5ShhgH_JWB8gEh6IWaZuBfoTg=\/0x0:650x1100\/984x0\/smart\/filters:strip_icc()\/i.s3.glbimg.com\/v1\/AUTH_59edd422c0c84a879bd37670ae4f538a\/internal_photos\/bs\/2017\/C\/l\/GGxDLzQbW24kql3hzzoA\/edital-do-enem-arte-materia-va.jpg 1x, http:\/\/s2.glbimg.com\/cVrspuufj8Vy9aPMl5vxa7eQ4bQ=\/0x0:650x1100\/1968x0\/smart\/filters:strip_icc()\/i.s3.glbimg.com\/v1\/AUTH_59edd422c0c84a879bd37670ae4f538a\/internal_photos\/bs\/2017\/C\/l\/GGxDLzQbW24kql3hzzoA\/edital-do-enem-arte-materia-va.jpg 2x\" \/><source srcset=\"http:\/\/s2.glbimg.com\/A_8w96pAvnx07CnRBhZ09jNww4w=\/0x0:650x1100\/1000x0\/smart\/filters:strip_icc()\/i.s3.glbimg.com\/v1\/AUTH_59edd422c0c84a879bd37670ae4f538a\/internal_photos\/bs\/2017\/C\/l\/GGxDLzQbW24kql3hzzoA\/edital-do-enem-arte-materia-va.jpg 1x, http:\/\/s2.glbimg.com\/98Z06839kI9XJoXV9lWwoQRWuZU=\/0x0:650x1100\/2000x0\/smart\/filters:strip_icc()\/i.s3.glbimg.com\/v1\/AUTH_59edd422c0c84a879bd37670ae4f538a\/internal_photos\/bs\/2017\/C\/l\/GGxDLzQbW24kql3hzzoA\/edital-do-enem-arte-materia-va.jpg 2x\" media=\"(min-width: 1361px)\" data-src=\"http:\/\/s2.glbimg.com\/A_8w96pAvnx07CnRBhZ09jNww4w=\/0x0:650x1100\/1000x0\/smart\/filters:strip_icc()\/i.s3.glbimg.com\/v1\/AUTH_59edd422c0c84a879bd37670ae4f538a\/internal_photos\/bs\/2017\/C\/l\/GGxDLzQbW24kql3hzzoA\/edital-do-enem-arte-materia-va.jpg 1x, http:\/\/s2.glbimg.com\/98Z06839kI9XJoXV9lWwoQRWuZU=\/0x0:650x1100\/2000x0\/smart\/filters:strip_icc()\/i.s3.glbimg.com\/v1\/AUTH_59edd422c0c84a879bd37670ae4f538a\/internal_photos\/bs\/2017\/C\/l\/GGxDLzQbW24kql3hzzoA\/edital-do-enem-arte-materia-va.jpg 2x\" \/><source srcset=\"http:\/\/s2.glbimg.com\/yE5ShhgH_JWB8gEh6IWaZuBfoTg=\/0x0:650x1100\/984x0\/smart\/filters:strip_icc()\/i.s3.glbimg.com\/v1\/AUTH_59edd422c0c84a879bd37670ae4f538a\/internal_photos\/bs\/2017\/C\/l\/GGxDLzQbW24kql3hzzoA\/edital-do-enem-arte-materia-va.jpg\" data-src=\"http:\/\/s2.glbimg.com\/yE5ShhgH_JWB8gEh6IWaZuBfoTg=\/0x0:650x1100\/984x0\/smart\/filters:strip_icc()\/i.s3.glbimg.com\/v1\/AUTH_59edd422c0c84a879bd37670ae4f538a\/internal_photos\/bs\/2017\/C\/l\/GGxDLzQbW24kql3hzzoA\/edital-do-enem-arte-materia-va.jpg\" \/><img decoding=\"async\" class=\"image content-media__image progressive-loaded aligncenter\" title=\"Confira as principais informa\u00e7\u00f5es sobre o Enem 2017, que come\u00e7a a receber inscri\u00e7\u00f5es no dia 8 de maio (Foto: Editoria de Arte\/G1)\" src=\"http:\/\/s2.glbimg.com\/yE5ShhgH_JWB8gEh6IWaZuBfoTg=\/0x0:650x1100\/984x0\/smart\/filters:strip_icc()\/i.s3.glbimg.com\/v1\/AUTH_59edd422c0c84a879bd37670ae4f538a\/internal_photos\/bs\/2017\/C\/l\/GGxDLzQbW24kql3hzzoA\/edital-do-enem-arte-materia-va.jpg\" alt=\"Confira as principais informa\u00e7\u00f5es sobre o Enem 2017, que come\u00e7a a receber inscri\u00e7\u00f5es no dia 8 de maio (Foto: Editoria de Arte\/G1)\" data-src=\"http:\/\/s2.glbimg.com\/yE5ShhgH_JWB8gEh6IWaZuBfoTg=\/0x0:650x1100\/984x0\/smart\/filters:strip_icc()\/i.s3.glbimg.com\/v1\/AUTH_59edd422c0c84a879bd37670ae4f538a\/internal_photos\/bs\/2017\/C\/l\/GGxDLzQbW24kql3hzzoA\/edital-do-enem-arte-materia-va.jpg\" \/><\/picture><\/div>\n<\/div>\n<\/div>\n<\/div>\n<div class=\"mc-column content-text active-extra-styles\" data-block-type=\"raw\" data-block-weight=\"1\">\n<div class=\"content-intertitle\">\n<h2>Isen\u00e7\u00e3o<\/h2>\n<\/div>\n<\/div>\n<div class=\"mc-column content-text active-extra-styles \" data-block-type=\"unstyled\" data-block-weight=\"59\">\n<p class=\"content-text__container \" data-track-category=\"Link no Texto\" data-track-links=\"\">Estudantes de escolas p\u00fablicas concluintes do ensino m\u00e9dio em 2017 continuar\u00e3o a ter o direito da isen\u00e7\u00e3o da taxa de inscri\u00e7\u00e3o, assim como os candidatos com renda familiar per capita igual ou inferior a um sal\u00e1rio m\u00ednimo e meio e aqueles que cursaram o ensino m\u00e9dio completo em escola da rede p\u00fablica ou como bolsista integral de escola privada.<\/p>\n<\/div>\n<div class=\"mc-column content-text active-extra-styles \" data-block-type=\"unstyled\" data-block-weight=\"62\">\n<p class=\"content-text__container \" data-track-category=\"Link no Texto\" data-track-links=\"\">A novidade do Enem 2017 \u00e9 que passam a ser isentos tamb\u00e9m as pessoas que tiverem cadastro no Cad\u00danico (Cadastro \u00danico para Programas Sociais do Governo Federal), que re\u00fane fam\u00edlias em situa\u00e7\u00e3o de pobreza e pobreza extrema. Para comprovar o dado, o candidato dever\u00e1 informar, no ato da inscri\u00e7\u00e3o, o NIS (n\u00famero de identifica\u00e7\u00e3o social) \u2013 o sistema permitir\u00e1 a busca autom\u00e1tica.<\/p>\n<\/div>\n<div class=\"mc-column content-text active-extra-styles \" data-block-type=\"unstyled\" data-block-weight=\"65\">\n<p class=\"content-text__container \" data-track-category=\"Link no Texto\" data-track-links=\"\">O Inep afirma que poder\u00e1 consultar o \u00f3rg\u00e3o gestor do Cad\u00danico para verificar as informa\u00e7\u00f5es prestadas pelos concorrentes. Se for constatado algum dado falso, o participante ser\u00e1 eliminado do exame e dever\u00e1 ressarcir ao governo os custos com a taxa de inscri\u00e7\u00e3o. Al\u00e9m disso, o estudante que tiver a solicita\u00e7\u00e3o de car\u00eancia indeferida ter\u00e1 que pagar o valor do boleto para ter a inscri\u00e7\u00e3o confirmada.<\/p>\n<\/div>\n<div class=\"mc-column content-text active-extra-styles\" data-block-type=\"raw\" data-block-weight=\"3\">\n<div class=\"content-intertitle\">\n<h2>Provas aos domingos<\/h2>\n<\/div>\n<\/div>\n<div class=\"mc-column content-text active-extra-styles \" data-block-type=\"unstyled\" data-block-weight=\"32\">\n<p class=\"content-text__container \" data-track-category=\"Link no Texto\" data-track-links=\"\">Ap\u00f3s consulta p\u00fablica sobre o exame, que ocorreu entre 18 de janeiro e 17 de fevereiro, dos mais de 600 mil participantes, 63,70% votaram que o Enem deveria ocorrer em dois dias.<\/p>\n<\/div>\n<div class=\"mc-column content-text active-extra-styles \" data-block-type=\"unstyled\" data-block-weight=\"26\">\n<p class=\"content-text__container \" data-track-category=\"Link no Texto\" data-track-links=\"\">Aqueles que participaram da pesquisa tamb\u00e9m tiveram de responder \u00e0 seguinte quest\u00e3o: \u201cCaso o exame continue sendo aplicado em dois dias, qual formato dever\u00e1 ser realizado?\u201d.<\/p>\n<\/div>\n<div class=\"mc-column content-text active-extra-styles \" data-block-type=\"unstyled\" data-block-weight=\"12\">\n<p class=\"content-text__container \" data-track-category=\"Link no Texto\" data-track-links=\"\">A maior parte (42,30%) optou que ele ocorresse em dois domingos seguidos.<\/p>\n<\/div>\n<div class=\"mc-column content-text active-extra-styles \" data-block-type=\"unstyled\" data-block-weight=\"45\">\n<p class=\"content-text__container \" data-track-category=\"Link no Texto\" data-track-links=\"\">A consulta p\u00fablica e a demanda dos candidatos sabatistas \u2013 religiosos que s\u00f3 podem estudar ou trabalhar aos s\u00e1bados ap\u00f3s o sol se p\u00f4r \u2013 motivaram o MEC a implementar a mudan\u00e7a. O exame ser\u00e1 realizado em dois domingos consecutivos: 5 e 12 de novembro.<\/p>\n<\/div>\n<div class=\"mc-column content-text active-extra-styles \" data-block-type=\"unstyled\" data-block-weight=\"37\">\n<p class=\"content-text__container \" data-track-category=\"Link no Texto\" data-track-links=\"\">Todos os anos, os sabatistas entravam no local de prova \u00e0s 13h (hor\u00e1rio de Bras\u00edlia) e ficavam isolados em uma sala at\u00e9 as 19h, quando come\u00e7avam a fazer o exame. \u201cEra uma coisa desumana\u201d, apontou Maria In\u00eas.<\/p>\n<\/div>\n<div class=\"mc-column content-text active-extra-styles\" data-block-type=\"raw\" data-block-weight=\"3\">\n<div class=\"content-intertitle\">\n<h2>Hor\u00e1rios das provas<\/h2>\n<\/div>\n<\/div>\n<div class=\"mc-column content-text active-extra-styles \" data-block-type=\"unstyled\" data-block-weight=\"41\">\n<p class=\"content-text__container \" data-track-category=\"Link no Texto\" data-track-links=\"\">Nos dois domingos do exame, em 5 e 12 de novembro, os port\u00f5es nos locais de provas ser\u00e3o abertos \u00e0s 12h e fechados \u00e0s 13h (hor\u00e1rio oficial de Bras\u00edlia). As provas ter\u00e3o in\u00edcio \u00e0s 13h30, em todas as unidades da federa\u00e7\u00e3o.<\/p>\n<\/div>\n<div class=\"mc-column content-text active-extra-styles \" data-block-type=\"unstyled\" data-block-weight=\"24\">\n<p class=\"content-text__container \" data-track-category=\"Link no Texto\" data-track-links=\"\">A ida ao banheiro, a partir das 13h, ser\u00e1 permitida desde que o participante seja acompanhado pelo fiscal, sob pena de elimina\u00e7\u00e3o do exame.<\/p>\n<\/div>\n<div class=\"mc-column content-text active-extra-styles\" data-block-type=\"raw\" data-block-weight=\"2\">\n<div class=\"content-intertitle\">\n<h2>Atendimento especializado<\/h2>\n<\/div>\n<\/div>\n<div class=\"mc-column content-text active-extra-styles \" data-block-type=\"unstyled\" data-block-weight=\"37\">\n<p class=\"content-text__container \" data-track-category=\"Link no Texto\" data-track-links=\"\">Os candidatos que precisarem de atendimento especializado na prova, como no caso daqueles que t\u00eam alguma defici\u00eancia, dever\u00e3o fazer a solicita\u00e7\u00e3o de tempo adicional no ato da inscri\u00e7\u00e3o, apresentando um documento que comprove a necessidade do benef\u00edcio.<\/p>\n<\/div>\n<div class=\"mc-column content-text active-extra-styles \" data-block-type=\"unstyled\" data-block-weight=\"22\">\n<p class=\"content-text__container \" data-track-category=\"Link no Texto\" data-track-links=\"\">No Enem 2016, o requerimento era feito nos dias de aplica\u00e7\u00e3o do exame \u2013 foram 68.907 solicita\u00e7\u00f5es na \u00faltima edi\u00e7\u00e3o da prova.<\/p>\n<\/div>\n<div class=\"mc-column content-text active-extra-styles \" data-block-type=\"unstyled\" data-block-weight=\"40\">\n<p class=\"content-text__container \" data-track-category=\"Link no Texto\" data-track-links=\"\">Os concorrentes surdos poder\u00e3o participar, neste ano, de uma aplica\u00e7\u00e3o experimental de dispositivo em v\u00eddeo contendo quest\u00f5es traduzidas em libras. Al\u00e9m desse recurso, continuam sendo oferecidos a esse p\u00fablico prova em braille, prova com letra ampliada e tradutor-int\u00e9rprete de libras.<\/p>\n<\/div>\n<div class=\"mc-column content-text active-extra-styles \" data-block-type=\"unstyled\" data-block-weight=\"25\">\n<p class=\"content-text__container \" data-track-category=\"Link no Texto\" data-track-links=\"\">\u201cEssa era uma demanda antiga. Por anos, ela foi negociada, mas decidimos enfrentar o desafio neste ano\u201d, disse a presidente do Inep, Maria In\u00eas Fini.<\/p>\n<\/div>\n<div class=\"mc-column content-text active-extra-styles\" data-block-type=\"raw\" data-block-weight=\"5\">\n<div class=\"content-intertitle\">\n<h2>Reda\u00e7\u00e3o: 1\u00ba dia de prova<\/h2>\n<\/div>\n<\/div>\n<div class=\"mc-column content-text active-extra-styles \" data-block-type=\"unstyled\" data-block-weight=\"54\">\n<p class=\"content-text__container \" data-track-category=\"Link no Texto\" data-track-links=\"\">O MEC n\u00e3o alterou o n\u00famero de quest\u00f5es ou qualquer item de conte\u00fado, mas mudou o dia da prova de reda\u00e7\u00e3o. Antes, ela era cobrada no segundo dia, junto com as 45 quest\u00f5es de matem\u00e1tica e as 45 de linguagens. Na configura\u00e7\u00e3o anterior, nesse dia os alunos tinham cinco horas e meia de prazo.<\/p>\n<\/div>\n<div class=\"mc-column content-text active-extra-styles \" data-block-type=\"unstyled\" data-block-weight=\"53\">\n<p class=\"content-text__container \" data-track-category=\"Link no Texto\" data-track-links=\"\">Agora, reda\u00e7\u00e3o, linguagens e ci\u00eancias humanas ser\u00e3o os temas do primeiro domingo (5\/11). Com a altera\u00e7\u00e3o, o primeiro dia de provas passa a ter dura\u00e7\u00e3o de cinco horas e meia de prova. Uma semana depois (12\/11) ser\u00e1 feita a prova de matem\u00e1tica e ci\u00eancias da natureza, com quatro horas e meia para realiza\u00e7\u00e3o.<\/p>\n<\/div>\n<div class=\"mc-column content-text active-extra-styles\" data-block-type=\"raw\" data-block-weight=\"3\">\n<div class=\"content-intertitle\">\n<h2>Seguran\u00e7a da prova<\/h2>\n<\/div>\n<\/div>\n<div class=\"mc-column content-text active-extra-styles \" data-block-type=\"unstyled\" data-block-weight=\"41\">\n<p class=\"content-text__container \" data-track-category=\"Link no Texto\" data-track-links=\"\">Os participantes do Enem 2017 v\u00e3o receber cadernos de prova personalizados, com o nome escrito na capa, juntamente com os cart\u00f5es de resposta encartados, que tamb\u00e9m levam os dados do candidato. Os quatro cadernos diferentes, identificados por cores, v\u00e3o ser mantidos.<\/p>\n<\/div>\n<div class=\"mc-column content-text active-extra-styles\" data-block-type=\"raw\" data-block-weight=\"1\">\n<div class=\"content-intertitle\">\n<h2>Aus\u00eancia<\/h2>\n<\/div>\n<\/div>\n<div class=\"mc-column content-text active-extra-styles \" data-block-type=\"unstyled\" data-block-weight=\"62\">\n<p class=\"content-text__container \" data-track-category=\"Link no Texto\" data-track-links=\"\">O candidato que obtiver a isen\u00e7\u00e3o da taxa de inscri\u00e7\u00e3o e n\u00e3o comparecer \u00e0 prova perder\u00e1 o benef\u00edcio no Enem 2018, caso precise solicit\u00e1-lo novamente. No entanto, a exce\u00e7\u00e3o ocorrer\u00e1 apenas se o estudante justificar sua aus\u00eancia por meio de atestado m\u00e9dico ou documento oficial que comprove a impossibilidade de seu comparecimento. Antes, bastava fazer uma autodeclara\u00e7\u00e3o com a justificativa da aus\u00eancia.<\/p>\n<\/div>\n<div class=\"mc-column content-text active-extra-styles\" data-block-type=\"raw\" data-block-weight=\"1\">\n<div class=\"content-intertitle\">\n<h2>Gabaritos<\/h2>\n<\/div>\n<\/div>\n<div class=\"mc-column content-text active-extra-styles \" data-block-type=\"unstyled\" data-block-weight=\"28\">\n<p class=\"content-text__container \" data-track-category=\"Link no Texto\" data-track-links=\"\">Os gabaritos das provas objetivas ser\u00e3o divulgados no site do Inep e no aplicativo oficial do Enem at\u00e9 o terceiro dia \u00fatil ap\u00f3s a realiza\u00e7\u00e3o da segunda prova.<\/p>\n<\/div>\n<div class=\"mc-column content-text active-extra-styles\" data-block-type=\"raw\" data-block-weight=\"7\">\n<div class=\"content-intertitle\">\n<h2>Fim do &#8216;ranking&#8217; do Enem por escola<\/h2>\n<\/div>\n<\/div>\n<div class=\"mc-column content-text active-extra-styles \" data-block-type=\"unstyled\" data-block-weight=\"31\">\n<p class=\"content-text__container \" data-track-category=\"Link no Texto\" data-track-links=\"\">O MEC decidiu que n\u00e3o haver\u00e1 mais o resultado do Enem por escola \u2013 dado que costuma ser disponibilizado anualmente. A lista \u00e9 popularmente conhecida como &#8220;ranking&#8221; do Enem por escolas.<\/p>\n<\/div>\n<div class=\"mc-column content-text active-extra-styles \" data-block-type=\"unstyled\" data-block-weight=\"53\">\n<p class=\"content-text__container \" data-track-category=\"Link no Texto\" data-track-links=\"\">Por meio do Sistema de Avalia\u00e7\u00e3o da Educa\u00e7\u00e3o B\u00e1sica (Saeb), as institui\u00e7\u00f5es p\u00fablicas e privadas poder\u00e3o saber suas classifica\u00e7\u00f5es em rela\u00e7\u00e3o a outras escolas do pa\u00eds. Conforme explicou a presidente do INEP, Maria In\u00eas Fini, caso um col\u00e9gio n\u00e3o queira participar dessa avalia\u00e7\u00e3o n\u00e3o ter\u00e1 o \u00cdndice de Desenvolvimento da Educa\u00e7\u00e3o B\u00e1sica (Ideb).<\/p>\n<\/div>\n<div class=\"mc-column content-text active-extra-styles\" data-block-type=\"raw\" data-block-weight=\"4\">\n<div class=\"content-intertitle\">\n<h2>Certifica\u00e7\u00e3o do ensino m\u00e9dio<\/h2>\n<\/div>\n<\/div>\n<div class=\"mc-column content-text active-extra-styles \" data-block-type=\"unstyled\" data-block-weight=\"47\">\n<p class=\"content-text__container \" data-track-category=\"Link no Texto\" data-track-links=\"\">O Inep confirmou que o Enem n\u00e3o poder\u00e1 mais ser usado como certifica\u00e7\u00e3o do ensino m\u00e9dio. A partir de 2017, os jovens poder\u00e3o obter o documento pelo Encceja (Exame Nacional de Certifica\u00e7\u00e3o De Compet\u00eancias de Jovens e Adultos) \u2013 tanto para ensino fundamental quanto para ensino m\u00e9dio.<\/p>\n<\/div>\n<div class=\"mc-column content-text active-extra-styles \" data-block-type=\"unstyled\" data-block-weight=\"22\">\n<p class=\"content-text__container \" data-track-category=\"Link no Texto\" data-track-links=\"\">&#8220;O Enem n\u00e3o foi feito para certifica\u00e7\u00e3o. Temos um exame muito mais preparado para isso: o Encceja\u201d, explicou a presidente do Inep.<\/p>\n<p class=\"content-text__container \" data-track-category=\"Link no Texto\" data-track-links=\"\">Fonte: G1<\/p>\n<\/div>\n","protected":false},"excerpt":{"rendered":"<p>O Exame Nacional do Ensino M\u00e9dio (Enem) vai ficar mais caro para quem n\u00e3o conseguir isen\u00e7\u00e3o.<\/p>\n","protected":false},"author":2,"featured_media":3516,"comment_status":"closed","ping_status":"open","sticky":false,"template":"","format":"standard","meta":{"advgb_blocks_editor_width":"","advgb_blocks_columns_visual_guide":"","_exactmetrics_skip_tracking":false,"_exactmetrics_sitenote_active":false,"_exactmetrics_sitenote_note":"","_exactmetrics_sitenote_category":0,"footnotes":""},"categories":[7,2],"tags":[204,1291,1339],"class_list":["post-7998","post","type-post","status-publish","format-standard","has-post-thumbnail","hentry","category-destaques","category-noticias","tag-enem","tag-inep","tag-ministerio-da-educacao"],"better_featured_image":{"id":3516,"alt_text":"","caption":"","description":"","media_type":"image","media_details":{"width":450,"height":338,"file":"2016\/11\/enem.jpg","sizes":{"thumbnail":{"file":"enem-150x113.jpg","width":150,"height":113,"mime-type":"image\/jpeg","source_url":"https:\/\/lavras.tv\/site\/wp-content\/uploads\/2016\/11\/enem-150x113.jpg"},"medium":{"file":"enem-300x225.jpg","width":300,"height":225,"mime-type":"image\/jpeg","source_url":"https:\/\/lavras.tv\/site\/wp-content\/uploads\/2016\/11\/enem-300x225.jpg"},"featured-post-img":{"file":"enem-450x320.jpg","width":450,"height":320,"mime-type":"image\/jpeg","source_url":"https:\/\/lavras.tv\/site\/wp-content\/uploads\/2016\/11\/enem-450x320.jpg"},"sow-carousel-default":{"file":"enem-272x182.jpg","width":272,"height":182,"mime-type":"image\/jpeg","source_url":"https:\/\/lavras.tv\/site\/wp-content\/uploads\/2016\/11\/enem-272x182.jpg"}},"image_meta":{"aperture":"2.2","credit":"","camera":"NIKON D70s","caption":"","created_timestamp":"1256478417","copyright":"","focal_length":"50","iso":"400","shutter_speed":"0.0166666666667","title":"","orientation":"0","keywords":[]}},"post":3515,"source_url":"https:\/\/lavras.tv\/site\/wp-content\/uploads\/2016\/11\/enem.jpg"},"author_meta":{"display_name":"Lavras TV","author_link":"https:\/\/lavras.tv\/site\/author\/lavrastv\/"},"featured_img":"https:\/\/lavras.tv\/site\/wp-content\/uploads\/2016\/11\/enem-300x225.jpg","coauthors":[],"tax_additional":{"categories":{"linked":["<a href=\"https:\/\/lavras.tv\/site\/category\/destaques\/\" class=\"advgb-post-tax-term\">Destaques<\/a>","<a href=\"https:\/\/lavras.tv\/site\/category\/noticias\/\" class=\"advgb-post-tax-term\">Not\u00edcias<\/a>"],"unlinked":["<span class=\"advgb-post-tax-term\">Destaques<\/span>","<span class=\"advgb-post-tax-term\">Not\u00edcias<\/span>"]},"tags":{"linked":["<a href=\"https:\/\/lavras.tv\/site\/category\/noticias\/\" class=\"advgb-post-tax-term\">enem<\/a>","<a href=\"https:\/\/lavras.tv\/site\/category\/noticias\/\" class=\"advgb-post-tax-term\">inep<\/a>","<a href=\"https:\/\/lavras.tv\/site\/category\/noticias\/\" class=\"advgb-post-tax-term\">minist\u00e9rio da educa\u00e7\u00e3o<\/a>"],"unlinked":["<span class=\"advgb-post-tax-term\">enem<\/span>","<span class=\"advgb-post-tax-term\">inep<\/span>","<span class=\"advgb-post-tax-term\">minist\u00e9rio da educa\u00e7\u00e3o<\/span>"]}},"comment_count":"0","relative_dates":{"created":"Publicado 9 anos atr\u00e1s","modified":"Atualizado 9 anos atr\u00e1s"},"absolute_dates":{"created":"Publicado em 10 de abril de 2017","modified":"Atualizado em 10 de abril de 2017"},"absolute_dates_time":{"created":"Publicado em 10 de abril de 2017 08:24","modified":"Atualizado em 10 de abril de 2017 08:24"},"featured_img_caption":"","series_order":"","_links":{"self":[{"href":"https:\/\/lavras.tv\/site\/wp-json\/wp\/v2\/posts\/7998","targetHints":{"allow":["GET"]}}],"collection":[{"href":"https:\/\/lavras.tv\/site\/wp-json\/wp\/v2\/posts"}],"about":[{"href":"https:\/\/lavras.tv\/site\/wp-json\/wp\/v2\/types\/post"}],"author":[{"embeddable":true,"href":"https:\/\/lavras.tv\/site\/wp-json\/wp\/v2\/users\/2"}],"replies":[{"embeddable":true,"href":"https:\/\/lavras.tv\/site\/wp-json\/wp\/v2\/comments?post=7998"}],"version-history":[{"count":1,"href":"https:\/\/lavras.tv\/site\/wp-json\/wp\/v2\/posts\/7998\/revisions"}],"predecessor-version":[{"id":7999,"href":"https:\/\/lavras.tv\/site\/wp-json\/wp\/v2\/posts\/7998\/revisions\/7999"}],"wp:featuredmedia":[{"embeddable":true,"href":"https:\/\/lavras.tv\/site\/wp-json\/wp\/v2\/media\/3516"}],"wp:attachment":[{"href":"https:\/\/lavras.tv\/site\/wp-json\/wp\/v2\/media?parent=7998"}],"wp:term":[{"taxonomy":"category","embeddable":true,"href":"https:\/\/lavras.tv\/site\/wp-json\/wp\/v2\/categories?post=7998"},{"taxonomy":"post_tag","embeddable":true,"href":"https:\/\/lavras.tv\/site\/wp-json\/wp\/v2\/tags?post=7998"}],"curies":[{"name":"wp","href":"https:\/\/api.w.org\/{rel}","templated":true}]}}