{"id":8000,"date":"2017-04-10T08:28:52","date_gmt":"2017-04-10T11:28:52","guid":{"rendered":"http:\/\/lavras.tv\/site\/?p=8000"},"modified":"2017-04-10T08:28:52","modified_gmt":"2017-04-10T11:28:52","slug":"atletico-leva-virada-da-caldense-e-amarga-2a-derrota-seguida-no-fim-da-1a-fase-do-mineiro","status":"publish","type":"post","link":"https:\/\/lavras.tv\/site\/2017\/04\/10\/atletico-leva-virada-da-caldense-e-amarga-2a-derrota-seguida-no-fim-da-1a-fase-do-mineiro\/","title":{"rendered":"Atl\u00e9tico leva virada da Caldense e amarga 2\u00aa derrota seguida no fim da 1\u00aa fase do Mineiro"},"content":{"rendered":"<div class=\"lavra-antes-do-conteudo_2\" id=\"lavra-4021440861\"><div id=\"lavra-slider-27\" class=\"custom-slider lavra-slider-3023567155 lavra-slider\"><ul><li><div style=\"margin-left: auto;margin-right: auto;text-align: center;\" id=\"lavra-306077611\"><a href=\"https:\/\/sistemas.lavras.mg.gov.br\/portalcidadao\/#df1b1a7c7b2a290bcb31e32771e610784662739a88807c0dacac58ede5f391a7530e299dc302d611ee73cb143fc22eaf93592e53e7b5bdb01b00a0b8d28dae460c141dd2ff83412e4dc1c31b16b25f33144a9e5620ea73b13f5bc1c59411d98439ad226e8af03840603796067d87afe130812cf3de24982d0e306f9e61e764e5\" aria-label=\"Lavras-TV&#8211;720x104px (1) (1)\"><img src=\"https:\/\/lavras.tv\/site\/wp-content\/uploads\/2025\/01\/Lavras-TV-720x104px-1-1.png\" alt=\"\"  srcset=\"https:\/\/lavras.tv\/site\/wp-content\/uploads\/2025\/01\/Lavras-TV-720x104px-1-1.png 720w, https:\/\/lavras.tv\/site\/wp-content\/uploads\/2025\/01\/Lavras-TV-720x104px-1-1-470x68.png 470w, https:\/\/lavras.tv\/site\/wp-content\/uploads\/2025\/01\/Lavras-TV-720x104px-1-1-170x25.png 170w, https:\/\/lavras.tv\/site\/wp-content\/uploads\/2025\/01\/Lavras-TV-720x104px-1-1-200x29.png 200w\" sizes=\"(max-width: 720px) 100vw, 720px\" width=\"720\" height=\"104\"  style=\"display: inline-block;\" \/><\/a><\/div><\/li><li><a href=\"https:\/\/sistemas.lavras.mg.gov.br\/portalcidadao\/#df1b1a7c7b2a290bcb31e32771e610784662739a88807c0dacac58ede5f391a7530e299dc302d611ee73cb143fc22eaf93592e53e7b5bdb01b00a0b8d28dae460c141dd2ff83412e4dc1c31b16b25f33144a9e5620ea73b13f5bc1c59411d98439ad226e8af03840603796067d87afe130812cf3de24982d0e306f9e61e764e5\" aria-label=\"Banner_Emprego_PortallavrasTV\"><img src=\"https:\/\/lavras.tv\/site\/wp-content\/uploads\/2025\/03\/Banner_Emprego_PortallavrasTV.png\" alt=\"\"  srcset=\"https:\/\/lavras.tv\/site\/wp-content\/uploads\/2025\/03\/Banner_Emprego_PortallavrasTV.png 720w, https:\/\/lavras.tv\/site\/wp-content\/uploads\/2025\/03\/Banner_Emprego_PortallavrasTV-470x68.png 470w, https:\/\/lavras.tv\/site\/wp-content\/uploads\/2025\/03\/Banner_Emprego_PortallavrasTV-170x25.png 170w, https:\/\/lavras.tv\/site\/wp-content\/uploads\/2025\/03\/Banner_Emprego_PortallavrasTV-200x29.png 200w\" sizes=\"(max-width: 720px) 100vw, 720px\" width=\"720\" height=\"104\"   \/><\/a><\/li><li><a href=\"https:\/\/sistemas.lavras.mg.gov.br\/portalcidadao\/#df1b1a7c7b2a290bcb31e32771e610784662739a88807c0dacac58ede5f391a7530e299dc302d611ee73cb143fc22eaf93592e53e7b5bdb01b00a0b8d28dae460c141dd2ff83412e4dc1c31b16b25f33144a9e5620ea73b13f5bc1c59411d98439ad226e8af03840603796067d87afe130812cf3de24982d0e306f9e61e764e5\" aria-label=\"Banner_Obras_PortallavrasTV\"><img src=\"https:\/\/lavras.tv\/site\/wp-content\/uploads\/2025\/03\/Banner_Obras_PortallavrasTV.png\" alt=\"\"  srcset=\"https:\/\/lavras.tv\/site\/wp-content\/uploads\/2025\/03\/Banner_Obras_PortallavrasTV.png 720w, https:\/\/lavras.tv\/site\/wp-content\/uploads\/2025\/03\/Banner_Obras_PortallavrasTV-470x68.png 470w, https:\/\/lavras.tv\/site\/wp-content\/uploads\/2025\/03\/Banner_Obras_PortallavrasTV-170x25.png 170w, https:\/\/lavras.tv\/site\/wp-content\/uploads\/2025\/03\/Banner_Obras_PortallavrasTV-200x29.png 200w\" sizes=\"(max-width: 720px) 100vw, 720px\" width=\"720\" height=\"104\"   \/><\/a><\/li><li><div style=\"margin-left: auto;margin-right: auto;text-align: center;\" id=\"lavra-79048811\"><a href=\"https:\/\/sistemas.lavras.mg.gov.br\/portalcidadao\/#df1b1a7c7b2a290bcb31e32771e610784662739a88807c0dacac58ede5f391a7530e299dc302d611ee73cb143fc22eaf93592e53e7b5bdb01b00a0b8d28dae460c141dd2ff83412e4dc1c31b16b25f33144a9e5620ea73b13f5bc1c59411d98439ad226e8af03840603796067d87afe130812cf3de24982d0e306f9e61e764e5\" aria-label=\"Banner_Educa\u00e7\u00e3o_PortallavrasTV\"><img src=\"https:\/\/lavras.tv\/site\/wp-content\/uploads\/2025\/01\/Banner_Educacao_PortallavrasTV.png\" alt=\"\"  srcset=\"https:\/\/lavras.tv\/site\/wp-content\/uploads\/2025\/01\/Banner_Educacao_PortallavrasTV.png 720w, https:\/\/lavras.tv\/site\/wp-content\/uploads\/2025\/01\/Banner_Educacao_PortallavrasTV-470x68.png 470w, https:\/\/lavras.tv\/site\/wp-content\/uploads\/2025\/01\/Banner_Educacao_PortallavrasTV-170x25.png 170w, https:\/\/lavras.tv\/site\/wp-content\/uploads\/2025\/01\/Banner_Educacao_PortallavrasTV-200x29.png 200w\" sizes=\"(max-width: 720px) 100vw, 720px\" width=\"720\" height=\"104\"  style=\"display: inline-block;\" \/><\/a><\/div><\/li><li><a href=\"https:\/\/sistemas.lavras.mg.gov.br\/portalcidadao\/#df1b1a7c7b2a290bcb31e32771e610784662739a88807c0dacac58ede5f391a7530e299dc302d611ee73cb143fc22eaf93592e53e7b5bdb01b00a0b8d28dae460c141dd2ff83412e4dc1c31b16b25f33144a9e5620ea73b13f5bc1c59411d98439ad226e8af03840603796067d87afe130812cf3de24982d0e306f9e61e764e5\" aria-label=\"Banner_Sa\u00fade_PortallavrasTV\"><img src=\"https:\/\/lavras.tv\/site\/wp-content\/uploads\/2025\/03\/Banner_Saude_PortallavrasTV.png\" alt=\"\"  srcset=\"https:\/\/lavras.tv\/site\/wp-content\/uploads\/2025\/03\/Banner_Saude_PortallavrasTV.png 720w, https:\/\/lavras.tv\/site\/wp-content\/uploads\/2025\/03\/Banner_Saude_PortallavrasTV-470x68.png 470w, https:\/\/lavras.tv\/site\/wp-content\/uploads\/2025\/03\/Banner_Saude_PortallavrasTV-170x25.png 170w, https:\/\/lavras.tv\/site\/wp-content\/uploads\/2025\/03\/Banner_Saude_PortallavrasTV-200x29.png 200w\" sizes=\"(max-width: 720px) 100vw, 720px\" width=\"720\" height=\"104\"   \/><\/a><\/li><li><div id=\"lavra-942336804\" style=\"width:720px;height:104px;background-color:#ddd;overflow:scroll;\">\n\t<strong>Sa\u00edda da depura\u00e7\u00e3o de an\u00fancios<\/strong>\n\t<br><br>\n\tO an\u00fancio n\u00e3o \u00e9 exibido na p\u00e1gina<br><br>post atual: Atl\u00e9tico leva virada da Caldense e amarga 2\u00aa derrota seguida no fim da 1\u00aa fase do Mineiro, ID: 8000<br><br><span style=\"color: red;\">O post atual n\u00e3o \u00e9 id\u00eantico ao post principal.<\/span><br><br>An\u00fancios: ROXO - TOPO INTERNA - ROTATIVO 2 (197)<br \/>Grupo de an\u00fancios: Princ_Meio01_720x104 (27)<br><br>Condi\u00e7\u00f5es de exibi\u00e7\u00e3o<div style=\"margin-bottom: 20px; white-space: pre-wrap; font-family: monospace; width: 100%; background: #ffe9e9;\"><strong>condi\u00e7\u00f5es gerais<\/strong><table border=\"1\"><thead><tr><th><\/th><th>An\u00fancios<\/th><th>wp_the_query<\/th><\/tr><\/thead><tr><td>is_main_query<\/td><td>1<\/td><td>1<\/td><\/tr><tr><td>is_rest_api<\/td><td>0<\/td><td>1<\/td><\/tr><tr><td>page<\/td><td>0<\/td><td>1<\/td><\/tr><tr><td>numpages<\/td><td>0<\/td><td>1<\/td><\/tr><tr><td>is_archive<\/td><td>1<\/td><td><\/td><\/tr><tr><td>is_search<\/td><td>1<\/td><td><\/td><\/tr><tr><td>is_home<\/td><td>1<\/td><td><\/td><\/tr><tr><td>is_404<\/td><td>1<\/td><td><\/td><\/tr><tr><td>is_attachment<\/td><td>1<\/td><td><\/td><\/tr><tr><td>is_singular<\/td><td>1<\/td><td><\/td><\/tr><tr><td>is_front_page<\/td><td>1<\/td><td><\/td><\/tr><tr><td>is_feed<\/td><td>1<\/td><td><\/td><\/tr><\/table><\/div><br><br><span style=\"color: red;\">Seu site usa HTTPS, mas o c\u00f3digo do an\u00fancio cont\u00e9m HTTP e pode n\u00e3o funcionar.<\/span>\t<br><br>\n\t<a style=\"color: green;\" href=\"https:\/\/wpadvancedads.com\/manual\/ad-debug-mode\/?utm_source=advanced-ads&utm_medium=link&utm_campaign=ad-debug-mode\" target=\"_blank\" rel=\"nofollow\">Encontre solu\u00e7\u00f5es no manual<\/a>\n<\/div>\n<\/li><\/ul><\/div><script>( window.advanced_ads_ready || jQuery( document ).ready ).call( null, function() {var $lavraslider3023567155 = jQuery( \".lavra-slider-3023567155\" );$lavraslider3023567155.on( \"unslider.ready\", function() { jQuery( \"div.custom-slider ul li\" ).css( \"display\", \"block\" ); });$lavraslider3023567155.unslider({ delay:4000, autoplay:true, nav:false, arrows:false, infinite:true });$lavraslider3023567155.on(\"mouseover\", function() {$lavraslider3023567155.unslider(\"stop\");}).on(\"mouseout\", function() {$lavraslider3023567155.unslider(\"start\");});});<\/script><\/div><p>Os reservas do Atl\u00e9tico n\u00e3o deram conta do recado no fechamento da fase de classifica\u00e7\u00e3o do Campeonato Mineiro. Acionados pelo t\u00e9cnico Roger Machado, j\u00e1 que o time estava classificado para as semifinais e na primeira posi\u00e7\u00e3o, os suplentes do Galo jogaram bem na etapa inicial e sa\u00edram na frente, mas a queda de rendimento no segundo tempo aliada \u00e0 maior vontade do advers\u00e1rio, a Caldense virou e venceu por 2 a 1, neste domingo, em Po\u00e7os de Caldas.<\/p>\n<p><img fetchpriority=\"high\" decoding=\"async\" class=\"size-full wp-image-8001 aligncenter\" src=\"http:\/\/lavras.tv\/site\/wp-content\/uploads\/2017\/04\/galo.jpg\" alt=\"galo\" width=\"405\" height=\"272\" srcset=\"https:\/\/lavras.tv\/site\/wp-content\/uploads\/2017\/04\/galo.jpg 405w, https:\/\/lavras.tv\/site\/wp-content\/uploads\/2017\/04\/galo-150x101.jpg 150w, https:\/\/lavras.tv\/site\/wp-content\/uploads\/2017\/04\/galo-300x201.jpg 300w, https:\/\/lavras.tv\/site\/wp-content\/uploads\/2017\/04\/galo-272x182.jpg 272w\" sizes=\"(max-width: 405px) 100vw, 405px\" \/><\/p>\n<p>Marlone marcou o gol do Atl\u00e9tico em uma bela cobran\u00e7a de falta, aos 37 minutos da etapa inicial. Foi o primeiro dele com a camisa do Galo. Na etapa complementar, Luiz Eduardo e Cristiano, em um gola\u00e7o de fora da \u00e1rea, decretaram a vit\u00f3ria da Veterana.<\/p>\n<p>Com os resultados da \u00faltima rodada, o Atl\u00e9tico enfrentar\u00e1 a URT nas semifinais, repetindo o duelo do ano passado, no qual o Galo venceu. Por ter feito a melhor campanha na 1\u00aa fase, o time alvinegro tem a vantagem de jogar por dois resultados iguais para avan\u00e7ar \u00e0 final. Na outra chave, Cruzeiro e Am\u00e9rica fazem o cl\u00e1ssico da capital, tamb\u00e9m repetindo o confronto de 2016 nesta fase do torneio.<\/p>\n<p>Foi a segunda derrota seguida do Atl\u00e9tico na fase de classifica\u00e7\u00e3o do Estadual. Na rodada anterior, o time perdeu o cl\u00e1ssico para o Cruzeiro, no Mineir\u00e3o. At\u00e9 ent\u00e3o, a equipe alvinegra tinha 100% de aproveitamento.<\/p>\n<p>No entanto, a derrota n\u00e3o mudou nada para o Galo, j\u00e1 que o time fechou a primeira fase na lideran\u00e7a, com 27 pontos. J\u00e1 a Caldense conseguiu se garantir na quinta coloca\u00e7\u00e3o, com 17, e por pouco n\u00e3o obteve a classifica\u00e7\u00e3o para as semifinais. A URT venceu o Tombense por 2 a 1, em Tombos, e ficou com a vaga. Se a equipe de Patos de Minas levasse o empate, a Veterana subia para a quarta posi\u00e7\u00e3o.<\/p>\n<p>Agora, o Atl\u00e9tico volta as aten\u00e7\u00f5es para a Copa Libertadores, onde na pr\u00f3xima quinta-feira, \u00e0s 19h30, o time enfrenta o Sport Boys, da Bol\u00edvia, no Independ\u00eancia, pela segunda rodada do Grupo 6.<\/p>\n<p><strong>Caldense 2 x 1 Atl\u00e9tico<\/strong><\/p>\n<p>Caldense: Neguete; Jeferson Feij\u00e3o (Diego Clementino), Marcelinho, Thiago Carpini e Rafael Estevam; Hygor, Mineiro (C\u00e9sar) e Zambi; Wellington Rato, Leandro Oliveira (Cristiano) e Luiz Eduardo. T\u00e9cnico: Thiago Oliveira<\/p>\n<p>Atl\u00e9tico: Uilson; Carlos C\u00e9sar, Felipe Santana, Jesiel (Nathan) e Leonan (Daniel); Ad\u00edlson, Yago, Danilo e Carlos Eduardo (Marco T\u00falio); Marlone e Fl\u00e1vio. T\u00e9cnico: Roger Machado<\/p>\n<p>Motivo: 11\u00aa rodada do Campeonato Mineiro<br \/>\nData e hor\u00e1rio: 9 de abril de 2017, \u00e0s 16h<br \/>\nLocal: Est\u00e1dio Ronaldo Junqueira, em Po\u00e7os de Caldas (MG)<\/p>\n<p>Gols: Marlone (37\u2019\/1\u00ba &#8211; de falta), Luiz Eduardo (5\u2019\/2\u00ba), Cristiano (31\u2019\/2\u00ba)<\/p>\n<p>Cart\u00e3o Amarelo: Rafael Estevam (Caldense); Carlos C\u00e9sar, Danilo, Marco T\u00falio, Yago (Atl\u00e9tico)<\/p>\n<p>\u00c1rbitro: Marco Aur\u00e9lio Fazekas<br \/>\nAuxiliares: Marconi Helbert Vieira e Magno Arantes Lira<\/p>\n<p>&nbsp;<\/p>\n<p>Fonte: Itatiaia<\/p>\n","protected":false},"excerpt":{"rendered":"<p>Os reservas do Atl\u00e9tico n\u00e3o deram conta do recado no fechamento da fase de classifica\u00e7\u00e3o do Campeonato Mineiro. Acionados pelo t\u00e9cnico Roger Machado, j\u00e1 que o time estava classificado para as semifinais e na primeira posi\u00e7\u00e3o, os suplentes do Galo jogaram bem na etapa inicial e sa\u00edram na frente, mas a queda de rendimento no [&hellip;]<\/p>\n","protected":false},"author":2,"featured_media":8001,"comment_status":"closed","ping_status":"open","sticky":false,"template":"","format":"standard","meta":{"advgb_blocks_editor_width":"","advgb_blocks_columns_visual_guide":"","_exactmetrics_skip_tracking":false,"_exactmetrics_sitenote_active":false,"_exactmetrics_sitenote_note":"","_exactmetrics_sitenote_category":0,"footnotes":""},"categories":[3],"tags":[923,3138,2843,966,1036],"class_list":["post-8000","post","type-post","status-publish","format-standard","has-post-thumbnail","hentry","category-esportes","tag-atletico","tag-caldense","tag-campeonato-mineiro","tag-esporte","tag-futebol"],"better_featured_image":{"id":8001,"alt_text":"","caption":"","description":"","media_type":"image","media_details":{"width":405,"height":272,"file":"2017\/04\/galo.jpg","sizes":{"thumbnail":{"file":"galo-150x101.jpg","width":150,"height":101,"mime-type":"image\/jpeg","source_url":"https:\/\/lavras.tv\/site\/wp-content\/uploads\/2017\/04\/galo-150x101.jpg"},"medium":{"file":"galo-300x201.jpg","width":300,"height":201,"mime-type":"image\/jpeg","source_url":"https:\/\/lavras.tv\/site\/wp-content\/uploads\/2017\/04\/galo-300x201.jpg"},"sow-carousel-default":{"file":"galo-272x182.jpg","width":272,"height":182,"mime-type":"image\/jpeg","source_url":"https:\/\/lavras.tv\/site\/wp-content\/uploads\/2017\/04\/galo-272x182.jpg"}},"image_meta":{"aperture":"0","credit":"","camera":"","caption":"","created_timestamp":"0","copyright":"","focal_length":"0","iso":"0","shutter_speed":"0","title":"","orientation":"0","keywords":[]}},"post":8000,"source_url":"https:\/\/lavras.tv\/site\/wp-content\/uploads\/2017\/04\/galo.jpg"},"author_meta":{"display_name":"Lavras TV","author_link":"https:\/\/lavras.tv\/site\/author\/lavrastv\/"},"featured_img":"https:\/\/lavras.tv\/site\/wp-content\/uploads\/2017\/04\/galo-300x201.jpg","coauthors":[],"tax_additional":{"categories":{"linked":["<a href=\"https:\/\/lavras.tv\/site\/category\/esportes\/\" class=\"advgb-post-tax-term\">Esportes<\/a>"],"unlinked":["<span class=\"advgb-post-tax-term\">Esportes<\/span>"]},"tags":{"linked":["<a href=\"https:\/\/lavras.tv\/site\/category\/esportes\/\" class=\"advgb-post-tax-term\">atl\u00e9tico<\/a>","<a href=\"https:\/\/lavras.tv\/site\/category\/esportes\/\" class=\"advgb-post-tax-term\">caldense<\/a>","<a href=\"https:\/\/lavras.tv\/site\/category\/esportes\/\" class=\"advgb-post-tax-term\">campeonato mineiro<\/a>","<a href=\"https:\/\/lavras.tv\/site\/category\/esportes\/\" class=\"advgb-post-tax-term\">esporte<\/a>","<a href=\"https:\/\/lavras.tv\/site\/category\/esportes\/\" class=\"advgb-post-tax-term\">futebol<\/a>"],"unlinked":["<span class=\"advgb-post-tax-term\">atl\u00e9tico<\/span>","<span class=\"advgb-post-tax-term\">caldense<\/span>","<span class=\"advgb-post-tax-term\">campeonato mineiro<\/span>","<span class=\"advgb-post-tax-term\">esporte<\/span>","<span class=\"advgb-post-tax-term\">futebol<\/span>"]}},"comment_count":"0","relative_dates":{"created":"Publicado 9 anos atr\u00e1s","modified":"Atualizado 9 anos atr\u00e1s"},"absolute_dates":{"created":"Publicado em 10 de abril de 2017","modified":"Atualizado em 10 de abril de 2017"},"absolute_dates_time":{"created":"Publicado em 10 de abril de 2017 08:28","modified":"Atualizado em 10 de abril de 2017 08:28"},"featured_img_caption":"","series_order":"","_links":{"self":[{"href":"https:\/\/lavras.tv\/site\/wp-json\/wp\/v2\/posts\/8000","targetHints":{"allow":["GET"]}}],"collection":[{"href":"https:\/\/lavras.tv\/site\/wp-json\/wp\/v2\/posts"}],"about":[{"href":"https:\/\/lavras.tv\/site\/wp-json\/wp\/v2\/types\/post"}],"author":[{"embeddable":true,"href":"https:\/\/lavras.tv\/site\/wp-json\/wp\/v2\/users\/2"}],"replies":[{"embeddable":true,"href":"https:\/\/lavras.tv\/site\/wp-json\/wp\/v2\/comments?post=8000"}],"version-history":[{"count":1,"href":"https:\/\/lavras.tv\/site\/wp-json\/wp\/v2\/posts\/8000\/revisions"}],"predecessor-version":[{"id":8002,"href":"https:\/\/lavras.tv\/site\/wp-json\/wp\/v2\/posts\/8000\/revisions\/8002"}],"wp:featuredmedia":[{"embeddable":true,"href":"https:\/\/lavras.tv\/site\/wp-json\/wp\/v2\/media\/8001"}],"wp:attachment":[{"href":"https:\/\/lavras.tv\/site\/wp-json\/wp\/v2\/media?parent=8000"}],"wp:term":[{"taxonomy":"category","embeddable":true,"href":"https:\/\/lavras.tv\/site\/wp-json\/wp\/v2\/categories?post=8000"},{"taxonomy":"post_tag","embeddable":true,"href":"https:\/\/lavras.tv\/site\/wp-json\/wp\/v2\/tags?post=8000"}],"curies":[{"name":"wp","href":"https:\/\/api.w.org\/{rel}","templated":true}]}}