{"id":8003,"date":"2017-04-10T08:31:11","date_gmt":"2017-04-10T11:31:11","guid":{"rendered":"http:\/\/lavras.tv\/site\/?p=8003"},"modified":"2017-04-10T08:31:11","modified_gmt":"2017-04-10T11:31:11","slug":"fabio-compara-retorno-ao-seu-1o-jogo-no-mineirao-e-avisa-agora-espero-ter-sequencia","status":"publish","type":"post","link":"https:\/\/lavras.tv\/site\/2017\/04\/10\/fabio-compara-retorno-ao-seu-1o-jogo-no-mineirao-e-avisa-agora-espero-ter-sequencia\/","title":{"rendered":"F\u00e1bio compara retorno ao seu 1\u00ba jogo no Mineir\u00e3o e avisa: \u2018Agora espero ter sequ\u00eancia\u2019"},"content":{"rendered":"<div class=\"lavra-antes-do-conteudo_2\" id=\"lavra-601113327\"><div id=\"lavra-slider-27\" class=\"custom-slider lavra-slider-2596368356 lavra-slider\"><ul><li><div style=\"margin-left: auto;margin-right: auto;text-align: center;\" id=\"lavra-1117349048\"><a href=\"https:\/\/sistemas.lavras.mg.gov.br\/portalcidadao\/#df1b1a7c7b2a290bcb31e32771e610784662739a88807c0dacac58ede5f391a7530e299dc302d611ee73cb143fc22eaf93592e53e7b5bdb01b00a0b8d28dae460c141dd2ff83412e4dc1c31b16b25f33144a9e5620ea73b13f5bc1c59411d98439ad226e8af03840603796067d87afe130812cf3de24982d0e306f9e61e764e5\" aria-label=\"Lavras-TV&#8211;720x104px (1) (1)\"><img src=\"https:\/\/lavras.tv\/site\/wp-content\/uploads\/2025\/01\/Lavras-TV-720x104px-1-1.png\" alt=\"\"  srcset=\"https:\/\/lavras.tv\/site\/wp-content\/uploads\/2025\/01\/Lavras-TV-720x104px-1-1.png 720w, https:\/\/lavras.tv\/site\/wp-content\/uploads\/2025\/01\/Lavras-TV-720x104px-1-1-470x68.png 470w, https:\/\/lavras.tv\/site\/wp-content\/uploads\/2025\/01\/Lavras-TV-720x104px-1-1-170x25.png 170w, https:\/\/lavras.tv\/site\/wp-content\/uploads\/2025\/01\/Lavras-TV-720x104px-1-1-200x29.png 200w\" sizes=\"(max-width: 720px) 100vw, 720px\" width=\"720\" height=\"104\"  style=\"display: inline-block;\" \/><\/a><\/div><\/li><li><a href=\"https:\/\/sistemas.lavras.mg.gov.br\/portalcidadao\/#df1b1a7c7b2a290bcb31e32771e610784662739a88807c0dacac58ede5f391a7530e299dc302d611ee73cb143fc22eaf93592e53e7b5bdb01b00a0b8d28dae460c141dd2ff83412e4dc1c31b16b25f33144a9e5620ea73b13f5bc1c59411d98439ad226e8af03840603796067d87afe130812cf3de24982d0e306f9e61e764e5\" aria-label=\"Banner_Emprego_PortallavrasTV\"><img src=\"https:\/\/lavras.tv\/site\/wp-content\/uploads\/2025\/03\/Banner_Emprego_PortallavrasTV.png\" alt=\"\"  srcset=\"https:\/\/lavras.tv\/site\/wp-content\/uploads\/2025\/03\/Banner_Emprego_PortallavrasTV.png 720w, https:\/\/lavras.tv\/site\/wp-content\/uploads\/2025\/03\/Banner_Emprego_PortallavrasTV-470x68.png 470w, https:\/\/lavras.tv\/site\/wp-content\/uploads\/2025\/03\/Banner_Emprego_PortallavrasTV-170x25.png 170w, https:\/\/lavras.tv\/site\/wp-content\/uploads\/2025\/03\/Banner_Emprego_PortallavrasTV-200x29.png 200w\" sizes=\"(max-width: 720px) 100vw, 720px\" width=\"720\" height=\"104\"   \/><\/a><\/li><li><a href=\"https:\/\/sistemas.lavras.mg.gov.br\/portalcidadao\/#df1b1a7c7b2a290bcb31e32771e610784662739a88807c0dacac58ede5f391a7530e299dc302d611ee73cb143fc22eaf93592e53e7b5bdb01b00a0b8d28dae460c141dd2ff83412e4dc1c31b16b25f33144a9e5620ea73b13f5bc1c59411d98439ad226e8af03840603796067d87afe130812cf3de24982d0e306f9e61e764e5\" aria-label=\"Banner_Obras_PortallavrasTV\"><img src=\"https:\/\/lavras.tv\/site\/wp-content\/uploads\/2025\/03\/Banner_Obras_PortallavrasTV.png\" alt=\"\"  srcset=\"https:\/\/lavras.tv\/site\/wp-content\/uploads\/2025\/03\/Banner_Obras_PortallavrasTV.png 720w, https:\/\/lavras.tv\/site\/wp-content\/uploads\/2025\/03\/Banner_Obras_PortallavrasTV-470x68.png 470w, https:\/\/lavras.tv\/site\/wp-content\/uploads\/2025\/03\/Banner_Obras_PortallavrasTV-170x25.png 170w, https:\/\/lavras.tv\/site\/wp-content\/uploads\/2025\/03\/Banner_Obras_PortallavrasTV-200x29.png 200w\" sizes=\"(max-width: 720px) 100vw, 720px\" width=\"720\" height=\"104\"   \/><\/a><\/li><li><div style=\"margin-left: auto;margin-right: auto;text-align: center;\" id=\"lavra-1269729971\"><a href=\"https:\/\/sistemas.lavras.mg.gov.br\/portalcidadao\/#df1b1a7c7b2a290bcb31e32771e610784662739a88807c0dacac58ede5f391a7530e299dc302d611ee73cb143fc22eaf93592e53e7b5bdb01b00a0b8d28dae460c141dd2ff83412e4dc1c31b16b25f33144a9e5620ea73b13f5bc1c59411d98439ad226e8af03840603796067d87afe130812cf3de24982d0e306f9e61e764e5\" aria-label=\"Banner_Educa\u00e7\u00e3o_PortallavrasTV\"><img src=\"https:\/\/lavras.tv\/site\/wp-content\/uploads\/2025\/01\/Banner_Educacao_PortallavrasTV.png\" alt=\"\"  srcset=\"https:\/\/lavras.tv\/site\/wp-content\/uploads\/2025\/01\/Banner_Educacao_PortallavrasTV.png 720w, https:\/\/lavras.tv\/site\/wp-content\/uploads\/2025\/01\/Banner_Educacao_PortallavrasTV-470x68.png 470w, https:\/\/lavras.tv\/site\/wp-content\/uploads\/2025\/01\/Banner_Educacao_PortallavrasTV-170x25.png 170w, https:\/\/lavras.tv\/site\/wp-content\/uploads\/2025\/01\/Banner_Educacao_PortallavrasTV-200x29.png 200w\" sizes=\"(max-width: 720px) 100vw, 720px\" width=\"720\" height=\"104\"  style=\"display: inline-block;\" \/><\/a><\/div><\/li><li><a href=\"https:\/\/sistemas.lavras.mg.gov.br\/portalcidadao\/#df1b1a7c7b2a290bcb31e32771e610784662739a88807c0dacac58ede5f391a7530e299dc302d611ee73cb143fc22eaf93592e53e7b5bdb01b00a0b8d28dae460c141dd2ff83412e4dc1c31b16b25f33144a9e5620ea73b13f5bc1c59411d98439ad226e8af03840603796067d87afe130812cf3de24982d0e306f9e61e764e5\" aria-label=\"Banner_Sa\u00fade_PortallavrasTV\"><img src=\"https:\/\/lavras.tv\/site\/wp-content\/uploads\/2025\/03\/Banner_Saude_PortallavrasTV.png\" alt=\"\"  srcset=\"https:\/\/lavras.tv\/site\/wp-content\/uploads\/2025\/03\/Banner_Saude_PortallavrasTV.png 720w, https:\/\/lavras.tv\/site\/wp-content\/uploads\/2025\/03\/Banner_Saude_PortallavrasTV-470x68.png 470w, https:\/\/lavras.tv\/site\/wp-content\/uploads\/2025\/03\/Banner_Saude_PortallavrasTV-170x25.png 170w, https:\/\/lavras.tv\/site\/wp-content\/uploads\/2025\/03\/Banner_Saude_PortallavrasTV-200x29.png 200w\" sizes=\"(max-width: 720px) 100vw, 720px\" width=\"720\" height=\"104\"   \/><\/a><\/li><li><div id=\"lavra-2528335244\" style=\"width:720px;height:104px;background-color:#ddd;overflow:scroll;\">\n\t<strong>Sa\u00edda da depura\u00e7\u00e3o de an\u00fancios<\/strong>\n\t<br><br>\n\tO an\u00fancio n\u00e3o \u00e9 exibido na p\u00e1gina<br><br>post atual: F\u00e1bio compara retorno ao seu 1\u00ba jogo no Mineir\u00e3o e avisa: \u2018Agora espero ter sequ\u00eancia\u2019, ID: 8003<br><br><span style=\"color: red;\">O post atual n\u00e3o \u00e9 id\u00eantico ao post principal.<\/span><br><br>An\u00fancios: ROXO - TOPO INTERNA - ROTATIVO 2 (197)<br \/>Grupo de an\u00fancios: Princ_Meio01_720x104 (27)<br><br>Condi\u00e7\u00f5es de exibi\u00e7\u00e3o<div style=\"margin-bottom: 20px; white-space: pre-wrap; font-family: monospace; width: 100%; background: #ffe9e9;\"><strong>condi\u00e7\u00f5es gerais<\/strong><table border=\"1\"><thead><tr><th><\/th><th>An\u00fancios<\/th><th>wp_the_query<\/th><\/tr><\/thead><tr><td>is_main_query<\/td><td>1<\/td><td>1<\/td><\/tr><tr><td>is_rest_api<\/td><td>0<\/td><td>1<\/td><\/tr><tr><td>page<\/td><td>0<\/td><td>1<\/td><\/tr><tr><td>numpages<\/td><td>0<\/td><td>1<\/td><\/tr><tr><td>is_archive<\/td><td>1<\/td><td><\/td><\/tr><tr><td>is_search<\/td><td>1<\/td><td><\/td><\/tr><tr><td>is_home<\/td><td>1<\/td><td><\/td><\/tr><tr><td>is_404<\/td><td>1<\/td><td><\/td><\/tr><tr><td>is_attachment<\/td><td>1<\/td><td><\/td><\/tr><tr><td>is_singular<\/td><td>1<\/td><td><\/td><\/tr><tr><td>is_front_page<\/td><td>1<\/td><td><\/td><\/tr><tr><td>is_feed<\/td><td>1<\/td><td><\/td><\/tr><\/table><\/div><br><br><span style=\"color: red;\">Seu site usa HTTPS, mas o c\u00f3digo do an\u00fancio cont\u00e9m HTTP e pode n\u00e3o funcionar.<\/span>\t<br><br>\n\t<a style=\"color: green;\" href=\"https:\/\/wpadvancedads.com\/manual\/ad-debug-mode\/?utm_source=advanced-ads&utm_medium=link&utm_campaign=ad-debug-mode\" target=\"_blank\" rel=\"nofollow\">Encontre solu\u00e7\u00f5es no manual<\/a>\n<\/div>\n<\/li><\/ul><\/div><script>( window.advanced_ads_ready || jQuery( document ).ready ).call( null, function() {var $lavraslider2596368356 = jQuery( \".lavra-slider-2596368356\" );$lavraslider2596368356.on( \"unslider.ready\", function() { jQuery( \"div.custom-slider ul li\" ).css( \"display\", \"block\" ); });$lavraslider2596368356.unslider({ delay:4000, autoplay:true, nav:false, arrows:false, infinite:true });$lavraslider2596368356.on(\"mouseover\", function() {$lavraslider2596368356.unslider(\"stop\");}).on(\"mouseout\", function() {$lavraslider2596368356.unslider(\"start\");});});<\/script><\/div><p>Depois de quase oito meses se recuperando de um rompimento do ligamento do joelho direito, F\u00e1bio voltou ao gol do Cruzeiro na manh\u00e3 deste domingo, na vit\u00f3ria por 2 a 0 sobre o Democrata-GV, no Mineir\u00e3o, pela \u00faltima rodada da fase de classifica\u00e7\u00e3o do Campeonato Mineiro. O goleiro, que fez o 706\u00ba jogo com a camisa celeste, comparou o retorno \u00e0 sua estreia no Gigante da Pampulha, em mar\u00e7o de 2000, no amistoso da Raposa contra o Universal-RJ.<\/p>\n<p><img fetchpriority=\"high\" decoding=\"async\" class=\"size-full wp-image-8004 aligncenter\" src=\"http:\/\/lavras.tv\/site\/wp-content\/uploads\/2017\/04\/fabio.jpg\" alt=\"fabio\" width=\"405\" height=\"272\" srcset=\"https:\/\/lavras.tv\/site\/wp-content\/uploads\/2017\/04\/fabio.jpg 405w, https:\/\/lavras.tv\/site\/wp-content\/uploads\/2017\/04\/fabio-150x101.jpg 150w, https:\/\/lavras.tv\/site\/wp-content\/uploads\/2017\/04\/fabio-300x201.jpg 300w, https:\/\/lavras.tv\/site\/wp-content\/uploads\/2017\/04\/fabio-272x182.jpg 272w\" sizes=\"(max-width: 405px) 100vw, 405px\" \/><\/p>\n<p>\u201cEra como se fosse a primeira vez, quando eu pisei aqui em 2000, em um amistoso contra a Universal. Foi muito bom receber o carinho da torcida e voltar. Quebrei essa sequ\u00eancia de muito tempo sem jogar, mas estava bem preparado, vinha treinando muito forte\u201d, disse.<\/p>\n<p>Como o Cruzeiro foi pouco amea\u00e7ado na partida, F\u00e1bio quase n\u00e3o trabalhou. A primeira vez que o Democrata-GV chegou com perigo foi aos 30 minutos do segundo tempo, mas o lance foi invalidado porque o atacante estava impedido. Portanto, a primeira defesa do goleiro celeste foi somente aos 40 da etapa final, em um chute de fora da \u00e1rea que o camisa 1 pegou com facilidade no meio do gol.<\/p>\n<p>Ap\u00f3s o retorno bem sucedido, F\u00e1bio aproveitou para fazer uma \u201cpress\u00e3o\u201d no t\u00e9cnico Mano Menezes na disputa pela titularidade com Rafael. \u201cAgora espero ter sequ\u00eancia para mostrar novamente o meu potencial, como sempre mostrei\u201d, avisou.<\/p>\n<p><strong>Ded\u00e9<\/strong><\/p>\n<p>Quem se destacou no retorno de F\u00e1bio foi Ded\u00e9. O zagueiro abriu o placar para o Cruzeiro, aos 17 minutos do primeiro tempo, voltando a marcar um gol depois de um ano e meio. A \u00faltima vez foi no dia 19 de outubro de 2014, no triunfo sobre o Vit\u00f3ria, na campanha do bicampeonato brasileiro da Raposa.<\/p>\n<p>\u201cFico feliz por ter contribu\u00eddo. \u00c9 o meu jeito de jogar, me entregando ao m\u00e1ximo, e vai ser isso daqui pra frente se Deus quiser\u201d, afirmou. \u201cMuito bom, ainda mais com as coisas que aconteceram na minha vida, como o meu filho. Sem palavras pelo dia de hoje\u201d, completou.<\/p>\n<p>O zagueiro aproveitou para dizer que o Cruzeiro est\u00e1 preparado para a sequ\u00eancia de jogos decisivos que o time ter\u00e1 pela frente. Na pr\u00f3xima quinta-feira, o advers\u00e1rio ser\u00e1 o S\u00e3o Paulo, no Morumbi, pelo jogo de ida da quarta fase da Copa do Brasil. No pr\u00f3ximo fim de semana, \u00e9 a vez do primeiro duelo das semifinais do Mineiro contra o Am\u00e9rica. \u201cAgora vai ser uma sequ\u00eancia de decis\u00f5es, mas o nosso time est\u00e1 preparado\u201d, finalizou.<\/p>\n<p>Fonte: Itatiaia<\/p>\n","protected":false},"excerpt":{"rendered":"<p>Depois de quase oito meses se recuperando de um rompimento do ligamento do joelho direito, F\u00e1bio voltou ao gol do Cruzeiro na manh\u00e3 deste domingo, na vit\u00f3ria por 2 a 0 sobre o Democrata-GV, no Mineir\u00e3o, pela \u00faltima rodada da fase de classifica\u00e7\u00e3o do Campeonato Mineiro. O goleiro, que fez o 706\u00ba jogo com a [&hellip;]<\/p>\n","protected":false},"author":2,"featured_media":8004,"comment_status":"closed","ping_status":"open","sticky":false,"template":"","format":"standard","meta":{"advgb_blocks_editor_width":"","advgb_blocks_columns_visual_guide":"","_exactmetrics_skip_tracking":false,"_exactmetrics_sitenote_active":false,"_exactmetrics_sitenote_note":"","_exactmetrics_sitenote_category":0,"footnotes":""},"categories":[3],"tags":[2843,908,966,2131,1036],"class_list":["post-8003","post","type-post","status-publish","format-standard","has-post-thumbnail","hentry","category-esportes","tag-campeonato-mineiro","tag-cruzeiro","tag-esporte","tag-fabio","tag-futebol"],"better_featured_image":{"id":8004,"alt_text":"","caption":"","description":"","media_type":"image","media_details":{"width":405,"height":272,"file":"2017\/04\/fabio.jpg","sizes":{"thumbnail":{"file":"fabio-150x101.jpg","width":150,"height":101,"mime-type":"image\/jpeg","source_url":"https:\/\/lavras.tv\/site\/wp-content\/uploads\/2017\/04\/fabio-150x101.jpg"},"medium":{"file":"fabio-300x201.jpg","width":300,"height":201,"mime-type":"image\/jpeg","source_url":"https:\/\/lavras.tv\/site\/wp-content\/uploads\/2017\/04\/fabio-300x201.jpg"},"sow-carousel-default":{"file":"fabio-272x182.jpg","width":272,"height":182,"mime-type":"image\/jpeg","source_url":"https:\/\/lavras.tv\/site\/wp-content\/uploads\/2017\/04\/fabio-272x182.jpg"}},"image_meta":{"aperture":"0","credit":"","camera":"","caption":"","created_timestamp":"0","copyright":"","focal_length":"0","iso":"0","shutter_speed":"0","title":"","orientation":"0","keywords":[]}},"post":8003,"source_url":"https:\/\/lavras.tv\/site\/wp-content\/uploads\/2017\/04\/fabio.jpg"},"author_meta":{"display_name":"Lavras TV","author_link":"https:\/\/lavras.tv\/site\/author\/lavrastv\/"},"featured_img":"https:\/\/lavras.tv\/site\/wp-content\/uploads\/2017\/04\/fabio-300x201.jpg","coauthors":[],"tax_additional":{"categories":{"linked":["<a href=\"https:\/\/lavras.tv\/site\/category\/esportes\/\" class=\"advgb-post-tax-term\">Esportes<\/a>"],"unlinked":["<span class=\"advgb-post-tax-term\">Esportes<\/span>"]},"tags":{"linked":["<a href=\"https:\/\/lavras.tv\/site\/category\/esportes\/\" class=\"advgb-post-tax-term\">campeonato mineiro<\/a>","<a href=\"https:\/\/lavras.tv\/site\/category\/esportes\/\" class=\"advgb-post-tax-term\">cruzeiro<\/a>","<a href=\"https:\/\/lavras.tv\/site\/category\/esportes\/\" class=\"advgb-post-tax-term\">esporte<\/a>","<a href=\"https:\/\/lavras.tv\/site\/category\/esportes\/\" class=\"advgb-post-tax-term\">f\u00e1bio<\/a>","<a href=\"https:\/\/lavras.tv\/site\/category\/esportes\/\" class=\"advgb-post-tax-term\">futebol<\/a>"],"unlinked":["<span class=\"advgb-post-tax-term\">campeonato mineiro<\/span>","<span class=\"advgb-post-tax-term\">cruzeiro<\/span>","<span class=\"advgb-post-tax-term\">esporte<\/span>","<span class=\"advgb-post-tax-term\">f\u00e1bio<\/span>","<span class=\"advgb-post-tax-term\">futebol<\/span>"]}},"comment_count":"0","relative_dates":{"created":"Publicado 9 anos atr\u00e1s","modified":"Atualizado 9 anos atr\u00e1s"},"absolute_dates":{"created":"Publicado em 10 de abril de 2017","modified":"Atualizado em 10 de abril de 2017"},"absolute_dates_time":{"created":"Publicado em 10 de abril de 2017 08:31","modified":"Atualizado em 10 de abril de 2017 08:31"},"featured_img_caption":"","series_order":"","_links":{"self":[{"href":"https:\/\/lavras.tv\/site\/wp-json\/wp\/v2\/posts\/8003","targetHints":{"allow":["GET"]}}],"collection":[{"href":"https:\/\/lavras.tv\/site\/wp-json\/wp\/v2\/posts"}],"about":[{"href":"https:\/\/lavras.tv\/site\/wp-json\/wp\/v2\/types\/post"}],"author":[{"embeddable":true,"href":"https:\/\/lavras.tv\/site\/wp-json\/wp\/v2\/users\/2"}],"replies":[{"embeddable":true,"href":"https:\/\/lavras.tv\/site\/wp-json\/wp\/v2\/comments?post=8003"}],"version-history":[{"count":1,"href":"https:\/\/lavras.tv\/site\/wp-json\/wp\/v2\/posts\/8003\/revisions"}],"predecessor-version":[{"id":8005,"href":"https:\/\/lavras.tv\/site\/wp-json\/wp\/v2\/posts\/8003\/revisions\/8005"}],"wp:featuredmedia":[{"embeddable":true,"href":"https:\/\/lavras.tv\/site\/wp-json\/wp\/v2\/media\/8004"}],"wp:attachment":[{"href":"https:\/\/lavras.tv\/site\/wp-json\/wp\/v2\/media?parent=8003"}],"wp:term":[{"taxonomy":"category","embeddable":true,"href":"https:\/\/lavras.tv\/site\/wp-json\/wp\/v2\/categories?post=8003"},{"taxonomy":"post_tag","embeddable":true,"href":"https:\/\/lavras.tv\/site\/wp-json\/wp\/v2\/tags?post=8003"}],"curies":[{"name":"wp","href":"https:\/\/api.w.org\/{rel}","templated":true}]}}