{"id":8012,"date":"2017-04-10T09:21:08","date_gmt":"2017-04-10T12:21:08","guid":{"rendered":"http:\/\/lavras.tv\/site\/?p=8012"},"modified":"2017-04-10T09:21:08","modified_gmt":"2017-04-10T12:21:08","slug":"cemig-abre-inscricoes-para-o-programa-de-estagio-2017-com-169-vagas","status":"publish","type":"post","link":"https:\/\/lavras.tv\/site\/2017\/04\/10\/cemig-abre-inscricoes-para-o-programa-de-estagio-2017-com-169-vagas\/","title":{"rendered":"Cemig abre inscri\u00e7\u00f5es para o Programa de Est\u00e1gio 2017 com 169 vagas"},"content":{"rendered":"<div class=\"lavra-antes-do-conteudo_2\" id=\"lavra-1763543224\"><div id=\"lavra-slider-27\" class=\"custom-slider lavra-slider-875093425 lavra-slider\"><ul><li><div style=\"margin-left: auto;margin-right: auto;text-align: center;\" id=\"lavra-3560799922\"><a href=\"https:\/\/sistemas.lavras.mg.gov.br\/portalcidadao\/#df1b1a7c7b2a290bcb31e32771e610784662739a88807c0dacac58ede5f391a7530e299dc302d611ee73cb143fc22eaf93592e53e7b5bdb01b00a0b8d28dae460c141dd2ff83412e4dc1c31b16b25f33144a9e5620ea73b13f5bc1c59411d98439ad226e8af03840603796067d87afe130812cf3de24982d0e306f9e61e764e5\" aria-label=\"Lavras-TV&#8211;720x104px (1) (1)\"><img src=\"https:\/\/lavras.tv\/site\/wp-content\/uploads\/2025\/01\/Lavras-TV-720x104px-1-1.png\" alt=\"\"  srcset=\"https:\/\/lavras.tv\/site\/wp-content\/uploads\/2025\/01\/Lavras-TV-720x104px-1-1.png 720w, https:\/\/lavras.tv\/site\/wp-content\/uploads\/2025\/01\/Lavras-TV-720x104px-1-1-470x68.png 470w, https:\/\/lavras.tv\/site\/wp-content\/uploads\/2025\/01\/Lavras-TV-720x104px-1-1-170x25.png 170w, https:\/\/lavras.tv\/site\/wp-content\/uploads\/2025\/01\/Lavras-TV-720x104px-1-1-200x29.png 200w\" sizes=\"(max-width: 720px) 100vw, 720px\" width=\"720\" height=\"104\"  style=\"display: inline-block;\" \/><\/a><\/div><\/li><li><a href=\"https:\/\/sistemas.lavras.mg.gov.br\/portalcidadao\/#df1b1a7c7b2a290bcb31e32771e610784662739a88807c0dacac58ede5f391a7530e299dc302d611ee73cb143fc22eaf93592e53e7b5bdb01b00a0b8d28dae460c141dd2ff83412e4dc1c31b16b25f33144a9e5620ea73b13f5bc1c59411d98439ad226e8af03840603796067d87afe130812cf3de24982d0e306f9e61e764e5\" aria-label=\"Banner_Emprego_PortallavrasTV\"><img src=\"https:\/\/lavras.tv\/site\/wp-content\/uploads\/2025\/03\/Banner_Emprego_PortallavrasTV.png\" alt=\"\"  srcset=\"https:\/\/lavras.tv\/site\/wp-content\/uploads\/2025\/03\/Banner_Emprego_PortallavrasTV.png 720w, https:\/\/lavras.tv\/site\/wp-content\/uploads\/2025\/03\/Banner_Emprego_PortallavrasTV-470x68.png 470w, https:\/\/lavras.tv\/site\/wp-content\/uploads\/2025\/03\/Banner_Emprego_PortallavrasTV-170x25.png 170w, https:\/\/lavras.tv\/site\/wp-content\/uploads\/2025\/03\/Banner_Emprego_PortallavrasTV-200x29.png 200w\" sizes=\"(max-width: 720px) 100vw, 720px\" width=\"720\" height=\"104\"   \/><\/a><\/li><li><a href=\"https:\/\/sistemas.lavras.mg.gov.br\/portalcidadao\/#df1b1a7c7b2a290bcb31e32771e610784662739a88807c0dacac58ede5f391a7530e299dc302d611ee73cb143fc22eaf93592e53e7b5bdb01b00a0b8d28dae460c141dd2ff83412e4dc1c31b16b25f33144a9e5620ea73b13f5bc1c59411d98439ad226e8af03840603796067d87afe130812cf3de24982d0e306f9e61e764e5\" aria-label=\"Banner_Obras_PortallavrasTV\"><img src=\"https:\/\/lavras.tv\/site\/wp-content\/uploads\/2025\/03\/Banner_Obras_PortallavrasTV.png\" alt=\"\"  srcset=\"https:\/\/lavras.tv\/site\/wp-content\/uploads\/2025\/03\/Banner_Obras_PortallavrasTV.png 720w, https:\/\/lavras.tv\/site\/wp-content\/uploads\/2025\/03\/Banner_Obras_PortallavrasTV-470x68.png 470w, https:\/\/lavras.tv\/site\/wp-content\/uploads\/2025\/03\/Banner_Obras_PortallavrasTV-170x25.png 170w, https:\/\/lavras.tv\/site\/wp-content\/uploads\/2025\/03\/Banner_Obras_PortallavrasTV-200x29.png 200w\" sizes=\"(max-width: 720px) 100vw, 720px\" width=\"720\" height=\"104\"   \/><\/a><\/li><li><div style=\"margin-left: auto;margin-right: auto;text-align: center;\" id=\"lavra-2128204151\"><a href=\"https:\/\/sistemas.lavras.mg.gov.br\/portalcidadao\/#df1b1a7c7b2a290bcb31e32771e610784662739a88807c0dacac58ede5f391a7530e299dc302d611ee73cb143fc22eaf93592e53e7b5bdb01b00a0b8d28dae460c141dd2ff83412e4dc1c31b16b25f33144a9e5620ea73b13f5bc1c59411d98439ad226e8af03840603796067d87afe130812cf3de24982d0e306f9e61e764e5\" aria-label=\"Banner_Educa\u00e7\u00e3o_PortallavrasTV\"><img src=\"https:\/\/lavras.tv\/site\/wp-content\/uploads\/2025\/01\/Banner_Educacao_PortallavrasTV.png\" alt=\"\"  srcset=\"https:\/\/lavras.tv\/site\/wp-content\/uploads\/2025\/01\/Banner_Educacao_PortallavrasTV.png 720w, https:\/\/lavras.tv\/site\/wp-content\/uploads\/2025\/01\/Banner_Educacao_PortallavrasTV-470x68.png 470w, https:\/\/lavras.tv\/site\/wp-content\/uploads\/2025\/01\/Banner_Educacao_PortallavrasTV-170x25.png 170w, https:\/\/lavras.tv\/site\/wp-content\/uploads\/2025\/01\/Banner_Educacao_PortallavrasTV-200x29.png 200w\" sizes=\"(max-width: 720px) 100vw, 720px\" width=\"720\" height=\"104\"  style=\"display: inline-block;\" \/><\/a><\/div><\/li><li><a href=\"https:\/\/sistemas.lavras.mg.gov.br\/portalcidadao\/#df1b1a7c7b2a290bcb31e32771e610784662739a88807c0dacac58ede5f391a7530e299dc302d611ee73cb143fc22eaf93592e53e7b5bdb01b00a0b8d28dae460c141dd2ff83412e4dc1c31b16b25f33144a9e5620ea73b13f5bc1c59411d98439ad226e8af03840603796067d87afe130812cf3de24982d0e306f9e61e764e5\" aria-label=\"Banner_Sa\u00fade_PortallavrasTV\"><img src=\"https:\/\/lavras.tv\/site\/wp-content\/uploads\/2025\/03\/Banner_Saude_PortallavrasTV.png\" alt=\"\"  srcset=\"https:\/\/lavras.tv\/site\/wp-content\/uploads\/2025\/03\/Banner_Saude_PortallavrasTV.png 720w, https:\/\/lavras.tv\/site\/wp-content\/uploads\/2025\/03\/Banner_Saude_PortallavrasTV-470x68.png 470w, https:\/\/lavras.tv\/site\/wp-content\/uploads\/2025\/03\/Banner_Saude_PortallavrasTV-170x25.png 170w, https:\/\/lavras.tv\/site\/wp-content\/uploads\/2025\/03\/Banner_Saude_PortallavrasTV-200x29.png 200w\" sizes=\"(max-width: 720px) 100vw, 720px\" width=\"720\" height=\"104\"   \/><\/a><\/li><li><div id=\"lavra-1120335268\" style=\"width:720px;height:104px;background-color:#ddd;overflow:scroll;\">\n\t<strong>Sa\u00edda da depura\u00e7\u00e3o de an\u00fancios<\/strong>\n\t<br><br>\n\tO an\u00fancio n\u00e3o \u00e9 exibido na p\u00e1gina<br><br>post atual: Cemig abre inscri\u00e7\u00f5es para o Programa de Est\u00e1gio 2017 com 169 vagas, ID: 8012<br><br><span style=\"color: red;\">O post atual n\u00e3o \u00e9 id\u00eantico ao post principal.<\/span><br><br>An\u00fancios: ROXO - TOPO INTERNA - ROTATIVO 2 (197)<br \/>Grupo de an\u00fancios: Princ_Meio01_720x104 (27)<br><br>Condi\u00e7\u00f5es de exibi\u00e7\u00e3o<div style=\"margin-bottom: 20px; white-space: pre-wrap; font-family: monospace; width: 100%; background: #ffe9e9;\"><strong>condi\u00e7\u00f5es gerais<\/strong><table border=\"1\"><thead><tr><th><\/th><th>An\u00fancios<\/th><th>wp_the_query<\/th><\/tr><\/thead><tr><td>is_main_query<\/td><td>1<\/td><td>1<\/td><\/tr><tr><td>is_rest_api<\/td><td>0<\/td><td>1<\/td><\/tr><tr><td>page<\/td><td>0<\/td><td>1<\/td><\/tr><tr><td>numpages<\/td><td>0<\/td><td>1<\/td><\/tr><tr><td>is_archive<\/td><td>1<\/td><td><\/td><\/tr><tr><td>is_search<\/td><td>1<\/td><td><\/td><\/tr><tr><td>is_home<\/td><td>1<\/td><td><\/td><\/tr><tr><td>is_404<\/td><td>1<\/td><td><\/td><\/tr><tr><td>is_attachment<\/td><td>1<\/td><td><\/td><\/tr><tr><td>is_singular<\/td><td>1<\/td><td><\/td><\/tr><tr><td>is_front_page<\/td><td>1<\/td><td><\/td><\/tr><tr><td>is_feed<\/td><td>1<\/td><td><\/td><\/tr><\/table><\/div><br><br><span style=\"color: red;\">Seu site usa HTTPS, mas o c\u00f3digo do an\u00fancio cont\u00e9m HTTP e pode n\u00e3o funcionar.<\/span>\t<br><br>\n\t<a style=\"color: green;\" href=\"https:\/\/wpadvancedads.com\/manual\/ad-debug-mode\/?utm_source=advanced-ads&utm_medium=link&utm_campaign=ad-debug-mode\" target=\"_blank\" rel=\"nofollow\">Encontre solu\u00e7\u00f5es no manual<\/a>\n<\/div>\n<\/li><\/ul><\/div><script>( window.advanced_ads_ready || jQuery( document ).ready ).call( null, function() {var $lavraslider875093425 = jQuery( \".lavra-slider-875093425\" );$lavraslider875093425.on( \"unslider.ready\", function() { jQuery( \"div.custom-slider ul li\" ).css( \"display\", \"block\" ); });$lavraslider875093425.unslider({ delay:4000, autoplay:true, nav:false, arrows:false, infinite:true });$lavraslider875093425.on(\"mouseover\", function() {$lavraslider875093425.unslider(\"stop\");}).on(\"mouseout\", function() {$lavraslider875093425.unslider(\"start\");});});<\/script><\/div><div class=\"clear \">\n<p>Est\u00e3o abertas, a partir desta segunda-feira (10\/4), o as inscri\u00e7\u00f5es para o Programa de Est\u00e1gio 2017 da Cemig. Ao todo ser\u00e3o oferecidas 169 vagas, sendo 88 para n\u00edvel superior e 81 para n\u00edvel m\u00e9dio t\u00e9cnico. As inscri\u00e7\u00f5es v\u00e3o at\u00e9 o dia 23 de abril e devem ser feitas no site da AGIEL \u2013 Ag\u00eancia de Integra\u00e7\u00e3o Empresa Escola (<a href=\"http:\/\/www.agiel.com.br\/\" target=\"_blank\">www.agiel.com.br<\/a>).<\/p>\n<p><img fetchpriority=\"high\" decoding=\"async\" class=\"size-full wp-image-8013 aligncenter\" src=\"http:\/\/lavras.tv\/site\/wp-content\/uploads\/2017\/04\/cemig.png\" alt=\"cemig\" width=\"510\" height=\"340\" srcset=\"https:\/\/lavras.tv\/site\/wp-content\/uploads\/2017\/04\/cemig.png 510w, https:\/\/lavras.tv\/site\/wp-content\/uploads\/2017\/04\/cemig-150x100.png 150w, https:\/\/lavras.tv\/site\/wp-content\/uploads\/2017\/04\/cemig-300x200.png 300w, https:\/\/lavras.tv\/site\/wp-content\/uploads\/2017\/04\/cemig-480x320.png 480w, https:\/\/lavras.tv\/site\/wp-content\/uploads\/2017\/04\/cemig-272x182.png 272w\" sizes=\"(max-width: 510px) 100vw, 510px\" \/><\/p>\n<p>O est\u00e1gio est\u00e1 previsto para come\u00e7ar em junho, com dura\u00e7\u00e3o de seis meses e carga hor\u00e1ria de quatro horas por dia. Os candidatos selecionados receber\u00e3o bolsa de complementa\u00e7\u00e3o escolar, nos valores de 1,2 sal\u00e1rio m\u00ednimo para estudantes de n\u00edvel superior e 1,0 sal\u00e1rio m\u00ednimo para os de n\u00edvel t\u00e9cnico, com direito a vale-transporte.<\/p>\n<p><strong>Provas online<\/strong><\/p>\n<p>O candidato dever\u00e1 responder, imediatamente ap\u00f3s realizar a inscri\u00e7\u00e3o pela internet, a uma prova online de conhecimentos gerais e atualidades. Ap\u00f3s a etapa de inscri\u00e7\u00e3o, os candidatos que alcan\u00e7arem as melhores classifica\u00e7\u00f5es conforme os crit\u00e9rios estabelecidos no regulamento do Programa de Est\u00e1gio Cemig 2017, ser\u00e3o convocados a enviar, por meio eletr\u00f4nico, os documentos comprobat\u00f3rios. Depois da verifica\u00e7\u00e3o dos documentos comprobat\u00f3rios, a Cemig entrar\u00e1 em contato com os finalistas para agendamento da entrevista t\u00e9cnica com o gestor da Cemig.<\/p>\n<p><strong>Especifica\u00e7\u00f5es<\/strong><\/p>\n<p>Para se inscrever, o candidato deve estar matriculado e frequente no pen\u00faltimo ou no \u00faltimo ano do curso, para est\u00e1gio de n\u00edvel superior. Para est\u00e1gio de n\u00edvel m\u00e9dio t\u00e9cnico, o candidato dever\u00e1 estar no \u00faltimo ano do curso ou, ent\u00e3o, ter conclu\u00eddo o curso e necessitar do est\u00e1gio para obten\u00e7\u00e3o do certificado de conclus\u00e3o.<\/p>\n<p>Somente ser\u00e3o aceitas inscri\u00e7\u00f5es de estudantes dos cursos reconhecidos pelo MEC, conforme consta no site da institui\u00e7\u00e3o. Inscri\u00e7\u00f5es de estudantes que j\u00e1 tenham cumprido est\u00e1gio do mesmo curso na Cemig n\u00e3o ser\u00e3o aceitas.<\/p>\n<p><strong>Confira a lista de cursos:<\/strong><\/p>\n<p><strong>N\u00edvel superior<\/strong><\/p>\n<p>Administra\u00e7\u00e3o, Agronomia, Biologia, Ci\u00eancias da Computa\u00e7\u00e3o, Ci\u00eancias Cont\u00e1beis, Ci\u00eancias Econ\u00f4micas, Direito, Engenharia Agrimensura, Engenharia Ambiental, Engenharia Ambiental e Sanit\u00e1ria, Engenharia Civil, Engenharia Cartogr\u00e1fica, Engenharia de Controle e Automa\u00e7\u00e3o, Engenharia da Computa\u00e7\u00e3o, Engenharia de Produ\u00e7\u00e3o, Engenharia El\u00e9trica, Engenharia Eletr\u00f4nica, Engenharia Florestal, Engenharia Mec\u00e2nica, Engenharia Qu\u00edmica, Engenharia de Telecomunica\u00e7\u00f5es, Estat\u00edstica, Geografia, Jornalismo, Publicidade, Redes de Computadores, Sistemas de Informa\u00e7\u00e3o e Seguran\u00e7a da Informa\u00e7\u00e3o.<\/p>\n<p><strong>N\u00edvel t\u00e9cnico<\/strong><\/p>\n<p>Administra\u00e7\u00e3o, Agr\u00edcola, Automa\u00e7\u00e3o, Edifica\u00e7\u00f5es, Eletroeletr\u00f4nica, Eletromec\u00e2nica, Eletrot\u00e9cnica, Eletr\u00f4nica, Estradas, Qu\u00edmica, Meio Ambiente, Mec\u00e2nica e Seguran\u00e7a do Trabalho.<\/p>\n<p>Fonte: Ag\u00eancia Minas<\/p>\n<\/div>\n","protected":false},"excerpt":{"rendered":"<p>Est\u00e3o abertas, a partir desta segunda-feira (10\/4), o as inscri\u00e7\u00f5es para o Programa de Est\u00e1gio 2017 da Cemig. Ao todo ser\u00e3o oferecidas 169 vagas, sendo 88 para n\u00edvel superior e 81 para n\u00edvel m\u00e9dio t\u00e9cnico. As inscri\u00e7\u00f5es v\u00e3o at\u00e9 o dia 23 de abril e devem ser feitas no site da AGIEL \u2013 Ag\u00eancia de [&hellip;]<\/p>\n","protected":false},"author":2,"featured_media":8013,"comment_status":"closed","ping_status":"open","sticky":false,"template":"","format":"standard","meta":{"advgb_blocks_editor_width":"","advgb_blocks_columns_visual_guide":"","_exactmetrics_skip_tracking":false,"_exactmetrics_sitenote_active":false,"_exactmetrics_sitenote_note":"","_exactmetrics_sitenote_category":0,"footnotes":""},"categories":[7,2],"tags":[684,1279,530],"class_list":["post-8012","post","type-post","status-publish","format-standard","has-post-thumbnail","hentry","category-destaques","category-noticias","tag-cemig","tag-estagio","tag-minas-gerais"],"better_featured_image":{"id":8013,"alt_text":"","caption":"","description":"","media_type":"image","media_details":{"width":510,"height":340,"file":"2017\/04\/cemig.png","sizes":{"thumbnail":{"file":"cemig-150x100.png","width":150,"height":100,"mime-type":"image\/png","source_url":"https:\/\/lavras.tv\/site\/wp-content\/uploads\/2017\/04\/cemig-150x100.png"},"medium":{"file":"cemig-300x200.png","width":300,"height":200,"mime-type":"image\/png","source_url":"https:\/\/lavras.tv\/site\/wp-content\/uploads\/2017\/04\/cemig-300x200.png"},"featured-post-img":{"file":"cemig-480x320.png","width":480,"height":320,"mime-type":"image\/png","source_url":"https:\/\/lavras.tv\/site\/wp-content\/uploads\/2017\/04\/cemig-480x320.png"},"sow-carousel-default":{"file":"cemig-272x182.png","width":272,"height":182,"mime-type":"image\/png","source_url":"https:\/\/lavras.tv\/site\/wp-content\/uploads\/2017\/04\/cemig-272x182.png"}},"image_meta":{"aperture":"0","credit":"","camera":"","caption":"","created_timestamp":"0","copyright":"","focal_length":"0","iso":"0","shutter_speed":"0","title":"","orientation":"0","keywords":[]}},"post":8012,"source_url":"https:\/\/lavras.tv\/site\/wp-content\/uploads\/2017\/04\/cemig.png"},"author_meta":{"display_name":"Lavras TV","author_link":"https:\/\/lavras.tv\/site\/author\/lavrastv\/"},"featured_img":"https:\/\/lavras.tv\/site\/wp-content\/uploads\/2017\/04\/cemig-300x200.png","coauthors":[],"tax_additional":{"categories":{"linked":["<a href=\"https:\/\/lavras.tv\/site\/category\/destaques\/\" class=\"advgb-post-tax-term\">Destaques<\/a>","<a href=\"https:\/\/lavras.tv\/site\/category\/noticias\/\" class=\"advgb-post-tax-term\">Not\u00edcias<\/a>"],"unlinked":["<span class=\"advgb-post-tax-term\">Destaques<\/span>","<span class=\"advgb-post-tax-term\">Not\u00edcias<\/span>"]},"tags":{"linked":["<a href=\"https:\/\/lavras.tv\/site\/category\/noticias\/\" class=\"advgb-post-tax-term\">cemig<\/a>","<a href=\"https:\/\/lavras.tv\/site\/category\/noticias\/\" class=\"advgb-post-tax-term\">est\u00e1gio<\/a>","<a href=\"https:\/\/lavras.tv\/site\/category\/noticias\/\" class=\"advgb-post-tax-term\">minas gerais<\/a>"],"unlinked":["<span class=\"advgb-post-tax-term\">cemig<\/span>","<span class=\"advgb-post-tax-term\">est\u00e1gio<\/span>","<span class=\"advgb-post-tax-term\">minas gerais<\/span>"]}},"comment_count":"0","relative_dates":{"created":"Publicado 9 anos atr\u00e1s","modified":"Atualizado 9 anos atr\u00e1s"},"absolute_dates":{"created":"Publicado em 10 de abril de 2017","modified":"Atualizado em 10 de abril de 2017"},"absolute_dates_time":{"created":"Publicado em 10 de abril de 2017 09:21","modified":"Atualizado em 10 de abril de 2017 09:21"},"featured_img_caption":"","series_order":"","_links":{"self":[{"href":"https:\/\/lavras.tv\/site\/wp-json\/wp\/v2\/posts\/8012","targetHints":{"allow":["GET"]}}],"collection":[{"href":"https:\/\/lavras.tv\/site\/wp-json\/wp\/v2\/posts"}],"about":[{"href":"https:\/\/lavras.tv\/site\/wp-json\/wp\/v2\/types\/post"}],"author":[{"embeddable":true,"href":"https:\/\/lavras.tv\/site\/wp-json\/wp\/v2\/users\/2"}],"replies":[{"embeddable":true,"href":"https:\/\/lavras.tv\/site\/wp-json\/wp\/v2\/comments?post=8012"}],"version-history":[{"count":1,"href":"https:\/\/lavras.tv\/site\/wp-json\/wp\/v2\/posts\/8012\/revisions"}],"predecessor-version":[{"id":8014,"href":"https:\/\/lavras.tv\/site\/wp-json\/wp\/v2\/posts\/8012\/revisions\/8014"}],"wp:featuredmedia":[{"embeddable":true,"href":"https:\/\/lavras.tv\/site\/wp-json\/wp\/v2\/media\/8013"}],"wp:attachment":[{"href":"https:\/\/lavras.tv\/site\/wp-json\/wp\/v2\/media?parent=8012"}],"wp:term":[{"taxonomy":"category","embeddable":true,"href":"https:\/\/lavras.tv\/site\/wp-json\/wp\/v2\/categories?post=8012"},{"taxonomy":"post_tag","embeddable":true,"href":"https:\/\/lavras.tv\/site\/wp-json\/wp\/v2\/tags?post=8012"}],"curies":[{"name":"wp","href":"https:\/\/api.w.org\/{rel}","templated":true}]}}