{"id":8057,"date":"2017-04-12T08:20:40","date_gmt":"2017-04-12T11:20:40","guid":{"rendered":"http:\/\/lavras.tv\/site\/?p=8057"},"modified":"2017-04-12T08:20:40","modified_gmt":"2017-04-12T11:20:40","slug":"informe-parlamentar-deputada-damina-pereira-consegue-reformulacao-da-utra-lavras-em-brasilia","status":"publish","type":"post","link":"https:\/\/lavras.tv\/site\/2017\/04\/12\/informe-parlamentar-deputada-damina-pereira-consegue-reformulacao-da-utra-lavras-em-brasilia\/","title":{"rendered":"[Informe Parlamentar] Deputada D\u00e2mina Pereira consegue reformula\u00e7\u00e3o da Utra Lavras, em Bras\u00edlia"},"content":{"rendered":"<div class=\"lavra-antes-do-conteudo_2\" id=\"lavra-1721129059\"><div id=\"lavra-slider-27\" class=\"custom-slider lavra-slider-1439002635 lavra-slider\"><ul><li><div style=\"margin-left: auto;margin-right: auto;text-align: center;\" id=\"lavra-738896188\"><a href=\"https:\/\/sistemas.lavras.mg.gov.br\/portalcidadao\/#df1b1a7c7b2a290bcb31e32771e610784662739a88807c0dacac58ede5f391a7530e299dc302d611ee73cb143fc22eaf93592e53e7b5bdb01b00a0b8d28dae460c141dd2ff83412e4dc1c31b16b25f33144a9e5620ea73b13f5bc1c59411d98439ad226e8af03840603796067d87afe130812cf3de24982d0e306f9e61e764e5\" aria-label=\"Lavras-TV&#8211;720x104px (1) (1)\"><img src=\"https:\/\/lavras.tv\/site\/wp-content\/uploads\/2025\/01\/Lavras-TV-720x104px-1-1.png\" alt=\"\"  srcset=\"https:\/\/lavras.tv\/site\/wp-content\/uploads\/2025\/01\/Lavras-TV-720x104px-1-1.png 720w, https:\/\/lavras.tv\/site\/wp-content\/uploads\/2025\/01\/Lavras-TV-720x104px-1-1-470x68.png 470w, https:\/\/lavras.tv\/site\/wp-content\/uploads\/2025\/01\/Lavras-TV-720x104px-1-1-170x25.png 170w, https:\/\/lavras.tv\/site\/wp-content\/uploads\/2025\/01\/Lavras-TV-720x104px-1-1-200x29.png 200w\" sizes=\"(max-width: 720px) 100vw, 720px\" width=\"720\" height=\"104\"  style=\"display: inline-block;\" \/><\/a><\/div><\/li><li><a href=\"https:\/\/sistemas.lavras.mg.gov.br\/portalcidadao\/#df1b1a7c7b2a290bcb31e32771e610784662739a88807c0dacac58ede5f391a7530e299dc302d611ee73cb143fc22eaf93592e53e7b5bdb01b00a0b8d28dae460c141dd2ff83412e4dc1c31b16b25f33144a9e5620ea73b13f5bc1c59411d98439ad226e8af03840603796067d87afe130812cf3de24982d0e306f9e61e764e5\" aria-label=\"Banner_Emprego_PortallavrasTV\"><img src=\"https:\/\/lavras.tv\/site\/wp-content\/uploads\/2025\/03\/Banner_Emprego_PortallavrasTV.png\" alt=\"\"  srcset=\"https:\/\/lavras.tv\/site\/wp-content\/uploads\/2025\/03\/Banner_Emprego_PortallavrasTV.png 720w, https:\/\/lavras.tv\/site\/wp-content\/uploads\/2025\/03\/Banner_Emprego_PortallavrasTV-470x68.png 470w, https:\/\/lavras.tv\/site\/wp-content\/uploads\/2025\/03\/Banner_Emprego_PortallavrasTV-170x25.png 170w, https:\/\/lavras.tv\/site\/wp-content\/uploads\/2025\/03\/Banner_Emprego_PortallavrasTV-200x29.png 200w\" sizes=\"(max-width: 720px) 100vw, 720px\" width=\"720\" height=\"104\"   \/><\/a><\/li><li><a href=\"https:\/\/sistemas.lavras.mg.gov.br\/portalcidadao\/#df1b1a7c7b2a290bcb31e32771e610784662739a88807c0dacac58ede5f391a7530e299dc302d611ee73cb143fc22eaf93592e53e7b5bdb01b00a0b8d28dae460c141dd2ff83412e4dc1c31b16b25f33144a9e5620ea73b13f5bc1c59411d98439ad226e8af03840603796067d87afe130812cf3de24982d0e306f9e61e764e5\" aria-label=\"Banner_Obras_PortallavrasTV\"><img src=\"https:\/\/lavras.tv\/site\/wp-content\/uploads\/2025\/03\/Banner_Obras_PortallavrasTV.png\" alt=\"\"  srcset=\"https:\/\/lavras.tv\/site\/wp-content\/uploads\/2025\/03\/Banner_Obras_PortallavrasTV.png 720w, https:\/\/lavras.tv\/site\/wp-content\/uploads\/2025\/03\/Banner_Obras_PortallavrasTV-470x68.png 470w, https:\/\/lavras.tv\/site\/wp-content\/uploads\/2025\/03\/Banner_Obras_PortallavrasTV-170x25.png 170w, https:\/\/lavras.tv\/site\/wp-content\/uploads\/2025\/03\/Banner_Obras_PortallavrasTV-200x29.png 200w\" sizes=\"(max-width: 720px) 100vw, 720px\" width=\"720\" height=\"104\"   \/><\/a><\/li><li><div style=\"margin-left: auto;margin-right: auto;text-align: center;\" id=\"lavra-4178614515\"><a href=\"https:\/\/sistemas.lavras.mg.gov.br\/portalcidadao\/#df1b1a7c7b2a290bcb31e32771e610784662739a88807c0dacac58ede5f391a7530e299dc302d611ee73cb143fc22eaf93592e53e7b5bdb01b00a0b8d28dae460c141dd2ff83412e4dc1c31b16b25f33144a9e5620ea73b13f5bc1c59411d98439ad226e8af03840603796067d87afe130812cf3de24982d0e306f9e61e764e5\" aria-label=\"Banner_Educa\u00e7\u00e3o_PortallavrasTV\"><img src=\"https:\/\/lavras.tv\/site\/wp-content\/uploads\/2025\/01\/Banner_Educacao_PortallavrasTV.png\" alt=\"\"  srcset=\"https:\/\/lavras.tv\/site\/wp-content\/uploads\/2025\/01\/Banner_Educacao_PortallavrasTV.png 720w, https:\/\/lavras.tv\/site\/wp-content\/uploads\/2025\/01\/Banner_Educacao_PortallavrasTV-470x68.png 470w, https:\/\/lavras.tv\/site\/wp-content\/uploads\/2025\/01\/Banner_Educacao_PortallavrasTV-170x25.png 170w, https:\/\/lavras.tv\/site\/wp-content\/uploads\/2025\/01\/Banner_Educacao_PortallavrasTV-200x29.png 200w\" sizes=\"(max-width: 720px) 100vw, 720px\" width=\"720\" height=\"104\"  style=\"display: inline-block;\" \/><\/a><\/div><\/li><li><a href=\"https:\/\/sistemas.lavras.mg.gov.br\/portalcidadao\/#df1b1a7c7b2a290bcb31e32771e610784662739a88807c0dacac58ede5f391a7530e299dc302d611ee73cb143fc22eaf93592e53e7b5bdb01b00a0b8d28dae460c141dd2ff83412e4dc1c31b16b25f33144a9e5620ea73b13f5bc1c59411d98439ad226e8af03840603796067d87afe130812cf3de24982d0e306f9e61e764e5\" aria-label=\"Banner_Sa\u00fade_PortallavrasTV\"><img src=\"https:\/\/lavras.tv\/site\/wp-content\/uploads\/2025\/03\/Banner_Saude_PortallavrasTV.png\" alt=\"\"  srcset=\"https:\/\/lavras.tv\/site\/wp-content\/uploads\/2025\/03\/Banner_Saude_PortallavrasTV.png 720w, https:\/\/lavras.tv\/site\/wp-content\/uploads\/2025\/03\/Banner_Saude_PortallavrasTV-470x68.png 470w, https:\/\/lavras.tv\/site\/wp-content\/uploads\/2025\/03\/Banner_Saude_PortallavrasTV-170x25.png 170w, https:\/\/lavras.tv\/site\/wp-content\/uploads\/2025\/03\/Banner_Saude_PortallavrasTV-200x29.png 200w\" sizes=\"(max-width: 720px) 100vw, 720px\" width=\"720\" height=\"104\"   \/><\/a><\/li><li><div id=\"lavra-1001636721\" style=\"width:720px;height:104px;background-color:#ddd;overflow:scroll;\">\n\t<strong>Sa\u00edda da depura\u00e7\u00e3o de an\u00fancios<\/strong>\n\t<br><br>\n\tO an\u00fancio n\u00e3o \u00e9 exibido na p\u00e1gina<br><br>post atual: [Informe Parlamentar] Deputada D\u00e2mina Pereira consegue reformula\u00e7\u00e3o da Utra Lavras, em Bras\u00edlia, ID: 8057<br><br><span style=\"color: red;\">O post atual n\u00e3o \u00e9 id\u00eantico ao post principal.<\/span><br><br>An\u00fancios: ROXO - TOPO INTERNA - ROTATIVO 2 (197)<br \/>Grupo de an\u00fancios: Princ_Meio01_720x104 (27)<br><br>Condi\u00e7\u00f5es de exibi\u00e7\u00e3o<div style=\"margin-bottom: 20px; white-space: pre-wrap; font-family: monospace; width: 100%; background: #ffe9e9;\"><strong>condi\u00e7\u00f5es gerais<\/strong><table border=\"1\"><thead><tr><th><\/th><th>An\u00fancios<\/th><th>wp_the_query<\/th><\/tr><\/thead><tr><td>is_main_query<\/td><td>1<\/td><td>1<\/td><\/tr><tr><td>is_rest_api<\/td><td>0<\/td><td>1<\/td><\/tr><tr><td>page<\/td><td>0<\/td><td>1<\/td><\/tr><tr><td>numpages<\/td><td>0<\/td><td>1<\/td><\/tr><tr><td>is_archive<\/td><td>1<\/td><td><\/td><\/tr><tr><td>is_search<\/td><td>1<\/td><td><\/td><\/tr><tr><td>is_home<\/td><td>1<\/td><td><\/td><\/tr><tr><td>is_404<\/td><td>1<\/td><td><\/td><\/tr><tr><td>is_attachment<\/td><td>1<\/td><td><\/td><\/tr><tr><td>is_singular<\/td><td>1<\/td><td><\/td><\/tr><tr><td>is_front_page<\/td><td>1<\/td><td><\/td><\/tr><tr><td>is_feed<\/td><td>1<\/td><td><\/td><\/tr><\/table><\/div><br><br><span style=\"color: red;\">Seu site usa HTTPS, mas o c\u00f3digo do an\u00fancio cont\u00e9m HTTP e pode n\u00e3o funcionar.<\/span>\t<br><br>\n\t<a style=\"color: green;\" href=\"https:\/\/wpadvancedads.com\/manual\/ad-debug-mode\/?utm_source=advanced-ads&utm_medium=link&utm_campaign=ad-debug-mode\" target=\"_blank\" rel=\"nofollow\">Encontre solu\u00e7\u00f5es no manual<\/a>\n<\/div>\n<\/li><\/ul><\/div><script>( window.advanced_ads_ready || jQuery( document ).ready ).call( null, function() {var $lavraslider1439002635 = jQuery( \".lavra-slider-1439002635\" );$lavraslider1439002635.on( \"unslider.ready\", function() { jQuery( \"div.custom-slider ul li\" ).css( \"display\", \"block\" ); });$lavraslider1439002635.unslider({ delay:4000, autoplay:true, nav:false, arrows:false, infinite:true });$lavraslider1439002635.on(\"mouseover\", function() {$lavraslider1439002635.unslider(\"stop\");}).on(\"mouseout\", function() {$lavraslider1439002635.unslider(\"start\");});});<\/script><\/div><p><span style=\"font-weight: 400;\">Em 2016, o Minist\u00e9rio da Agricultura Pecu\u00e1ria e Abastecimento (MAPA) requereu o fechamento da Unidade T\u00e9cnica Regional de Agricultura (Utra\/Lavras). As atividades seriam transferidas para a cidade de Varginha. Preocupada com o encerramento, a deputada federal D\u00e2mina Pereira (PSL\/MG) esteve com a secret\u00e1ria executiva do Minist\u00e9rio, Maria Em\u00edlia Jaber, pedindo a reformula\u00e7\u00e3o da unidade. <\/span><\/p>\n<p><img fetchpriority=\"high\" decoding=\"async\" class=\"size-full wp-image-8058 aligncenter\" src=\"http:\/\/lavras.tv\/site\/wp-content\/uploads\/2017\/04\/utra.jpg\" alt=\"utra\" width=\"817\" height=\"613\" srcset=\"https:\/\/lavras.tv\/site\/wp-content\/uploads\/2017\/04\/utra.jpg 817w, https:\/\/lavras.tv\/site\/wp-content\/uploads\/2017\/04\/utra-150x113.jpg 150w, https:\/\/lavras.tv\/site\/wp-content\/uploads\/2017\/04\/utra-300x225.jpg 300w, https:\/\/lavras.tv\/site\/wp-content\/uploads\/2017\/04\/utra-640x480.jpg 640w\" sizes=\"(max-width: 817px) 100vw, 817px\" \/><\/p>\n<p><span style=\"font-weight: 400;\">Para reiterar o pleito D\u00e2mina participou, nesta ter\u00e7a-feira (11) em Bras\u00edlia, de reuni\u00e3o com o Dr. Francisco de Assis Lopes, secret\u00e1rio executivo substituto do MAPA. Ap\u00f3s algumas conversas ficou acordado a perman\u00eancia da Utra Lavras. \u00a0<\/span><\/p>\n<p><span style=\"font-weight: 400;\">Para a deputada, o fechamento da unidade iriar criar enormes transtornos aos usu\u00e1rios dos mais de 100 munic\u00edpios que a usam o espa\u00e7o para resolverem as diversas demandas na \u00e1rea de defesa, inspe\u00e7\u00e3o e fiscaliza\u00e7\u00e3o animal e vegetal. &#8220;Outro problema seria o aumento no custo da fiscaliza\u00e7\u00e3o por conta da maior dist\u00e2ncia percorrida pelos usu\u00e1rios. Por isso, temos motivos para comemorar\u201d, explicou. <\/span><\/p>\n<p>&nbsp;<\/p>\n<p><b>Utra\/Lavras<\/b><\/p>\n<p><span style=\"font-weight: 400;\">A Utra \/Lavras \u00e9 vinculada a Superintend\u00eancia Federal de Agricultura. A partir dela os produtores rurais podem fazer os servi\u00e7os de registros de produtos, de estabelecimentos, fertilizantes, ind\u00fastria de bebidas, e de esta\u00e7\u00f5es experimentais para testes de agrot\u00f3xicos.<br \/>\n<\/span><span style=\"font-weight: 400;\">Em todo o estado de Minas Gerais, s\u00e3o 12 Unidade Regionais e 7 Unidades Locais, dentre elas a de Lavras que fica no Campus hist\u00f3rico da UFLA, e atende os lavrenses e regi\u00f5es circunvizinhas. <\/span><br \/>\n<span style=\"font-weight: 400;\">No total 22 servidores, seis em Campo Belo e 16 na sede trabalham no \u00f3rg\u00e3o. Al\u00e9m disso, s\u00e3o desenvolvidos programas de est\u00e1gios supervisionados em parceria com a UFLA, que envolve os estudantes na \u00e1rea de inspe\u00e7\u00e3o e fiscaliza\u00e7\u00e3o vegetal e animal.<\/span><\/p>\n<p>&nbsp;<\/p>\n<p>Fonte: Gabinete da deputada D\u00e2mina Pereira<\/p>\n","protected":false},"excerpt":{"rendered":"<p>Em 2016, o Minist\u00e9rio da Agricultura Pecu\u00e1ria e Abastecimento (MAPA) requereu o fechamento da Unidade T\u00e9cnica Regional de Agricultura (Utra\/Lavras). As atividades seriam transferidas para a cidade de Varginha. Preocupada com o encerramento, a deputada federal D\u00e2mina Pereira (PSL\/MG) esteve com a secret\u00e1ria executiva do Minist\u00e9rio, Maria Em\u00edlia Jaber, pedindo a reformula\u00e7\u00e3o da unidade. Para [&hellip;]<\/p>\n","protected":false},"author":2,"featured_media":8058,"comment_status":"closed","ping_status":"open","sticky":false,"template":"","format":"standard","meta":{"advgb_blocks_editor_width":"","advgb_blocks_columns_visual_guide":"","_exactmetrics_skip_tracking":false,"_exactmetrics_sitenote_active":false,"_exactmetrics_sitenote_note":"","_exactmetrics_sitenote_category":0,"footnotes":""},"categories":[7,12],"tags":[671,34,56,3152],"class_list":["post-8057","post","type-post","status-publish","format-standard","has-post-thumbnail","hentry","category-destaques","category-politica","tag-damina-pereira","tag-lavras","tag-ufla","tag-utra"],"better_featured_image":{"id":8058,"alt_text":"","caption":"","description":"","media_type":"image","media_details":{"width":817,"height":613,"file":"2017\/04\/utra.jpg","sizes":{"thumbnail":{"file":"utra-150x113.jpg","width":150,"height":113,"mime-type":"image\/jpeg","source_url":"https:\/\/lavras.tv\/site\/wp-content\/uploads\/2017\/04\/utra-150x113.jpg"},"medium":{"file":"utra-300x225.jpg","width":300,"height":225,"mime-type":"image\/jpeg","source_url":"https:\/\/lavras.tv\/site\/wp-content\/uploads\/2017\/04\/utra-300x225.jpg"},"featured-slider-img":{"file":"utra-640x480.jpg","width":640,"height":480,"mime-type":"image\/jpeg","source_url":"https:\/\/lavras.tv\/site\/wp-content\/uploads\/2017\/04\/utra-640x480.jpg"},"featured-post-img":{"file":"utra-480x320.jpg","width":480,"height":320,"mime-type":"image\/jpeg","source_url":"https:\/\/lavras.tv\/site\/wp-content\/uploads\/2017\/04\/utra-480x320.jpg"},"sow-carousel-default":{"file":"utra-272x182.jpg","width":272,"height":182,"mime-type":"image\/jpeg","source_url":"https:\/\/lavras.tv\/site\/wp-content\/uploads\/2017\/04\/utra-272x182.jpg"}},"image_meta":{"aperture":"0","credit":"","camera":"","caption":"","created_timestamp":"0","copyright":"","focal_length":"0","iso":"0","shutter_speed":"0","title":"","orientation":"0","keywords":[]}},"post":8057,"source_url":"https:\/\/lavras.tv\/site\/wp-content\/uploads\/2017\/04\/utra.jpg"},"author_meta":{"display_name":"Lavras TV","author_link":"https:\/\/lavras.tv\/site\/author\/lavrastv\/"},"featured_img":"https:\/\/lavras.tv\/site\/wp-content\/uploads\/2017\/04\/utra-300x225.jpg","coauthors":[],"tax_additional":{"categories":{"linked":["<a href=\"https:\/\/lavras.tv\/site\/category\/destaques\/\" class=\"advgb-post-tax-term\">Destaques<\/a>","<a href=\"https:\/\/lavras.tv\/site\/category\/politica\/\" class=\"advgb-post-tax-term\">Pol\u00edtica<\/a>"],"unlinked":["<span class=\"advgb-post-tax-term\">Destaques<\/span>","<span class=\"advgb-post-tax-term\">Pol\u00edtica<\/span>"]},"tags":{"linked":["<a href=\"https:\/\/lavras.tv\/site\/category\/politica\/\" class=\"advgb-post-tax-term\">D\u00e2mina Pereira<\/a>","<a href=\"https:\/\/lavras.tv\/site\/category\/politica\/\" class=\"advgb-post-tax-term\">lavras<\/a>","<a href=\"https:\/\/lavras.tv\/site\/category\/politica\/\" class=\"advgb-post-tax-term\">ufla<\/a>","<a href=\"https:\/\/lavras.tv\/site\/category\/politica\/\" class=\"advgb-post-tax-term\">Utra<\/a>"],"unlinked":["<span class=\"advgb-post-tax-term\">D\u00e2mina Pereira<\/span>","<span class=\"advgb-post-tax-term\">lavras<\/span>","<span class=\"advgb-post-tax-term\">ufla<\/span>","<span class=\"advgb-post-tax-term\">Utra<\/span>"]}},"comment_count":"0","relative_dates":{"created":"Publicado 9 anos atr\u00e1s","modified":"Atualizado 9 anos atr\u00e1s"},"absolute_dates":{"created":"Publicado em 12 de abril de 2017","modified":"Atualizado em 12 de abril de 2017"},"absolute_dates_time":{"created":"Publicado em 12 de abril de 2017 08:20","modified":"Atualizado em 12 de abril de 2017 08:20"},"featured_img_caption":"","series_order":"","_links":{"self":[{"href":"https:\/\/lavras.tv\/site\/wp-json\/wp\/v2\/posts\/8057","targetHints":{"allow":["GET"]}}],"collection":[{"href":"https:\/\/lavras.tv\/site\/wp-json\/wp\/v2\/posts"}],"about":[{"href":"https:\/\/lavras.tv\/site\/wp-json\/wp\/v2\/types\/post"}],"author":[{"embeddable":true,"href":"https:\/\/lavras.tv\/site\/wp-json\/wp\/v2\/users\/2"}],"replies":[{"embeddable":true,"href":"https:\/\/lavras.tv\/site\/wp-json\/wp\/v2\/comments?post=8057"}],"version-history":[{"count":1,"href":"https:\/\/lavras.tv\/site\/wp-json\/wp\/v2\/posts\/8057\/revisions"}],"predecessor-version":[{"id":8059,"href":"https:\/\/lavras.tv\/site\/wp-json\/wp\/v2\/posts\/8057\/revisions\/8059"}],"wp:featuredmedia":[{"embeddable":true,"href":"https:\/\/lavras.tv\/site\/wp-json\/wp\/v2\/media\/8058"}],"wp:attachment":[{"href":"https:\/\/lavras.tv\/site\/wp-json\/wp\/v2\/media?parent=8057"}],"wp:term":[{"taxonomy":"category","embeddable":true,"href":"https:\/\/lavras.tv\/site\/wp-json\/wp\/v2\/categories?post=8057"},{"taxonomy":"post_tag","embeddable":true,"href":"https:\/\/lavras.tv\/site\/wp-json\/wp\/v2\/tags?post=8057"}],"curies":[{"name":"wp","href":"https:\/\/api.w.org\/{rel}","templated":true}]}}