{"id":8113,"date":"2017-04-13T09:51:26","date_gmt":"2017-04-13T12:51:26","guid":{"rendered":"http:\/\/lavras.tv\/site\/?p=8113"},"modified":"2017-04-13T09:51:26","modified_gmt":"2017-04-13T12:51:26","slug":"informe-parlamentar-na-camara-federal-deputada-damina-participa-de-debate-sobre-a-reforma-da-previdencia","status":"publish","type":"post","link":"https:\/\/lavras.tv\/site\/2017\/04\/13\/informe-parlamentar-na-camara-federal-deputada-damina-participa-de-debate-sobre-a-reforma-da-previdencia\/","title":{"rendered":"[Informe Parlamentar] Na C\u00e2mara Federal, deputada D\u00e2mina participa de debate sobre a Reforma da Previd\u00eancia"},"content":{"rendered":"<div class=\"lavra-antes-do-conteudo_2\" id=\"lavra-328893588\"><div id=\"lavra-slider-27\" class=\"custom-slider lavra-slider-1621210835 lavra-slider\"><ul><li><div style=\"margin-left: auto;margin-right: auto;text-align: center;\" id=\"lavra-3548645954\"><a href=\"https:\/\/sistemas.lavras.mg.gov.br\/portalcidadao\/#df1b1a7c7b2a290bcb31e32771e610784662739a88807c0dacac58ede5f391a7530e299dc302d611ee73cb143fc22eaf93592e53e7b5bdb01b00a0b8d28dae460c141dd2ff83412e4dc1c31b16b25f33144a9e5620ea73b13f5bc1c59411d98439ad226e8af03840603796067d87afe130812cf3de24982d0e306f9e61e764e5\" aria-label=\"Lavras-TV&#8211;720x104px (1) (1)\"><img src=\"https:\/\/lavras.tv\/site\/wp-content\/uploads\/2025\/01\/Lavras-TV-720x104px-1-1.png\" alt=\"\"  srcset=\"https:\/\/lavras.tv\/site\/wp-content\/uploads\/2025\/01\/Lavras-TV-720x104px-1-1.png 720w, https:\/\/lavras.tv\/site\/wp-content\/uploads\/2025\/01\/Lavras-TV-720x104px-1-1-470x68.png 470w, https:\/\/lavras.tv\/site\/wp-content\/uploads\/2025\/01\/Lavras-TV-720x104px-1-1-170x25.png 170w, https:\/\/lavras.tv\/site\/wp-content\/uploads\/2025\/01\/Lavras-TV-720x104px-1-1-200x29.png 200w\" sizes=\"(max-width: 720px) 100vw, 720px\" width=\"720\" height=\"104\"  style=\"display: inline-block;\" \/><\/a><\/div><\/li><li><a href=\"https:\/\/sistemas.lavras.mg.gov.br\/portalcidadao\/#df1b1a7c7b2a290bcb31e32771e610784662739a88807c0dacac58ede5f391a7530e299dc302d611ee73cb143fc22eaf93592e53e7b5bdb01b00a0b8d28dae460c141dd2ff83412e4dc1c31b16b25f33144a9e5620ea73b13f5bc1c59411d98439ad226e8af03840603796067d87afe130812cf3de24982d0e306f9e61e764e5\" aria-label=\"Banner_Emprego_PortallavrasTV\"><img src=\"https:\/\/lavras.tv\/site\/wp-content\/uploads\/2025\/03\/Banner_Emprego_PortallavrasTV.png\" alt=\"\"  srcset=\"https:\/\/lavras.tv\/site\/wp-content\/uploads\/2025\/03\/Banner_Emprego_PortallavrasTV.png 720w, https:\/\/lavras.tv\/site\/wp-content\/uploads\/2025\/03\/Banner_Emprego_PortallavrasTV-470x68.png 470w, https:\/\/lavras.tv\/site\/wp-content\/uploads\/2025\/03\/Banner_Emprego_PortallavrasTV-170x25.png 170w, https:\/\/lavras.tv\/site\/wp-content\/uploads\/2025\/03\/Banner_Emprego_PortallavrasTV-200x29.png 200w\" sizes=\"(max-width: 720px) 100vw, 720px\" width=\"720\" height=\"104\"   \/><\/a><\/li><li><a href=\"https:\/\/sistemas.lavras.mg.gov.br\/portalcidadao\/#df1b1a7c7b2a290bcb31e32771e610784662739a88807c0dacac58ede5f391a7530e299dc302d611ee73cb143fc22eaf93592e53e7b5bdb01b00a0b8d28dae460c141dd2ff83412e4dc1c31b16b25f33144a9e5620ea73b13f5bc1c59411d98439ad226e8af03840603796067d87afe130812cf3de24982d0e306f9e61e764e5\" aria-label=\"Banner_Obras_PortallavrasTV\"><img src=\"https:\/\/lavras.tv\/site\/wp-content\/uploads\/2025\/03\/Banner_Obras_PortallavrasTV.png\" alt=\"\"  srcset=\"https:\/\/lavras.tv\/site\/wp-content\/uploads\/2025\/03\/Banner_Obras_PortallavrasTV.png 720w, https:\/\/lavras.tv\/site\/wp-content\/uploads\/2025\/03\/Banner_Obras_PortallavrasTV-470x68.png 470w, https:\/\/lavras.tv\/site\/wp-content\/uploads\/2025\/03\/Banner_Obras_PortallavrasTV-170x25.png 170w, https:\/\/lavras.tv\/site\/wp-content\/uploads\/2025\/03\/Banner_Obras_PortallavrasTV-200x29.png 200w\" sizes=\"(max-width: 720px) 100vw, 720px\" width=\"720\" height=\"104\"   \/><\/a><\/li><li><div style=\"margin-left: auto;margin-right: auto;text-align: center;\" id=\"lavra-2416142594\"><a href=\"https:\/\/sistemas.lavras.mg.gov.br\/portalcidadao\/#df1b1a7c7b2a290bcb31e32771e610784662739a88807c0dacac58ede5f391a7530e299dc302d611ee73cb143fc22eaf93592e53e7b5bdb01b00a0b8d28dae460c141dd2ff83412e4dc1c31b16b25f33144a9e5620ea73b13f5bc1c59411d98439ad226e8af03840603796067d87afe130812cf3de24982d0e306f9e61e764e5\" aria-label=\"Banner_Educa\u00e7\u00e3o_PortallavrasTV\"><img src=\"https:\/\/lavras.tv\/site\/wp-content\/uploads\/2025\/01\/Banner_Educacao_PortallavrasTV.png\" alt=\"\"  srcset=\"https:\/\/lavras.tv\/site\/wp-content\/uploads\/2025\/01\/Banner_Educacao_PortallavrasTV.png 720w, https:\/\/lavras.tv\/site\/wp-content\/uploads\/2025\/01\/Banner_Educacao_PortallavrasTV-470x68.png 470w, https:\/\/lavras.tv\/site\/wp-content\/uploads\/2025\/01\/Banner_Educacao_PortallavrasTV-170x25.png 170w, https:\/\/lavras.tv\/site\/wp-content\/uploads\/2025\/01\/Banner_Educacao_PortallavrasTV-200x29.png 200w\" sizes=\"(max-width: 720px) 100vw, 720px\" width=\"720\" height=\"104\"  style=\"display: inline-block;\" \/><\/a><\/div><\/li><li><a href=\"https:\/\/sistemas.lavras.mg.gov.br\/portalcidadao\/#df1b1a7c7b2a290bcb31e32771e610784662739a88807c0dacac58ede5f391a7530e299dc302d611ee73cb143fc22eaf93592e53e7b5bdb01b00a0b8d28dae460c141dd2ff83412e4dc1c31b16b25f33144a9e5620ea73b13f5bc1c59411d98439ad226e8af03840603796067d87afe130812cf3de24982d0e306f9e61e764e5\" aria-label=\"Banner_Sa\u00fade_PortallavrasTV\"><img src=\"https:\/\/lavras.tv\/site\/wp-content\/uploads\/2025\/03\/Banner_Saude_PortallavrasTV.png\" alt=\"\"  srcset=\"https:\/\/lavras.tv\/site\/wp-content\/uploads\/2025\/03\/Banner_Saude_PortallavrasTV.png 720w, https:\/\/lavras.tv\/site\/wp-content\/uploads\/2025\/03\/Banner_Saude_PortallavrasTV-470x68.png 470w, https:\/\/lavras.tv\/site\/wp-content\/uploads\/2025\/03\/Banner_Saude_PortallavrasTV-170x25.png 170w, https:\/\/lavras.tv\/site\/wp-content\/uploads\/2025\/03\/Banner_Saude_PortallavrasTV-200x29.png 200w\" sizes=\"(max-width: 720px) 100vw, 720px\" width=\"720\" height=\"104\"   \/><\/a><\/li><li><div id=\"lavra-3667026493\" style=\"width:720px;height:104px;background-color:#ddd;overflow:scroll;\">\n\t<strong>Sa\u00edda da depura\u00e7\u00e3o de an\u00fancios<\/strong>\n\t<br><br>\n\tO an\u00fancio n\u00e3o \u00e9 exibido na p\u00e1gina<br><br>post atual: [Informe Parlamentar] Na C\u00e2mara Federal, deputada D\u00e2mina participa de debate sobre a Reforma da Previd\u00eancia, ID: 8113<br><br><span style=\"color: red;\">O post atual n\u00e3o \u00e9 id\u00eantico ao post principal.<\/span><br><br>An\u00fancios: ROXO - TOPO INTERNA - ROTATIVO 2 (197)<br \/>Grupo de an\u00fancios: Princ_Meio01_720x104 (27)<br><br>Condi\u00e7\u00f5es de exibi\u00e7\u00e3o<div style=\"margin-bottom: 20px; white-space: pre-wrap; font-family: monospace; width: 100%; background: #ffe9e9;\"><strong>condi\u00e7\u00f5es gerais<\/strong><table border=\"1\"><thead><tr><th><\/th><th>An\u00fancios<\/th><th>wp_the_query<\/th><\/tr><\/thead><tr><td>is_main_query<\/td><td>1<\/td><td>1<\/td><\/tr><tr><td>is_rest_api<\/td><td>0<\/td><td>1<\/td><\/tr><tr><td>page<\/td><td>0<\/td><td>1<\/td><\/tr><tr><td>numpages<\/td><td>0<\/td><td>1<\/td><\/tr><tr><td>is_archive<\/td><td>1<\/td><td><\/td><\/tr><tr><td>is_search<\/td><td>1<\/td><td><\/td><\/tr><tr><td>is_home<\/td><td>1<\/td><td><\/td><\/tr><tr><td>is_404<\/td><td>1<\/td><td><\/td><\/tr><tr><td>is_attachment<\/td><td>1<\/td><td><\/td><\/tr><tr><td>is_singular<\/td><td>1<\/td><td><\/td><\/tr><tr><td>is_front_page<\/td><td>1<\/td><td><\/td><\/tr><tr><td>is_feed<\/td><td>1<\/td><td><\/td><\/tr><\/table><\/div><br><br><span style=\"color: red;\">Seu site usa HTTPS, mas o c\u00f3digo do an\u00fancio cont\u00e9m HTTP e pode n\u00e3o funcionar.<\/span>\t<br><br>\n\t<a style=\"color: green;\" href=\"https:\/\/wpadvancedads.com\/manual\/ad-debug-mode\/?utm_source=advanced-ads&utm_medium=link&utm_campaign=ad-debug-mode\" target=\"_blank\" rel=\"nofollow\">Encontre solu\u00e7\u00f5es no manual<\/a>\n<\/div>\n<\/li><\/ul><\/div><script>( window.advanced_ads_ready || jQuery( document ).ready ).call( null, function() {var $lavraslider1621210835 = jQuery( \".lavra-slider-1621210835\" );$lavraslider1621210835.on( \"unslider.ready\", function() { jQuery( \"div.custom-slider ul li\" ).css( \"display\", \"block\" ); });$lavraslider1621210835.unslider({ delay:4000, autoplay:true, nav:false, arrows:false, infinite:true });$lavraslider1621210835.on(\"mouseover\", function() {$lavraslider1621210835.unslider(\"stop\");}).on(\"mouseout\", function() {$lavraslider1621210835.unslider(\"start\");});});<\/script><\/div><p><span style=\"font-weight: 400;\">\u201cA Reforma da Previd\u00eancia precisa ser discutida. Reformas s\u00e3o importantes e necess\u00e1rias, mas sou contra o texto atual proposto\u201d, com essas palavras a deputada D\u00e2mina Pereira (PSL\/MG), abriu sua fala na C\u00e2mara Federal, durante audi\u00eancia p\u00fablica que debateu a PEC 287\/216, no que se refere a equipara\u00e7\u00e3o entre homens e mulheres para fins de aposentadoria. <\/span><!--more--><\/p>\n<p><img fetchpriority=\"high\" decoding=\"async\" class=\"size-full wp-image-8114 aligncenter\" src=\"http:\/\/lavras.tv\/site\/wp-content\/uploads\/2017\/04\/damina-reforma-1.jpg\" alt=\"damina reforma 1\" width=\"936\" height=\"613\" srcset=\"https:\/\/lavras.tv\/site\/wp-content\/uploads\/2017\/04\/damina-reforma-1.jpg 936w, https:\/\/lavras.tv\/site\/wp-content\/uploads\/2017\/04\/damina-reforma-1-150x98.jpg 150w, https:\/\/lavras.tv\/site\/wp-content\/uploads\/2017\/04\/damina-reforma-1-300x196.jpg 300w\" sizes=\"(max-width: 936px) 100vw, 936px\" \/><\/p>\n<p><span style=\"font-weight: 400;\">\u201cN\u00f3s temos c\u00e1lculos atualizados da reforma de 1998 que conclu\u00edram que o fundo constitu\u00eddo pelas contribui\u00e7\u00f5es do empregador e do empregado, somando 20% do sal\u00e1rio base que eles contribuem durante 35 anos, seria suficiente para garantir a aposentadoria, auxilio acidente, etc. N\u00f3s estamos vivendo hoje no pa\u00eds uma crise, que eu n\u00e3o acho que seja uma crise da previd\u00eancia, eu acho que \u00e9 mais uma crise pol\u00edtica, social, jur\u00eddica e sobretudo moral\u201d, explicou a parlamentar. \u00a0<\/span><\/p>\n<p><span style=\"font-weight: 400;\">A audi\u00eancia requerida pela deputada D\u00e2mina reuniu a Bancada Feminina da Casa. Todas as deputadas que se manifestaram defenderam a manuten\u00e7\u00e3o de condi\u00e7\u00f5es diferenciadas e explicaram que n\u00e3o \u00e9 o momento de igualar homens e mulheres na idade de aposentadoria, porque as condi\u00e7\u00f5es de vida e do mercado de trabalho ainda s\u00e3o desiguais.<\/span><\/p>\n<p><img decoding=\"async\" class=\"size-full wp-image-8115 aligncenter\" src=\"http:\/\/lavras.tv\/site\/wp-content\/uploads\/2017\/04\/damina-reforma-2.jpg\" alt=\"damina reforma 2\" width=\"919\" height=\"613\" srcset=\"https:\/\/lavras.tv\/site\/wp-content\/uploads\/2017\/04\/damina-reforma-2.jpg 919w, https:\/\/lavras.tv\/site\/wp-content\/uploads\/2017\/04\/damina-reforma-2-150x100.jpg 150w, https:\/\/lavras.tv\/site\/wp-content\/uploads\/2017\/04\/damina-reforma-2-300x200.jpg 300w, https:\/\/lavras.tv\/site\/wp-content\/uploads\/2017\/04\/damina-reforma-2-480x320.jpg 480w, https:\/\/lavras.tv\/site\/wp-content\/uploads\/2017\/04\/damina-reforma-2-272x182.jpg 272w\" sizes=\"(max-width: 919px) 100vw, 919px\" \/><\/p>\n<p><span style=\"font-weight: 400;\">A proposta original do governo para a Reforma da Previd\u00eancia fixa a idade m\u00ednima para aposentadoria em 65 anos para homens e mulheres.<\/span><\/p>\n<p><span style=\"font-weight: 400;\">Participaram do debate a professora do departamento de economia da Universidade de Bras\u00edlia, Geovana Bertussi, a representante do secret\u00e1rio da previd\u00eancia, Z\u00e9lia Luiza Pierdon\u00e1, a senhora Alessandra Damian Cavalcanti, da OAB\/DF e a secret\u00e1ria de Mulheres da Federa\u00e7\u00e3o dos Trabalhadores na Agricultura do DF e entorno, Carliene dos Santos Oliveira.<\/span><\/p>\n<p>Fonte: gabinete da deputada D\u00e2mina Pereira<\/p>\n","protected":false},"excerpt":{"rendered":"<p>\u201cA Reforma da Previd\u00eancia precisa ser discutida. Reformas s\u00e3o importantes e necess\u00e1rias, mas sou contra o texto atual proposto\u201d, com essas palavras a deputada D\u00e2mina Pereira (PSL\/MG), abriu sua fala na C\u00e2mara Federal, durante audi\u00eancia p\u00fablica que debateu a PEC 287\/216, no que se refere a equipara\u00e7\u00e3o entre homens e mulheres para fins de aposentadoria.<\/p>\n","protected":false},"author":2,"featured_media":8115,"comment_status":"closed","ping_status":"open","sticky":false,"template":"","format":"standard","meta":{"advgb_blocks_editor_width":"","advgb_blocks_columns_visual_guide":"","_exactmetrics_skip_tracking":false,"_exactmetrics_sitenote_active":false,"_exactmetrics_sitenote_note":"","_exactmetrics_sitenote_category":0,"footnotes":""},"categories":[7,12],"tags":[2652,1875],"class_list":["post-8113","post","type-post","status-publish","format-standard","has-post-thumbnail","hentry","category-destaques","category-politica","tag-deputada-damina-pereira","tag-reforma-da-previdencia"],"better_featured_image":{"id":8115,"alt_text":"","caption":"","description":"","media_type":"image","media_details":{"width":919,"height":613,"file":"2017\/04\/damina-reforma-2.jpg","sizes":{"thumbnail":{"file":"damina-reforma-2-150x100.jpg","width":150,"height":100,"mime-type":"image\/jpeg","source_url":"https:\/\/lavras.tv\/site\/wp-content\/uploads\/2017\/04\/damina-reforma-2-150x100.jpg"},"medium":{"file":"damina-reforma-2-300x200.jpg","width":300,"height":200,"mime-type":"image\/jpeg","source_url":"https:\/\/lavras.tv\/site\/wp-content\/uploads\/2017\/04\/damina-reforma-2-300x200.jpg"},"featured-slider-img":{"file":"damina-reforma-2-640x480.jpg","width":640,"height":480,"mime-type":"image\/jpeg","source_url":"https:\/\/lavras.tv\/site\/wp-content\/uploads\/2017\/04\/damina-reforma-2-640x480.jpg"},"featured-post-img":{"file":"damina-reforma-2-480x320.jpg","width":480,"height":320,"mime-type":"image\/jpeg","source_url":"https:\/\/lavras.tv\/site\/wp-content\/uploads\/2017\/04\/damina-reforma-2-480x320.jpg"},"sow-carousel-default":{"file":"damina-reforma-2-272x182.jpg","width":272,"height":182,"mime-type":"image\/jpeg","source_url":"https:\/\/lavras.tv\/site\/wp-content\/uploads\/2017\/04\/damina-reforma-2-272x182.jpg"}},"image_meta":{"aperture":"0","credit":"","camera":"","caption":"","created_timestamp":"0","copyright":"","focal_length":"0","iso":"0","shutter_speed":"0","title":"","orientation":"0","keywords":[]}},"post":8113,"source_url":"https:\/\/lavras.tv\/site\/wp-content\/uploads\/2017\/04\/damina-reforma-2.jpg"},"author_meta":{"display_name":"Lavras TV","author_link":"https:\/\/lavras.tv\/site\/author\/lavrastv\/"},"featured_img":"https:\/\/lavras.tv\/site\/wp-content\/uploads\/2017\/04\/damina-reforma-2-300x200.jpg","coauthors":[],"tax_additional":{"categories":{"linked":["<a href=\"https:\/\/lavras.tv\/site\/category\/destaques\/\" class=\"advgb-post-tax-term\">Destaques<\/a>","<a href=\"https:\/\/lavras.tv\/site\/category\/politica\/\" class=\"advgb-post-tax-term\">Pol\u00edtica<\/a>"],"unlinked":["<span class=\"advgb-post-tax-term\">Destaques<\/span>","<span class=\"advgb-post-tax-term\">Pol\u00edtica<\/span>"]},"tags":{"linked":["<a href=\"https:\/\/lavras.tv\/site\/category\/politica\/\" class=\"advgb-post-tax-term\">Deputada D\u00e2mina Pereira<\/a>","<a href=\"https:\/\/lavras.tv\/site\/category\/politica\/\" class=\"advgb-post-tax-term\">reforma da previd\u00eancia<\/a>"],"unlinked":["<span class=\"advgb-post-tax-term\">Deputada D\u00e2mina Pereira<\/span>","<span class=\"advgb-post-tax-term\">reforma da previd\u00eancia<\/span>"]}},"comment_count":"0","relative_dates":{"created":"Publicado 9 anos atr\u00e1s","modified":"Atualizado 9 anos atr\u00e1s"},"absolute_dates":{"created":"Publicado em 13 de abril de 2017","modified":"Atualizado em 13 de abril de 2017"},"absolute_dates_time":{"created":"Publicado em 13 de abril de 2017 09:51","modified":"Atualizado em 13 de abril de 2017 09:51"},"featured_img_caption":"","series_order":"","_links":{"self":[{"href":"https:\/\/lavras.tv\/site\/wp-json\/wp\/v2\/posts\/8113","targetHints":{"allow":["GET"]}}],"collection":[{"href":"https:\/\/lavras.tv\/site\/wp-json\/wp\/v2\/posts"}],"about":[{"href":"https:\/\/lavras.tv\/site\/wp-json\/wp\/v2\/types\/post"}],"author":[{"embeddable":true,"href":"https:\/\/lavras.tv\/site\/wp-json\/wp\/v2\/users\/2"}],"replies":[{"embeddable":true,"href":"https:\/\/lavras.tv\/site\/wp-json\/wp\/v2\/comments?post=8113"}],"version-history":[{"count":1,"href":"https:\/\/lavras.tv\/site\/wp-json\/wp\/v2\/posts\/8113\/revisions"}],"predecessor-version":[{"id":8116,"href":"https:\/\/lavras.tv\/site\/wp-json\/wp\/v2\/posts\/8113\/revisions\/8116"}],"wp:featuredmedia":[{"embeddable":true,"href":"https:\/\/lavras.tv\/site\/wp-json\/wp\/v2\/media\/8115"}],"wp:attachment":[{"href":"https:\/\/lavras.tv\/site\/wp-json\/wp\/v2\/media?parent=8113"}],"wp:term":[{"taxonomy":"category","embeddable":true,"href":"https:\/\/lavras.tv\/site\/wp-json\/wp\/v2\/categories?post=8113"},{"taxonomy":"post_tag","embeddable":true,"href":"https:\/\/lavras.tv\/site\/wp-json\/wp\/v2\/tags?post=8113"}],"curies":[{"name":"wp","href":"https:\/\/api.w.org\/{rel}","templated":true}]}}