{"id":8160,"date":"2017-04-17T11:28:58","date_gmt":"2017-04-17T14:28:58","guid":{"rendered":"http:\/\/lavras.tv\/site\/?p=8160"},"modified":"2017-04-17T11:28:58","modified_gmt":"2017-04-17T14:28:58","slug":"e-provavel-que-alguns-ministros-fiquem-desconfortaveis-e-deixem-seus-cargos-diz-temer","status":"publish","type":"post","link":"https:\/\/lavras.tv\/site\/2017\/04\/17\/e-provavel-que-alguns-ministros-fiquem-desconfortaveis-e-deixem-seus-cargos-diz-temer\/","title":{"rendered":"\u00c9 prov\u00e1vel que alguns ministros fiquem desconfort\u00e1veis e deixem seus cargos, diz Temer"},"content":{"rendered":"<div class=\"lavra-antes-do-conteudo_2\" id=\"lavra-1408046518\"><div id=\"lavra-slider-27\" class=\"custom-slider lavra-slider-3865768739 lavra-slider\"><ul><li><div style=\"margin-left: auto;margin-right: auto;text-align: center;\" id=\"lavra-2618750175\"><a href=\"https:\/\/sistemas.lavras.mg.gov.br\/portalcidadao\/#df1b1a7c7b2a290bcb31e32771e610784662739a88807c0dacac58ede5f391a7530e299dc302d611ee73cb143fc22eaf93592e53e7b5bdb01b00a0b8d28dae460c141dd2ff83412e4dc1c31b16b25f33144a9e5620ea73b13f5bc1c59411d98439ad226e8af03840603796067d87afe130812cf3de24982d0e306f9e61e764e5\" aria-label=\"Lavras-TV&#8211;720x104px (1) (1)\"><img src=\"https:\/\/lavras.tv\/site\/wp-content\/uploads\/2025\/01\/Lavras-TV-720x104px-1-1.png\" alt=\"\"  srcset=\"https:\/\/lavras.tv\/site\/wp-content\/uploads\/2025\/01\/Lavras-TV-720x104px-1-1.png 720w, https:\/\/lavras.tv\/site\/wp-content\/uploads\/2025\/01\/Lavras-TV-720x104px-1-1-470x68.png 470w, https:\/\/lavras.tv\/site\/wp-content\/uploads\/2025\/01\/Lavras-TV-720x104px-1-1-170x25.png 170w, https:\/\/lavras.tv\/site\/wp-content\/uploads\/2025\/01\/Lavras-TV-720x104px-1-1-200x29.png 200w\" sizes=\"(max-width: 720px) 100vw, 720px\" width=\"720\" height=\"104\"  style=\"display: inline-block;\" \/><\/a><\/div><\/li><li><a href=\"https:\/\/sistemas.lavras.mg.gov.br\/portalcidadao\/#df1b1a7c7b2a290bcb31e32771e610784662739a88807c0dacac58ede5f391a7530e299dc302d611ee73cb143fc22eaf93592e53e7b5bdb01b00a0b8d28dae460c141dd2ff83412e4dc1c31b16b25f33144a9e5620ea73b13f5bc1c59411d98439ad226e8af03840603796067d87afe130812cf3de24982d0e306f9e61e764e5\" aria-label=\"Banner_Emprego_PortallavrasTV\"><img src=\"https:\/\/lavras.tv\/site\/wp-content\/uploads\/2025\/03\/Banner_Emprego_PortallavrasTV.png\" alt=\"\"  srcset=\"https:\/\/lavras.tv\/site\/wp-content\/uploads\/2025\/03\/Banner_Emprego_PortallavrasTV.png 720w, https:\/\/lavras.tv\/site\/wp-content\/uploads\/2025\/03\/Banner_Emprego_PortallavrasTV-470x68.png 470w, https:\/\/lavras.tv\/site\/wp-content\/uploads\/2025\/03\/Banner_Emprego_PortallavrasTV-170x25.png 170w, https:\/\/lavras.tv\/site\/wp-content\/uploads\/2025\/03\/Banner_Emprego_PortallavrasTV-200x29.png 200w\" sizes=\"(max-width: 720px) 100vw, 720px\" width=\"720\" height=\"104\"   \/><\/a><\/li><li><a href=\"https:\/\/sistemas.lavras.mg.gov.br\/portalcidadao\/#df1b1a7c7b2a290bcb31e32771e610784662739a88807c0dacac58ede5f391a7530e299dc302d611ee73cb143fc22eaf93592e53e7b5bdb01b00a0b8d28dae460c141dd2ff83412e4dc1c31b16b25f33144a9e5620ea73b13f5bc1c59411d98439ad226e8af03840603796067d87afe130812cf3de24982d0e306f9e61e764e5\" aria-label=\"Banner_Obras_PortallavrasTV\"><img src=\"https:\/\/lavras.tv\/site\/wp-content\/uploads\/2025\/03\/Banner_Obras_PortallavrasTV.png\" alt=\"\"  srcset=\"https:\/\/lavras.tv\/site\/wp-content\/uploads\/2025\/03\/Banner_Obras_PortallavrasTV.png 720w, https:\/\/lavras.tv\/site\/wp-content\/uploads\/2025\/03\/Banner_Obras_PortallavrasTV-470x68.png 470w, https:\/\/lavras.tv\/site\/wp-content\/uploads\/2025\/03\/Banner_Obras_PortallavrasTV-170x25.png 170w, https:\/\/lavras.tv\/site\/wp-content\/uploads\/2025\/03\/Banner_Obras_PortallavrasTV-200x29.png 200w\" sizes=\"(max-width: 720px) 100vw, 720px\" width=\"720\" height=\"104\"   \/><\/a><\/li><li><div style=\"margin-left: auto;margin-right: auto;text-align: center;\" id=\"lavra-2214269223\"><a href=\"https:\/\/sistemas.lavras.mg.gov.br\/portalcidadao\/#df1b1a7c7b2a290bcb31e32771e610784662739a88807c0dacac58ede5f391a7530e299dc302d611ee73cb143fc22eaf93592e53e7b5bdb01b00a0b8d28dae460c141dd2ff83412e4dc1c31b16b25f33144a9e5620ea73b13f5bc1c59411d98439ad226e8af03840603796067d87afe130812cf3de24982d0e306f9e61e764e5\" aria-label=\"Banner_Educa\u00e7\u00e3o_PortallavrasTV\"><img src=\"https:\/\/lavras.tv\/site\/wp-content\/uploads\/2025\/01\/Banner_Educacao_PortallavrasTV.png\" alt=\"\"  srcset=\"https:\/\/lavras.tv\/site\/wp-content\/uploads\/2025\/01\/Banner_Educacao_PortallavrasTV.png 720w, https:\/\/lavras.tv\/site\/wp-content\/uploads\/2025\/01\/Banner_Educacao_PortallavrasTV-470x68.png 470w, https:\/\/lavras.tv\/site\/wp-content\/uploads\/2025\/01\/Banner_Educacao_PortallavrasTV-170x25.png 170w, https:\/\/lavras.tv\/site\/wp-content\/uploads\/2025\/01\/Banner_Educacao_PortallavrasTV-200x29.png 200w\" sizes=\"(max-width: 720px) 100vw, 720px\" width=\"720\" height=\"104\"  style=\"display: inline-block;\" \/><\/a><\/div><\/li><li><a href=\"https:\/\/sistemas.lavras.mg.gov.br\/portalcidadao\/#df1b1a7c7b2a290bcb31e32771e610784662739a88807c0dacac58ede5f391a7530e299dc302d611ee73cb143fc22eaf93592e53e7b5bdb01b00a0b8d28dae460c141dd2ff83412e4dc1c31b16b25f33144a9e5620ea73b13f5bc1c59411d98439ad226e8af03840603796067d87afe130812cf3de24982d0e306f9e61e764e5\" aria-label=\"Banner_Sa\u00fade_PortallavrasTV\"><img src=\"https:\/\/lavras.tv\/site\/wp-content\/uploads\/2025\/03\/Banner_Saude_PortallavrasTV.png\" alt=\"\"  srcset=\"https:\/\/lavras.tv\/site\/wp-content\/uploads\/2025\/03\/Banner_Saude_PortallavrasTV.png 720w, https:\/\/lavras.tv\/site\/wp-content\/uploads\/2025\/03\/Banner_Saude_PortallavrasTV-470x68.png 470w, https:\/\/lavras.tv\/site\/wp-content\/uploads\/2025\/03\/Banner_Saude_PortallavrasTV-170x25.png 170w, https:\/\/lavras.tv\/site\/wp-content\/uploads\/2025\/03\/Banner_Saude_PortallavrasTV-200x29.png 200w\" sizes=\"(max-width: 720px) 100vw, 720px\" width=\"720\" height=\"104\"   \/><\/a><\/li><li><div id=\"lavra-1137547984\" style=\"width:720px;height:104px;background-color:#ddd;overflow:scroll;\">\n\t<strong>Sa\u00edda da depura\u00e7\u00e3o de an\u00fancios<\/strong>\n\t<br><br>\n\tO an\u00fancio n\u00e3o \u00e9 exibido na p\u00e1gina<br><br>post atual: \u00c9 prov\u00e1vel que alguns ministros fiquem desconfort\u00e1veis e deixem seus cargos, diz Temer, ID: 8160<br><br><span style=\"color: red;\">O post atual n\u00e3o \u00e9 id\u00eantico ao post principal.<\/span><br><br>An\u00fancios: ROXO - TOPO INTERNA - ROTATIVO 2 (197)<br \/>Grupo de an\u00fancios: Princ_Meio01_720x104 (27)<br><br>Condi\u00e7\u00f5es de exibi\u00e7\u00e3o<div style=\"margin-bottom: 20px; white-space: pre-wrap; font-family: monospace; width: 100%; background: #ffe9e9;\"><strong>condi\u00e7\u00f5es gerais<\/strong><table border=\"1\"><thead><tr><th><\/th><th>An\u00fancios<\/th><th>wp_the_query<\/th><\/tr><\/thead><tr><td>is_main_query<\/td><td>1<\/td><td>1<\/td><\/tr><tr><td>is_rest_api<\/td><td>0<\/td><td>1<\/td><\/tr><tr><td>page<\/td><td>0<\/td><td>1<\/td><\/tr><tr><td>numpages<\/td><td>0<\/td><td>1<\/td><\/tr><tr><td>is_archive<\/td><td>1<\/td><td><\/td><\/tr><tr><td>is_search<\/td><td>1<\/td><td><\/td><\/tr><tr><td>is_home<\/td><td>1<\/td><td><\/td><\/tr><tr><td>is_404<\/td><td>1<\/td><td><\/td><\/tr><tr><td>is_attachment<\/td><td>1<\/td><td><\/td><\/tr><tr><td>is_singular<\/td><td>1<\/td><td><\/td><\/tr><tr><td>is_front_page<\/td><td>1<\/td><td><\/td><\/tr><tr><td>is_feed<\/td><td>1<\/td><td><\/td><\/tr><\/table><\/div><br><br><span style=\"color: red;\">Seu site usa HTTPS, mas o c\u00f3digo do an\u00fancio cont\u00e9m HTTP e pode n\u00e3o funcionar.<\/span>\t<br><br>\n\t<a style=\"color: green;\" href=\"https:\/\/wpadvancedads.com\/manual\/ad-debug-mode\/?utm_source=advanced-ads&utm_medium=link&utm_campaign=ad-debug-mode\" target=\"_blank\" rel=\"nofollow\">Encontre solu\u00e7\u00f5es no manual<\/a>\n<\/div>\n<\/li><\/ul><\/div><script>( window.advanced_ads_ready || jQuery( document ).ready ).call( null, function() {var $lavraslider3865768739 = jQuery( \".lavra-slider-3865768739\" );$lavraslider3865768739.on( \"unslider.ready\", function() { jQuery( \"div.custom-slider ul li\" ).css( \"display\", \"block\" ); });$lavraslider3865768739.unslider({ delay:4000, autoplay:true, nav:false, arrows:false, infinite:true });$lavraslider3865768739.on(\"mouseover\", function() {$lavraslider3865768739.unslider(\"stop\");}).on(\"mouseout\", function() {$lavraslider3865768739.unslider(\"start\");});});<\/script><\/div><p>O presidente Michel Temer afirmou que alguns ministros podem se sentir desconfort\u00e1veis e deixar voluntariamente o governo, tendo em vista as revela\u00e7\u00f5es das dela\u00e7\u00f5es da Odebrecht, que colocaram oito ministros de seu governo como alvos de inqu\u00e9ritos autorizados pelo ministro do Supremo Tribunal Federal (STF) Edson Fachin.<!--more--> A afirma\u00e7\u00e3o foi feita em entrevista concedida \u00e0 R\u00e1dio Jovem Pan na manh\u00e3 desta segunda-feira, dia 17.<\/p>\n<p><img fetchpriority=\"high\" decoding=\"async\" class=\"size-full wp-image-8161 aligncenter\" src=\"http:\/\/lavras.tv\/site\/wp-content\/uploads\/2017\/04\/temer.jpg\" alt=\"temer\" width=\"405\" height=\"272\" srcset=\"https:\/\/lavras.tv\/site\/wp-content\/uploads\/2017\/04\/temer.jpg 405w, https:\/\/lavras.tv\/site\/wp-content\/uploads\/2017\/04\/temer-150x101.jpg 150w, https:\/\/lavras.tv\/site\/wp-content\/uploads\/2017\/04\/temer-300x201.jpg 300w, https:\/\/lavras.tv\/site\/wp-content\/uploads\/2017\/04\/temer-272x182.jpg 272w\" sizes=\"(max-width: 405px) 100vw, 405px\" \/><\/p>\n<p>Temer refor\u00e7ou, no entanto, que s\u00f3 vai afastar temporariamente os ministros quando houver den\u00fancia formal do Minist\u00e9rio P\u00fablico. J\u00e1 o afastamento definitivo s\u00f3 acontecer\u00e1 no caso de os citados se tornarem r\u00e9us. &#8220;N\u00e3o vou demitir simplesmente porque algu\u00e9m falou, \u00e9 preciso provas robustas. Se vier a den\u00fancia, n\u00e3o significa culpabilidade completa, mas ter\u00e1 fort\u00edssimas indica\u00e7\u00f5es de que essa dela\u00e7\u00e3o \u00e9 correta&#8221;, disse.<\/p>\n<p>O presidente ainda disse acreditar que dificilmente as eventuais den\u00fancias v\u00e3o demorar para serem apresentadas. &#8220;A OAB (Ordem dos Advogados do Brasil) est\u00e1 entrando com representa\u00e7\u00e3o hoje (segunda-feira) para acelerar as investiga\u00e7\u00f5es. Por isso, n\u00e3o creio que as den\u00fancias venham s\u00f3 no ano que vem. Acho que vir\u00e3o r\u00e1pido. E o governo est\u00e1 interessado em que tudo seja feito da forma mais r\u00e1pida poss\u00edvel&#8221;, afirmou.<\/p>\n<p>Temer tamb\u00e9m admitiu que de fato as dela\u00e7\u00f5es s\u00e3o estarrecedoras e preocupantes, principalmente porque transmitem uma imagem ruim do Brasil para o exterior. &#8220;Sob esse ponto de vista \u00e9 p\u00e9ssimo.&#8221; Mas ele disse que o Pa\u00eds precisa seguir em frente. &#8220;O Brasil n\u00e3o pode parar. Temos reformas pela frente. Ent\u00e3o (as dela\u00e7\u00f5es) s\u00e3o estarrecedoras, mas n\u00e3o podem ser fator de paralisia. Agora precisamos deixar o Judici\u00e1rio trabalhar&#8221;, refor\u00e7ou o presidente.<\/p>\n<p>Sobre um poss\u00edvel acord\u00e3o para paralisar com a Opera\u00e7\u00e3o Lava Jato entre ele e os ex-presidentes Luiz In\u00e1cio Lula da Silva e Fernando Henrique Cardoso, Temer negou mais uma vez sua participa\u00e7\u00e3o em qualquer pacto desse tipo. &#8220;N\u00e3o tem conversa na dire\u00e7\u00e3o de um poss\u00edvel acord\u00e3o, FHC j\u00e1 negou. Fazer acord\u00e3o para problema que est\u00e1 no Judici\u00e1rio \u00e9 invi\u00e1vel. N\u00e3o participo e nem promovo&#8221;, disse.<\/p>\n<p><strong>Reforma da Previd\u00eancia<\/strong><\/p>\n<p>O presidente Michel Temer admitiu que, devido \u00e0s mudan\u00e7as no projeto de revis\u00e3o da Previd\u00eancia enviado ao Congresso, talvez seja necess\u00e1rio fazer uma nova reforma em 10 ou 15 anos. O projeto como concebido pelo governo era para durar de 30 a 40 anos, mas pode ser necess\u00e1ria uma nova reformula\u00e7\u00e3o em per\u00edodo menor.<\/p>\n<p>Mas o presidente reafirmou que a reforma da Previd\u00eancia ser\u00e1 aprovada e que as adapta\u00e7\u00f5es s\u00e3o necess\u00e1rias e s\u00e3o fruto da negocia\u00e7\u00e3o com o Congresso. Ele ainda refor\u00e7ou que as mudan\u00e7as no projeto original n\u00e3o significam recuo.<\/p>\n<p>Temer reconheceu, na entrevista, que o Pa\u00eds vive um momento dif\u00edcil por causa do conte\u00fado das dela\u00e7\u00f5es da Odebrecht e aos inqu\u00e9ritos autorizados pelo STF, mas afirmou que seu governo est\u00e1 mobilizado para dar resposta positiva para o Pa\u00eds. &#8220;Lava Jato faz seu trabalho, mas, na cabe\u00e7a de alguns, pode indicar paralisia do Pa\u00eds. Mas todo o governo est\u00e1 mobilizado.&#8221;<\/p>\n<p>Diante de perguntas sobre as dificuldades enfrentadas tamb\u00e9m no \u00e2mbito econ\u00f4mico, o peemedebista disse que assumiu o Pa\u00eds depois de um &#8220;epis\u00f3dio traum\u00e1tico&#8221;, o impeachment, e durante uma forte recess\u00e3o.<\/p>\n<p>O presidente ent\u00e3o enumerou conquistas econ\u00f4micas alcan\u00e7adas em quase um ano de governo, como a aprova\u00e7\u00e3o da PEC do Teto, e voltou a citar a queda da infla\u00e7\u00e3o. &#8220;Brasil tinha 10% infla\u00e7\u00e3o e at\u00e9 o final do ano estar\u00e1 abaixo do centro da meta.&#8221; Ele ainda garantiu que a reforma trabalhista ser\u00e1 aprovada, principalmente porque foi resultado do di\u00e1logo entre trabalhadores e funcion\u00e1rios.<\/p>\n<p>O presidente ainda rebateu a ideia de uma nova constituinte devido ao esc\u00e2ndalo de corrup\u00e7\u00e3o, j\u00e1 que, segundo ele, as institui\u00e7\u00f5es est\u00e3o funcionando normalmente. Ele, no entanto, defendeu uma reforma pol\u00edtica. &#8220;O que vale \u00e9 uma reforma pol\u00edtica, que sair\u00e1 invariavelmente e \u00e9 fundamental para o Pa\u00eds&#8221; disse.<\/p>\n<p>Fonte: Itatiaia<\/p>\n","protected":false},"excerpt":{"rendered":"<p>O presidente Michel Temer afirmou que alguns ministros podem se sentir desconfort\u00e1veis e deixar voluntariamente o governo, tendo em vista as revela\u00e7\u00f5es das dela\u00e7\u00f5es da Odebrecht, que colocaram oito ministros de seu governo como alvos de inqu\u00e9ritos autorizados pelo ministro do Supremo Tribunal Federal (STF) Edson Fachin.<\/p>\n","protected":false},"author":2,"featured_media":8161,"comment_status":"closed","ping_status":"open","sticky":false,"template":"","format":"standard","meta":{"advgb_blocks_editor_width":"","advgb_blocks_columns_visual_guide":"","_exactmetrics_skip_tracking":false,"_exactmetrics_sitenote_active":false,"_exactmetrics_sitenote_note":"","_exactmetrics_sitenote_category":0,"footnotes":""},"categories":[12],"tags":[3174,1935,2620,2662,2819,396,1875,1933],"class_list":["post-8160","post","type-post","status-publish","format-standard","has-post-thumbnail","hentry","category-politica","tag-corrupcao","tag-delacao","tag-governo","tag-ministros","tag-odebrecht","tag-politica","tag-reforma-da-previdencia","tag-temer"],"better_featured_image":{"id":8161,"alt_text":"","caption":"","description":"","media_type":"image","media_details":{"width":405,"height":272,"file":"2017\/04\/temer.jpg","sizes":{"thumbnail":{"file":"temer-150x101.jpg","width":150,"height":101,"mime-type":"image\/jpeg","source_url":"https:\/\/lavras.tv\/site\/wp-content\/uploads\/2017\/04\/temer-150x101.jpg"},"medium":{"file":"temer-300x201.jpg","width":300,"height":201,"mime-type":"image\/jpeg","source_url":"https:\/\/lavras.tv\/site\/wp-content\/uploads\/2017\/04\/temer-300x201.jpg"},"sow-carousel-default":{"file":"temer-272x182.jpg","width":272,"height":182,"mime-type":"image\/jpeg","source_url":"https:\/\/lavras.tv\/site\/wp-content\/uploads\/2017\/04\/temer-272x182.jpg"}},"image_meta":{"aperture":"0","credit":"","camera":"","caption":"","created_timestamp":"0","copyright":"","focal_length":"0","iso":"0","shutter_speed":"0","title":"","orientation":"0","keywords":[]}},"post":8160,"source_url":"https:\/\/lavras.tv\/site\/wp-content\/uploads\/2017\/04\/temer.jpg"},"author_meta":{"display_name":"Lavras TV","author_link":"https:\/\/lavras.tv\/site\/author\/lavrastv\/"},"featured_img":"https:\/\/lavras.tv\/site\/wp-content\/uploads\/2017\/04\/temer-300x201.jpg","coauthors":[],"tax_additional":{"categories":{"linked":["<a href=\"https:\/\/lavras.tv\/site\/category\/politica\/\" class=\"advgb-post-tax-term\">Pol\u00edtica<\/a>"],"unlinked":["<span class=\"advgb-post-tax-term\">Pol\u00edtica<\/span>"]},"tags":{"linked":["<a href=\"https:\/\/lavras.tv\/site\/category\/politica\/\" class=\"advgb-post-tax-term\">corrup\u00e7\u00e3o<\/a>","<a href=\"https:\/\/lavras.tv\/site\/category\/politica\/\" class=\"advgb-post-tax-term\">dela\u00e7\u00e3o<\/a>","<a href=\"https:\/\/lavras.tv\/site\/category\/politica\/\" class=\"advgb-post-tax-term\">governo<\/a>","<a href=\"https:\/\/lavras.tv\/site\/category\/politica\/\" class=\"advgb-post-tax-term\">ministros<\/a>","<a href=\"https:\/\/lavras.tv\/site\/category\/politica\/\" class=\"advgb-post-tax-term\">Odebrecht<\/a>","<a href=\"https:\/\/lavras.tv\/site\/category\/politica\/\" class=\"advgb-post-tax-term\">pol\u00edtica<\/a>","<a href=\"https:\/\/lavras.tv\/site\/category\/politica\/\" class=\"advgb-post-tax-term\">reforma da previd\u00eancia<\/a>","<a href=\"https:\/\/lavras.tv\/site\/category\/politica\/\" class=\"advgb-post-tax-term\">Temer<\/a>"],"unlinked":["<span class=\"advgb-post-tax-term\">corrup\u00e7\u00e3o<\/span>","<span class=\"advgb-post-tax-term\">dela\u00e7\u00e3o<\/span>","<span class=\"advgb-post-tax-term\">governo<\/span>","<span class=\"advgb-post-tax-term\">ministros<\/span>","<span class=\"advgb-post-tax-term\">Odebrecht<\/span>","<span class=\"advgb-post-tax-term\">pol\u00edtica<\/span>","<span class=\"advgb-post-tax-term\">reforma da previd\u00eancia<\/span>","<span class=\"advgb-post-tax-term\">Temer<\/span>"]}},"comment_count":"0","relative_dates":{"created":"Publicado 9 anos atr\u00e1s","modified":"Atualizado 9 anos atr\u00e1s"},"absolute_dates":{"created":"Publicado em 17 de abril de 2017","modified":"Atualizado em 17 de abril de 2017"},"absolute_dates_time":{"created":"Publicado em 17 de abril de 2017 11:28","modified":"Atualizado em 17 de abril de 2017 11:28"},"featured_img_caption":"","series_order":"","_links":{"self":[{"href":"https:\/\/lavras.tv\/site\/wp-json\/wp\/v2\/posts\/8160","targetHints":{"allow":["GET"]}}],"collection":[{"href":"https:\/\/lavras.tv\/site\/wp-json\/wp\/v2\/posts"}],"about":[{"href":"https:\/\/lavras.tv\/site\/wp-json\/wp\/v2\/types\/post"}],"author":[{"embeddable":true,"href":"https:\/\/lavras.tv\/site\/wp-json\/wp\/v2\/users\/2"}],"replies":[{"embeddable":true,"href":"https:\/\/lavras.tv\/site\/wp-json\/wp\/v2\/comments?post=8160"}],"version-history":[{"count":1,"href":"https:\/\/lavras.tv\/site\/wp-json\/wp\/v2\/posts\/8160\/revisions"}],"predecessor-version":[{"id":8162,"href":"https:\/\/lavras.tv\/site\/wp-json\/wp\/v2\/posts\/8160\/revisions\/8162"}],"wp:featuredmedia":[{"embeddable":true,"href":"https:\/\/lavras.tv\/site\/wp-json\/wp\/v2\/media\/8161"}],"wp:attachment":[{"href":"https:\/\/lavras.tv\/site\/wp-json\/wp\/v2\/media?parent=8160"}],"wp:term":[{"taxonomy":"category","embeddable":true,"href":"https:\/\/lavras.tv\/site\/wp-json\/wp\/v2\/categories?post=8160"},{"taxonomy":"post_tag","embeddable":true,"href":"https:\/\/lavras.tv\/site\/wp-json\/wp\/v2\/tags?post=8160"}],"curies":[{"name":"wp","href":"https:\/\/api.w.org\/{rel}","templated":true}]}}