{"id":8237,"date":"2017-04-19T10:10:44","date_gmt":"2017-04-19T13:10:44","guid":{"rendered":"http:\/\/lavras.tv\/site\/?p=8237"},"modified":"2017-04-19T10:10:44","modified_gmt":"2017-04-19T13:10:44","slug":"confira-a-lista-de-politicos-mineiros-delatados-pela-odebrecht-propina-somam-r-22-milhoes","status":"publish","type":"post","link":"https:\/\/lavras.tv\/site\/2017\/04\/19\/confira-a-lista-de-politicos-mineiros-delatados-pela-odebrecht-propina-somam-r-22-milhoes\/","title":{"rendered":"Confira a lista de pol\u00edticos mineiros delatados pela Odebrecht;  propina somam R$ 22 milh\u00f5es"},"content":{"rendered":"<div class=\"lavra-antes-do-conteudo_2\" id=\"lavra-80839360\"><div id=\"lavra-slider-27\" class=\"custom-slider lavra-slider-2069369487 lavra-slider\"><ul><li><div style=\"margin-left: auto;margin-right: auto;text-align: center;\" id=\"lavra-1018304770\"><a href=\"https:\/\/sistemas.lavras.mg.gov.br\/portalcidadao\/#df1b1a7c7b2a290bcb31e32771e610784662739a88807c0dacac58ede5f391a7530e299dc302d611ee73cb143fc22eaf93592e53e7b5bdb01b00a0b8d28dae460c141dd2ff83412e4dc1c31b16b25f33144a9e5620ea73b13f5bc1c59411d98439ad226e8af03840603796067d87afe130812cf3de24982d0e306f9e61e764e5\" aria-label=\"Lavras-TV&#8211;720x104px (1) (1)\"><img src=\"https:\/\/lavras.tv\/site\/wp-content\/uploads\/2025\/01\/Lavras-TV-720x104px-1-1.png\" alt=\"\"  srcset=\"https:\/\/lavras.tv\/site\/wp-content\/uploads\/2025\/01\/Lavras-TV-720x104px-1-1.png 720w, https:\/\/lavras.tv\/site\/wp-content\/uploads\/2025\/01\/Lavras-TV-720x104px-1-1-470x68.png 470w, https:\/\/lavras.tv\/site\/wp-content\/uploads\/2025\/01\/Lavras-TV-720x104px-1-1-170x25.png 170w, https:\/\/lavras.tv\/site\/wp-content\/uploads\/2025\/01\/Lavras-TV-720x104px-1-1-200x29.png 200w\" sizes=\"(max-width: 720px) 100vw, 720px\" width=\"720\" height=\"104\"  style=\"display: inline-block;\" \/><\/a><\/div><\/li><li><a href=\"https:\/\/sistemas.lavras.mg.gov.br\/portalcidadao\/#df1b1a7c7b2a290bcb31e32771e610784662739a88807c0dacac58ede5f391a7530e299dc302d611ee73cb143fc22eaf93592e53e7b5bdb01b00a0b8d28dae460c141dd2ff83412e4dc1c31b16b25f33144a9e5620ea73b13f5bc1c59411d98439ad226e8af03840603796067d87afe130812cf3de24982d0e306f9e61e764e5\" aria-label=\"Banner_Emprego_PortallavrasTV\"><img src=\"https:\/\/lavras.tv\/site\/wp-content\/uploads\/2025\/03\/Banner_Emprego_PortallavrasTV.png\" alt=\"\"  srcset=\"https:\/\/lavras.tv\/site\/wp-content\/uploads\/2025\/03\/Banner_Emprego_PortallavrasTV.png 720w, https:\/\/lavras.tv\/site\/wp-content\/uploads\/2025\/03\/Banner_Emprego_PortallavrasTV-470x68.png 470w, https:\/\/lavras.tv\/site\/wp-content\/uploads\/2025\/03\/Banner_Emprego_PortallavrasTV-170x25.png 170w, https:\/\/lavras.tv\/site\/wp-content\/uploads\/2025\/03\/Banner_Emprego_PortallavrasTV-200x29.png 200w\" sizes=\"(max-width: 720px) 100vw, 720px\" width=\"720\" height=\"104\"   \/><\/a><\/li><li><a href=\"https:\/\/sistemas.lavras.mg.gov.br\/portalcidadao\/#df1b1a7c7b2a290bcb31e32771e610784662739a88807c0dacac58ede5f391a7530e299dc302d611ee73cb143fc22eaf93592e53e7b5bdb01b00a0b8d28dae460c141dd2ff83412e4dc1c31b16b25f33144a9e5620ea73b13f5bc1c59411d98439ad226e8af03840603796067d87afe130812cf3de24982d0e306f9e61e764e5\" aria-label=\"Banner_Obras_PortallavrasTV\"><img src=\"https:\/\/lavras.tv\/site\/wp-content\/uploads\/2025\/03\/Banner_Obras_PortallavrasTV.png\" alt=\"\"  srcset=\"https:\/\/lavras.tv\/site\/wp-content\/uploads\/2025\/03\/Banner_Obras_PortallavrasTV.png 720w, https:\/\/lavras.tv\/site\/wp-content\/uploads\/2025\/03\/Banner_Obras_PortallavrasTV-470x68.png 470w, https:\/\/lavras.tv\/site\/wp-content\/uploads\/2025\/03\/Banner_Obras_PortallavrasTV-170x25.png 170w, https:\/\/lavras.tv\/site\/wp-content\/uploads\/2025\/03\/Banner_Obras_PortallavrasTV-200x29.png 200w\" sizes=\"(max-width: 720px) 100vw, 720px\" width=\"720\" height=\"104\"   \/><\/a><\/li><li><div style=\"margin-left: auto;margin-right: auto;text-align: center;\" id=\"lavra-2695248074\"><a href=\"https:\/\/sistemas.lavras.mg.gov.br\/portalcidadao\/#df1b1a7c7b2a290bcb31e32771e610784662739a88807c0dacac58ede5f391a7530e299dc302d611ee73cb143fc22eaf93592e53e7b5bdb01b00a0b8d28dae460c141dd2ff83412e4dc1c31b16b25f33144a9e5620ea73b13f5bc1c59411d98439ad226e8af03840603796067d87afe130812cf3de24982d0e306f9e61e764e5\" aria-label=\"Banner_Educa\u00e7\u00e3o_PortallavrasTV\"><img src=\"https:\/\/lavras.tv\/site\/wp-content\/uploads\/2025\/01\/Banner_Educacao_PortallavrasTV.png\" alt=\"\"  srcset=\"https:\/\/lavras.tv\/site\/wp-content\/uploads\/2025\/01\/Banner_Educacao_PortallavrasTV.png 720w, https:\/\/lavras.tv\/site\/wp-content\/uploads\/2025\/01\/Banner_Educacao_PortallavrasTV-470x68.png 470w, https:\/\/lavras.tv\/site\/wp-content\/uploads\/2025\/01\/Banner_Educacao_PortallavrasTV-170x25.png 170w, https:\/\/lavras.tv\/site\/wp-content\/uploads\/2025\/01\/Banner_Educacao_PortallavrasTV-200x29.png 200w\" sizes=\"(max-width: 720px) 100vw, 720px\" width=\"720\" height=\"104\"  style=\"display: inline-block;\" \/><\/a><\/div><\/li><li><a href=\"https:\/\/sistemas.lavras.mg.gov.br\/portalcidadao\/#df1b1a7c7b2a290bcb31e32771e610784662739a88807c0dacac58ede5f391a7530e299dc302d611ee73cb143fc22eaf93592e53e7b5bdb01b00a0b8d28dae460c141dd2ff83412e4dc1c31b16b25f33144a9e5620ea73b13f5bc1c59411d98439ad226e8af03840603796067d87afe130812cf3de24982d0e306f9e61e764e5\" aria-label=\"Banner_Sa\u00fade_PortallavrasTV\"><img src=\"https:\/\/lavras.tv\/site\/wp-content\/uploads\/2025\/03\/Banner_Saude_PortallavrasTV.png\" alt=\"\"  srcset=\"https:\/\/lavras.tv\/site\/wp-content\/uploads\/2025\/03\/Banner_Saude_PortallavrasTV.png 720w, https:\/\/lavras.tv\/site\/wp-content\/uploads\/2025\/03\/Banner_Saude_PortallavrasTV-470x68.png 470w, https:\/\/lavras.tv\/site\/wp-content\/uploads\/2025\/03\/Banner_Saude_PortallavrasTV-170x25.png 170w, https:\/\/lavras.tv\/site\/wp-content\/uploads\/2025\/03\/Banner_Saude_PortallavrasTV-200x29.png 200w\" sizes=\"(max-width: 720px) 100vw, 720px\" width=\"720\" height=\"104\"   \/><\/a><\/li><li><div id=\"lavra-3559127998\" style=\"width:720px;height:104px;background-color:#ddd;overflow:scroll;\">\n\t<strong>Sa\u00edda da depura\u00e7\u00e3o de an\u00fancios<\/strong>\n\t<br><br>\n\tO an\u00fancio n\u00e3o \u00e9 exibido na p\u00e1gina<br><br>post atual: Confira a lista de pol\u00edticos mineiros delatados pela Odebrecht;  propina somam R$ 22 milh\u00f5es, ID: 8237<br><br><span style=\"color: red;\">O post atual n\u00e3o \u00e9 id\u00eantico ao post principal.<\/span><br><br>An\u00fancios: ROXO - TOPO INTERNA - ROTATIVO 2 (197)<br \/>Grupo de an\u00fancios: Princ_Meio01_720x104 (27)<br><br>Condi\u00e7\u00f5es de exibi\u00e7\u00e3o<div style=\"margin-bottom: 20px; white-space: pre-wrap; font-family: monospace; width: 100%; background: #ffe9e9;\"><strong>condi\u00e7\u00f5es gerais<\/strong><table border=\"1\"><thead><tr><th><\/th><th>An\u00fancios<\/th><th>wp_the_query<\/th><\/tr><\/thead><tr><td>is_main_query<\/td><td>1<\/td><td>1<\/td><\/tr><tr><td>is_rest_api<\/td><td>0<\/td><td>1<\/td><\/tr><tr><td>page<\/td><td>0<\/td><td>1<\/td><\/tr><tr><td>numpages<\/td><td>0<\/td><td>1<\/td><\/tr><tr><td>is_archive<\/td><td>1<\/td><td><\/td><\/tr><tr><td>is_search<\/td><td>1<\/td><td><\/td><\/tr><tr><td>is_home<\/td><td>1<\/td><td><\/td><\/tr><tr><td>is_404<\/td><td>1<\/td><td><\/td><\/tr><tr><td>is_attachment<\/td><td>1<\/td><td><\/td><\/tr><tr><td>is_singular<\/td><td>1<\/td><td><\/td><\/tr><tr><td>is_front_page<\/td><td>1<\/td><td><\/td><\/tr><tr><td>is_feed<\/td><td>1<\/td><td><\/td><\/tr><\/table><\/div><br><br><span style=\"color: red;\">Seu site usa HTTPS, mas o c\u00f3digo do an\u00fancio cont\u00e9m HTTP e pode n\u00e3o funcionar.<\/span>\t<br><br>\n\t<a style=\"color: green;\" href=\"https:\/\/wpadvancedads.com\/manual\/ad-debug-mode\/?utm_source=advanced-ads&utm_medium=link&utm_campaign=ad-debug-mode\" target=\"_blank\" rel=\"nofollow\">Encontre solu\u00e7\u00f5es no manual<\/a>\n<\/div>\n<\/li><\/ul><\/div><script>( window.advanced_ads_ready || jQuery( document ).ready ).call( null, function() {var $lavraslider2069369487 = jQuery( \".lavra-slider-2069369487\" );$lavraslider2069369487.on( \"unslider.ready\", function() { jQuery( \"div.custom-slider ul li\" ).css( \"display\", \"block\" ); });$lavraslider2069369487.unslider({ delay:4000, autoplay:true, nav:false, arrows:false, infinite:true });$lavraslider2069369487.on(\"mouseover\", function() {$lavraslider2069369487.unslider(\"stop\");}).on(\"mouseout\", function() {$lavraslider2069369487.unslider(\"start\");});});<\/script><\/div><p>Depois de divulgar \u00e1udios e documentos relacionados com as dela\u00e7\u00f5es da Odebrecht, no \u00e2mbito da Opera\u00e7\u00e3o Lava Jato, a reportagem da Itatiaia mapeia os nomes de 40 pol\u00edticos mineiros citados pelos delatores. <!--more-->Eles foram apontados, principalmente, na planilha do delator Benedicto da Silva Junior, respons\u00e1vel pelo centro de distribui\u00e7\u00e3o de propina da construtora.<\/p>\n<p><img fetchpriority=\"high\" decoding=\"async\" class=\"size-full wp-image-8238 aligncenter\" src=\"http:\/\/lavras.tv\/site\/wp-content\/uploads\/2017\/04\/mineiros-lava-jato.jpg\" alt=\"mineiros lava jato\" width=\"970\" height=\"600\" srcset=\"https:\/\/lavras.tv\/site\/wp-content\/uploads\/2017\/04\/mineiros-lava-jato.jpg 970w, https:\/\/lavras.tv\/site\/wp-content\/uploads\/2017\/04\/mineiros-lava-jato-150x93.jpg 150w, https:\/\/lavras.tv\/site\/wp-content\/uploads\/2017\/04\/mineiros-lava-jato-300x186.jpg 300w\" sizes=\"(max-width: 970px) 100vw, 970px\" \/><\/p>\n<p>Os nomes do Governador Fernando Pimentel e dos senadores A\u00e9cio Neves e Ant\u00f4nio Augusto Anastasia, assim como do ex-prefeito M\u00e1rcio Lacerda, j\u00e1 foram apontados como alvos das dela\u00e7\u00f5es.<\/p>\n<p>Mas, a lista \u00e9 bem maior e diversificada, incluindo, vereadores, ex-vereadores, deputados estaduais e federais, assim como ex-prefeitos e governadores.<\/p>\n<p>Ao todo, juntos, de acordo com material entregue ao Minist\u00e9rio P\u00fablico Federal, os mineiros receberam cerca de R$ 22 milh\u00f5es, como pagamento de Caixa 2, entre 2008 e 2014. Separadamente, os valores, que teriam sido repassados aos mineiros, v\u00e3o \u00a0at\u00e9 R$ 5 milh\u00f5es.<\/p>\n<p><strong>Confira a lista dos pol\u00edticos mineiros citados nas dela\u00e7\u00f5es<\/strong><\/p>\n<p><strong><em>A\u00e9cio Neves\u00a0<\/em><\/strong><br \/>\nO senador A\u00e9cio Neves, para o qual o ministro do STF Edson Fachin solicitou a abertura de cinco inqu\u00e9ritos, aparece na lista de Caixa 2 da Odebrecht, com o apelido \u201cMineirinho\u201d, e como tendo recebido o montante de 5 milh\u00f5es e 250 mil reais em 2010. Por meio da assessoria de imprensa, ele respondeu que os delatores n\u00e3o apresentam nenhuma prova ou documento que mostre qualquer ato il\u00edcito da parte do senador. Segundo o texto, A\u00e9cio Neves n\u00e3o recebeu recursos de caixa 2. Ainda de acordo com a assessoria, na condi\u00e7\u00e3o de dirigente partid\u00e1rio do PSDB, o senador pediu apoio da empresa a v\u00e1rios candidatos, mas sempre dentro da lei.<\/p>\n<p><strong><em>Ant\u00f4nio Augusto Anastasia\u00a0<\/em><\/strong><br \/>\nO tamb\u00e9m tucano senador Ant\u00f4nio Anastasia, tratado pelo codinome de \u201cDengo\u201d na planilha, segundo o delator, teria recebido em 2010, 5 milh\u00f5es e 475 mil reais. Em nota, a assessoria do pol\u00edtico afirma que, mais uma vez, em toda a sua trajet\u00f3ria, Anastasia nunca tratou de qualquer assunto il\u00edcito com ningu\u00e9m.<\/p>\n<p><strong><em>Fernando Pimentel\u00a0<\/em><\/strong><br \/>\nO governador de Minas Fernando Pimentel, tratado como \u201cDo Reino\u201d na planilha, aparece duas vezes. Segundo o delator, ele teria recebido 250 mil reais, em 2010, para defender privatiza\u00e7\u00f5es e concess\u00f5es. O advogado do petista, Eug\u00eanio Paccelli, respondeu que n\u00e3o h\u00e1 na planilha nada que aponte um \u00fanico dado concreto a ser respondido. Segundo o defensor de Pimentel, por desconhecer a contabilidade dessa empresa, por n\u00e3o saber quando a tal planilha foi feita e por desconhecer se ela tem valor probat\u00f3rio, n\u00e3o \u00e9 poss\u00edvel dar credibilidade a esse desenho.<\/p>\n<p><strong><em>Ant\u00f4nio Andrade<\/em><\/strong><br \/>\nO peemedebista Ant\u00f4nio Andrade, presidente do partido em Minas e vice-governador do estado, \u00e9 tratado na planilha pelo apelido de \u201cWanda\u201d e seria destinat\u00e1rio de 275 mil reais, em 2010, na campanha para deputado federal. O retorno seria apresentar emendas e defender projetos de interesse da empreiteira. Em nota, o vice-governador afirmou que \u2018n\u00e3o recebeu nenhum valor da Odebrecht e todas as doa\u00e7\u00f5es e despesas daquela elei\u00e7\u00e3o foram devidamente declaradas \u00e0 Justi\u00e7a Eleitoral, e a presta\u00e7\u00e3o de contas, aprovada. O Diret\u00f3rio Estadual do PMDB\/MG, presidido por mim, recebeu, naquele ano, doa\u00e7\u00e3o da referida empresa, que tamb\u00e9m foi declarada ao TER\u2019.<\/p>\n<p><strong><em>Alberto Pinto Coelho<\/em><\/strong><br \/>\nO ex-governador Alberto Pinto Coelho, do PP, apelidado de \u201cDa Casa\u201d, teria recebido 825 mil reais. Um dos prop\u00f3sitos seria o desenvolvimento de projetos de interesse da empreiteira. Por \u00a0meio da assessoria, ele informou que n\u00e3o ir\u00e1 comentar o assunto e que desconhece totalmente o teor da dela\u00e7\u00e3o, bem como a motiva\u00e7\u00e3o que originou tais men\u00e7\u00f5es improcedentes. Ainda segundo a assessoria, ele nunca foi e nem est\u00e1 citado judicialmente<\/p>\n<p><strong><em>F\u00e1bio Ramalho<\/em><\/strong><br \/>\nCitado como \u201cBarrigudo\u201d, o deputado federal F\u00e1bio Ramalho, do PMDB, aparece como tendo recebido 50 mil reais para apresentar projetos e emendas de interesse da empreiteira. F\u00e1bio garante que n\u00e3o recebeu nada da Odebrecht no ano de 2010. \u00a0Diz ainda que fatos narrados neste momento s\u00e3o frutos de confus\u00e3o ou de m\u00e1 f\u00e9.<\/p>\n<p><strong><em>Dimas Fabiano Toledo Jr.<\/em><\/strong><br \/>\nO deputado federal Dimas Toledo Fabiano J\u00fanior, do PP, apelidado de \u201cFilhinho\u201d ou \u201cGordo\u201d, \u00e9 o recordista de valores. Na planilha ele aparece como destinat\u00e1rio de 3 milh\u00f5es e 250 mil reais e aparece descrito como deputado da base de A\u00e9cio. \u00a0Em nota, ele respondeu que n\u00e3o recebeu e nem intermediou doa\u00e7\u00f5es do Grupo Odebrecht para campanhas eleitorais suas ou de qualquer outro candidato. Ainda de acordo com ele, a cita\u00e7\u00e3o ou tem o prop\u00f3sito de camuflar valores destinados a outros pol\u00edticos ou encobrir desvios de recursos ocorridos na pr\u00f3pria empresa.<\/p>\n<p><strong><em>Domingos S\u00e1vio<\/em><\/strong><br \/>\nPresidente estadual do PSDB e deputado federal, Domingos S\u00e1vio \u00e9 citado nas dela\u00e7\u00f5es da Odebrecht porque teria recebido 25 mil reais de contribui\u00e7\u00e3o ilegal. Em troca do dinheiro, o deputado, apelidado de \u201cS\u00e1bado\u201d, apresentaria emendas ou defenderia projetos do interesse da companhia. Em nota, Domingos S\u00e1vio afirmou que jamais teve contato com qualquer pessoa dessa empresa ou recebeu recursos n\u00e3o declarados da empreiteira.<\/p>\n<p><strong><em>Rodrigo de Castro\u00a0<\/em><\/strong><br \/>\nSegundo a assessoria de imprensa do deputado federal tucano Rodrigo de Castro, apelidado de \u201cCastor\u201d, que tamb\u00e9m aparece na lista, apontado por ter recebido 250 mil reais para defender projetos da construtora e apresentar emendas favor\u00e1veis, o parlamentar quer ter primeiro acesso \u00e0s dela\u00e7\u00f5es e deve se posicionar ainda hoje.<\/p>\n<p><strong><em>Mauro Lopes\u00a0<\/em><\/strong><br \/>\nMauro Lopes, deputado federal pelo PMDB, informou \u00e0 reportagem da Itatiaia que recebeu a quantia de 25 mil reais da Odebrecht, em doa\u00e7\u00e3o legal, e que o restante da campanha de 2014 foi financiado pelos pr\u00f3prios filhos empres\u00e1rios. Na planilha, ele \u00e9 tratado pelo apelido de \u201cCintinho\u201d e mencionado como receptor de 50 mil reais, disposto a apresentar emendas e defender interesses da empresa no parlamento.<\/p>\n<p><strong><em>Weliton Prado\u00a0<\/em><\/strong><br \/>\nO Deputado Federal Weliton Prado, do PMB, irm\u00e3o de Elismar Prado, recebeu na lista o nome de \u201cFragmentada\u201d e teria sido destinat\u00e1rio, segundo a planilha, de 100 mil reais em 2010, tamb\u00e9m para possivelmente defender interesses da empresa. Por meio da assessoria de imprensa, ele respondeu que n\u00e3o est\u00e1 inclu\u00eddo em nenhuma lista de investigados do Minist\u00e9rio P\u00fablico e do Supremo Tribunal Federal, e que os recursos recebidos em suas campanhas foram declarados e aprovados.<\/p>\n<p><strong><em>J\u00falio Delgado\u00a0<\/em><\/strong><br \/>\nCom o apelido de \u201cZagueiro\u201d, o deputado federal J\u00falio Delgado, do PSB, esclarece que, em seus cinco mandatos na C\u00e2mara dos Deputados, jamais apresentou qualquer emenda, \u00a0projeto de lei, representa\u00e7\u00e3o ou foi relator de proposta de interesse da Odebrecht. Na planilha, entregue ao Minist\u00e9rio P\u00fablico, a empresa teria repassado 100 mil reais para ele. O deputado diz ainda que todas as doa\u00e7\u00f5es de campanha foram contabilizadas na Justi\u00e7a Federal.<\/p>\n<p><strong><em>Jaime Martins<\/em><\/strong><br \/>\nDeputado federal pelo PSD, Jaime Martins \u00e9 citado na planilha entregue ao MP com o codinome de \u201cAsfalto\u201d. Ele teria recebido 50 mil reais da empreiteira para defender projetos de interesse da companhia. O pol\u00edtico lamenta a onda de denuncismo e repudia den\u00fancias covardes.<\/p>\n<p><strong><em>Marcos Montes\u00a0<\/em><\/strong><br \/>\nL\u00edder do PSD na C\u00e2mara, o deputado federal Marcos Montes \u00e9 mencionado nas dela\u00e7\u00f5es como tendo sido beneficiado com 50 mil reais para favorecer a Odebrecht, por meio da apresenta\u00e7\u00e3o de emendas ou da defesa de projetos do interesse da companhia. Marcos Montes \u00e9 identificado na planilha entregue ao Minist\u00e9rio P\u00fablico com o apelido de \u201cMontanha\u201d. \u00a0Em nota, o deputado informou que seu nome n\u00e3o est\u00e1 em nenhuma lista da Justi\u00e7a ou do Minist\u00e9rio P\u00fablico e que est\u00e3o misturando doa\u00e7\u00f5es legais com corrup\u00e7\u00e3o, e ainda, caixa 2 com corrup\u00e7\u00e3o.<\/p>\n<p><strong><em>Carlos Melles<\/em><\/strong><br \/>\nCitado como o benefici\u00e1rio de contribui\u00e7\u00e3o il\u00edcita por parte da Odebrecht, o deputado federal pelo DEM Carlos Melles teria recebido 50 mil reais. Em troca, o deputado, apelidado de \u201cDa Hora\u201d, favoreceria a empresa com emendas ou propostas de projetos de interesse da companhia. Procurado pela Itatiaia, Carlos Melles garantiu que n\u00e3o foi citado em nenhuma dela\u00e7\u00e3o e jamais recebeu qualquer doa\u00e7\u00e3o irregular de campanha.<\/p>\n<p><strong><em>Luiz Fernando Faria\u00a0<\/em><\/strong><br \/>\nO deputado federal Luiz Fernando Faria, do PP, tratado pelo codinome \u201cLima\u201d na planilha, teria recebido 50 mil reais. Ele n\u00e3o atendeu \u00e0s liga\u00e7\u00f5es e nem retornou as mensagens.<\/p>\n<p><strong><em>Paulo Abi Ackel<\/em><\/strong><br \/>\nDeputado federal pelo PSDB, Paulo Abi Ackel, identificado na planilha como \u201cDiamante\u201d, teria recebido 100 mil reais tamb\u00e9m para favorecer a Odebrecht, apresentando emendas ou defendendo projetos de interesse da companhia. O deputado foi procurado pela reportagem, mas n\u00e3o se pronunciou sobre o assunto at\u00e9 o momento.<\/p>\n<p><strong><em>Gustavo Valadares\u00a0<\/em><\/strong><br \/>\nApelidado de \u201cTio\u201d, o deputado estadual Gustavo Valadares, do PSDB, teria recebido 50 mil reais da Odebrecht para atuar a favor da empresa por meio de emendas ou projetos. \u00a0O parlamentar informou \u00e0 Itatiaia que, em 2014, recebeu da empresa duas parcelas: uma de 20 e outra de 80 mil reais, ambas em doa\u00e7\u00f5es legais feitas pela empresa atrav\u00e9s do partido. O parlamentar disse tamb\u00e9m que nunca pediu nada \u00e0 empresa e que n\u00e3o faz ideia do porque recebeu o apelido de \u201cTio\u201d.<\/p>\n<p><strong><em>Gustavo Correa\u00a0<\/em><\/strong><br \/>\nO deputado estadual Gustavo Correa, do DEM, l\u00edder do Bloco da Minoria na Assembleia Legislativa, com o apelido de \u201cDentada\u201d na lista entregue por um dos delatores ao Minist\u00e9rio P\u00fablico, teria recebido 50 mil reais em 2010 para apresentar emendas e defender projetos da Odebrecht. Ele n\u00e3o se posicionou sobre o assunto.<\/p>\n<p><strong><em>Arlete Magalh\u00e3es<\/em><\/strong><br \/>\nA Deputada Arlete Magalh\u00e3es, do PV, tratada por \u201cNavalha\u201d na planilha, teria recebido<br \/>\n75 mil reais, segundo delator, por pedido de apoio solicitado pelo irm\u00e3o, o vereador Wellington Magalh\u00e3es, do PMN. \u00c0 reportagem da Itatiaia, ela respondeu que n\u00e3o foi citada judicialmente em nenhum inqu\u00e9rito e informou que n\u00e3o recebeu nenhuma doa\u00e7\u00e3o da empresa citada.<\/p>\n<p><strong><em>Elismar Prado<\/em><\/strong><br \/>\nO deputado estadual Elismar Prado, do PDT, aparece na lista com o codinome \u201cJornalista\u201d e teria sido o receptor de 100 mil reais em 2010, segundo o delator, apresentando disposi\u00e7\u00e3o a propor emendas de interesse da Odebrecht. Em nota, ele afirma estar tranquilo, diz que a cita\u00e7\u00e3o n\u00e3o faz o menor sentido, que n\u00e3o conhece o executivo e delator da Odebrecht Benedito Junior, e declara que sua presta\u00e7\u00e3o de contas foi devidamente apresentada e aprovada.<\/p>\n<p><strong><em>Gil Pereira\u00a0<\/em><\/strong><br \/>\nO deputado estadual Gil Pereira, do PP, apelidado de \u201cLagarto\u201d, \u00e9 apontado como o deputado estadual que mais teria recebido recursos em 2010, com a disposi\u00e7\u00e3o de defender recursos da empresa. A soma dos valores d\u00e1 a quantia de 250 mil reais. Por meio da assessoria de imprensa, ela afirmou que desconhece e repudia toda e qualquer ila\u00e7\u00e3o ou improp\u00e9rios que envolvam sua conduta parlamentar.<\/p>\n<p><strong><em>Nilm\u00e1rio Miranda\u00a0<\/em><\/strong><br \/>\nO secret\u00e1rio de direitos humanos do governo de Minas, Nilm\u00e1rio Miranda, aparece na planilha com o codinome \u201cMetal\u00fargico\u201d, como tento recebido 12 mil reais da empreiteira em 2010 na campanha para deputado federal. Segundo ele, isso \u00e9 uma mentira descabida. O petista afirma que nunca recebeu nenhum centavo da empresa. Ainda segundo Nilm\u00e1rio, ele est\u00e1 discutindo com advogados a possibilidade de processar o delator.<\/p>\n<p><strong><em>Bruno Siqueira\u00a0<\/em><\/strong><br \/>\nO \u201cSino\u201d da lista, Bruno Siqueira, do PMDB, atual prefeito de Juiz de Fora, teria recebido 25 mil reais de contribui\u00e7\u00e3o ilegal. Ele afirma que todas as doa\u00e7\u00f5es recebidas em campanha foram na forma exigida pela legisla\u00e7\u00e3o. Bruno diz que a Odebrecht n\u00e3o possui nenhuma obra e projeto executado ou em andamento na cidade de Juiz de Fora.<\/p>\n<p><strong><em>Jos\u00e9 Fernando de Oliveira\u00a0<\/em><\/strong><br \/>\nO peemedebista Jos\u00e9 Fernando de Oliveira, prefeito de Concei\u00e7\u00e3o do Mato Dentro, em 2010 foi candidato ao governo de Minas pelo PV. Ele \u00e9 mencionado na lista como \u201cAzeitona\u201d, sendo o destinat\u00e1rio de 50 mil reais, que seriam pagos, em tese, com o desenvolvimento de projetos de infraestrutura de interesse da empreiteira. \u00a0O prefeito n\u00e3o foi localizado para falar do assunto.<\/p>\n<p><strong><em>Wellington Magalh\u00e3es\u00a0<\/em><\/strong><br \/>\nVereador e ex-presidente da C\u00e2mara Municipal de BH, Wellington Magalh\u00e3es, do PTN, teria recebido R$ 155 mil para defesa dos interesses da empresa. O pagamento ao \u201cNavalha\u201d teria sido feito em 2012. Magalh\u00e3es tamb\u00e9m \u00e9 identificado com \u201cA\u00e7o\u201d. O Vereador garante desconhecer qualquer financiamento que envolva caixa 2. Ele acrescenta que todas as campanhas em que concorreu tiveram as contas apresentadas e aprovadas pela Justi\u00e7a Eleitoral.<\/p>\n<p><strong><em>Eduardo Azeredo\u00a0<\/em><\/strong><br \/>\nDe acordo com a planilha da Odebrecht, o ex-governador de Minas pelo PSDB Eduardo Azeredo, apelidado de \u201cPadrinho\u201d, teria recebido 50 mil reais para apresentar emendas ou defender projetos do interesse da companhia. O ex-governador afirmou \u00e0 reportagem da Itatiaia que a campanha dele recebeu doa\u00e7\u00e3o da Odebrecht, mas dentro do que manda a lei.<\/p>\n<p><strong><em>Carlin Moura<\/em><\/strong><br \/>\nInforma\u00e7\u00f5es da lista de dela\u00e7\u00f5es da Odebrecht d\u00e3o conta de que o ex-prefeito de Contagem, Carlin Moura, do PC do B, teria recebido 32 mil reais para saldar d\u00edvidas de campanha. Apelidado de \u201cBar\u00e3o\u201d, ele ainda teria ganhado outros 25 mil reais para apoiar candidatos do PC do B. Carlin Moura alega que nunca esteve com ningu\u00e9m da Odebrecht para tratar de financiamento de campanha, e que todas as doa\u00e7\u00f5es da campanha de 2012 foram devidamente contabilizadas.<\/p>\n<p><strong><em>Pimenta da Veiga\u00a0<\/em><\/strong><br \/>\nPimenta da Veiga, que foi candidato ao governo de Minas pelo PSDB em 2014, aparece na lista como \u201cGordo\u201d e teria recebido tr\u00eas milh\u00f5es de reais. \u00c0 Itatiaia, ele informou que o relator da Lava Jato no STF, Edson Fachin, n\u00e3o acatou pedido do Minist\u00e9rio P\u00fablico contra ele e que, portanto, ele n\u00e3o tem nada a declarar.<\/p>\n<p><strong><em>Alexandre Silveira\u00a0<\/em><\/strong><br \/>\nO delegado Alexandre Silveira, do PSD, ex-deputado federal e atual suplente de Ant\u00f4nio Anast\u00e1sia no senado, \u00e9 apontado na planilha pelo apelido de \u201cSilo\u201d, como receptor de 50 mil reais para apresenta\u00e7\u00e3o de emendas e defesa de projetos de interesse da Odebrecht. Ele negou a acusa\u00e7\u00e3o e lan\u00e7ou um desafio, pedindo aos delatores que provem que o que est\u00e3o dizendo \u00e9 verdade. Ainda de acordo com ele, a Odebrecht nunca prestou servi\u00e7o para nenhum \u00f3rg\u00e3o na gest\u00e3o dele, nem mesmo no DNIT.<\/p>\n<p><strong><em>Juarez Amorim<\/em><\/strong><br \/>\nJuarez Amorim, ex-presidente do PPS, tem dois apelidos na listagem: \u201cDoutor\u201d e \u201cSegundo\u201d. Ele teria recebido 300 mil reais da Odebrecht para apoio a candidatos. Em nota, Juarez se diz surpreso e nega qualquer envolvimento com a Odebrecht.<\/p>\n<p><strong><em>Jo\u00e3o Bitar<\/em><\/strong><br \/>\nEx-deputado federal pelo DEM, Jo\u00e3o Bitar, identificado pelo apelido de \u201cTri\u00e2ngulo\u201d, teria ganhado 50 mil reais para favorecer a Odebrecht por meio de emendas ou projetos. O pol\u00edtico n\u00e3o foi localizado para comentar as den\u00fancias.<\/p>\n<p><strong><em>Bernardo Santana\u00a0<\/em><\/strong><br \/>\nO ex-deputado federal Bernardo Santana, do PR, ex-secret\u00e1rio de Defesa Social de Minas Gerais, apelidado de \u201cIgreja\u201d na planilha, teria recebido, segundo o delator, 150 mil reais em 2010 para apresentar emendas e defender projetos de interesse da empresa. At\u00e9 o momento, o parlamentar n\u00e3o retornou \u00e0s liga\u00e7\u00f5es e nem \u00e0s mensagens com pedido de resposta.<\/p>\n<p><strong><em>Elbe Brand\u00e3o \u00a0<\/em><\/strong><br \/>\nA ex-deputada Elbe Brand\u00e3o, do PSDB, apelidada de \u201cFazend\u00e3o\u201d, que segundo a planilha de um dos delatores teria recebido 50 mil reais, tamb\u00e9m n\u00e3o se posicionou at\u00e9 o momento.<\/p>\n<p><strong><em>Maria do Carmo Lara Rezende\u00a0<\/em><\/strong><br \/>\nEx-prefeita de Betim, a petista Maria do Carmo Lara Rezende, que estaria entre os mencionados, at\u00e9 ent\u00e3o n\u00e3o retornou nosso contato.<\/p>\n<p><strong><em>C\u00e9lio Moreira\u00a0<\/em><\/strong><br \/>\nO ex-deputado estadual tucano C\u00e9lio Moreira, apelidado de \u201cFranc\u00eas\u201d, teria recebido, em 2010, 100 mil reais para propor emendas favor\u00e1veis \u00e0 empresa. Em nota, ele respondeu que repudia a cita\u00e7\u00e3o.<\/p>\n<p><strong><em>M\u00e1rcio Reinaldo<\/em><\/strong><br \/>\nO ex-prefeito de Sete Lagoas M\u00e1rcio Reinaldo, do PP, apelidado na lista de \u201cJogador\u201d, e colocado como destinat\u00e1rio de 50 mil reais em troca de se dispor a defender interesses da empresa, tem negado as acusa\u00e7\u00f5es.<\/p>\n<p><strong><em>Tarc\u00edsio Caixeta\u00a0<\/em><\/strong><br \/>\nO ex-vereador pelo PC do B Tarc\u00edsio Caixeta, hoje diretor da Prodabel, chamado de \u201cF\u00f3sforo\u201d na planilha das contribui\u00e7\u00f5es il\u00edcitas, tamb\u00e9m diz desconhecer financiamento de campanha com caixa 2. Caixeta disse que o dinheiro recebido foi declarado \u00e0 Justi\u00e7a e, portanto, a doa\u00e7\u00e3o foi legal.<\/p>\n<p><strong><em>Pablito<\/em><\/strong><br \/>\nEx-vereador pelo PSDB, Pablito, nega ter recebido recursos n\u00e3o declarados. Ele, que \u00e9 chamado na lista de \u201cCalvo\u201d, garante que duas doa\u00e7\u00f5es feitas por meio do partido no valor total de 100 mil reais est\u00e3o declaradas e comprovadas na presta\u00e7\u00e3o de conta de campanha de 2014.<\/p>\n<p>Fonte: Itatiaia<\/p>\n","protected":false},"excerpt":{"rendered":"<p>Depois de divulgar \u00e1udios e documentos relacionados com as dela\u00e7\u00f5es da Odebrecht, no \u00e2mbito da Opera\u00e7\u00e3o Lava Jato, a reportagem da Itatiaia mapeia os nomes de 40 pol\u00edticos mineiros citados pelos delatores.<\/p>\n","protected":false},"author":2,"featured_media":8238,"comment_status":"closed","ping_status":"open","sticky":false,"template":"","format":"standard","meta":{"advgb_blocks_editor_width":"","advgb_blocks_columns_visual_guide":"","_exactmetrics_skip_tracking":false,"_exactmetrics_sitenote_active":false,"_exactmetrics_sitenote_note":"","_exactmetrics_sitenote_category":0,"footnotes":""},"categories":[12],"tags":[1935,1667,530,1671,2819,396,3071],"class_list":["post-8237","post","type-post","status-publish","format-standard","has-post-thumbnail","hentry","category-politica","tag-delacao","tag-lista","tag-minas-gerais","tag-nomes","tag-odebrecht","tag-politica","tag-propina"],"better_featured_image":{"id":8238,"alt_text":"","caption":"","description":"","media_type":"image","media_details":{"width":970,"height":600,"file":"2017\/04\/mineiros-lava-jato.jpg","sizes":{"thumbnail":{"file":"mineiros-lava-jato-150x93.jpg","width":150,"height":93,"mime-type":"image\/jpeg","source_url":"https:\/\/lavras.tv\/site\/wp-content\/uploads\/2017\/04\/mineiros-lava-jato-150x93.jpg"},"medium":{"file":"mineiros-lava-jato-300x186.jpg","width":300,"height":186,"mime-type":"image\/jpeg","source_url":"https:\/\/lavras.tv\/site\/wp-content\/uploads\/2017\/04\/mineiros-lava-jato-300x186.jpg"},"featured-slider-img":{"file":"mineiros-lava-jato-640x480.jpg","width":640,"height":480,"mime-type":"image\/jpeg","source_url":"https:\/\/lavras.tv\/site\/wp-content\/uploads\/2017\/04\/mineiros-lava-jato-640x480.jpg"},"featured-post-img":{"file":"mineiros-lava-jato-480x320.jpg","width":480,"height":320,"mime-type":"image\/jpeg","source_url":"https:\/\/lavras.tv\/site\/wp-content\/uploads\/2017\/04\/mineiros-lava-jato-480x320.jpg"},"sow-carousel-default":{"file":"mineiros-lava-jato-272x182.jpg","width":272,"height":182,"mime-type":"image\/jpeg","source_url":"https:\/\/lavras.tv\/site\/wp-content\/uploads\/2017\/04\/mineiros-lava-jato-272x182.jpg"}},"image_meta":{"aperture":"0","credit":"","camera":"","caption":"","created_timestamp":"0","copyright":"","focal_length":"0","iso":"0","shutter_speed":"0","title":"","orientation":"0","keywords":[]}},"post":8237,"source_url":"https:\/\/lavras.tv\/site\/wp-content\/uploads\/2017\/04\/mineiros-lava-jato.jpg"},"author_meta":{"display_name":"Lavras TV","author_link":"https:\/\/lavras.tv\/site\/author\/lavrastv\/"},"featured_img":"https:\/\/lavras.tv\/site\/wp-content\/uploads\/2017\/04\/mineiros-lava-jato-300x186.jpg","coauthors":[],"tax_additional":{"categories":{"linked":["<a href=\"https:\/\/lavras.tv\/site\/category\/politica\/\" class=\"advgb-post-tax-term\">Pol\u00edtica<\/a>"],"unlinked":["<span class=\"advgb-post-tax-term\">Pol\u00edtica<\/span>"]},"tags":{"linked":["<a href=\"https:\/\/lavras.tv\/site\/category\/politica\/\" class=\"advgb-post-tax-term\">dela\u00e7\u00e3o<\/a>","<a href=\"https:\/\/lavras.tv\/site\/category\/politica\/\" class=\"advgb-post-tax-term\">lista<\/a>","<a href=\"https:\/\/lavras.tv\/site\/category\/politica\/\" class=\"advgb-post-tax-term\">minas gerais<\/a>","<a href=\"https:\/\/lavras.tv\/site\/category\/politica\/\" class=\"advgb-post-tax-term\">nomes<\/a>","<a href=\"https:\/\/lavras.tv\/site\/category\/politica\/\" class=\"advgb-post-tax-term\">Odebrecht<\/a>","<a href=\"https:\/\/lavras.tv\/site\/category\/politica\/\" class=\"advgb-post-tax-term\">pol\u00edtica<\/a>","<a href=\"https:\/\/lavras.tv\/site\/category\/politica\/\" class=\"advgb-post-tax-term\">propina<\/a>"],"unlinked":["<span class=\"advgb-post-tax-term\">dela\u00e7\u00e3o<\/span>","<span class=\"advgb-post-tax-term\">lista<\/span>","<span class=\"advgb-post-tax-term\">minas gerais<\/span>","<span class=\"advgb-post-tax-term\">nomes<\/span>","<span class=\"advgb-post-tax-term\">Odebrecht<\/span>","<span class=\"advgb-post-tax-term\">pol\u00edtica<\/span>","<span class=\"advgb-post-tax-term\">propina<\/span>"]}},"comment_count":"0","relative_dates":{"created":"Publicado 9 anos atr\u00e1s","modified":"Atualizado 9 anos atr\u00e1s"},"absolute_dates":{"created":"Publicado em 19 de abril de 2017","modified":"Atualizado em 19 de abril de 2017"},"absolute_dates_time":{"created":"Publicado em 19 de abril de 2017 10:10","modified":"Atualizado em 19 de abril de 2017 10:10"},"featured_img_caption":"","series_order":"","_links":{"self":[{"href":"https:\/\/lavras.tv\/site\/wp-json\/wp\/v2\/posts\/8237","targetHints":{"allow":["GET"]}}],"collection":[{"href":"https:\/\/lavras.tv\/site\/wp-json\/wp\/v2\/posts"}],"about":[{"href":"https:\/\/lavras.tv\/site\/wp-json\/wp\/v2\/types\/post"}],"author":[{"embeddable":true,"href":"https:\/\/lavras.tv\/site\/wp-json\/wp\/v2\/users\/2"}],"replies":[{"embeddable":true,"href":"https:\/\/lavras.tv\/site\/wp-json\/wp\/v2\/comments?post=8237"}],"version-history":[{"count":1,"href":"https:\/\/lavras.tv\/site\/wp-json\/wp\/v2\/posts\/8237\/revisions"}],"predecessor-version":[{"id":8239,"href":"https:\/\/lavras.tv\/site\/wp-json\/wp\/v2\/posts\/8237\/revisions\/8239"}],"wp:featuredmedia":[{"embeddable":true,"href":"https:\/\/lavras.tv\/site\/wp-json\/wp\/v2\/media\/8238"}],"wp:attachment":[{"href":"https:\/\/lavras.tv\/site\/wp-json\/wp\/v2\/media?parent=8237"}],"wp:term":[{"taxonomy":"category","embeddable":true,"href":"https:\/\/lavras.tv\/site\/wp-json\/wp\/v2\/categories?post=8237"},{"taxonomy":"post_tag","embeddable":true,"href":"https:\/\/lavras.tv\/site\/wp-json\/wp\/v2\/tags?post=8237"}],"curies":[{"name":"wp","href":"https:\/\/api.w.org\/{rel}","templated":true}]}}