{"id":8253,"date":"2017-04-20T08:31:43","date_gmt":"2017-04-20T11:31:43","guid":{"rendered":"http:\/\/lavras.tv\/site\/?p=8253"},"modified":"2017-04-20T08:31:43","modified_gmt":"2017-04-20T11:31:43","slug":"informe-parlamentar-deputada-damina-pereira-atuacao-em-favor-das-mulheres","status":"publish","type":"post","link":"https:\/\/lavras.tv\/site\/2017\/04\/20\/informe-parlamentar-deputada-damina-pereira-atuacao-em-favor-das-mulheres\/","title":{"rendered":"[Informe Parlamentar] Deputada D\u00e2mina Pereira: atua\u00e7\u00e3o em favor das mulheres"},"content":{"rendered":"<div class=\"lavra-antes-do-conteudo_2\" id=\"lavra-224295309\"><div id=\"lavra-slider-27\" class=\"custom-slider lavra-slider-3145243022 lavra-slider\"><ul><li><div style=\"margin-left: auto;margin-right: auto;text-align: center;\" id=\"lavra-2819187839\"><a href=\"https:\/\/sistemas.lavras.mg.gov.br\/portalcidadao\/#df1b1a7c7b2a290bcb31e32771e610784662739a88807c0dacac58ede5f391a7530e299dc302d611ee73cb143fc22eaf93592e53e7b5bdb01b00a0b8d28dae460c141dd2ff83412e4dc1c31b16b25f33144a9e5620ea73b13f5bc1c59411d98439ad226e8af03840603796067d87afe130812cf3de24982d0e306f9e61e764e5\" aria-label=\"Lavras-TV&#8211;720x104px (1) (1)\"><img src=\"https:\/\/lavras.tv\/site\/wp-content\/uploads\/2025\/01\/Lavras-TV-720x104px-1-1.png\" alt=\"\"  srcset=\"https:\/\/lavras.tv\/site\/wp-content\/uploads\/2025\/01\/Lavras-TV-720x104px-1-1.png 720w, https:\/\/lavras.tv\/site\/wp-content\/uploads\/2025\/01\/Lavras-TV-720x104px-1-1-470x68.png 470w, https:\/\/lavras.tv\/site\/wp-content\/uploads\/2025\/01\/Lavras-TV-720x104px-1-1-170x25.png 170w, https:\/\/lavras.tv\/site\/wp-content\/uploads\/2025\/01\/Lavras-TV-720x104px-1-1-200x29.png 200w\" sizes=\"(max-width: 720px) 100vw, 720px\" width=\"720\" height=\"104\"  style=\"display: inline-block;\" \/><\/a><\/div><\/li><li><a href=\"https:\/\/sistemas.lavras.mg.gov.br\/portalcidadao\/#df1b1a7c7b2a290bcb31e32771e610784662739a88807c0dacac58ede5f391a7530e299dc302d611ee73cb143fc22eaf93592e53e7b5bdb01b00a0b8d28dae460c141dd2ff83412e4dc1c31b16b25f33144a9e5620ea73b13f5bc1c59411d98439ad226e8af03840603796067d87afe130812cf3de24982d0e306f9e61e764e5\" aria-label=\"Banner_Emprego_PortallavrasTV\"><img src=\"https:\/\/lavras.tv\/site\/wp-content\/uploads\/2025\/03\/Banner_Emprego_PortallavrasTV.png\" alt=\"\"  srcset=\"https:\/\/lavras.tv\/site\/wp-content\/uploads\/2025\/03\/Banner_Emprego_PortallavrasTV.png 720w, https:\/\/lavras.tv\/site\/wp-content\/uploads\/2025\/03\/Banner_Emprego_PortallavrasTV-470x68.png 470w, https:\/\/lavras.tv\/site\/wp-content\/uploads\/2025\/03\/Banner_Emprego_PortallavrasTV-170x25.png 170w, https:\/\/lavras.tv\/site\/wp-content\/uploads\/2025\/03\/Banner_Emprego_PortallavrasTV-200x29.png 200w\" sizes=\"(max-width: 720px) 100vw, 720px\" width=\"720\" height=\"104\"   \/><\/a><\/li><li><a href=\"https:\/\/sistemas.lavras.mg.gov.br\/portalcidadao\/#df1b1a7c7b2a290bcb31e32771e610784662739a88807c0dacac58ede5f391a7530e299dc302d611ee73cb143fc22eaf93592e53e7b5bdb01b00a0b8d28dae460c141dd2ff83412e4dc1c31b16b25f33144a9e5620ea73b13f5bc1c59411d98439ad226e8af03840603796067d87afe130812cf3de24982d0e306f9e61e764e5\" aria-label=\"Banner_Obras_PortallavrasTV\"><img src=\"https:\/\/lavras.tv\/site\/wp-content\/uploads\/2025\/03\/Banner_Obras_PortallavrasTV.png\" alt=\"\"  srcset=\"https:\/\/lavras.tv\/site\/wp-content\/uploads\/2025\/03\/Banner_Obras_PortallavrasTV.png 720w, https:\/\/lavras.tv\/site\/wp-content\/uploads\/2025\/03\/Banner_Obras_PortallavrasTV-470x68.png 470w, https:\/\/lavras.tv\/site\/wp-content\/uploads\/2025\/03\/Banner_Obras_PortallavrasTV-170x25.png 170w, https:\/\/lavras.tv\/site\/wp-content\/uploads\/2025\/03\/Banner_Obras_PortallavrasTV-200x29.png 200w\" sizes=\"(max-width: 720px) 100vw, 720px\" width=\"720\" height=\"104\"   \/><\/a><\/li><li><div style=\"margin-left: auto;margin-right: auto;text-align: center;\" id=\"lavra-1212691085\"><a href=\"https:\/\/sistemas.lavras.mg.gov.br\/portalcidadao\/#df1b1a7c7b2a290bcb31e32771e610784662739a88807c0dacac58ede5f391a7530e299dc302d611ee73cb143fc22eaf93592e53e7b5bdb01b00a0b8d28dae460c141dd2ff83412e4dc1c31b16b25f33144a9e5620ea73b13f5bc1c59411d98439ad226e8af03840603796067d87afe130812cf3de24982d0e306f9e61e764e5\" aria-label=\"Banner_Educa\u00e7\u00e3o_PortallavrasTV\"><img src=\"https:\/\/lavras.tv\/site\/wp-content\/uploads\/2025\/01\/Banner_Educacao_PortallavrasTV.png\" alt=\"\"  srcset=\"https:\/\/lavras.tv\/site\/wp-content\/uploads\/2025\/01\/Banner_Educacao_PortallavrasTV.png 720w, https:\/\/lavras.tv\/site\/wp-content\/uploads\/2025\/01\/Banner_Educacao_PortallavrasTV-470x68.png 470w, https:\/\/lavras.tv\/site\/wp-content\/uploads\/2025\/01\/Banner_Educacao_PortallavrasTV-170x25.png 170w, https:\/\/lavras.tv\/site\/wp-content\/uploads\/2025\/01\/Banner_Educacao_PortallavrasTV-200x29.png 200w\" sizes=\"(max-width: 720px) 100vw, 720px\" width=\"720\" height=\"104\"  style=\"display: inline-block;\" \/><\/a><\/div><\/li><li><a href=\"https:\/\/sistemas.lavras.mg.gov.br\/portalcidadao\/#df1b1a7c7b2a290bcb31e32771e610784662739a88807c0dacac58ede5f391a7530e299dc302d611ee73cb143fc22eaf93592e53e7b5bdb01b00a0b8d28dae460c141dd2ff83412e4dc1c31b16b25f33144a9e5620ea73b13f5bc1c59411d98439ad226e8af03840603796067d87afe130812cf3de24982d0e306f9e61e764e5\" aria-label=\"Banner_Sa\u00fade_PortallavrasTV\"><img src=\"https:\/\/lavras.tv\/site\/wp-content\/uploads\/2025\/03\/Banner_Saude_PortallavrasTV.png\" alt=\"\"  srcset=\"https:\/\/lavras.tv\/site\/wp-content\/uploads\/2025\/03\/Banner_Saude_PortallavrasTV.png 720w, https:\/\/lavras.tv\/site\/wp-content\/uploads\/2025\/03\/Banner_Saude_PortallavrasTV-470x68.png 470w, https:\/\/lavras.tv\/site\/wp-content\/uploads\/2025\/03\/Banner_Saude_PortallavrasTV-170x25.png 170w, https:\/\/lavras.tv\/site\/wp-content\/uploads\/2025\/03\/Banner_Saude_PortallavrasTV-200x29.png 200w\" sizes=\"(max-width: 720px) 100vw, 720px\" width=\"720\" height=\"104\"   \/><\/a><\/li><li><div id=\"lavra-2697768779\" style=\"width:720px;height:104px;background-color:#ddd;overflow:scroll;\">\n\t<strong>Sa\u00edda da depura\u00e7\u00e3o de an\u00fancios<\/strong>\n\t<br><br>\n\tO an\u00fancio n\u00e3o \u00e9 exibido na p\u00e1gina<br><br>post atual: [Informe Parlamentar] Deputada D\u00e2mina Pereira: atua\u00e7\u00e3o em favor das mulheres, ID: 8253<br><br><span style=\"color: red;\">O post atual n\u00e3o \u00e9 id\u00eantico ao post principal.<\/span><br><br>An\u00fancios: ROXO - TOPO INTERNA - ROTATIVO 2 (197)<br \/>Grupo de an\u00fancios: Princ_Meio01_720x104 (27)<br><br>Condi\u00e7\u00f5es de exibi\u00e7\u00e3o<div style=\"margin-bottom: 20px; white-space: pre-wrap; font-family: monospace; width: 100%; background: #ffe9e9;\"><strong>condi\u00e7\u00f5es gerais<\/strong><table border=\"1\"><thead><tr><th><\/th><th>An\u00fancios<\/th><th>wp_the_query<\/th><\/tr><\/thead><tr><td>is_main_query<\/td><td>1<\/td><td>1<\/td><\/tr><tr><td>is_rest_api<\/td><td>0<\/td><td>1<\/td><\/tr><tr><td>page<\/td><td>0<\/td><td>1<\/td><\/tr><tr><td>numpages<\/td><td>0<\/td><td>1<\/td><\/tr><tr><td>is_archive<\/td><td>1<\/td><td><\/td><\/tr><tr><td>is_search<\/td><td>1<\/td><td><\/td><\/tr><tr><td>is_home<\/td><td>1<\/td><td><\/td><\/tr><tr><td>is_404<\/td><td>1<\/td><td><\/td><\/tr><tr><td>is_attachment<\/td><td>1<\/td><td><\/td><\/tr><tr><td>is_singular<\/td><td>1<\/td><td><\/td><\/tr><tr><td>is_front_page<\/td><td>1<\/td><td><\/td><\/tr><tr><td>is_feed<\/td><td>1<\/td><td><\/td><\/tr><\/table><\/div><br><br><span style=\"color: red;\">Seu site usa HTTPS, mas o c\u00f3digo do an\u00fancio cont\u00e9m HTTP e pode n\u00e3o funcionar.<\/span>\t<br><br>\n\t<a style=\"color: green;\" href=\"https:\/\/wpadvancedads.com\/manual\/ad-debug-mode\/?utm_source=advanced-ads&utm_medium=link&utm_campaign=ad-debug-mode\" target=\"_blank\" rel=\"nofollow\">Encontre solu\u00e7\u00f5es no manual<\/a>\n<\/div>\n<\/li><\/ul><\/div><script>( window.advanced_ads_ready || jQuery( document ).ready ).call( null, function() {var $lavraslider3145243022 = jQuery( \".lavra-slider-3145243022\" );$lavraslider3145243022.on( \"unslider.ready\", function() { jQuery( \"div.custom-slider ul li\" ).css( \"display\", \"block\" ); });$lavraslider3145243022.unslider({ delay:4000, autoplay:true, nav:false, arrows:false, infinite:true });$lavraslider3145243022.on(\"mouseover\", function() {$lavraslider3145243022.unslider(\"stop\");}).on(\"mouseout\", function() {$lavraslider3145243022.unslider(\"start\");});});<\/script><\/div><p><span style=\"font-weight: 400;\">Durante os dois primeiros anos de mandato, a deputada federal D\u00e2mina Pereira (PSL\/MG se dedicou as pautas femininas dentro Congresso Nacional, principalmente como coordenadora da Secretaria da Mulher.<\/span><!--more--><\/p>\n<p><img fetchpriority=\"high\" decoding=\"async\" class=\"size-full wp-image-8254 aligncenter\" src=\"http:\/\/lavras.tv\/site\/wp-content\/uploads\/2017\/04\/2017-03-22-PHOTO-00000675.jpg\" alt=\"2017-03-22-PHOTO-00000675\" width=\"960\" height=\"1280\" srcset=\"https:\/\/lavras.tv\/site\/wp-content\/uploads\/2017\/04\/2017-03-22-PHOTO-00000675.jpg 960w, https:\/\/lavras.tv\/site\/wp-content\/uploads\/2017\/04\/2017-03-22-PHOTO-00000675-113x150.jpg 113w, https:\/\/lavras.tv\/site\/wp-content\/uploads\/2017\/04\/2017-03-22-PHOTO-00000675-225x300.jpg 225w, https:\/\/lavras.tv\/site\/wp-content\/uploads\/2017\/04\/2017-03-22-PHOTO-00000675-768x1024.jpg 768w\" sizes=\"(max-width: 960px) 100vw, 960px\" \/><\/p>\n<p><span style=\"font-weight: 400;\">Como reconhecimento de sua atua\u00e7\u00e3o, recentemente a parlamentar foi condecorada pela Ordem dos Advogados do Brasil (OAB) em Bras\u00edlia, pelo apoio na aprova\u00e7\u00e3o do Projeto de Lei (PL 1901\/15) e apensos (outros projetos anexados), que estipula direitos e garantias \u00e0 advogada gestante, lactante, adotante ou que der \u00e0 luz. A lei tamb\u00e9m se estende ao advogado que se tornar pai. O PL alterou as Leis 8.906 e 13.105 do C\u00f3digo de Processo Civil. <\/span><\/p>\n<p><span style=\"font-weight: 400;\">A deputada explicou que vai continuar lutando pela defesa dos direitos das mulheres. \u00a0\u201cDefendi essa pauta, porque entendo que o projeto tranquiliza o dia a dia dessas profissionais. A interrup\u00e7\u00e3o dos prazos permite que advogadas e advogados do pa\u00eds deem mais aten\u00e7\u00e3o aos seus filhos, sem prejudicar o andamento do trabalho desenvolvido por eles\u201d. <\/span><\/p>\n<p><img decoding=\"async\" class=\"size-full wp-image-8255 aligncenter\" src=\"http:\/\/lavras.tv\/site\/wp-content\/uploads\/2017\/04\/2017-03-24-PHOTO-00000694.jpg\" alt=\"2017-03-24-PHOTO-00000694\" width=\"1175\" height=\"635\" \/><\/p>\n<p><b>Mulheres<\/b><\/p>\n<p><span style=\"font-weight: 400;\">D\u00e2mina Pereira \u00e9 hoje a 3\u00ba vice-presidente da Comiss\u00e3o de Defesa dos Direitos da Mulher na C\u00e2mara dos Deputados, o que ir\u00e1 possibilitar um intenso trabalho em defesa da mulher. \u201cNeste novo cargo, irei prosseguir com minha atua\u00e7\u00e3o pelas pol\u00edticas que tratam das causas femininas, combater a viol\u00eancia contra a mulher e defender os nossos direitos&#8221;, concluiu a deputada.<\/span><\/p>\n<p><img decoding=\"async\" class=\"size-full wp-image-8256 aligncenter\" src=\"http:\/\/lavras.tv\/site\/wp-content\/uploads\/2017\/04\/Cerificado-OAB.jpg\" alt=\"Cerificado OAB\" width=\"7002\" height=\"5085\" srcset=\"https:\/\/lavras.tv\/site\/wp-content\/uploads\/2017\/04\/Cerificado-OAB.jpg 7002w, https:\/\/lavras.tv\/site\/wp-content\/uploads\/2017\/04\/Cerificado-OAB-150x109.jpg 150w, https:\/\/lavras.tv\/site\/wp-content\/uploads\/2017\/04\/Cerificado-OAB-300x218.jpg 300w, https:\/\/lavras.tv\/site\/wp-content\/uploads\/2017\/04\/Cerificado-OAB-1024x744.jpg 1024w\" sizes=\"(max-width: 7002px) 100vw, 7002px\" \/><\/p>\n<p>Fonte: gabinete da deputada federal D\u00e2mina Pereira<\/p>\n","protected":false},"excerpt":{"rendered":"<p>Durante os dois primeiros anos de mandato, a deputada federal D\u00e2mina Pereira (PSL\/MG se dedicou as pautas femininas dentro Congresso Nacional, principalmente como coordenadora da Secretaria da Mulher.<\/p>\n","protected":false},"author":2,"featured_media":8255,"comment_status":"closed","ping_status":"open","sticky":false,"template":"","format":"standard","meta":{"advgb_blocks_editor_width":"","advgb_blocks_columns_visual_guide":"","_exactmetrics_skip_tracking":false,"_exactmetrics_sitenote_active":false,"_exactmetrics_sitenote_note":"","_exactmetrics_sitenote_category":0,"footnotes":""},"categories":[7,12],"tags":[671,2652,2726,487],"class_list":["post-8253","post","type-post","status-publish","format-standard","has-post-thumbnail","hentry","category-destaques","category-politica","tag-damina-pereira","tag-deputada-damina-pereira","tag-mulher","tag-oab"],"better_featured_image":{"id":8255,"alt_text":"","caption":"","description":"","media_type":"image","media_details":{"width":793,"height":625,"file":"2017\/04\/2017-03-24-PHOTO-00000694-e1492687894932.jpg","sizes":{"thumbnail":{"file":"2017-03-24-PHOTO-00000694-e1492687894932-150x118.jpg","width":150,"height":118,"mime-type":"image\/jpeg","source_url":"https:\/\/lavras.tv\/site\/wp-content\/uploads\/2017\/04\/2017-03-24-PHOTO-00000694-e1492687894932-150x118.jpg"},"medium":{"file":"2017-03-24-PHOTO-00000694-e1492687894932-300x236.jpg","width":300,"height":236,"mime-type":"image\/jpeg","source_url":"https:\/\/lavras.tv\/site\/wp-content\/uploads\/2017\/04\/2017-03-24-PHOTO-00000694-e1492687894932-300x236.jpg"},"large":{"file":"2017-03-24-PHOTO-00000694-1024x553.jpg","width":1024,"height":553,"mime-type":"image\/jpeg","source_url":"https:\/\/lavras.tv\/site\/wp-content\/uploads\/2017\/04\/2017-03-24-PHOTO-00000694-1024x553.jpg"},"featured-slider-img":{"file":"2017-03-24-PHOTO-00000694-e1492687894932-640x480.jpg","width":640,"height":480,"mime-type":"image\/jpeg","source_url":"https:\/\/lavras.tv\/site\/wp-content\/uploads\/2017\/04\/2017-03-24-PHOTO-00000694-e1492687894932-640x480.jpg"},"featured-post-img":{"file":"2017-03-24-PHOTO-00000694-e1492687894932-480x320.jpg","width":480,"height":320,"mime-type":"image\/jpeg","source_url":"https:\/\/lavras.tv\/site\/wp-content\/uploads\/2017\/04\/2017-03-24-PHOTO-00000694-e1492687894932-480x320.jpg"},"sow-carousel-default":{"file":"2017-03-24-PHOTO-00000694-e1492687894932-272x182.jpg","width":272,"height":182,"mime-type":"image\/jpeg","source_url":"https:\/\/lavras.tv\/site\/wp-content\/uploads\/2017\/04\/2017-03-24-PHOTO-00000694-e1492687894932-272x182.jpg"}},"image_meta":{"aperture":"0","credit":"","camera":"","caption":"","created_timestamp":"0","copyright":"","focal_length":"0","iso":"0","shutter_speed":"0","title":"","orientation":"1","keywords":[]}},"post":8253,"source_url":"https:\/\/lavras.tv\/site\/wp-content\/uploads\/2017\/04\/2017-03-24-PHOTO-00000694-e1492687894932.jpg"},"author_meta":{"display_name":"Lavras TV","author_link":"https:\/\/lavras.tv\/site\/author\/lavrastv\/"},"featured_img":"https:\/\/lavras.tv\/site\/wp-content\/uploads\/2017\/04\/2017-03-24-PHOTO-00000694-e1492687894932-300x236.jpg","coauthors":[],"tax_additional":{"categories":{"linked":["<a href=\"https:\/\/lavras.tv\/site\/category\/destaques\/\" class=\"advgb-post-tax-term\">Destaques<\/a>","<a href=\"https:\/\/lavras.tv\/site\/category\/politica\/\" class=\"advgb-post-tax-term\">Pol\u00edtica<\/a>"],"unlinked":["<span class=\"advgb-post-tax-term\">Destaques<\/span>","<span class=\"advgb-post-tax-term\">Pol\u00edtica<\/span>"]},"tags":{"linked":["<a href=\"https:\/\/lavras.tv\/site\/category\/politica\/\" class=\"advgb-post-tax-term\">D\u00e2mina Pereira<\/a>","<a href=\"https:\/\/lavras.tv\/site\/category\/politica\/\" class=\"advgb-post-tax-term\">Deputada D\u00e2mina Pereira<\/a>","<a href=\"https:\/\/lavras.tv\/site\/category\/politica\/\" class=\"advgb-post-tax-term\">mulher<\/a>","<a href=\"https:\/\/lavras.tv\/site\/category\/politica\/\" class=\"advgb-post-tax-term\">oab<\/a>"],"unlinked":["<span class=\"advgb-post-tax-term\">D\u00e2mina Pereira<\/span>","<span class=\"advgb-post-tax-term\">Deputada D\u00e2mina Pereira<\/span>","<span class=\"advgb-post-tax-term\">mulher<\/span>","<span class=\"advgb-post-tax-term\">oab<\/span>"]}},"comment_count":"0","relative_dates":{"created":"Publicado 9 anos atr\u00e1s","modified":"Atualizado 9 anos atr\u00e1s"},"absolute_dates":{"created":"Publicado em 20 de abril de 2017","modified":"Atualizado em 20 de abril de 2017"},"absolute_dates_time":{"created":"Publicado em 20 de abril de 2017 08:31","modified":"Atualizado em 20 de abril de 2017 08:31"},"featured_img_caption":"","series_order":"","_links":{"self":[{"href":"https:\/\/lavras.tv\/site\/wp-json\/wp\/v2\/posts\/8253","targetHints":{"allow":["GET"]}}],"collection":[{"href":"https:\/\/lavras.tv\/site\/wp-json\/wp\/v2\/posts"}],"about":[{"href":"https:\/\/lavras.tv\/site\/wp-json\/wp\/v2\/types\/post"}],"author":[{"embeddable":true,"href":"https:\/\/lavras.tv\/site\/wp-json\/wp\/v2\/users\/2"}],"replies":[{"embeddable":true,"href":"https:\/\/lavras.tv\/site\/wp-json\/wp\/v2\/comments?post=8253"}],"version-history":[{"count":1,"href":"https:\/\/lavras.tv\/site\/wp-json\/wp\/v2\/posts\/8253\/revisions"}],"predecessor-version":[{"id":8257,"href":"https:\/\/lavras.tv\/site\/wp-json\/wp\/v2\/posts\/8253\/revisions\/8257"}],"wp:featuredmedia":[{"embeddable":true,"href":"https:\/\/lavras.tv\/site\/wp-json\/wp\/v2\/media\/8255"}],"wp:attachment":[{"href":"https:\/\/lavras.tv\/site\/wp-json\/wp\/v2\/media?parent=8253"}],"wp:term":[{"taxonomy":"category","embeddable":true,"href":"https:\/\/lavras.tv\/site\/wp-json\/wp\/v2\/categories?post=8253"},{"taxonomy":"post_tag","embeddable":true,"href":"https:\/\/lavras.tv\/site\/wp-json\/wp\/v2\/tags?post=8253"}],"curies":[{"name":"wp","href":"https:\/\/api.w.org\/{rel}","templated":true}]}}