{"id":8316,"date":"2017-04-24T08:03:04","date_gmt":"2017-04-24T11:03:04","guid":{"rendered":"http:\/\/lavras.tv\/site\/?p=8316"},"modified":"2017-04-24T08:03:04","modified_gmt":"2017-04-24T11:03:04","slug":"seminario-em-lavras-discute-as-reformas-da-previdencia-e-trabalhista","status":"publish","type":"post","link":"https:\/\/lavras.tv\/site\/2017\/04\/24\/seminario-em-lavras-discute-as-reformas-da-previdencia-e-trabalhista\/","title":{"rendered":"Semin\u00e1rio em Lavras discute as reformas da previd\u00eancia e trabalhista"},"content":{"rendered":"<div class=\"lavra-antes-do-conteudo_2\" id=\"lavra-1909107200\"><div id=\"lavra-slider-27\" class=\"custom-slider lavra-slider-3580791307 lavra-slider\"><ul><li><div style=\"margin-left: auto;margin-right: auto;text-align: center;\" id=\"lavra-944753506\"><a href=\"https:\/\/sistemas.lavras.mg.gov.br\/portalcidadao\/#df1b1a7c7b2a290bcb31e32771e610784662739a88807c0dacac58ede5f391a7530e299dc302d611ee73cb143fc22eaf93592e53e7b5bdb01b00a0b8d28dae460c141dd2ff83412e4dc1c31b16b25f33144a9e5620ea73b13f5bc1c59411d98439ad226e8af03840603796067d87afe130812cf3de24982d0e306f9e61e764e5\" aria-label=\"Lavras-TV&#8211;720x104px (1) (1)\"><img src=\"https:\/\/lavras.tv\/site\/wp-content\/uploads\/2025\/01\/Lavras-TV-720x104px-1-1.png\" alt=\"\"  srcset=\"https:\/\/lavras.tv\/site\/wp-content\/uploads\/2025\/01\/Lavras-TV-720x104px-1-1.png 720w, https:\/\/lavras.tv\/site\/wp-content\/uploads\/2025\/01\/Lavras-TV-720x104px-1-1-470x68.png 470w, https:\/\/lavras.tv\/site\/wp-content\/uploads\/2025\/01\/Lavras-TV-720x104px-1-1-170x25.png 170w, https:\/\/lavras.tv\/site\/wp-content\/uploads\/2025\/01\/Lavras-TV-720x104px-1-1-200x29.png 200w\" sizes=\"(max-width: 720px) 100vw, 720px\" width=\"720\" height=\"104\"  style=\"display: inline-block;\" \/><\/a><\/div><\/li><li><a href=\"https:\/\/sistemas.lavras.mg.gov.br\/portalcidadao\/#df1b1a7c7b2a290bcb31e32771e610784662739a88807c0dacac58ede5f391a7530e299dc302d611ee73cb143fc22eaf93592e53e7b5bdb01b00a0b8d28dae460c141dd2ff83412e4dc1c31b16b25f33144a9e5620ea73b13f5bc1c59411d98439ad226e8af03840603796067d87afe130812cf3de24982d0e306f9e61e764e5\" aria-label=\"Banner_Emprego_PortallavrasTV\"><img src=\"https:\/\/lavras.tv\/site\/wp-content\/uploads\/2025\/03\/Banner_Emprego_PortallavrasTV.png\" alt=\"\"  srcset=\"https:\/\/lavras.tv\/site\/wp-content\/uploads\/2025\/03\/Banner_Emprego_PortallavrasTV.png 720w, https:\/\/lavras.tv\/site\/wp-content\/uploads\/2025\/03\/Banner_Emprego_PortallavrasTV-470x68.png 470w, https:\/\/lavras.tv\/site\/wp-content\/uploads\/2025\/03\/Banner_Emprego_PortallavrasTV-170x25.png 170w, https:\/\/lavras.tv\/site\/wp-content\/uploads\/2025\/03\/Banner_Emprego_PortallavrasTV-200x29.png 200w\" sizes=\"(max-width: 720px) 100vw, 720px\" width=\"720\" height=\"104\"   \/><\/a><\/li><li><a href=\"https:\/\/sistemas.lavras.mg.gov.br\/portalcidadao\/#df1b1a7c7b2a290bcb31e32771e610784662739a88807c0dacac58ede5f391a7530e299dc302d611ee73cb143fc22eaf93592e53e7b5bdb01b00a0b8d28dae460c141dd2ff83412e4dc1c31b16b25f33144a9e5620ea73b13f5bc1c59411d98439ad226e8af03840603796067d87afe130812cf3de24982d0e306f9e61e764e5\" aria-label=\"Banner_Obras_PortallavrasTV\"><img src=\"https:\/\/lavras.tv\/site\/wp-content\/uploads\/2025\/03\/Banner_Obras_PortallavrasTV.png\" alt=\"\"  srcset=\"https:\/\/lavras.tv\/site\/wp-content\/uploads\/2025\/03\/Banner_Obras_PortallavrasTV.png 720w, https:\/\/lavras.tv\/site\/wp-content\/uploads\/2025\/03\/Banner_Obras_PortallavrasTV-470x68.png 470w, https:\/\/lavras.tv\/site\/wp-content\/uploads\/2025\/03\/Banner_Obras_PortallavrasTV-170x25.png 170w, https:\/\/lavras.tv\/site\/wp-content\/uploads\/2025\/03\/Banner_Obras_PortallavrasTV-200x29.png 200w\" sizes=\"(max-width: 720px) 100vw, 720px\" width=\"720\" height=\"104\"   \/><\/a><\/li><li><div style=\"margin-left: auto;margin-right: auto;text-align: center;\" id=\"lavra-3542206407\"><a href=\"https:\/\/sistemas.lavras.mg.gov.br\/portalcidadao\/#df1b1a7c7b2a290bcb31e32771e610784662739a88807c0dacac58ede5f391a7530e299dc302d611ee73cb143fc22eaf93592e53e7b5bdb01b00a0b8d28dae460c141dd2ff83412e4dc1c31b16b25f33144a9e5620ea73b13f5bc1c59411d98439ad226e8af03840603796067d87afe130812cf3de24982d0e306f9e61e764e5\" aria-label=\"Banner_Educa\u00e7\u00e3o_PortallavrasTV\"><img src=\"https:\/\/lavras.tv\/site\/wp-content\/uploads\/2025\/01\/Banner_Educacao_PortallavrasTV.png\" alt=\"\"  srcset=\"https:\/\/lavras.tv\/site\/wp-content\/uploads\/2025\/01\/Banner_Educacao_PortallavrasTV.png 720w, https:\/\/lavras.tv\/site\/wp-content\/uploads\/2025\/01\/Banner_Educacao_PortallavrasTV-470x68.png 470w, https:\/\/lavras.tv\/site\/wp-content\/uploads\/2025\/01\/Banner_Educacao_PortallavrasTV-170x25.png 170w, https:\/\/lavras.tv\/site\/wp-content\/uploads\/2025\/01\/Banner_Educacao_PortallavrasTV-200x29.png 200w\" sizes=\"(max-width: 720px) 100vw, 720px\" width=\"720\" height=\"104\"  style=\"display: inline-block;\" \/><\/a><\/div><\/li><li><a href=\"https:\/\/sistemas.lavras.mg.gov.br\/portalcidadao\/#df1b1a7c7b2a290bcb31e32771e610784662739a88807c0dacac58ede5f391a7530e299dc302d611ee73cb143fc22eaf93592e53e7b5bdb01b00a0b8d28dae460c141dd2ff83412e4dc1c31b16b25f33144a9e5620ea73b13f5bc1c59411d98439ad226e8af03840603796067d87afe130812cf3de24982d0e306f9e61e764e5\" aria-label=\"Banner_Sa\u00fade_PortallavrasTV\"><img src=\"https:\/\/lavras.tv\/site\/wp-content\/uploads\/2025\/03\/Banner_Saude_PortallavrasTV.png\" alt=\"\"  srcset=\"https:\/\/lavras.tv\/site\/wp-content\/uploads\/2025\/03\/Banner_Saude_PortallavrasTV.png 720w, https:\/\/lavras.tv\/site\/wp-content\/uploads\/2025\/03\/Banner_Saude_PortallavrasTV-470x68.png 470w, https:\/\/lavras.tv\/site\/wp-content\/uploads\/2025\/03\/Banner_Saude_PortallavrasTV-170x25.png 170w, https:\/\/lavras.tv\/site\/wp-content\/uploads\/2025\/03\/Banner_Saude_PortallavrasTV-200x29.png 200w\" sizes=\"(max-width: 720px) 100vw, 720px\" width=\"720\" height=\"104\"   \/><\/a><\/li><li><div id=\"lavra-3124735765\" style=\"width:720px;height:104px;background-color:#ddd;overflow:scroll;\">\n\t<strong>Sa\u00edda da depura\u00e7\u00e3o de an\u00fancios<\/strong>\n\t<br><br>\n\tO an\u00fancio n\u00e3o \u00e9 exibido na p\u00e1gina<br><br>post atual: Semin\u00e1rio em Lavras discute as reformas da previd\u00eancia e trabalhista, ID: 8316<br><br><span style=\"color: red;\">O post atual n\u00e3o \u00e9 id\u00eantico ao post principal.<\/span><br><br>An\u00fancios: ROXO - TOPO INTERNA - ROTATIVO 2 (197)<br \/>Grupo de an\u00fancios: Princ_Meio01_720x104 (27)<br><br>Condi\u00e7\u00f5es de exibi\u00e7\u00e3o<div style=\"margin-bottom: 20px; white-space: pre-wrap; font-family: monospace; width: 100%; background: #ffe9e9;\"><strong>condi\u00e7\u00f5es gerais<\/strong><table border=\"1\"><thead><tr><th><\/th><th>An\u00fancios<\/th><th>wp_the_query<\/th><\/tr><\/thead><tr><td>is_main_query<\/td><td>1<\/td><td>1<\/td><\/tr><tr><td>is_rest_api<\/td><td>0<\/td><td>1<\/td><\/tr><tr><td>page<\/td><td>0<\/td><td>1<\/td><\/tr><tr><td>numpages<\/td><td>0<\/td><td>1<\/td><\/tr><tr><td>is_archive<\/td><td>1<\/td><td><\/td><\/tr><tr><td>is_search<\/td><td>1<\/td><td><\/td><\/tr><tr><td>is_home<\/td><td>1<\/td><td><\/td><\/tr><tr><td>is_404<\/td><td>1<\/td><td><\/td><\/tr><tr><td>is_attachment<\/td><td>1<\/td><td><\/td><\/tr><tr><td>is_singular<\/td><td>1<\/td><td><\/td><\/tr><tr><td>is_front_page<\/td><td>1<\/td><td><\/td><\/tr><tr><td>is_feed<\/td><td>1<\/td><td><\/td><\/tr><\/table><\/div><br><br><span style=\"color: red;\">Seu site usa HTTPS, mas o c\u00f3digo do an\u00fancio cont\u00e9m HTTP e pode n\u00e3o funcionar.<\/span>\t<br><br>\n\t<a style=\"color: green;\" href=\"https:\/\/wpadvancedads.com\/manual\/ad-debug-mode\/?utm_source=advanced-ads&utm_medium=link&utm_campaign=ad-debug-mode\" target=\"_blank\" rel=\"nofollow\">Encontre solu\u00e7\u00f5es no manual<\/a>\n<\/div>\n<\/li><\/ul><\/div><script>( window.advanced_ads_ready || jQuery( document ).ready ).call( null, function() {var $lavraslider3580791307 = jQuery( \".lavra-slider-3580791307\" );$lavraslider3580791307.on( \"unslider.ready\", function() { jQuery( \"div.custom-slider ul li\" ).css( \"display\", \"block\" ); });$lavraslider3580791307.unslider({ delay:4000, autoplay:true, nav:false, arrows:false, infinite:true });$lavraslider3580791307.on(\"mouseover\", function() {$lavraslider3580791307.unslider(\"stop\");}).on(\"mouseout\", function() {$lavraslider3580791307.unslider(\"start\");});});<\/script><\/div><p>O F\u00f3rum Municipal de Lutas de Lavras promove semin\u00e1rio para debater os impactos das propostas de reformas da previd\u00eancia e trabalhista do governo Temer. <!--more-->O evento ser\u00e1 realizado na segunda-feira, dia 24 de abril, \u00e0s 19h, no Sal\u00e3o Paroquial da Igreja Matriz de Sant\u2019ana.<\/p>\n<figure id=\"attachment_8317\" aria-describedby=\"caption-attachment-8317\" style=\"width: 1280px\" class=\"wp-caption aligncenter\"><img fetchpriority=\"high\" decoding=\"async\" class=\"size-full wp-image-8317\" src=\"http:\/\/lavras.tv\/site\/wp-content\/uploads\/2017\/04\/eulalia.jpg\" alt=\"Eul\u00e1lia Alvarenga\" width=\"1280\" height=\"850\" srcset=\"https:\/\/lavras.tv\/site\/wp-content\/uploads\/2017\/04\/eulalia.jpg 1280w, https:\/\/lavras.tv\/site\/wp-content\/uploads\/2017\/04\/eulalia-150x100.jpg 150w, https:\/\/lavras.tv\/site\/wp-content\/uploads\/2017\/04\/eulalia-300x199.jpg 300w, https:\/\/lavras.tv\/site\/wp-content\/uploads\/2017\/04\/eulalia-1024x680.jpg 1024w, https:\/\/lavras.tv\/site\/wp-content\/uploads\/2017\/04\/eulalia-480x320.jpg 480w, https:\/\/lavras.tv\/site\/wp-content\/uploads\/2017\/04\/eulalia-272x182.jpg 272w\" sizes=\"(max-width: 1280px) 100vw, 1280px\" \/><figcaption id=\"caption-attachment-8317\" class=\"wp-caption-text\">Eul\u00e1lia Alvarenga<\/figcaption><\/figure>\n<p>O F\u00f3rum Municipal de Lutas \u00e9 um coletivo de sindicatos (Adufla, Sindufla, Sintisprev-MG, Sindute, Metal\u00fargicos, Empregados do com\u00e9rcio de Lavras e regi\u00e3o, Rodovi\u00e1rios, Sind\u00e1gua, Servidores P\u00fablicos Municipais), entidades representativas de estudantes e coletivos como CMPIR e GEDIM, que atuam em defesa dos direitos dos trabalhadores e das trabalhadoras.<\/p>\n<p>No esfor\u00e7o de promover o debate e informar a popula\u00e7\u00e3o de Lavras a respeito dos ataques do governo Temer aos direitos b\u00e1sicos da popula\u00e7\u00e3o e do desmonte do estado de direito social, o F\u00f3rum organizou mais esse evento na pr\u00f3xima segunda-feira, onde estar\u00e3o presentes uma palestrante da Auditoria Cidad\u00e3 da D\u00edvida, Eul\u00e1lia Alvarenga, e outra da Frente Mineira Popular em Defesa da Previd\u00eancia Social, Maria Aparecida Neto Lacerda e Meloni .<\/p>\n<figure id=\"attachment_8318\" aria-describedby=\"caption-attachment-8318\" style=\"width: 853px\" class=\"wp-caption aligncenter\"><img decoding=\"async\" class=\"size-full wp-image-8318\" src=\"http:\/\/lavras.tv\/site\/wp-content\/uploads\/2017\/04\/papa.jpg\" alt=\"Maria Aparecida Neto Lacerda e Meloni\" width=\"853\" height=\"1280\" srcset=\"https:\/\/lavras.tv\/site\/wp-content\/uploads\/2017\/04\/papa.jpg 853w, https:\/\/lavras.tv\/site\/wp-content\/uploads\/2017\/04\/papa-100x150.jpg 100w, https:\/\/lavras.tv\/site\/wp-content\/uploads\/2017\/04\/papa-200x300.jpg 200w, https:\/\/lavras.tv\/site\/wp-content\/uploads\/2017\/04\/papa-682x1024.jpg 682w\" sizes=\"(max-width: 853px) 100vw, 853px\" \/><figcaption id=\"caption-attachment-8318\" class=\"wp-caption-text\">Maria Aparecida Neto Lacerda e Meloni<\/figcaption><\/figure>\n<p>A expectativa \u00e9 que elas tratar\u00e3o da real situa\u00e7\u00e3o da d\u00edvida p\u00fablica e da sa\u00fade financeira da seguridade social em contraponto \u00e0s distor\u00e7\u00f5es divulgadas pelo governo para justificar as reformas que atacam duramente os direitos da classe trabalhadora. Ser\u00e3o tratadas tamb\u00e9m as consequ\u00eancias da eventual implementa\u00e7\u00e3o das reformas da previd\u00eancia e trabalhista, caso as propostas enviadas pelo Executivo \u00e0 C\u00e2mara dos Deputados sejam aprovadas.<\/p>\n<p>Toda a popula\u00e7\u00e3o de Lavras est\u00e1 convidada para o debate.<\/p>\n<p>Para mais informa\u00e7\u00f5es, consulte nossa p\u00e1gina no Facebook: Lavras em defesa dos direitos<\/p>\n<p><strong>Curr\u00edculo palestrantes:<\/strong><\/p>\n<p>Eul\u00e1lia Alvarenga \u2013 Economista, Bacharel em Administra\u00e7\u00e3o de Empresas e Contabilidade, especializada em Administra\u00e7\u00e3o P\u00fablica e Direito Tribut\u00e1rio. Auditora Fiscal de Tributos de BH (aposentada). Diretora de Assuntos Tem\u00e1ticos da Associa\u00e7\u00e3o dos Economistas de Minas Gerais (ASSEMG). Integra a Auditoria Cidad\u00e3 da D\u00edvida.<\/p>\n<p>Maria Aparecida Neto Lacerda e Meloni: Auditora Fiscal da Receita Estadual. Foi presidente e atualmente \u00e9 diretora da Associa\u00e7\u00e3o dos Funcion\u00e1rios Fiscais \u2013 AFFEMG. \u00c9 vice-presidente da Federa\u00e7\u00e3o Brasileira de Associa\u00e7\u00f5es de Fiscais de Tributos Estaduais \u2013 FEBRAFITE. Integra a coordena\u00e7\u00e3o da Frente Mineira Popular em defesa da Previd\u00eancia Social aqui em Belo Horizonte.<\/p>\n<p>Fonte: ADUFLA<\/p>\n","protected":false},"excerpt":{"rendered":"<p>O F\u00f3rum Municipal de Lutas de Lavras promove semin\u00e1rio para debater os impactos das propostas de reformas da previd\u00eancia e trabalhista do governo Temer.<\/p>\n","protected":false},"author":2,"featured_media":8317,"comment_status":"closed","ping_status":"open","sticky":false,"template":"","format":"standard","meta":{"advgb_blocks_editor_width":"","advgb_blocks_columns_visual_guide":"","_exactmetrics_skip_tracking":false,"_exactmetrics_sitenote_active":false,"_exactmetrics_sitenote_note":"","_exactmetrics_sitenote_category":0,"footnotes":""},"categories":[7,12],"tags":[813,2209,34,3095,1875,3212],"class_list":["post-8316","post","type-post","status-publish","format-standard","has-post-thumbnail","hentry","category-destaques","category-politica","tag-debate","tag-encontro","tag-lavras","tag-palestra","tag-reforma-da-previdencia","tag-reforma-trabalhista"],"better_featured_image":{"id":8317,"alt_text":"","caption":"Eul\u00e1lia Alvarenga","description":"","media_type":"image","media_details":{"width":1280,"height":850,"file":"2017\/04\/eulalia.jpg","sizes":{"thumbnail":{"file":"eulalia-150x100.jpg","width":150,"height":100,"mime-type":"image\/jpeg","source_url":"https:\/\/lavras.tv\/site\/wp-content\/uploads\/2017\/04\/eulalia-150x100.jpg"},"medium":{"file":"eulalia-300x199.jpg","width":300,"height":199,"mime-type":"image\/jpeg","source_url":"https:\/\/lavras.tv\/site\/wp-content\/uploads\/2017\/04\/eulalia-300x199.jpg"},"large":{"file":"eulalia-1024x680.jpg","width":1024,"height":680,"mime-type":"image\/jpeg","source_url":"https:\/\/lavras.tv\/site\/wp-content\/uploads\/2017\/04\/eulalia-1024x680.jpg"},"featured-slider-img":{"file":"eulalia-640x480.jpg","width":640,"height":480,"mime-type":"image\/jpeg","source_url":"https:\/\/lavras.tv\/site\/wp-content\/uploads\/2017\/04\/eulalia-640x480.jpg"},"featured-post-img":{"file":"eulalia-480x320.jpg","width":480,"height":320,"mime-type":"image\/jpeg","source_url":"https:\/\/lavras.tv\/site\/wp-content\/uploads\/2017\/04\/eulalia-480x320.jpg"},"sow-carousel-default":{"file":"eulalia-272x182.jpg","width":272,"height":182,"mime-type":"image\/jpeg","source_url":"https:\/\/lavras.tv\/site\/wp-content\/uploads\/2017\/04\/eulalia-272x182.jpg"}},"image_meta":{"aperture":"0","credit":"","camera":"","caption":"","created_timestamp":"0","copyright":"","focal_length":"0","iso":"0","shutter_speed":"0","title":"","orientation":"0","keywords":[]}},"post":8316,"source_url":"https:\/\/lavras.tv\/site\/wp-content\/uploads\/2017\/04\/eulalia.jpg"},"author_meta":{"display_name":"Lavras TV","author_link":"https:\/\/lavras.tv\/site\/author\/lavrastv\/"},"featured_img":"https:\/\/lavras.tv\/site\/wp-content\/uploads\/2017\/04\/eulalia-300x199.jpg","coauthors":[],"tax_additional":{"categories":{"linked":["<a href=\"https:\/\/lavras.tv\/site\/category\/destaques\/\" class=\"advgb-post-tax-term\">Destaques<\/a>","<a href=\"https:\/\/lavras.tv\/site\/category\/politica\/\" class=\"advgb-post-tax-term\">Pol\u00edtica<\/a>"],"unlinked":["<span class=\"advgb-post-tax-term\">Destaques<\/span>","<span class=\"advgb-post-tax-term\">Pol\u00edtica<\/span>"]},"tags":{"linked":["<a href=\"https:\/\/lavras.tv\/site\/category\/politica\/\" class=\"advgb-post-tax-term\">debate<\/a>","<a href=\"https:\/\/lavras.tv\/site\/category\/politica\/\" class=\"advgb-post-tax-term\">encontro<\/a>","<a href=\"https:\/\/lavras.tv\/site\/category\/politica\/\" class=\"advgb-post-tax-term\">lavras<\/a>","<a href=\"https:\/\/lavras.tv\/site\/category\/politica\/\" class=\"advgb-post-tax-term\">palestra<\/a>","<a href=\"https:\/\/lavras.tv\/site\/category\/politica\/\" class=\"advgb-post-tax-term\">reforma da previd\u00eancia<\/a>","<a href=\"https:\/\/lavras.tv\/site\/category\/politica\/\" class=\"advgb-post-tax-term\">reforma trabalhista<\/a>"],"unlinked":["<span class=\"advgb-post-tax-term\">debate<\/span>","<span class=\"advgb-post-tax-term\">encontro<\/span>","<span class=\"advgb-post-tax-term\">lavras<\/span>","<span class=\"advgb-post-tax-term\">palestra<\/span>","<span class=\"advgb-post-tax-term\">reforma da previd\u00eancia<\/span>","<span class=\"advgb-post-tax-term\">reforma trabalhista<\/span>"]}},"comment_count":"0","relative_dates":{"created":"Publicado 9 anos atr\u00e1s","modified":"Atualizado 9 anos atr\u00e1s"},"absolute_dates":{"created":"Publicado em 24 de abril de 2017","modified":"Atualizado em 24 de abril de 2017"},"absolute_dates_time":{"created":"Publicado em 24 de abril de 2017 08:03","modified":"Atualizado em 24 de abril de 2017 08:03"},"featured_img_caption":"Eul\u00e1lia Alvarenga","series_order":"","_links":{"self":[{"href":"https:\/\/lavras.tv\/site\/wp-json\/wp\/v2\/posts\/8316","targetHints":{"allow":["GET"]}}],"collection":[{"href":"https:\/\/lavras.tv\/site\/wp-json\/wp\/v2\/posts"}],"about":[{"href":"https:\/\/lavras.tv\/site\/wp-json\/wp\/v2\/types\/post"}],"author":[{"embeddable":true,"href":"https:\/\/lavras.tv\/site\/wp-json\/wp\/v2\/users\/2"}],"replies":[{"embeddable":true,"href":"https:\/\/lavras.tv\/site\/wp-json\/wp\/v2\/comments?post=8316"}],"version-history":[{"count":1,"href":"https:\/\/lavras.tv\/site\/wp-json\/wp\/v2\/posts\/8316\/revisions"}],"predecessor-version":[{"id":8319,"href":"https:\/\/lavras.tv\/site\/wp-json\/wp\/v2\/posts\/8316\/revisions\/8319"}],"wp:featuredmedia":[{"embeddable":true,"href":"https:\/\/lavras.tv\/site\/wp-json\/wp\/v2\/media\/8317"}],"wp:attachment":[{"href":"https:\/\/lavras.tv\/site\/wp-json\/wp\/v2\/media?parent=8316"}],"wp:term":[{"taxonomy":"category","embeddable":true,"href":"https:\/\/lavras.tv\/site\/wp-json\/wp\/v2\/categories?post=8316"},{"taxonomy":"post_tag","embeddable":true,"href":"https:\/\/lavras.tv\/site\/wp-json\/wp\/v2\/tags?post=8316"}],"curies":[{"name":"wp","href":"https:\/\/api.w.org\/{rel}","templated":true}]}}