{"id":8382,"date":"2017-04-26T08:49:30","date_gmt":"2017-04-26T11:49:30","guid":{"rendered":"http:\/\/lavras.tv\/site\/?p=8382"},"modified":"2017-04-26T08:49:30","modified_gmt":"2017-04-26T11:49:30","slug":"apos-decisao-do-stf-goleiro-bruno-se-apresenta-a-policia-de-varginha","status":"publish","type":"post","link":"https:\/\/lavras.tv\/site\/2017\/04\/26\/apos-decisao-do-stf-goleiro-bruno-se-apresenta-a-policia-de-varginha\/","title":{"rendered":"Ap\u00f3s decis\u00e3o do STF, goleiro Bruno se apresenta \u00e0 pol\u00edcia de Varginha"},"content":{"rendered":"<div class=\"lavra-antes-do-conteudo_2\" id=\"lavra-1699506420\"><div id=\"lavra-slider-27\" class=\"custom-slider lavra-slider-3663075792 lavra-slider\"><ul><li><div style=\"margin-left: auto;margin-right: auto;text-align: center;\" id=\"lavra-2459985720\"><a href=\"https:\/\/sistemas.lavras.mg.gov.br\/portalcidadao\/#df1b1a7c7b2a290bcb31e32771e610784662739a88807c0dacac58ede5f391a7530e299dc302d611ee73cb143fc22eaf93592e53e7b5bdb01b00a0b8d28dae460c141dd2ff83412e4dc1c31b16b25f33144a9e5620ea73b13f5bc1c59411d98439ad226e8af03840603796067d87afe130812cf3de24982d0e306f9e61e764e5\" aria-label=\"Lavras-TV&#8211;720x104px (1) (1)\"><img src=\"https:\/\/lavras.tv\/site\/wp-content\/uploads\/2025\/01\/Lavras-TV-720x104px-1-1.png\" alt=\"\"  srcset=\"https:\/\/lavras.tv\/site\/wp-content\/uploads\/2025\/01\/Lavras-TV-720x104px-1-1.png 720w, https:\/\/lavras.tv\/site\/wp-content\/uploads\/2025\/01\/Lavras-TV-720x104px-1-1-470x68.png 470w, https:\/\/lavras.tv\/site\/wp-content\/uploads\/2025\/01\/Lavras-TV-720x104px-1-1-170x25.png 170w, https:\/\/lavras.tv\/site\/wp-content\/uploads\/2025\/01\/Lavras-TV-720x104px-1-1-200x29.png 200w\" sizes=\"(max-width: 720px) 100vw, 720px\" width=\"720\" height=\"104\"  style=\"display: inline-block;\" \/><\/a><\/div><\/li><li><a href=\"https:\/\/sistemas.lavras.mg.gov.br\/portalcidadao\/#df1b1a7c7b2a290bcb31e32771e610784662739a88807c0dacac58ede5f391a7530e299dc302d611ee73cb143fc22eaf93592e53e7b5bdb01b00a0b8d28dae460c141dd2ff83412e4dc1c31b16b25f33144a9e5620ea73b13f5bc1c59411d98439ad226e8af03840603796067d87afe130812cf3de24982d0e306f9e61e764e5\" aria-label=\"Banner_Emprego_PortallavrasTV\"><img src=\"https:\/\/lavras.tv\/site\/wp-content\/uploads\/2025\/03\/Banner_Emprego_PortallavrasTV.png\" alt=\"\"  srcset=\"https:\/\/lavras.tv\/site\/wp-content\/uploads\/2025\/03\/Banner_Emprego_PortallavrasTV.png 720w, https:\/\/lavras.tv\/site\/wp-content\/uploads\/2025\/03\/Banner_Emprego_PortallavrasTV-470x68.png 470w, https:\/\/lavras.tv\/site\/wp-content\/uploads\/2025\/03\/Banner_Emprego_PortallavrasTV-170x25.png 170w, https:\/\/lavras.tv\/site\/wp-content\/uploads\/2025\/03\/Banner_Emprego_PortallavrasTV-200x29.png 200w\" sizes=\"(max-width: 720px) 100vw, 720px\" width=\"720\" height=\"104\"   \/><\/a><\/li><li><a href=\"https:\/\/sistemas.lavras.mg.gov.br\/portalcidadao\/#df1b1a7c7b2a290bcb31e32771e610784662739a88807c0dacac58ede5f391a7530e299dc302d611ee73cb143fc22eaf93592e53e7b5bdb01b00a0b8d28dae460c141dd2ff83412e4dc1c31b16b25f33144a9e5620ea73b13f5bc1c59411d98439ad226e8af03840603796067d87afe130812cf3de24982d0e306f9e61e764e5\" aria-label=\"Banner_Obras_PortallavrasTV\"><img src=\"https:\/\/lavras.tv\/site\/wp-content\/uploads\/2025\/03\/Banner_Obras_PortallavrasTV.png\" alt=\"\"  srcset=\"https:\/\/lavras.tv\/site\/wp-content\/uploads\/2025\/03\/Banner_Obras_PortallavrasTV.png 720w, https:\/\/lavras.tv\/site\/wp-content\/uploads\/2025\/03\/Banner_Obras_PortallavrasTV-470x68.png 470w, https:\/\/lavras.tv\/site\/wp-content\/uploads\/2025\/03\/Banner_Obras_PortallavrasTV-170x25.png 170w, https:\/\/lavras.tv\/site\/wp-content\/uploads\/2025\/03\/Banner_Obras_PortallavrasTV-200x29.png 200w\" sizes=\"(max-width: 720px) 100vw, 720px\" width=\"720\" height=\"104\"   \/><\/a><\/li><li><div style=\"margin-left: auto;margin-right: auto;text-align: center;\" id=\"lavra-1351961642\"><a href=\"https:\/\/sistemas.lavras.mg.gov.br\/portalcidadao\/#df1b1a7c7b2a290bcb31e32771e610784662739a88807c0dacac58ede5f391a7530e299dc302d611ee73cb143fc22eaf93592e53e7b5bdb01b00a0b8d28dae460c141dd2ff83412e4dc1c31b16b25f33144a9e5620ea73b13f5bc1c59411d98439ad226e8af03840603796067d87afe130812cf3de24982d0e306f9e61e764e5\" aria-label=\"Banner_Educa\u00e7\u00e3o_PortallavrasTV\"><img src=\"https:\/\/lavras.tv\/site\/wp-content\/uploads\/2025\/01\/Banner_Educacao_PortallavrasTV.png\" alt=\"\"  srcset=\"https:\/\/lavras.tv\/site\/wp-content\/uploads\/2025\/01\/Banner_Educacao_PortallavrasTV.png 720w, https:\/\/lavras.tv\/site\/wp-content\/uploads\/2025\/01\/Banner_Educacao_PortallavrasTV-470x68.png 470w, https:\/\/lavras.tv\/site\/wp-content\/uploads\/2025\/01\/Banner_Educacao_PortallavrasTV-170x25.png 170w, https:\/\/lavras.tv\/site\/wp-content\/uploads\/2025\/01\/Banner_Educacao_PortallavrasTV-200x29.png 200w\" sizes=\"(max-width: 720px) 100vw, 720px\" width=\"720\" height=\"104\"  style=\"display: inline-block;\" \/><\/a><\/div><\/li><li><a href=\"https:\/\/sistemas.lavras.mg.gov.br\/portalcidadao\/#df1b1a7c7b2a290bcb31e32771e610784662739a88807c0dacac58ede5f391a7530e299dc302d611ee73cb143fc22eaf93592e53e7b5bdb01b00a0b8d28dae460c141dd2ff83412e4dc1c31b16b25f33144a9e5620ea73b13f5bc1c59411d98439ad226e8af03840603796067d87afe130812cf3de24982d0e306f9e61e764e5\" aria-label=\"Banner_Sa\u00fade_PortallavrasTV\"><img src=\"https:\/\/lavras.tv\/site\/wp-content\/uploads\/2025\/03\/Banner_Saude_PortallavrasTV.png\" alt=\"\"  srcset=\"https:\/\/lavras.tv\/site\/wp-content\/uploads\/2025\/03\/Banner_Saude_PortallavrasTV.png 720w, https:\/\/lavras.tv\/site\/wp-content\/uploads\/2025\/03\/Banner_Saude_PortallavrasTV-470x68.png 470w, https:\/\/lavras.tv\/site\/wp-content\/uploads\/2025\/03\/Banner_Saude_PortallavrasTV-170x25.png 170w, https:\/\/lavras.tv\/site\/wp-content\/uploads\/2025\/03\/Banner_Saude_PortallavrasTV-200x29.png 200w\" sizes=\"(max-width: 720px) 100vw, 720px\" width=\"720\" height=\"104\"   \/><\/a><\/li><li><div id=\"lavra-2535699452\" style=\"width:720px;height:104px;background-color:#ddd;overflow:scroll;\">\n\t<strong>Sa\u00edda da depura\u00e7\u00e3o de an\u00fancios<\/strong>\n\t<br><br>\n\tO an\u00fancio n\u00e3o \u00e9 exibido na p\u00e1gina<br><br>post atual: Ap\u00f3s decis\u00e3o do STF, goleiro Bruno se apresenta \u00e0 pol\u00edcia de Varginha, ID: 8382<br><br><span style=\"color: red;\">O post atual n\u00e3o \u00e9 id\u00eantico ao post principal.<\/span><br><br>An\u00fancios: ROXO - TOPO INTERNA - ROTATIVO 2 (197)<br \/>Grupo de an\u00fancios: Princ_Meio01_720x104 (27)<br><br>Condi\u00e7\u00f5es de exibi\u00e7\u00e3o<div style=\"margin-bottom: 20px; white-space: pre-wrap; font-family: monospace; width: 100%; background: #ffe9e9;\"><strong>condi\u00e7\u00f5es gerais<\/strong><table border=\"1\"><thead><tr><th><\/th><th>An\u00fancios<\/th><th>wp_the_query<\/th><\/tr><\/thead><tr><td>is_main_query<\/td><td>1<\/td><td>1<\/td><\/tr><tr><td>is_rest_api<\/td><td>0<\/td><td>1<\/td><\/tr><tr><td>page<\/td><td>0<\/td><td>1<\/td><\/tr><tr><td>numpages<\/td><td>0<\/td><td>1<\/td><\/tr><tr><td>is_archive<\/td><td>1<\/td><td><\/td><\/tr><tr><td>is_search<\/td><td>1<\/td><td><\/td><\/tr><tr><td>is_home<\/td><td>1<\/td><td><\/td><\/tr><tr><td>is_404<\/td><td>1<\/td><td><\/td><\/tr><tr><td>is_attachment<\/td><td>1<\/td><td><\/td><\/tr><tr><td>is_singular<\/td><td>1<\/td><td><\/td><\/tr><tr><td>is_front_page<\/td><td>1<\/td><td><\/td><\/tr><tr><td>is_feed<\/td><td>1<\/td><td><\/td><\/tr><\/table><\/div><br><br><span style=\"color: red;\">Seu site usa HTTPS, mas o c\u00f3digo do an\u00fancio cont\u00e9m HTTP e pode n\u00e3o funcionar.<\/span>\t<br><br>\n\t<a style=\"color: green;\" href=\"https:\/\/wpadvancedads.com\/manual\/ad-debug-mode\/?utm_source=advanced-ads&utm_medium=link&utm_campaign=ad-debug-mode\" target=\"_blank\" rel=\"nofollow\">Encontre solu\u00e7\u00f5es no manual<\/a>\n<\/div>\n<\/li><\/ul><\/div><script>( window.advanced_ads_ready || jQuery( document ).ready ).call( null, function() {var $lavraslider3663075792 = jQuery( \".lavra-slider-3663075792\" );$lavraslider3663075792.on( \"unslider.ready\", function() { jQuery( \"div.custom-slider ul li\" ).css( \"display\", \"block\" ); });$lavraslider3663075792.unslider({ delay:4000, autoplay:true, nav:false, arrows:false, infinite:true });$lavraslider3663075792.on(\"mouseover\", function() {$lavraslider3663075792.unslider(\"stop\");}).on(\"mouseout\", function() {$lavraslider3663075792.unslider(\"start\");});});<\/script><\/div><p>O goleiro Bruno Fernandes se apresentou \u00e0 pol\u00edcia no fim da tarde desta ter\u00e7a-feira (25) ap\u00f3s decis\u00e3o do Supremo Tribunal Federal (STF), que revogou a liminar que mantinha o atleta solto. <!--more-->O jogador se apresentou espontaneamente por volta das 17h50 na Delegacia Regional de Varginha, no Sul de Minas Gerais.<\/p>\n<div class=\"mc-column content-text active-extra-styles \" data-block-type=\"unstyled\" data-block-weight=\"30\">\n<p class=\"content-text__container \" data-track-category=\"Link no Texto\" data-track-links=\"\">Segundo a Pol\u00edcia Civil, o atleta assinou uma certid\u00e3o se comprometendo a se entregar e depois foi liberado, j\u00e1 que ainda n\u00e3o foi expedido um mandado de pris\u00e3o contra ele.<\/p>\n<\/div>\n<div class=\"mc-column content-text active-extra-styles \" data-block-type=\"unstyled\" data-block-weight=\"54\">\n<p class=\"content-text__container \" data-track-category=\"Link no Texto\" data-track-links=\"\">&#8220;O goleiro Bruno se apresentou espontaneamente na Pol\u00edcia Civil assim que ele ficou sabendo da decis\u00e3o do STF. A gente s\u00f3 tem como recolh\u00ea-lo com mandado de pris\u00e3o ou captura, e no sistema ainda n\u00e3o existe esse mandado, at\u00e9 porque a decis\u00e3o foi agora&#8221;, disse o delegado regional de Varginha, Roberto Alves Barbosa J\u00fanior.<\/p>\n<\/div>\n<div class=\"mc-column content-text active-extra-styles \" data-block-type=\"unstyled\" data-block-weight=\"45\">\n<p class=\"content-text__container \" data-track-category=\"Link no Texto\" data-track-links=\"\">Segundo ele, o atleta demonstrou que n\u00e3o tem interesse em fugir. O delegado afirmou ainda que consultou o f\u00f3rum antes de liberar o goleiro. &#8220;Eles nos orientaram para que ele se apresente \u00e0 1\u00aa Vara Criminal, para depois ser recambiado para onde o mandado determinar.&#8221;<\/p>\n<\/div>\n<div class=\"mc-column content-media content-media--normal content-photo\" data-block-type=\"backstage-photo\">\n<div class=\"content-media__container\">\n<div class=\"content-media__image-centered\">\n<div class=\"progressive-img can-open-lightbox\" data-max-size-url=\"http:\/\/s2.glbimg.com\/GwtwMh6FApkDO3KuN_zhACpGWF8=\/0x0:5312x2988\/1600x0\/smart\/filters:strip_icc()\/i.s3.glbimg.com\/v1\/AUTH_59edd422c0c84a879bd37670ae4f538a\/internal_photos\/bs\/2017\/Q\/d\/HQEHUXSseqgqg86sGvtQ\/20170425-180848.jpg\" data-max-size=\"1600x900\" data-min-size=\"1008x567\" data-min-size-url=\"http:\/\/s2.glbimg.com\/r5NLm7fyKS3khed2mIWc4nm6ZGU=\/0x0:5312x2988\/1008x0\/smart\/filters:strip_icc()\/i.s3.glbimg.com\/v1\/AUTH_59edd422c0c84a879bd37670ae4f538a\/internal_photos\/bs\/2017\/Q\/d\/HQEHUXSseqgqg86sGvtQ\/20170425-180848.jpg\" data-media-index=\"0\"><picture><source srcset=\"http:\/\/s2.glbimg.com\/3bUOjC_ULhjc4efaaP5mEzpgxhE=\/0x0:5312x2988\/984x0\/smart\/filters:strip_icc()\/i.s3.glbimg.com\/v1\/AUTH_59edd422c0c84a879bd37670ae4f538a\/internal_photos\/bs\/2017\/Q\/d\/HQEHUXSseqgqg86sGvtQ\/20170425-180848.jpg\" data-src=\"http:\/\/s2.glbimg.com\/3bUOjC_ULhjc4efaaP5mEzpgxhE=\/0x0:5312x2988\/984x0\/smart\/filters:strip_icc()\/i.s3.glbimg.com\/v1\/AUTH_59edd422c0c84a879bd37670ae4f538a\/internal_photos\/bs\/2017\/Q\/d\/HQEHUXSseqgqg86sGvtQ\/20170425-180848.jpg\" \/><img decoding=\"async\" class=\"image content-media__image progressive-loaded alignnone\" title=\"Roberto Alves Barbosa J\u00fanior, delegado regional de Varginha, explicou a situa\u00e7\u00e3o de Bruno (Foto: R\u00e9gis Melo\/G1)\" src=\"http:\/\/s2.glbimg.com\/3bUOjC_ULhjc4efaaP5mEzpgxhE=\/0x0:5312x2988\/984x0\/smart\/filters:strip_icc()\/i.s3.glbimg.com\/v1\/AUTH_59edd422c0c84a879bd37670ae4f538a\/internal_photos\/bs\/2017\/Q\/d\/HQEHUXSseqgqg86sGvtQ\/20170425-180848.jpg\" alt=\"Roberto Alves Barbosa J\u00fanior, delegado regional de Varginha, explicou a situa\u00e7\u00e3o de Bruno (Foto: R\u00e9gis Melo\/G1)\" data-src=\"http:\/\/s2.glbimg.com\/3bUOjC_ULhjc4efaaP5mEzpgxhE=\/0x0:5312x2988\/984x0\/smart\/filters:strip_icc()\/i.s3.glbimg.com\/v1\/AUTH_59edd422c0c84a879bd37670ae4f538a\/internal_photos\/bs\/2017\/Q\/d\/HQEHUXSseqgqg86sGvtQ\/20170425-180848.jpg\" \/><\/picture><\/div>\n<\/div>\n<\/div>\n<\/div>\n<div class=\"mc-column content-text active-extra-styles \" data-block-type=\"unstyled\" data-block-weight=\"38\">\n<p class=\"content-text__container \" data-track-category=\"Link no Texto\" data-track-links=\"\">Bruno dever\u00e1 se apresentar ao juiz da 1\u00aa Vara Criminal de Varginha no in\u00edcio da tarde desta quarta-feira (26). Ainda n\u00e3o se sabe para qual pres\u00eddio ele ser\u00e1 enviado, mas h\u00e1 a chance de ficar na cidade mineira.<\/p>\n<\/div>\n<div class=\"content-ads content-ads--reveal\"><\/div>\n<div class=\"mc-column content-text active-extra-styles \" data-block-type=\"unstyled\" data-block-weight=\"40\">\n<p class=\"content-text__container \" data-track-category=\"Link no Texto\" data-track-links=\"\">&#8220;H\u00e1 a possibilidade dele ficar preso, j\u00e1 que ele j\u00e1 tem domic\u00edlio aqui j\u00e1, ele j\u00e1 reside em Varginha, pode ser que ele fique recolhido aqui no pres\u00eddio de Varginha, mas isso o juiz vai decidir amanh\u00e3&#8221;, disse o delegado.<\/p>\n<\/div>\n<div class=\"mc-column content-media content-media--normal content-video\" data-block-type=\"backstage-video\"><\/div>\n<div class=\"mc-column content-text active-extra-styles \" data-block-type=\"unstyled\" data-block-weight=\"33\">\n<p class=\"content-text__container \" data-track-category=\"Link no Texto\" data-track-links=\"\">O advogado do jogador confirmou que ele voltar\u00e1 a se apresentar \u00e0 Justi\u00e7a nesta quarta-feira. &#8220;Ele se comprometeu a se apresentar amanh\u00e3 e vai fazer isso comigo&#8221;, disse L\u00facio Adolfo, defensor de Bruno.<\/p>\n<\/div>\n<div class=\"mc-column content-text active-extra-styles \" data-block-type=\"unstyled\" data-block-weight=\"83\">\n<p class=\"content-text__container \" data-track-category=\"Link no Texto\" data-track-links=\"\">Adolfo criticou a decis\u00e3o do STF. &#8220;Vamos recorrer amanh\u00e3 mesmo, no STF de um lado e em Varginha de outro. Me espanta a velocidade com que o Judici\u00e1rio brasileiro tem para prender algu\u00e9m, e a demora que tem para soltar. Quando o Bruno teve a pris\u00e3o revogada, gastaram tr\u00eas dias para expedir o alvar\u00e1 de soltura, para prender \u00e9 coisa de minutos. \u00c9 a mesma coisa que est\u00e1 acontecendo com o recurso. Com o Bruno preso, tudo demora, com ele solto, tudo corre.&#8221;<\/p>\n<\/div>\n<div class=\"mc-column content-text active-extra-styles \" data-block-type=\"unstyled\" data-block-weight=\"43\">\n<p class=\"content-text__container \" data-track-category=\"Link no Texto\" data-track-links=\"\">Bruno foi preso em 2010 e condenado em 2013 pela morte da ex-namorada Eliza Samudio. Desde mar\u00e7o, Bruno defende o Boa Esporte, de Minas Gerais, que disputa a segunda divis\u00e3o do Campeonato Mineiro. A equipe de Varginha n\u00e3o comentou a decis\u00e3o do STF.<\/p>\n<\/div>\n<div class=\"mc-column content-media content-media--normal content-photo\" data-block-type=\"backstage-photo\">\n<div class=\"content-media__container\">\n<div class=\"content-media__image-centered\">\n<div class=\"progressive-img can-open-lightbox\" data-max-size-url=\"http:\/\/s2.glbimg.com\/HkmtbGhIMF9H3tBWewFk6Ge1Yzc=\/0x0:1502x708\/1600x0\/smart\/filters:strip_icc()\/i.s3.glbimg.com\/v1\/AUTH_59edd422c0c84a879bd37670ae4f538a\/internal_photos\/bs\/2017\/6\/2\/3mRSohRBApZWkXbQ3dOA\/bruno-2.jpg\" data-max-size=\"1600x754\" data-min-size=\"1008x475\" data-min-size-url=\"http:\/\/s2.glbimg.com\/4Nw9UH2MIv-JJuCxYi4wnN-C3ys=\/0x0:1502x708\/1008x0\/smart\/filters:strip_icc()\/i.s3.glbimg.com\/v1\/AUTH_59edd422c0c84a879bd37670ae4f538a\/internal_photos\/bs\/2017\/6\/2\/3mRSohRBApZWkXbQ3dOA\/bruno-2.jpg\" data-media-index=\"1\"><picture><source srcset=\"http:\/\/s2.glbimg.com\/eNAjhntyWEL3NPHK5TO16muwtWI=\/0x0:1502x708\/984x0\/smart\/filters:strip_icc()\/i.s3.glbimg.com\/v1\/AUTH_59edd422c0c84a879bd37670ae4f538a\/internal_photos\/bs\/2017\/6\/2\/3mRSohRBApZWkXbQ3dOA\/bruno-2.jpg\" data-src=\"http:\/\/s2.glbimg.com\/eNAjhntyWEL3NPHK5TO16muwtWI=\/0x0:1502x708\/984x0\/smart\/filters:strip_icc()\/i.s3.glbimg.com\/v1\/AUTH_59edd422c0c84a879bd37670ae4f538a\/internal_photos\/bs\/2017\/6\/2\/3mRSohRBApZWkXbQ3dOA\/bruno-2.jpg\" \/><img decoding=\"async\" class=\"image content-media__image progressive-loaded alignnone\" title=\"Goleiro Bruno se apresenta \u00e0 pol\u00edcia de Varginha, no Sul de Minas (Foto: Lucas Magalh\u00e3es\/EPTV)\" src=\"http:\/\/s2.glbimg.com\/eNAjhntyWEL3NPHK5TO16muwtWI=\/0x0:1502x708\/984x0\/smart\/filters:strip_icc()\/i.s3.glbimg.com\/v1\/AUTH_59edd422c0c84a879bd37670ae4f538a\/internal_photos\/bs\/2017\/6\/2\/3mRSohRBApZWkXbQ3dOA\/bruno-2.jpg\" alt=\"Goleiro Bruno se apresenta \u00e0 pol\u00edcia de Varginha, no Sul de Minas (Foto: Lucas Magalh\u00e3es\/EPTV)\" data-src=\"http:\/\/s2.glbimg.com\/eNAjhntyWEL3NPHK5TO16muwtWI=\/0x0:1502x708\/984x0\/smart\/filters:strip_icc()\/i.s3.glbimg.com\/v1\/AUTH_59edd422c0c84a879bd37670ae4f538a\/internal_photos\/bs\/2017\/6\/2\/3mRSohRBApZWkXbQ3dOA\/bruno-2.jpg\" \/><\/picture><\/div>\n<\/div>\n<\/div>\n<\/div>\n<div class=\"mc-column content-text active-extra-styles\" data-block-type=\"raw\" data-block-weight=\"2\">\n<div class=\"content-intertitle\">\n<h2>A decis\u00e3o<\/h2>\n<\/div>\n<\/div>\n<div class=\"mc-column content-text active-extra-styles \" data-block-type=\"unstyled\" data-block-weight=\"20\">\n<p class=\"content-text__container \" data-track-category=\"Link no Texto\" data-track-links=\"\">A Primeira Turma do Supremo Tribunal Federal (STF) decidiu nesta tarde mandar o goleiro Bruno Fernandes de volta \u00e0 pris\u00e3o.<\/p>\n<\/div>\n<div class=\"mc-column content-text active-extra-styles \" data-block-type=\"unstyled\" data-block-weight=\"48\">\n<p class=\"content-text__container \" data-track-category=\"Link no Texto\" data-track-links=\"\">Por 3 votos a 1, os ministros decidiram derrubar uma decis\u00e3o de fevereiro do ministro Marco Aur\u00e9lio Mello, que havia determinado a liberta\u00e7\u00e3o do atleta, ap\u00f3s seis anos e meio de pris\u00e3o. A Primeira Turma \u00e9 formada por cinco ministros, mas Lu\u00eds Roberto Barroso n\u00e3o participou do julgamento.<\/p>\n<\/div>\n<div class=\"mc-column content-text active-extra-styles \" data-block-type=\"unstyled\" data-block-weight=\"26\">\n<p class=\"content-text__container \" data-track-category=\"Link no Texto\" data-track-links=\"\">Votaram a favor da volta de Bruno \u00e0 pris\u00e3o os ministros Alexandre de Moraes, Rosa Weber e Luiz Fux. O \u00fanico contr\u00e1rio foi Marco Aur\u00e9lio Mello.<\/p>\n<\/div>\n<div class=\"mc-column content-text active-extra-styles \" data-block-type=\"unstyled\" data-block-weight=\"41\">\n<p class=\"content-text__container \" data-track-category=\"Link no Texto\" data-track-links=\"\">Na sess\u00e3o, os ministros analisaram um recurso da m\u00e3e de Eliza Samudio contra a soltura, sob o argumento de que a liberdade do goleiro colocava em risco sua pr\u00f3pria integridade f\u00edsica e a de seu neto, filho de Bruno com Eliza.<\/p>\n<\/div>\n<div class=\"mc-column content-media content-media--normal content-photo\" data-block-type=\"backstage-photo\">\n<div class=\"content-media__container\">\n<div class=\"content-media__image-centered\">\n<div class=\"progressive-img can-open-lightbox\" data-max-size-url=\"http:\/\/s2.glbimg.com\/ZHoCGzNU0rnwwOUQYZSaSDYAoBY=\/0x0:680x451\/1600x0\/smart\/filters:strip_icc()\/i.s3.glbimg.com\/v1\/AUTH_59edd422c0c84a879bd37670ae4f538a\/internal_photos\/bs\/2017\/n\/E\/eSxKXqTDuELBPNBnZOLg\/bruno-11-fg3zdso.jpg\" data-max-size=\"1600x1061\" data-min-size=\"1008x668\" data-min-size-url=\"http:\/\/s2.glbimg.com\/xcoMyxq1gatXlxUwTKa38CPg0JY=\/0x0:680x451\/1008x0\/smart\/filters:strip_icc()\/i.s3.glbimg.com\/v1\/AUTH_59edd422c0c84a879bd37670ae4f538a\/internal_photos\/bs\/2017\/n\/E\/eSxKXqTDuELBPNBnZOLg\/bruno-11-fg3zdso.jpg\" data-media-index=\"2\"><picture><source srcset=\"http:\/\/s2.glbimg.com\/k2D26QSjesFbsUBYZztBqk8vVrA=\/0x0:680x451\/984x0\/smart\/filters:strip_icc()\/i.s3.glbimg.com\/v1\/AUTH_59edd422c0c84a879bd37670ae4f538a\/internal_photos\/bs\/2017\/n\/E\/eSxKXqTDuELBPNBnZOLg\/bruno-11-fg3zdso.jpg\" data-src=\"http:\/\/s2.glbimg.com\/k2D26QSjesFbsUBYZztBqk8vVrA=\/0x0:680x451\/984x0\/smart\/filters:strip_icc()\/i.s3.glbimg.com\/v1\/AUTH_59edd422c0c84a879bd37670ae4f538a\/internal_photos\/bs\/2017\/n\/E\/eSxKXqTDuELBPNBnZOLg\/bruno-11-fg3zdso.jpg\" \/><img decoding=\"async\" class=\"image content-media__image progressive-loaded alignnone\" title=\"Bruno Fernandes j\u00e1 atuou em cinco jogos pelo Boa Esporte  (Foto: R\u00e9gis Melo)\" src=\"http:\/\/s2.glbimg.com\/k2D26QSjesFbsUBYZztBqk8vVrA=\/0x0:680x451\/984x0\/smart\/filters:strip_icc()\/i.s3.glbimg.com\/v1\/AUTH_59edd422c0c84a879bd37670ae4f538a\/internal_photos\/bs\/2017\/n\/E\/eSxKXqTDuELBPNBnZOLg\/bruno-11-fg3zdso.jpg\" alt=\"Bruno Fernandes j\u00e1 atuou em cinco jogos pelo Boa Esporte  (Foto: R\u00e9gis Melo)\" data-src=\"http:\/\/s2.glbimg.com\/k2D26QSjesFbsUBYZztBqk8vVrA=\/0x0:680x451\/984x0\/smart\/filters:strip_icc()\/i.s3.glbimg.com\/v1\/AUTH_59edd422c0c84a879bd37670ae4f538a\/internal_photos\/bs\/2017\/n\/E\/eSxKXqTDuELBPNBnZOLg\/bruno-11-fg3zdso.jpg\" \/><\/picture><\/div>\n<\/div>\n<\/div>\n<\/div>\n<div class=\"mc-column content-text active-extra-styles\" data-block-type=\"raw\" data-block-weight=\"4\">\n<div class=\"content-intertitle\">\n<h2>Titular do Boa Esporte<\/h2>\n<\/div>\n<\/div>\n<div class=\"mc-column content-text active-extra-styles \" data-block-type=\"unstyled\" data-block-weight=\"75\">\n<p class=\"content-text__container \" data-track-category=\"Link no Texto\" data-track-links=\"\">Liberado em fevereiro deste ano, o goleiro assinou com o Boa Esporte no dia 13 de mar\u00e7o e estreou menos de um m\u00eas depois, no dia 8 de abril. Desde ent\u00e3o, foi titular da equipe na fase final do M\u00f3dulo 2 do Campeonato Mineiro e atuou em cinco partidas, onde sofreu quatro gols. A \u00faltima partida dele foi no s\u00e1bado (22), na vit\u00f3ria do Boa Esporte por 1 a 0 sobre o Nacional de Muria\u00e9.<\/p>\n<\/div>\n<div class=\"mc-column content-text active-extra-styles \" data-block-type=\"unstyled\" data-block-weight=\"55\">\n<p class=\"content-text__container \" data-track-category=\"Link no Texto\" data-track-links=\"\">Ap\u00f3s a decis\u00e3o do STF, o Boa Esporte cancelou os treinos da equipe na tarde desta ter\u00e7a-feira. No Centro de Treinamentos do clube e no hotel onde os jogadores ficam hospedados, permaneceu o sil\u00eancio. Perguntado sobre o assunto, o diretor de futebol do clube, Roberto Moraes, se limitou a dizer: &#8220;Pergunta para o advogado dele&#8221;.<\/p>\n<\/div>\n<p class=\"content-text__container \" data-track-category=\"Link no Texto\" data-track-links=\"\">Fonte: G1<\/p>\n","protected":false},"excerpt":{"rendered":"<p>O goleiro Bruno Fernandes se apresentou \u00e0 pol\u00edcia no fim da tarde desta ter\u00e7a-feira (25) ap\u00f3s decis\u00e3o do Supremo Tribunal Federal (STF), que revogou a liminar que mantinha o atleta solto.<\/p>\n","protected":false},"author":2,"featured_media":8383,"comment_status":"closed","ping_status":"open","sticky":false,"template":"","format":"standard","meta":{"advgb_blocks_editor_width":"","advgb_blocks_columns_visual_guide":"","_exactmetrics_skip_tracking":false,"_exactmetrics_sitenote_active":false,"_exactmetrics_sitenote_note":"","_exactmetrics_sitenote_category":0,"footnotes":""},"categories":[7,3],"tags":[2891,3231,1036,2892,302,3232,1241],"class_list":["post-8382","post","type-post","status-publish","format-standard","has-post-thumbnail","hentry","category-destaques","category-esportes","tag-bruno","tag-eliza-samudio","tag-futebol","tag-goleiro","tag-policia","tag-preso","tag-varginha"],"better_featured_image":{"id":8383,"alt_text":"","caption":"","description":"","media_type":"image","media_details":{"width":600,"height":398,"file":"2017\/04\/goleiro-bruno.jpg","sizes":{"thumbnail":{"file":"goleiro-bruno-150x100.jpg","width":150,"height":100,"mime-type":"image\/jpeg","source_url":"https:\/\/lavras.tv\/site\/wp-content\/uploads\/2017\/04\/goleiro-bruno-150x100.jpg"},"medium":{"file":"goleiro-bruno-300x199.jpg","width":300,"height":199,"mime-type":"image\/jpeg","source_url":"https:\/\/lavras.tv\/site\/wp-content\/uploads\/2017\/04\/goleiro-bruno-300x199.jpg"},"featured-post-img":{"file":"goleiro-bruno-480x320.jpg","width":480,"height":320,"mime-type":"image\/jpeg","source_url":"https:\/\/lavras.tv\/site\/wp-content\/uploads\/2017\/04\/goleiro-bruno-480x320.jpg"},"sow-carousel-default":{"file":"goleiro-bruno-272x182.jpg","width":272,"height":182,"mime-type":"image\/jpeg","source_url":"https:\/\/lavras.tv\/site\/wp-content\/uploads\/2017\/04\/goleiro-bruno-272x182.jpg"}},"image_meta":{"aperture":"0","credit":"","camera":"","caption":"","created_timestamp":"0","copyright":"","focal_length":"0","iso":"0","shutter_speed":"0","title":"","orientation":"0","keywords":[]}},"post":8382,"source_url":"https:\/\/lavras.tv\/site\/wp-content\/uploads\/2017\/04\/goleiro-bruno.jpg"},"author_meta":{"display_name":"Lavras TV","author_link":"https:\/\/lavras.tv\/site\/author\/lavrastv\/"},"featured_img":"https:\/\/lavras.tv\/site\/wp-content\/uploads\/2017\/04\/goleiro-bruno-300x199.jpg","coauthors":[],"tax_additional":{"categories":{"linked":["<a href=\"https:\/\/lavras.tv\/site\/category\/destaques\/\" class=\"advgb-post-tax-term\">Destaques<\/a>","<a href=\"https:\/\/lavras.tv\/site\/category\/esportes\/\" class=\"advgb-post-tax-term\">Esportes<\/a>"],"unlinked":["<span class=\"advgb-post-tax-term\">Destaques<\/span>","<span class=\"advgb-post-tax-term\">Esportes<\/span>"]},"tags":{"linked":["<a href=\"https:\/\/lavras.tv\/site\/category\/esportes\/\" class=\"advgb-post-tax-term\">bruno<\/a>","<a href=\"https:\/\/lavras.tv\/site\/category\/esportes\/\" class=\"advgb-post-tax-term\">Eliza Sam\u00fadio<\/a>","<a href=\"https:\/\/lavras.tv\/site\/category\/esportes\/\" class=\"advgb-post-tax-term\">futebol<\/a>","<a href=\"https:\/\/lavras.tv\/site\/category\/esportes\/\" class=\"advgb-post-tax-term\">goleiro<\/a>","<a href=\"https:\/\/lavras.tv\/site\/category\/esportes\/\" class=\"advgb-post-tax-term\">pol\u00edcia<\/a>","<a href=\"https:\/\/lavras.tv\/site\/category\/esportes\/\" class=\"advgb-post-tax-term\">preso<\/a>","<a href=\"https:\/\/lavras.tv\/site\/category\/esportes\/\" class=\"advgb-post-tax-term\">varginha<\/a>"],"unlinked":["<span class=\"advgb-post-tax-term\">bruno<\/span>","<span class=\"advgb-post-tax-term\">Eliza Sam\u00fadio<\/span>","<span class=\"advgb-post-tax-term\">futebol<\/span>","<span class=\"advgb-post-tax-term\">goleiro<\/span>","<span class=\"advgb-post-tax-term\">pol\u00edcia<\/span>","<span class=\"advgb-post-tax-term\">preso<\/span>","<span class=\"advgb-post-tax-term\">varginha<\/span>"]}},"comment_count":"0","relative_dates":{"created":"Publicado 9 anos atr\u00e1s","modified":"Atualizado 9 anos atr\u00e1s"},"absolute_dates":{"created":"Publicado em 26 de abril de 2017","modified":"Atualizado em 26 de abril de 2017"},"absolute_dates_time":{"created":"Publicado em 26 de abril de 2017 08:49","modified":"Atualizado em 26 de abril de 2017 08:49"},"featured_img_caption":"","series_order":"","_links":{"self":[{"href":"https:\/\/lavras.tv\/site\/wp-json\/wp\/v2\/posts\/8382","targetHints":{"allow":["GET"]}}],"collection":[{"href":"https:\/\/lavras.tv\/site\/wp-json\/wp\/v2\/posts"}],"about":[{"href":"https:\/\/lavras.tv\/site\/wp-json\/wp\/v2\/types\/post"}],"author":[{"embeddable":true,"href":"https:\/\/lavras.tv\/site\/wp-json\/wp\/v2\/users\/2"}],"replies":[{"embeddable":true,"href":"https:\/\/lavras.tv\/site\/wp-json\/wp\/v2\/comments?post=8382"}],"version-history":[{"count":1,"href":"https:\/\/lavras.tv\/site\/wp-json\/wp\/v2\/posts\/8382\/revisions"}],"predecessor-version":[{"id":8384,"href":"https:\/\/lavras.tv\/site\/wp-json\/wp\/v2\/posts\/8382\/revisions\/8384"}],"wp:featuredmedia":[{"embeddable":true,"href":"https:\/\/lavras.tv\/site\/wp-json\/wp\/v2\/media\/8383"}],"wp:attachment":[{"href":"https:\/\/lavras.tv\/site\/wp-json\/wp\/v2\/media?parent=8382"}],"wp:term":[{"taxonomy":"category","embeddable":true,"href":"https:\/\/lavras.tv\/site\/wp-json\/wp\/v2\/categories?post=8382"},{"taxonomy":"post_tag","embeddable":true,"href":"https:\/\/lavras.tv\/site\/wp-json\/wp\/v2\/tags?post=8382"}],"curies":[{"name":"wp","href":"https:\/\/api.w.org\/{rel}","templated":true}]}}