{"id":8452,"date":"2017-04-27T09:52:45","date_gmt":"2017-04-27T12:52:45","guid":{"rendered":"http:\/\/lavras.tv\/site\/?p=8452"},"modified":"2017-04-27T09:52:45","modified_gmt":"2017-04-27T12:52:45","slug":"presidente-da-fmf-deixa-falar-mais-alto-seu-lado-torcedor-afirma-cruzeiro-em-nota-de-repudio","status":"publish","type":"post","link":"https:\/\/lavras.tv\/site\/2017\/04\/27\/presidente-da-fmf-deixa-falar-mais-alto-seu-lado-torcedor-afirma-cruzeiro-em-nota-de-repudio\/","title":{"rendered":"Presidente da FMF deixa falar mais alto seu lado torcedor, afirma Cruzeiro em nota de rep\u00fadio"},"content":{"rendered":"<div class=\"lavra-antes-do-conteudo_2\" id=\"lavra-3874942780\"><div id=\"lavra-slider-27\" class=\"custom-slider lavra-slider-3881019632 lavra-slider\"><ul><li><div style=\"margin-left: auto;margin-right: auto;text-align: center;\" id=\"lavra-1850625276\"><a href=\"https:\/\/sistemas.lavras.mg.gov.br\/portalcidadao\/#df1b1a7c7b2a290bcb31e32771e610784662739a88807c0dacac58ede5f391a7530e299dc302d611ee73cb143fc22eaf93592e53e7b5bdb01b00a0b8d28dae460c141dd2ff83412e4dc1c31b16b25f33144a9e5620ea73b13f5bc1c59411d98439ad226e8af03840603796067d87afe130812cf3de24982d0e306f9e61e764e5\" aria-label=\"Lavras-TV&#8211;720x104px (1) (1)\"><img src=\"https:\/\/lavras.tv\/site\/wp-content\/uploads\/2025\/01\/Lavras-TV-720x104px-1-1.png\" alt=\"\"  srcset=\"https:\/\/lavras.tv\/site\/wp-content\/uploads\/2025\/01\/Lavras-TV-720x104px-1-1.png 720w, https:\/\/lavras.tv\/site\/wp-content\/uploads\/2025\/01\/Lavras-TV-720x104px-1-1-470x68.png 470w, https:\/\/lavras.tv\/site\/wp-content\/uploads\/2025\/01\/Lavras-TV-720x104px-1-1-170x25.png 170w, https:\/\/lavras.tv\/site\/wp-content\/uploads\/2025\/01\/Lavras-TV-720x104px-1-1-200x29.png 200w\" sizes=\"(max-width: 720px) 100vw, 720px\" width=\"720\" height=\"104\"  style=\"display: inline-block;\" \/><\/a><\/div><\/li><li><a href=\"https:\/\/sistemas.lavras.mg.gov.br\/portalcidadao\/#df1b1a7c7b2a290bcb31e32771e610784662739a88807c0dacac58ede5f391a7530e299dc302d611ee73cb143fc22eaf93592e53e7b5bdb01b00a0b8d28dae460c141dd2ff83412e4dc1c31b16b25f33144a9e5620ea73b13f5bc1c59411d98439ad226e8af03840603796067d87afe130812cf3de24982d0e306f9e61e764e5\" aria-label=\"Banner_Emprego_PortallavrasTV\"><img src=\"https:\/\/lavras.tv\/site\/wp-content\/uploads\/2025\/03\/Banner_Emprego_PortallavrasTV.png\" alt=\"\"  srcset=\"https:\/\/lavras.tv\/site\/wp-content\/uploads\/2025\/03\/Banner_Emprego_PortallavrasTV.png 720w, https:\/\/lavras.tv\/site\/wp-content\/uploads\/2025\/03\/Banner_Emprego_PortallavrasTV-470x68.png 470w, https:\/\/lavras.tv\/site\/wp-content\/uploads\/2025\/03\/Banner_Emprego_PortallavrasTV-170x25.png 170w, https:\/\/lavras.tv\/site\/wp-content\/uploads\/2025\/03\/Banner_Emprego_PortallavrasTV-200x29.png 200w\" sizes=\"(max-width: 720px) 100vw, 720px\" width=\"720\" height=\"104\"   \/><\/a><\/li><li><a href=\"https:\/\/sistemas.lavras.mg.gov.br\/portalcidadao\/#df1b1a7c7b2a290bcb31e32771e610784662739a88807c0dacac58ede5f391a7530e299dc302d611ee73cb143fc22eaf93592e53e7b5bdb01b00a0b8d28dae460c141dd2ff83412e4dc1c31b16b25f33144a9e5620ea73b13f5bc1c59411d98439ad226e8af03840603796067d87afe130812cf3de24982d0e306f9e61e764e5\" aria-label=\"Banner_Obras_PortallavrasTV\"><img src=\"https:\/\/lavras.tv\/site\/wp-content\/uploads\/2025\/03\/Banner_Obras_PortallavrasTV.png\" alt=\"\"  srcset=\"https:\/\/lavras.tv\/site\/wp-content\/uploads\/2025\/03\/Banner_Obras_PortallavrasTV.png 720w, https:\/\/lavras.tv\/site\/wp-content\/uploads\/2025\/03\/Banner_Obras_PortallavrasTV-470x68.png 470w, https:\/\/lavras.tv\/site\/wp-content\/uploads\/2025\/03\/Banner_Obras_PortallavrasTV-170x25.png 170w, https:\/\/lavras.tv\/site\/wp-content\/uploads\/2025\/03\/Banner_Obras_PortallavrasTV-200x29.png 200w\" sizes=\"(max-width: 720px) 100vw, 720px\" width=\"720\" height=\"104\"   \/><\/a><\/li><li><div style=\"margin-left: auto;margin-right: auto;text-align: center;\" id=\"lavra-2166989649\"><a href=\"https:\/\/sistemas.lavras.mg.gov.br\/portalcidadao\/#df1b1a7c7b2a290bcb31e32771e610784662739a88807c0dacac58ede5f391a7530e299dc302d611ee73cb143fc22eaf93592e53e7b5bdb01b00a0b8d28dae460c141dd2ff83412e4dc1c31b16b25f33144a9e5620ea73b13f5bc1c59411d98439ad226e8af03840603796067d87afe130812cf3de24982d0e306f9e61e764e5\" aria-label=\"Banner_Educa\u00e7\u00e3o_PortallavrasTV\"><img src=\"https:\/\/lavras.tv\/site\/wp-content\/uploads\/2025\/01\/Banner_Educacao_PortallavrasTV.png\" alt=\"\"  srcset=\"https:\/\/lavras.tv\/site\/wp-content\/uploads\/2025\/01\/Banner_Educacao_PortallavrasTV.png 720w, https:\/\/lavras.tv\/site\/wp-content\/uploads\/2025\/01\/Banner_Educacao_PortallavrasTV-470x68.png 470w, https:\/\/lavras.tv\/site\/wp-content\/uploads\/2025\/01\/Banner_Educacao_PortallavrasTV-170x25.png 170w, https:\/\/lavras.tv\/site\/wp-content\/uploads\/2025\/01\/Banner_Educacao_PortallavrasTV-200x29.png 200w\" sizes=\"(max-width: 720px) 100vw, 720px\" width=\"720\" height=\"104\"  style=\"display: inline-block;\" \/><\/a><\/div><\/li><li><a href=\"https:\/\/sistemas.lavras.mg.gov.br\/portalcidadao\/#df1b1a7c7b2a290bcb31e32771e610784662739a88807c0dacac58ede5f391a7530e299dc302d611ee73cb143fc22eaf93592e53e7b5bdb01b00a0b8d28dae460c141dd2ff83412e4dc1c31b16b25f33144a9e5620ea73b13f5bc1c59411d98439ad226e8af03840603796067d87afe130812cf3de24982d0e306f9e61e764e5\" aria-label=\"Banner_Sa\u00fade_PortallavrasTV\"><img src=\"https:\/\/lavras.tv\/site\/wp-content\/uploads\/2025\/03\/Banner_Saude_PortallavrasTV.png\" alt=\"\"  srcset=\"https:\/\/lavras.tv\/site\/wp-content\/uploads\/2025\/03\/Banner_Saude_PortallavrasTV.png 720w, https:\/\/lavras.tv\/site\/wp-content\/uploads\/2025\/03\/Banner_Saude_PortallavrasTV-470x68.png 470w, https:\/\/lavras.tv\/site\/wp-content\/uploads\/2025\/03\/Banner_Saude_PortallavrasTV-170x25.png 170w, https:\/\/lavras.tv\/site\/wp-content\/uploads\/2025\/03\/Banner_Saude_PortallavrasTV-200x29.png 200w\" sizes=\"(max-width: 720px) 100vw, 720px\" width=\"720\" height=\"104\"   \/><\/a><\/li><li><div id=\"lavra-3809176858\" style=\"width:720px;height:104px;background-color:#ddd;overflow:scroll;\">\n\t<strong>Sa\u00edda da depura\u00e7\u00e3o de an\u00fancios<\/strong>\n\t<br><br>\n\tO an\u00fancio n\u00e3o \u00e9 exibido na p\u00e1gina<br><br>post atual: Presidente da FMF deixa falar mais alto seu lado torcedor, afirma Cruzeiro em nota de rep\u00fadio, ID: 8452<br><br><span style=\"color: red;\">O post atual n\u00e3o \u00e9 id\u00eantico ao post principal.<\/span><br><br>An\u00fancios: ROXO - TOPO INTERNA - ROTATIVO 2 (197)<br \/>Grupo de an\u00fancios: Princ_Meio01_720x104 (27)<br><br>Condi\u00e7\u00f5es de exibi\u00e7\u00e3o<div style=\"margin-bottom: 20px; white-space: pre-wrap; font-family: monospace; width: 100%; background: #ffe9e9;\"><strong>condi\u00e7\u00f5es gerais<\/strong><table border=\"1\"><thead><tr><th><\/th><th>An\u00fancios<\/th><th>wp_the_query<\/th><\/tr><\/thead><tr><td>is_main_query<\/td><td>1<\/td><td>1<\/td><\/tr><tr><td>is_rest_api<\/td><td>0<\/td><td>1<\/td><\/tr><tr><td>page<\/td><td>0<\/td><td>1<\/td><\/tr><tr><td>numpages<\/td><td>0<\/td><td>1<\/td><\/tr><tr><td>is_archive<\/td><td>1<\/td><td><\/td><\/tr><tr><td>is_search<\/td><td>1<\/td><td><\/td><\/tr><tr><td>is_home<\/td><td>1<\/td><td><\/td><\/tr><tr><td>is_404<\/td><td>1<\/td><td><\/td><\/tr><tr><td>is_attachment<\/td><td>1<\/td><td><\/td><\/tr><tr><td>is_singular<\/td><td>1<\/td><td><\/td><\/tr><tr><td>is_front_page<\/td><td>1<\/td><td><\/td><\/tr><tr><td>is_feed<\/td><td>1<\/td><td><\/td><\/tr><\/table><\/div><br><br><span style=\"color: red;\">Seu site usa HTTPS, mas o c\u00f3digo do an\u00fancio cont\u00e9m HTTP e pode n\u00e3o funcionar.<\/span>\t<br><br>\n\t<a style=\"color: green;\" href=\"https:\/\/wpadvancedads.com\/manual\/ad-debug-mode\/?utm_source=advanced-ads&utm_medium=link&utm_campaign=ad-debug-mode\" target=\"_blank\" rel=\"nofollow\">Encontre solu\u00e7\u00f5es no manual<\/a>\n<\/div>\n<\/li><\/ul><\/div><script>( window.advanced_ads_ready || jQuery( document ).ready ).call( null, function() {var $lavraslider3881019632 = jQuery( \".lavra-slider-3881019632\" );$lavraslider3881019632.on( \"unslider.ready\", function() { jQuery( \"div.custom-slider ul li\" ).css( \"display\", \"block\" ); });$lavraslider3881019632.unslider({ delay:4000, autoplay:true, nav:false, arrows:false, infinite:true });$lavraslider3881019632.on(\"mouseover\", function() {$lavraslider3881019632.unslider(\"stop\");}).on(\"mouseout\", function() {$lavraslider3881019632.unslider(\"start\");});});<\/script><\/div><p>O Cruzeiro divulgou na tarde desta quarta-feira uma nota em que repudia as <strong>declara\u00e7\u00f5es<\/strong> do presidente da Federa\u00e7\u00e3o Mineira de Futebol (FMF), Castellar Neto, dadas em entrevista \u00e0 <strong>Itatiaia<\/strong>.<!--more--> Ao comentar uma frase do vice-presidente de futebol do clube, Bruno Vicintin, de que n\u00e3o conversa com Castellar, o dirigente da FMF disse ter bom relacionamento com o presidente celeste, Gilvan de Pinho Tavares, mas que Vicintin precisa &#8220;galgar alguns postos&#8221; para falar em nome do Cruzeiro.<\/p>\n<p><img fetchpriority=\"high\" decoding=\"async\" class=\"size-full wp-image-8453 aligncenter\" src=\"http:\/\/lavras.tv\/site\/wp-content\/uploads\/2017\/04\/fmf.jpg\" alt=\"fmf\" width=\"405\" height=\"272\" srcset=\"https:\/\/lavras.tv\/site\/wp-content\/uploads\/2017\/04\/fmf.jpg 405w, https:\/\/lavras.tv\/site\/wp-content\/uploads\/2017\/04\/fmf-150x101.jpg 150w, https:\/\/lavras.tv\/site\/wp-content\/uploads\/2017\/04\/fmf-300x201.jpg 300w, https:\/\/lavras.tv\/site\/wp-content\/uploads\/2017\/04\/fmf-272x182.jpg 272w\" sizes=\"(max-width: 405px) 100vw, 405px\" \/><\/p>\n<p>Em rea\u00e7\u00e3o, a c\u00fapula cruzeirense afirma que &#8220;se sentiu ofendida com as declara\u00e7\u00f5es de cunho pessoal, desrespeitosas e agressivas&#8221; proferidas por Castellar. Segundo a dire\u00e7\u00e3o da Raposa, ao &#8220;insultar&#8221; Vicintin, o presidente da FMF &#8220;deixa falar mais alto seu lado torcedor&#8221;.<\/p>\n<p>A diretoria da Raposa exigiu respeito dos integrantes da FMF e ressaltou esperar que nessa final &#8220;sejam disputados jogos com igualdade de condi\u00e7\u00f5es, dentro e fora de campo, sem nenhum favorecimento a qualquer dos times, diferente do que aconteceu nos dois \u00faltimos campeoantos, quando O Cruzeiro foi impedido de chegar \u00e0s decis\u00f5es com erros escandalosos da arbitragem.&#8221;<\/p>\n<p>Antes da fala de Castellar, Bruno Vicintin comentou a rela\u00e7\u00e3o do Cruzeiro com a FMF. &#8220;Entre eu e o senhor Castellar [Neto, presidente da entidade] n\u00e3o existe di\u00e1logo. Ele devia respeitar muito mais a institui\u00e7\u00e3o Cruzeiro, que nem ele, nem o senhor Paulo Bracks [diretor de Competi\u00e7\u00f5es] e nem o senhor Adriano Aro [secret\u00e1rio geral] respeitam.&#8221;<\/p>\n<p>Confira a \u00edntegra da nota do Cruzeiro:<\/p>\n<p><em>A diretoria do Cruzeiro Esporte Clube se sentiu ofendida com as declara\u00e7\u00f5es de cunho pessoal, desrespeitosas e agressivas proferidas pelo senhor Castellar Neto, presidente da Federa\u00e7\u00e3o Mineira de Futebol, dadas \u00e0 R\u00e1dio Itatiaia, de Belo Horizonte, na manh\u00e3 desta quarta-feira.<\/em><\/p>\n<p><em>Ao insultar o nosso Vice-Presidente de futebol, senhor Bruno Vicintin, alegando que o dirigente n\u00e3o possui autoridade para falar em nome do Cruzeiro, mais uma vez o presidente da Federa\u00e7\u00e3o Mineira de Futebol deixa falar mais alto seu lado torcedor, longe de qualquer postura que represente a figura que deveria ser a m\u00e1xima do futebol mineiro.<\/em><\/p>\n<p><em>Ali\u00e1s, a conduta do senhor Castellar Neto n\u00e3o \u00e9 surpresa, afinal, o mesmo se trata de um cidad\u00e3o que tem uma prefer\u00eancia club\u00edstica indisfar\u00e7\u00e1vel, tendo inclusive, em um passado recente, se fantasiado de mascote do nosso maior rival, e ainda usado a camisa de uma equipe argentina para comemorar um t\u00edtulo de Copa Libertadores.<\/em><\/p>\n<p><em>A diretoria do Cruzeiro Esporte Clube exige respeito de todos os integrantes da Federa\u00e7\u00e3o Mineira de Futebol e espera que nessa final de campeonato, com total imparcialidade e isen\u00e7\u00e3o, sejam disputados dois jogos em igualdade de condi\u00e7\u00f5es, dentro e fora de campo, sem nenhum favorecimento a qualquer um dos times, diferente do que aconteceu nos dois \u00faltimos campeonatos, quando o Cruzeiro foi impedido de chegar \u00e0s decis\u00f5es com erros escandalosos da arbitragem.<\/em><\/p>\n<p>&nbsp;<\/p>\n<p>Fonte: Itatiaia<\/p>\n","protected":false},"excerpt":{"rendered":"<p>O Cruzeiro divulgou na tarde desta quarta-feira uma nota em que repudia as declara\u00e7\u00f5es do presidente da Federa\u00e7\u00e3o Mineira de Futebol (FMF), Castellar Neto, dadas em entrevista \u00e0 Itatiaia.<\/p>\n","protected":false},"author":2,"featured_media":8453,"comment_status":"closed","ping_status":"open","sticky":false,"template":"","format":"standard","meta":{"advgb_blocks_editor_width":"","advgb_blocks_columns_visual_guide":"","_exactmetrics_skip_tracking":false,"_exactmetrics_sitenote_active":false,"_exactmetrics_sitenote_note":"","_exactmetrics_sitenote_category":0,"footnotes":""},"categories":[3],"tags":[923,2843,908,966,1036,2508],"class_list":["post-8452","post","type-post","status-publish","format-standard","has-post-thumbnail","hentry","category-esportes","tag-atletico","tag-campeonato-mineiro","tag-cruzeiro","tag-esporte","tag-futebol","tag-polemica"],"better_featured_image":{"id":8453,"alt_text":"","caption":"","description":"","media_type":"image","media_details":{"width":405,"height":272,"file":"2017\/04\/fmf.jpg","sizes":{"thumbnail":{"file":"fmf-150x101.jpg","width":150,"height":101,"mime-type":"image\/jpeg","source_url":"https:\/\/lavras.tv\/site\/wp-content\/uploads\/2017\/04\/fmf-150x101.jpg"},"medium":{"file":"fmf-300x201.jpg","width":300,"height":201,"mime-type":"image\/jpeg","source_url":"https:\/\/lavras.tv\/site\/wp-content\/uploads\/2017\/04\/fmf-300x201.jpg"},"sow-carousel-default":{"file":"fmf-272x182.jpg","width":272,"height":182,"mime-type":"image\/jpeg","source_url":"https:\/\/lavras.tv\/site\/wp-content\/uploads\/2017\/04\/fmf-272x182.jpg"}},"image_meta":{"aperture":"0","credit":"","camera":"","caption":"","created_timestamp":"0","copyright":"","focal_length":"0","iso":"0","shutter_speed":"0","title":"","orientation":"0","keywords":[]}},"post":8452,"source_url":"https:\/\/lavras.tv\/site\/wp-content\/uploads\/2017\/04\/fmf.jpg"},"author_meta":{"display_name":"Lavras TV","author_link":"https:\/\/lavras.tv\/site\/author\/lavrastv\/"},"featured_img":"https:\/\/lavras.tv\/site\/wp-content\/uploads\/2017\/04\/fmf-300x201.jpg","coauthors":[],"tax_additional":{"categories":{"linked":["<a href=\"https:\/\/lavras.tv\/site\/category\/esportes\/\" class=\"advgb-post-tax-term\">Esportes<\/a>"],"unlinked":["<span class=\"advgb-post-tax-term\">Esportes<\/span>"]},"tags":{"linked":["<a href=\"https:\/\/lavras.tv\/site\/category\/esportes\/\" class=\"advgb-post-tax-term\">atl\u00e9tico<\/a>","<a href=\"https:\/\/lavras.tv\/site\/category\/esportes\/\" class=\"advgb-post-tax-term\">campeonato mineiro<\/a>","<a href=\"https:\/\/lavras.tv\/site\/category\/esportes\/\" class=\"advgb-post-tax-term\">cruzeiro<\/a>","<a href=\"https:\/\/lavras.tv\/site\/category\/esportes\/\" class=\"advgb-post-tax-term\">esporte<\/a>","<a href=\"https:\/\/lavras.tv\/site\/category\/esportes\/\" class=\"advgb-post-tax-term\">futebol<\/a>","<a href=\"https:\/\/lavras.tv\/site\/category\/esportes\/\" class=\"advgb-post-tax-term\">pol\u00eamica<\/a>"],"unlinked":["<span class=\"advgb-post-tax-term\">atl\u00e9tico<\/span>","<span class=\"advgb-post-tax-term\">campeonato mineiro<\/span>","<span class=\"advgb-post-tax-term\">cruzeiro<\/span>","<span class=\"advgb-post-tax-term\">esporte<\/span>","<span class=\"advgb-post-tax-term\">futebol<\/span>","<span class=\"advgb-post-tax-term\">pol\u00eamica<\/span>"]}},"comment_count":"0","relative_dates":{"created":"Publicado 9 anos atr\u00e1s","modified":"Atualizado 9 anos atr\u00e1s"},"absolute_dates":{"created":"Publicado em 27 de abril de 2017","modified":"Atualizado em 27 de abril de 2017"},"absolute_dates_time":{"created":"Publicado em 27 de abril de 2017 09:52","modified":"Atualizado em 27 de abril de 2017 09:52"},"featured_img_caption":"","series_order":"","_links":{"self":[{"href":"https:\/\/lavras.tv\/site\/wp-json\/wp\/v2\/posts\/8452","targetHints":{"allow":["GET"]}}],"collection":[{"href":"https:\/\/lavras.tv\/site\/wp-json\/wp\/v2\/posts"}],"about":[{"href":"https:\/\/lavras.tv\/site\/wp-json\/wp\/v2\/types\/post"}],"author":[{"embeddable":true,"href":"https:\/\/lavras.tv\/site\/wp-json\/wp\/v2\/users\/2"}],"replies":[{"embeddable":true,"href":"https:\/\/lavras.tv\/site\/wp-json\/wp\/v2\/comments?post=8452"}],"version-history":[{"count":1,"href":"https:\/\/lavras.tv\/site\/wp-json\/wp\/v2\/posts\/8452\/revisions"}],"predecessor-version":[{"id":8454,"href":"https:\/\/lavras.tv\/site\/wp-json\/wp\/v2\/posts\/8452\/revisions\/8454"}],"wp:featuredmedia":[{"embeddable":true,"href":"https:\/\/lavras.tv\/site\/wp-json\/wp\/v2\/media\/8453"}],"wp:attachment":[{"href":"https:\/\/lavras.tv\/site\/wp-json\/wp\/v2\/media?parent=8452"}],"wp:term":[{"taxonomy":"category","embeddable":true,"href":"https:\/\/lavras.tv\/site\/wp-json\/wp\/v2\/categories?post=8452"},{"taxonomy":"post_tag","embeddable":true,"href":"https:\/\/lavras.tv\/site\/wp-json\/wp\/v2\/tags?post=8452"}],"curies":[{"name":"wp","href":"https:\/\/api.w.org\/{rel}","templated":true}]}}