{"id":8469,"date":"2017-04-28T09:01:53","date_gmt":"2017-04-28T12:01:53","guid":{"rendered":"http:\/\/lavras.tv\/site\/?p=8469"},"modified":"2017-04-28T09:11:43","modified_gmt":"2017-04-28T12:11:43","slug":"informe-parlamentar-artigo-novas-emendas-irao-impulsionar-o-setor-agropecuario","status":"publish","type":"post","link":"https:\/\/lavras.tv\/site\/2017\/04\/28\/informe-parlamentar-artigo-novas-emendas-irao-impulsionar-o-setor-agropecuario\/","title":{"rendered":"[Informe Parlamentar] Artigo: Novas emendas ir\u00e3o impulsionar o setor agropecu\u00e1rio"},"content":{"rendered":"<div class=\"lavra-antes-do-conteudo_2\" id=\"lavra-2021818532\"><div id=\"lavra-slider-27\" class=\"custom-slider lavra-slider-902741943 lavra-slider\"><ul><li><div style=\"margin-left: auto;margin-right: auto;text-align: center;\" id=\"lavra-2570403329\"><a href=\"https:\/\/sistemas.lavras.mg.gov.br\/portalcidadao\/#df1b1a7c7b2a290bcb31e32771e610784662739a88807c0dacac58ede5f391a7530e299dc302d611ee73cb143fc22eaf93592e53e7b5bdb01b00a0b8d28dae460c141dd2ff83412e4dc1c31b16b25f33144a9e5620ea73b13f5bc1c59411d98439ad226e8af03840603796067d87afe130812cf3de24982d0e306f9e61e764e5\" aria-label=\"Lavras-TV&#8211;720x104px (1) (1)\"><img src=\"https:\/\/lavras.tv\/site\/wp-content\/uploads\/2025\/01\/Lavras-TV-720x104px-1-1.png\" alt=\"\"  srcset=\"https:\/\/lavras.tv\/site\/wp-content\/uploads\/2025\/01\/Lavras-TV-720x104px-1-1.png 720w, https:\/\/lavras.tv\/site\/wp-content\/uploads\/2025\/01\/Lavras-TV-720x104px-1-1-470x68.png 470w, https:\/\/lavras.tv\/site\/wp-content\/uploads\/2025\/01\/Lavras-TV-720x104px-1-1-170x25.png 170w, https:\/\/lavras.tv\/site\/wp-content\/uploads\/2025\/01\/Lavras-TV-720x104px-1-1-200x29.png 200w\" sizes=\"(max-width: 720px) 100vw, 720px\" width=\"720\" height=\"104\"  style=\"display: inline-block;\" \/><\/a><\/div><\/li><li><a href=\"https:\/\/sistemas.lavras.mg.gov.br\/portalcidadao\/#df1b1a7c7b2a290bcb31e32771e610784662739a88807c0dacac58ede5f391a7530e299dc302d611ee73cb143fc22eaf93592e53e7b5bdb01b00a0b8d28dae460c141dd2ff83412e4dc1c31b16b25f33144a9e5620ea73b13f5bc1c59411d98439ad226e8af03840603796067d87afe130812cf3de24982d0e306f9e61e764e5\" aria-label=\"Banner_Emprego_PortallavrasTV\"><img src=\"https:\/\/lavras.tv\/site\/wp-content\/uploads\/2025\/03\/Banner_Emprego_PortallavrasTV.png\" alt=\"\"  srcset=\"https:\/\/lavras.tv\/site\/wp-content\/uploads\/2025\/03\/Banner_Emprego_PortallavrasTV.png 720w, https:\/\/lavras.tv\/site\/wp-content\/uploads\/2025\/03\/Banner_Emprego_PortallavrasTV-470x68.png 470w, https:\/\/lavras.tv\/site\/wp-content\/uploads\/2025\/03\/Banner_Emprego_PortallavrasTV-170x25.png 170w, https:\/\/lavras.tv\/site\/wp-content\/uploads\/2025\/03\/Banner_Emprego_PortallavrasTV-200x29.png 200w\" sizes=\"(max-width: 720px) 100vw, 720px\" width=\"720\" height=\"104\"   \/><\/a><\/li><li><a href=\"https:\/\/sistemas.lavras.mg.gov.br\/portalcidadao\/#df1b1a7c7b2a290bcb31e32771e610784662739a88807c0dacac58ede5f391a7530e299dc302d611ee73cb143fc22eaf93592e53e7b5bdb01b00a0b8d28dae460c141dd2ff83412e4dc1c31b16b25f33144a9e5620ea73b13f5bc1c59411d98439ad226e8af03840603796067d87afe130812cf3de24982d0e306f9e61e764e5\" aria-label=\"Banner_Obras_PortallavrasTV\"><img src=\"https:\/\/lavras.tv\/site\/wp-content\/uploads\/2025\/03\/Banner_Obras_PortallavrasTV.png\" alt=\"\"  srcset=\"https:\/\/lavras.tv\/site\/wp-content\/uploads\/2025\/03\/Banner_Obras_PortallavrasTV.png 720w, https:\/\/lavras.tv\/site\/wp-content\/uploads\/2025\/03\/Banner_Obras_PortallavrasTV-470x68.png 470w, https:\/\/lavras.tv\/site\/wp-content\/uploads\/2025\/03\/Banner_Obras_PortallavrasTV-170x25.png 170w, https:\/\/lavras.tv\/site\/wp-content\/uploads\/2025\/03\/Banner_Obras_PortallavrasTV-200x29.png 200w\" sizes=\"(max-width: 720px) 100vw, 720px\" width=\"720\" height=\"104\"   \/><\/a><\/li><li><div style=\"margin-left: auto;margin-right: auto;text-align: center;\" id=\"lavra-2361163724\"><a href=\"https:\/\/sistemas.lavras.mg.gov.br\/portalcidadao\/#df1b1a7c7b2a290bcb31e32771e610784662739a88807c0dacac58ede5f391a7530e299dc302d611ee73cb143fc22eaf93592e53e7b5bdb01b00a0b8d28dae460c141dd2ff83412e4dc1c31b16b25f33144a9e5620ea73b13f5bc1c59411d98439ad226e8af03840603796067d87afe130812cf3de24982d0e306f9e61e764e5\" aria-label=\"Banner_Educa\u00e7\u00e3o_PortallavrasTV\"><img src=\"https:\/\/lavras.tv\/site\/wp-content\/uploads\/2025\/01\/Banner_Educacao_PortallavrasTV.png\" alt=\"\"  srcset=\"https:\/\/lavras.tv\/site\/wp-content\/uploads\/2025\/01\/Banner_Educacao_PortallavrasTV.png 720w, https:\/\/lavras.tv\/site\/wp-content\/uploads\/2025\/01\/Banner_Educacao_PortallavrasTV-470x68.png 470w, https:\/\/lavras.tv\/site\/wp-content\/uploads\/2025\/01\/Banner_Educacao_PortallavrasTV-170x25.png 170w, https:\/\/lavras.tv\/site\/wp-content\/uploads\/2025\/01\/Banner_Educacao_PortallavrasTV-200x29.png 200w\" sizes=\"(max-width: 720px) 100vw, 720px\" width=\"720\" height=\"104\"  style=\"display: inline-block;\" \/><\/a><\/div><\/li><li><a href=\"https:\/\/sistemas.lavras.mg.gov.br\/portalcidadao\/#df1b1a7c7b2a290bcb31e32771e610784662739a88807c0dacac58ede5f391a7530e299dc302d611ee73cb143fc22eaf93592e53e7b5bdb01b00a0b8d28dae460c141dd2ff83412e4dc1c31b16b25f33144a9e5620ea73b13f5bc1c59411d98439ad226e8af03840603796067d87afe130812cf3de24982d0e306f9e61e764e5\" aria-label=\"Banner_Sa\u00fade_PortallavrasTV\"><img src=\"https:\/\/lavras.tv\/site\/wp-content\/uploads\/2025\/03\/Banner_Saude_PortallavrasTV.png\" alt=\"\"  srcset=\"https:\/\/lavras.tv\/site\/wp-content\/uploads\/2025\/03\/Banner_Saude_PortallavrasTV.png 720w, https:\/\/lavras.tv\/site\/wp-content\/uploads\/2025\/03\/Banner_Saude_PortallavrasTV-470x68.png 470w, https:\/\/lavras.tv\/site\/wp-content\/uploads\/2025\/03\/Banner_Saude_PortallavrasTV-170x25.png 170w, https:\/\/lavras.tv\/site\/wp-content\/uploads\/2025\/03\/Banner_Saude_PortallavrasTV-200x29.png 200w\" sizes=\"(max-width: 720px) 100vw, 720px\" width=\"720\" height=\"104\"   \/><\/a><\/li><li><div id=\"lavra-2549912016\" style=\"width:720px;height:104px;background-color:#ddd;overflow:scroll;\">\n\t<strong>Sa\u00edda da depura\u00e7\u00e3o de an\u00fancios<\/strong>\n\t<br><br>\n\tO an\u00fancio n\u00e3o \u00e9 exibido na p\u00e1gina<br><br>post atual: [Informe Parlamentar] Artigo: Novas emendas ir\u00e3o impulsionar o setor agropecu\u00e1rio, ID: 8469<br><br><span style=\"color: red;\">O post atual n\u00e3o \u00e9 id\u00eantico ao post principal.<\/span><br><br>An\u00fancios: ROXO - TOPO INTERNA - ROTATIVO 2 (197)<br \/>Grupo de an\u00fancios: Princ_Meio01_720x104 (27)<br><br>Condi\u00e7\u00f5es de exibi\u00e7\u00e3o<div style=\"margin-bottom: 20px; white-space: pre-wrap; font-family: monospace; width: 100%; background: #ffe9e9;\"><strong>condi\u00e7\u00f5es gerais<\/strong><table border=\"1\"><thead><tr><th><\/th><th>An\u00fancios<\/th><th>wp_the_query<\/th><\/tr><\/thead><tr><td>is_main_query<\/td><td>1<\/td><td>1<\/td><\/tr><tr><td>is_rest_api<\/td><td>0<\/td><td>1<\/td><\/tr><tr><td>page<\/td><td>0<\/td><td>1<\/td><\/tr><tr><td>numpages<\/td><td>0<\/td><td>1<\/td><\/tr><tr><td>is_archive<\/td><td>1<\/td><td><\/td><\/tr><tr><td>is_search<\/td><td>1<\/td><td><\/td><\/tr><tr><td>is_home<\/td><td>1<\/td><td><\/td><\/tr><tr><td>is_404<\/td><td>1<\/td><td><\/td><\/tr><tr><td>is_attachment<\/td><td>1<\/td><td><\/td><\/tr><tr><td>is_singular<\/td><td>1<\/td><td><\/td><\/tr><tr><td>is_front_page<\/td><td>1<\/td><td><\/td><\/tr><tr><td>is_feed<\/td><td>1<\/td><td><\/td><\/tr><\/table><\/div><br><br><span style=\"color: red;\">Seu site usa HTTPS, mas o c\u00f3digo do an\u00fancio cont\u00e9m HTTP e pode n\u00e3o funcionar.<\/span>\t<br><br>\n\t<a style=\"color: green;\" href=\"https:\/\/wpadvancedads.com\/manual\/ad-debug-mode\/?utm_source=advanced-ads&utm_medium=link&utm_campaign=ad-debug-mode\" target=\"_blank\" rel=\"nofollow\">Encontre solu\u00e7\u00f5es no manual<\/a>\n<\/div>\n<\/li><\/ul><\/div><script>( window.advanced_ads_ready || jQuery( document ).ready ).call( null, function() {var $lavraslider902741943 = jQuery( \".lavra-slider-902741943\" );$lavraslider902741943.on( \"unslider.ready\", function() { jQuery( \"div.custom-slider ul li\" ).css( \"display\", \"block\" ); });$lavraslider902741943.unslider({ delay:4000, autoplay:true, nav:false, arrows:false, infinite:true });$lavraslider902741943.on(\"mouseover\", function() {$lavraslider902741943.unslider(\"stop\");}).on(\"mouseout\", function() {$lavraslider902741943.unslider(\"start\");});});<\/script><\/div><div>Dos recursos que destinei para munic\u00edpios mineiros em 2017 R$ 1.500,00 (um milh\u00e3o e quinhentos mil reais) foram indicados para o setor agropecu\u00e1rio. Por meio desses recursos, pequenos e m\u00e9dios agricultores conseguem condi\u00e7\u00f5es de adquirir m\u00e1quinas e aparelhos agr\u00edcolas. Al\u00e9m disso, \u00e9 realizada a manuten\u00e7\u00e3o de estradas vicinais.<\/div>\n<p><!--more--><\/p>\n<div><img fetchpriority=\"high\" decoding=\"async\" class=\"size-full wp-image-8470 aligncenter\" src=\"http:\/\/lavras.tv\/site\/wp-content\/uploads\/2017\/04\/AMF_0423.jpg\" alt=\"AMF_0423\" width=\"634\" height=\"950\" \/><\/div>\n<div>Os novos equipamentos favorecem o aumento da produ\u00e7\u00e3o e melhoria da qualidade dos produtos. Com as estradas em boas condi\u00e7\u00f5es, o escoamento da produ\u00e7\u00e3o agr\u00edcola \u00e9 facilitado e a qualidade da mercadoria at\u00e9 a sua chegada aos centros de abastecimento \u00e9 melhorada. E, vale ainda lembrar, as estradas s\u00e3o importantes para o acesso da popula\u00e7\u00e3o rural a servi\u00e7os b\u00e1sicos como educa\u00e7\u00e3o e sa\u00fade.<\/div>\n<div><\/div>\n<div>Como deputada federal tenho a convic\u00e7\u00e3o de que o trabalho exercido na C\u00e2mara do Deputados s\u00f3 tem um prop\u00f3sito: atender os anseios da popula\u00e7\u00e3o. Desta forma, durante esses anos de mandato, indiquei emendas para a implanta\u00e7\u00e3o de servi\u00e7os p\u00fablicos de qualidade em munic\u00edpios mineiros.<\/div>\n<div><\/div>\n<div>No total 15 munic\u00edpios ser\u00e3o beneficiados com emendas indicadas junto ao Minist\u00e9rio da Agricultura. Bandeira do Sul, Bicas, Bom Jardim de Minas, Carrancas, Dion\u00edsio, Ewbank da C\u00e2mara, Fortaleza de Minas, Goian\u00e1, Ita\u00fa de Minas, Lima Duarte, Madre Deus de Minas, Oliveira, S\u00e3o Jo\u00e3o del-Rei, Manhumirim e Santana da Vargem.<\/div>\n<p class=\"m_7141686680613388280gmail-m-8773233458924679299gmail-msonospacing\" align=\"center\"><span class=\"m_7141686680613388280gmail-msoIns\"><ins datetime=\"2017-04-27T15:09\">\u00a0<\/ins><\/span><\/p>\n<p class=\"m_7141686680613388280gmail-MsoNoSpacing\" style=\"text-align: left;\" align=\"center\"><strong><span class=\"m_7141686680613388280gmail-msoIns\"><ins datetime=\"2017-04-27T15:09\">D\u00e2mina Pereira<\/ins><\/span><\/strong><\/p>\n<p class=\"m_7141686680613388280gmail-MsoNoSpacing\" style=\"text-align: left;\" align=\"center\"><em><span class=\"m_7141686680613388280gmail-msoIns\"><ins datetime=\"2017-04-27T15:09\">Deputada Federal &#8211;\u00a0<\/ins><\/span><\/em><span class=\"m_7141686680613388280gmail-msoIns\"><ins datetime=\"2017-04-27T15:09\">PSL\/MG<\/ins><\/span><\/p>\n<p class=\"m_7141686680613388280gmail-MsoNoSpacing\" style=\"text-align: left;\" align=\"center\">Fonte: gabinete da deputada federal D\u00e2mina Pereira<\/p>\n","protected":false},"excerpt":{"rendered":"<p>Dos recursos que destinei para munic\u00edpios mineiros em 2017 R$ 1.500,00 (um milh\u00e3o e quinhentos mil reais) foram indicados para o setor agropecu\u00e1rio. Por meio desses recursos, pequenos e m\u00e9dios agricultores conseguem condi\u00e7\u00f5es de adquirir m\u00e1quinas e aparelhos agr\u00edcolas. Al\u00e9m disso, \u00e9 realizada a manuten\u00e7\u00e3o de estradas vicinais.<\/p>\n","protected":false},"author":2,"featured_media":8470,"comment_status":"closed","ping_status":"open","sticky":false,"template":"","format":"standard","meta":{"advgb_blocks_editor_width":"","advgb_blocks_columns_visual_guide":"","_exactmetrics_skip_tracking":false,"_exactmetrics_sitenote_active":false,"_exactmetrics_sitenote_note":"","_exactmetrics_sitenote_category":0,"footnotes":""},"categories":[12],"tags":[671,2652],"class_list":["post-8469","post","type-post","status-publish","format-standard","has-post-thumbnail","hentry","category-politica","tag-damina-pereira","tag-deputada-damina-pereira"],"better_featured_image":{"id":8470,"alt_text":"","caption":"","description":"","media_type":"image","media_details":{"width":629,"height":429,"file":"2017\/04\/AMF_0423-e1493380903862.jpg","sizes":{"thumbnail":{"file":"AMF_0423-e1493380903862-150x102.jpg","width":150,"height":102,"mime-type":"image\/jpeg","source_url":"https:\/\/lavras.tv\/site\/wp-content\/uploads\/2017\/04\/AMF_0423-e1493380903862-150x102.jpg"},"medium":{"file":"AMF_0423-e1493380903862-300x205.jpg","width":300,"height":205,"mime-type":"image\/jpeg","source_url":"https:\/\/lavras.tv\/site\/wp-content\/uploads\/2017\/04\/AMF_0423-e1493380903862-300x205.jpg"},"featured-slider-img":{"file":"AMF_0423-634x480.jpg","width":634,"height":480,"mime-type":"image\/jpeg","source_url":"https:\/\/lavras.tv\/site\/wp-content\/uploads\/2017\/04\/AMF_0423-634x480.jpg"},"featured-post-img":{"file":"AMF_0423-e1493380903862-480x320.jpg","width":480,"height":320,"mime-type":"image\/jpeg","source_url":"https:\/\/lavras.tv\/site\/wp-content\/uploads\/2017\/04\/AMF_0423-e1493380903862-480x320.jpg"},"sow-carousel-default":{"file":"AMF_0423-e1493380903862-272x182.jpg","width":272,"height":182,"mime-type":"image\/jpeg","source_url":"https:\/\/lavras.tv\/site\/wp-content\/uploads\/2017\/04\/AMF_0423-e1493380903862-272x182.jpg"}},"image_meta":{"aperture":"0","credit":"","camera":"","caption":"","created_timestamp":"0","copyright":"","focal_length":"0","iso":"0","shutter_speed":"0","title":"","orientation":"0","keywords":[]}},"post":8469,"source_url":"https:\/\/lavras.tv\/site\/wp-content\/uploads\/2017\/04\/AMF_0423-e1493380903862.jpg"},"author_meta":{"display_name":"Lavras TV","author_link":"https:\/\/lavras.tv\/site\/author\/lavrastv\/"},"featured_img":"https:\/\/lavras.tv\/site\/wp-content\/uploads\/2017\/04\/AMF_0423-e1493380903862-300x205.jpg","coauthors":[],"tax_additional":{"categories":{"linked":["<a href=\"https:\/\/lavras.tv\/site\/category\/politica\/\" class=\"advgb-post-tax-term\">Pol\u00edtica<\/a>"],"unlinked":["<span class=\"advgb-post-tax-term\">Pol\u00edtica<\/span>"]},"tags":{"linked":["<a href=\"https:\/\/lavras.tv\/site\/category\/politica\/\" class=\"advgb-post-tax-term\">D\u00e2mina Pereira<\/a>","<a href=\"https:\/\/lavras.tv\/site\/category\/politica\/\" class=\"advgb-post-tax-term\">Deputada D\u00e2mina Pereira<\/a>"],"unlinked":["<span class=\"advgb-post-tax-term\">D\u00e2mina Pereira<\/span>","<span class=\"advgb-post-tax-term\">Deputada D\u00e2mina Pereira<\/span>"]}},"comment_count":"0","relative_dates":{"created":"Publicado 9 anos atr\u00e1s","modified":"Atualizado 9 anos atr\u00e1s"},"absolute_dates":{"created":"Publicado em 28 de abril de 2017","modified":"Atualizado em 28 de abril de 2017"},"absolute_dates_time":{"created":"Publicado em 28 de abril de 2017 09:01","modified":"Atualizado em 28 de abril de 2017 09:11"},"featured_img_caption":"","series_order":"","_links":{"self":[{"href":"https:\/\/lavras.tv\/site\/wp-json\/wp\/v2\/posts\/8469","targetHints":{"allow":["GET"]}}],"collection":[{"href":"https:\/\/lavras.tv\/site\/wp-json\/wp\/v2\/posts"}],"about":[{"href":"https:\/\/lavras.tv\/site\/wp-json\/wp\/v2\/types\/post"}],"author":[{"embeddable":true,"href":"https:\/\/lavras.tv\/site\/wp-json\/wp\/v2\/users\/2"}],"replies":[{"embeddable":true,"href":"https:\/\/lavras.tv\/site\/wp-json\/wp\/v2\/comments?post=8469"}],"version-history":[{"count":2,"href":"https:\/\/lavras.tv\/site\/wp-json\/wp\/v2\/posts\/8469\/revisions"}],"predecessor-version":[{"id":8475,"href":"https:\/\/lavras.tv\/site\/wp-json\/wp\/v2\/posts\/8469\/revisions\/8475"}],"wp:featuredmedia":[{"embeddable":true,"href":"https:\/\/lavras.tv\/site\/wp-json\/wp\/v2\/media\/8470"}],"wp:attachment":[{"href":"https:\/\/lavras.tv\/site\/wp-json\/wp\/v2\/media?parent=8469"}],"wp:term":[{"taxonomy":"category","embeddable":true,"href":"https:\/\/lavras.tv\/site\/wp-json\/wp\/v2\/categories?post=8469"},{"taxonomy":"post_tag","embeddable":true,"href":"https:\/\/lavras.tv\/site\/wp-json\/wp\/v2\/tags?post=8469"}],"curies":[{"name":"wp","href":"https:\/\/api.w.org\/{rel}","templated":true}]}}