{"id":8472,"date":"2017-04-28T09:08:43","date_gmt":"2017-04-28T12:08:43","guid":{"rendered":"http:\/\/lavras.tv\/site\/?p=8472"},"modified":"2017-04-28T09:08:43","modified_gmt":"2017-04-28T12:08:43","slug":"goleiro-bruno-e-transferido-para-a-penitenciaria-de-tres-coracoes","status":"publish","type":"post","link":"https:\/\/lavras.tv\/site\/2017\/04\/28\/goleiro-bruno-e-transferido-para-a-penitenciaria-de-tres-coracoes\/","title":{"rendered":"Goleiro Bruno \u00e9 transferido para a Penitenci\u00e1ria de Tr\u00eas Cora\u00e7\u00f5es"},"content":{"rendered":"<div class=\"lavra-antes-do-conteudo_2\" id=\"lavra-2771022749\"><div id=\"lavra-slider-27\" class=\"custom-slider lavra-slider-2870171127 lavra-slider\"><ul><li><div style=\"margin-left: auto;margin-right: auto;text-align: center;\" id=\"lavra-2137481934\"><a href=\"https:\/\/sistemas.lavras.mg.gov.br\/portalcidadao\/#df1b1a7c7b2a290bcb31e32771e610784662739a88807c0dacac58ede5f391a7530e299dc302d611ee73cb143fc22eaf93592e53e7b5bdb01b00a0b8d28dae460c141dd2ff83412e4dc1c31b16b25f33144a9e5620ea73b13f5bc1c59411d98439ad226e8af03840603796067d87afe130812cf3de24982d0e306f9e61e764e5\" aria-label=\"Lavras-TV&#8211;720x104px (1) (1)\"><img src=\"https:\/\/lavras.tv\/site\/wp-content\/uploads\/2025\/01\/Lavras-TV-720x104px-1-1.png\" alt=\"\"  srcset=\"https:\/\/lavras.tv\/site\/wp-content\/uploads\/2025\/01\/Lavras-TV-720x104px-1-1.png 720w, https:\/\/lavras.tv\/site\/wp-content\/uploads\/2025\/01\/Lavras-TV-720x104px-1-1-470x68.png 470w, https:\/\/lavras.tv\/site\/wp-content\/uploads\/2025\/01\/Lavras-TV-720x104px-1-1-170x25.png 170w, https:\/\/lavras.tv\/site\/wp-content\/uploads\/2025\/01\/Lavras-TV-720x104px-1-1-200x29.png 200w\" sizes=\"(max-width: 720px) 100vw, 720px\" width=\"720\" height=\"104\"  style=\"display: inline-block;\" \/><\/a><\/div><\/li><li><a href=\"https:\/\/sistemas.lavras.mg.gov.br\/portalcidadao\/#df1b1a7c7b2a290bcb31e32771e610784662739a88807c0dacac58ede5f391a7530e299dc302d611ee73cb143fc22eaf93592e53e7b5bdb01b00a0b8d28dae460c141dd2ff83412e4dc1c31b16b25f33144a9e5620ea73b13f5bc1c59411d98439ad226e8af03840603796067d87afe130812cf3de24982d0e306f9e61e764e5\" aria-label=\"Banner_Emprego_PortallavrasTV\"><img src=\"https:\/\/lavras.tv\/site\/wp-content\/uploads\/2025\/03\/Banner_Emprego_PortallavrasTV.png\" alt=\"\"  srcset=\"https:\/\/lavras.tv\/site\/wp-content\/uploads\/2025\/03\/Banner_Emprego_PortallavrasTV.png 720w, https:\/\/lavras.tv\/site\/wp-content\/uploads\/2025\/03\/Banner_Emprego_PortallavrasTV-470x68.png 470w, https:\/\/lavras.tv\/site\/wp-content\/uploads\/2025\/03\/Banner_Emprego_PortallavrasTV-170x25.png 170w, https:\/\/lavras.tv\/site\/wp-content\/uploads\/2025\/03\/Banner_Emprego_PortallavrasTV-200x29.png 200w\" sizes=\"(max-width: 720px) 100vw, 720px\" width=\"720\" height=\"104\"   \/><\/a><\/li><li><a href=\"https:\/\/sistemas.lavras.mg.gov.br\/portalcidadao\/#df1b1a7c7b2a290bcb31e32771e610784662739a88807c0dacac58ede5f391a7530e299dc302d611ee73cb143fc22eaf93592e53e7b5bdb01b00a0b8d28dae460c141dd2ff83412e4dc1c31b16b25f33144a9e5620ea73b13f5bc1c59411d98439ad226e8af03840603796067d87afe130812cf3de24982d0e306f9e61e764e5\" aria-label=\"Banner_Obras_PortallavrasTV\"><img src=\"https:\/\/lavras.tv\/site\/wp-content\/uploads\/2025\/03\/Banner_Obras_PortallavrasTV.png\" alt=\"\"  srcset=\"https:\/\/lavras.tv\/site\/wp-content\/uploads\/2025\/03\/Banner_Obras_PortallavrasTV.png 720w, https:\/\/lavras.tv\/site\/wp-content\/uploads\/2025\/03\/Banner_Obras_PortallavrasTV-470x68.png 470w, https:\/\/lavras.tv\/site\/wp-content\/uploads\/2025\/03\/Banner_Obras_PortallavrasTV-170x25.png 170w, https:\/\/lavras.tv\/site\/wp-content\/uploads\/2025\/03\/Banner_Obras_PortallavrasTV-200x29.png 200w\" sizes=\"(max-width: 720px) 100vw, 720px\" width=\"720\" height=\"104\"   \/><\/a><\/li><li><div style=\"margin-left: auto;margin-right: auto;text-align: center;\" id=\"lavra-1982066550\"><a href=\"https:\/\/sistemas.lavras.mg.gov.br\/portalcidadao\/#df1b1a7c7b2a290bcb31e32771e610784662739a88807c0dacac58ede5f391a7530e299dc302d611ee73cb143fc22eaf93592e53e7b5bdb01b00a0b8d28dae460c141dd2ff83412e4dc1c31b16b25f33144a9e5620ea73b13f5bc1c59411d98439ad226e8af03840603796067d87afe130812cf3de24982d0e306f9e61e764e5\" aria-label=\"Banner_Educa\u00e7\u00e3o_PortallavrasTV\"><img src=\"https:\/\/lavras.tv\/site\/wp-content\/uploads\/2025\/01\/Banner_Educacao_PortallavrasTV.png\" alt=\"\"  srcset=\"https:\/\/lavras.tv\/site\/wp-content\/uploads\/2025\/01\/Banner_Educacao_PortallavrasTV.png 720w, https:\/\/lavras.tv\/site\/wp-content\/uploads\/2025\/01\/Banner_Educacao_PortallavrasTV-470x68.png 470w, https:\/\/lavras.tv\/site\/wp-content\/uploads\/2025\/01\/Banner_Educacao_PortallavrasTV-170x25.png 170w, https:\/\/lavras.tv\/site\/wp-content\/uploads\/2025\/01\/Banner_Educacao_PortallavrasTV-200x29.png 200w\" sizes=\"(max-width: 720px) 100vw, 720px\" width=\"720\" height=\"104\"  style=\"display: inline-block;\" \/><\/a><\/div><\/li><li><a href=\"https:\/\/sistemas.lavras.mg.gov.br\/portalcidadao\/#df1b1a7c7b2a290bcb31e32771e610784662739a88807c0dacac58ede5f391a7530e299dc302d611ee73cb143fc22eaf93592e53e7b5bdb01b00a0b8d28dae460c141dd2ff83412e4dc1c31b16b25f33144a9e5620ea73b13f5bc1c59411d98439ad226e8af03840603796067d87afe130812cf3de24982d0e306f9e61e764e5\" aria-label=\"Banner_Sa\u00fade_PortallavrasTV\"><img src=\"https:\/\/lavras.tv\/site\/wp-content\/uploads\/2025\/03\/Banner_Saude_PortallavrasTV.png\" alt=\"\"  srcset=\"https:\/\/lavras.tv\/site\/wp-content\/uploads\/2025\/03\/Banner_Saude_PortallavrasTV.png 720w, https:\/\/lavras.tv\/site\/wp-content\/uploads\/2025\/03\/Banner_Saude_PortallavrasTV-470x68.png 470w, https:\/\/lavras.tv\/site\/wp-content\/uploads\/2025\/03\/Banner_Saude_PortallavrasTV-170x25.png 170w, https:\/\/lavras.tv\/site\/wp-content\/uploads\/2025\/03\/Banner_Saude_PortallavrasTV-200x29.png 200w\" sizes=\"(max-width: 720px) 100vw, 720px\" width=\"720\" height=\"104\"   \/><\/a><\/li><li><div id=\"lavra-1029525440\" style=\"width:720px;height:104px;background-color:#ddd;overflow:scroll;\">\n\t<strong>Sa\u00edda da depura\u00e7\u00e3o de an\u00fancios<\/strong>\n\t<br><br>\n\tO an\u00fancio n\u00e3o \u00e9 exibido na p\u00e1gina<br><br>post atual: Goleiro Bruno \u00e9 transferido para a Penitenci\u00e1ria de Tr\u00eas Cora\u00e7\u00f5es, ID: 8472<br><br><span style=\"color: red;\">O post atual n\u00e3o \u00e9 id\u00eantico ao post principal.<\/span><br><br>An\u00fancios: ROXO - TOPO INTERNA - ROTATIVO 2 (197)<br \/>Grupo de an\u00fancios: Princ_Meio01_720x104 (27)<br><br>Condi\u00e7\u00f5es de exibi\u00e7\u00e3o<div style=\"margin-bottom: 20px; white-space: pre-wrap; font-family: monospace; width: 100%; background: #ffe9e9;\"><strong>condi\u00e7\u00f5es gerais<\/strong><table border=\"1\"><thead><tr><th><\/th><th>An\u00fancios<\/th><th>wp_the_query<\/th><\/tr><\/thead><tr><td>is_main_query<\/td><td>1<\/td><td>1<\/td><\/tr><tr><td>is_rest_api<\/td><td>0<\/td><td>1<\/td><\/tr><tr><td>page<\/td><td>0<\/td><td>1<\/td><\/tr><tr><td>numpages<\/td><td>0<\/td><td>1<\/td><\/tr><tr><td>is_archive<\/td><td>1<\/td><td><\/td><\/tr><tr><td>is_search<\/td><td>1<\/td><td><\/td><\/tr><tr><td>is_home<\/td><td>1<\/td><td><\/td><\/tr><tr><td>is_404<\/td><td>1<\/td><td><\/td><\/tr><tr><td>is_attachment<\/td><td>1<\/td><td><\/td><\/tr><tr><td>is_singular<\/td><td>1<\/td><td><\/td><\/tr><tr><td>is_front_page<\/td><td>1<\/td><td><\/td><\/tr><tr><td>is_feed<\/td><td>1<\/td><td><\/td><\/tr><\/table><\/div><br><br><span style=\"color: red;\">Seu site usa HTTPS, mas o c\u00f3digo do an\u00fancio cont\u00e9m HTTP e pode n\u00e3o funcionar.<\/span>\t<br><br>\n\t<a style=\"color: green;\" href=\"https:\/\/wpadvancedads.com\/manual\/ad-debug-mode\/?utm_source=advanced-ads&utm_medium=link&utm_campaign=ad-debug-mode\" target=\"_blank\" rel=\"nofollow\">Encontre solu\u00e7\u00f5es no manual<\/a>\n<\/div>\n<\/li><\/ul><\/div><script>( window.advanced_ads_ready || jQuery( document ).ready ).call( null, function() {var $lavraslider2870171127 = jQuery( \".lavra-slider-2870171127\" );$lavraslider2870171127.on( \"unslider.ready\", function() { jQuery( \"div.custom-slider ul li\" ).css( \"display\", \"block\" ); });$lavraslider2870171127.unslider({ delay:4000, autoplay:true, nav:false, arrows:false, infinite:true });$lavraslider2870171127.on(\"mouseover\", function() {$lavraslider2870171127.unslider(\"stop\");}).on(\"mouseout\", function() {$lavraslider2870171127.unslider(\"start\");});});<\/script><\/div><p>O goleiro Bruno Fernandes foi transferido no in\u00edcio da noite desta quinta-feira (27) para a Penitenci\u00e1ria de Tr\u00eas Cora\u00e7\u00f5es (MG). <!--more-->Segundo a Secretaria de Estado de Administra\u00e7\u00e3o Prisional (Seap), detalhes sobre a transfer\u00eancia n\u00e3o seriam divulgados por motivo de seguran\u00e7a. Bruno se apresentou espontaneamente no in\u00edcio da tarde na Delegacia Regional de Varginha depois que o mandado de pris\u00e3o foi expedido pela Justi\u00e7a.<\/p>\n<div class=\"mc-column content-text active-extra-styles \" data-block-type=\"unstyled\" data-block-weight=\"29\">\n<p class=\"content-text__container \" data-track-category=\"Link no Texto\" data-track-links=\"\">Em nota, a SEAP disse ainda que Bruno Fernandes ocupar\u00e1 uma cela individual, com medida de 4,5m por 4,5m. O espa\u00e7o possui cama, pia e vaso sanit\u00e1rio de alvenaria.<\/p>\n<\/div>\n<div class=\"mc-column content-text active-extra-styles \" data-block-type=\"unstyled\" data-block-weight=\"72\">\n<p class=\"content-text__container \" data-track-category=\"Link no Texto\" data-track-links=\"\">O jogador se apresentou pela segunda vez na Delegacia de Pol\u00edcia Civil de Varginha quase 48 horas ap\u00f3s decis\u00e3o do Supremo Tribunal Federal (STF) que revogou liminar que o mantinha o atleta, atualmente no Boa Esporte, em liberdade. Bruno se apresentou por volta de 13h45. Ele passou por exames de corpo delito com o m\u00e9dico legista dentro da pr\u00f3pria delegacia e por volta de 15h30 foi levado para o Pres\u00eddio de Varginha.<\/p>\n<\/div>\n<div class=\"mc-column content-media content-media--normal content-photo\" data-block-type=\"backstage-photo\">\n<div class=\"content-media__container\">\n<div class=\"content-media__image-centered\">\n<div class=\"progressive-img can-open-lightbox\" data-max-size=\"1600x792\" data-min-size=\"1008x499\" data-max-size-url=\"http:\/\/s2.glbimg.com\/Q49NdyV8w5P5hVe8Xk6CiA04r3A=\/0x0:2019x1000\/1600x0\/smart\/filters:strip_icc()\/i.s3.glbimg.com\/v1\/AUTH_59edd422c0c84a879bd37670ae4f538a\/internal_photos\/bs\/2017\/P\/1\/VIog7KQPWmVV15EhjrIA\/brunopreso.jpg\" data-min-size-url=\"http:\/\/s2.glbimg.com\/9SMS-SBFLFNBsVlzq7UCXH3XhrI=\/0x0:2019x1000\/1008x0\/smart\/filters:strip_icc()\/i.s3.glbimg.com\/v1\/AUTH_59edd422c0c84a879bd37670ae4f538a\/internal_photos\/bs\/2017\/P\/1\/VIog7KQPWmVV15EhjrIA\/brunopreso.jpg\" data-media-index=\"0\">\n<div class=\"placeholder-container\"><\/div>\n<picture><source srcset=\"http:\/\/s2.glbimg.com\/ew8nbmwMm_QMwFqobN9GByC_A1Y=\/0x0:2019x1000\/984x0\/smart\/filters:strip_icc()\/i.s3.glbimg.com\/v1\/AUTH_59edd422c0c84a879bd37670ae4f538a\/internal_photos\/bs\/2017\/P\/1\/VIog7KQPWmVV15EhjrIA\/brunopreso.jpg\" data-src=\"http:\/\/s2.glbimg.com\/ew8nbmwMm_QMwFqobN9GByC_A1Y=\/0x0:2019x1000\/984x0\/smart\/filters:strip_icc()\/i.s3.glbimg.com\/v1\/AUTH_59edd422c0c84a879bd37670ae4f538a\/internal_photos\/bs\/2017\/P\/1\/VIog7KQPWmVV15EhjrIA\/brunopreso.jpg\" \/><img decoding=\"async\" class=\"image content-media__image progressive-loaded aligncenter\" title=\"Bruno se apresenta \u00e0 pol\u00edcia em Varginha (Foto: R\u00e9gis Melo)\" src=\"http:\/\/s2.glbimg.com\/ew8nbmwMm_QMwFqobN9GByC_A1Y=\/0x0:2019x1000\/984x0\/smart\/filters:strip_icc()\/i.s3.glbimg.com\/v1\/AUTH_59edd422c0c84a879bd37670ae4f538a\/internal_photos\/bs\/2017\/P\/1\/VIog7KQPWmVV15EhjrIA\/brunopreso.jpg\" alt=\"Bruno se apresenta \u00e0 pol\u00edcia em Varginha (Foto: R\u00e9gis Melo)\" data-src=\"http:\/\/s2.glbimg.com\/ew8nbmwMm_QMwFqobN9GByC_A1Y=\/0x0:2019x1000\/984x0\/smart\/filters:strip_icc()\/i.s3.glbimg.com\/v1\/AUTH_59edd422c0c84a879bd37670ae4f538a\/internal_photos\/bs\/2017\/P\/1\/VIog7KQPWmVV15EhjrIA\/brunopreso.jpg\" \/><\/picture><\/div>\n<\/div>\n<div class=\"content-media__description-centered \">\n<p class=\"content-media__description\">Segundo um dos advogados de Bruno, F\u00e1bio Gama, a defesa j\u00e1 est\u00e1 solicitando junto \u00e0 juiza respons\u00e1vel pelo caso em Contagem, que ele possa permanecer no pres\u00eddio de Varginha.<br \/>\n<i class=\"content-media__description__icon theme-color-primary\"><\/i><\/p>\n<\/div>\n<\/div>\n<\/div>\n<div class=\"mc-column content-text active-extra-styles \" data-block-type=\"unstyled\" data-block-weight=\"47\">\n<p class=\"content-text__container \" data-track-category=\"Link no Texto\" data-track-links=\"\">Bruno j\u00e1 havia se apresentado \u00e0 Pol\u00edcia Civil na tarde da ter\u00e7a-feira (25), mas foi liberado pelo delegado regional de Varginha, Roberto Alves Barbosa J\u00fanior, pois o mandado de pris\u00e3o ainda n\u00e3o havia sido expedido. O goleiro assinou uma certid\u00e3o se comprometendo a se apresentar \u00e0 Justi\u00e7a.<\/p>\n<\/div>\n<div class=\"mc-column content-text active-extra-styles \" data-block-type=\"unstyled\" data-block-weight=\"30\">\n<p class=\"content-text__container \" data-track-category=\"Link no Texto\" data-track-links=\"\">Segundo o <strong>G1<\/strong> apurou, a estrat\u00e9gia da defesa \u00e9 que ele fique preso em Varginha, onde poderia trabalhar e dormir em casa, caso consiga a progress\u00e3o para o regime semiaberto.<\/p>\n<\/div>\n<div class=\"mc-column content-text active-extra-styles \" data-block-type=\"unstyled\" data-block-weight=\"43\">\n<p class=\"content-text__container \" data-track-category=\"Link no Texto\" data-track-links=\"\">Bruno foi preso em 2010 e condenado em 2013 pela morte da ex-namorada Eliza Sam\u00fadio. Desde mar\u00e7o, Bruno defende o Boa Esporte, de Minas Gerais, que disputa a segunda divis\u00e3o do Campeonato Mineiro. A equipe de Varginha n\u00e3o comentou a decis\u00e3o do STF.<\/p>\n<\/div>\n<div class=\"mc-column content-media content-media--normal content-photo\" data-block-type=\"backstage-photo\">\n<div class=\"content-media__container\">\n<div class=\"content-media__image-centered\">\n<div class=\"progressive-img can-open-lightbox\" data-max-size=\"1600x1200\" data-min-size=\"1008x756\" data-max-size-url=\"http:\/\/s2.glbimg.com\/Yc5fL2BGR5CoWbWEBufrErZqV0c=\/0x0:1280x960\/1600x0\/smart\/filters:strip_icc()\/i.s3.glbimg.com\/v1\/AUTH_59edd422c0c84a879bd37670ae4f538a\/internal_photos\/bs\/2017\/G\/E\/BOAa6UQ3iOuhUpop7gZA\/bruno-chega.jpg\" data-min-size-url=\"http:\/\/s2.glbimg.com\/OswrGQxD5UtVVzEyV_F-KijDUo0=\/0x0:1280x960\/1008x0\/smart\/filters:strip_icc()\/i.s3.glbimg.com\/v1\/AUTH_59edd422c0c84a879bd37670ae4f538a\/internal_photos\/bs\/2017\/G\/E\/BOAa6UQ3iOuhUpop7gZA\/bruno-chega.jpg\" data-media-index=\"1\">\n<div class=\"placeholder-container\"><\/div>\n<picture><img decoding=\"async\" class=\"image content-media__image progressive-loaded aligncenter\" title=\"No banco de tr\u00e1s da viatura da pol\u00edcia, Bruno chega ao pres\u00eddio de Varginha (Foto: Samantha Silva \/ G1)\" src=\"http:\/\/s2.glbimg.com\/fS54nuQ2nHkAzWkTHO6iG_QPIyc=\/0x0:1280x960\/984x0\/smart\/filters:strip_icc()\/i.s3.glbimg.com\/v1\/AUTH_59edd422c0c84a879bd37670ae4f538a\/internal_photos\/bs\/2017\/G\/E\/BOAa6UQ3iOuhUpop7gZA\/bruno-chega.jpg\" alt=\"No banco de tr\u00e1s da viatura da pol\u00edcia, Bruno chega ao pres\u00eddio de Varginha (Foto: Samantha Silva \/ G1)\" data-src=\"http:\/\/s2.glbimg.com\/fS54nuQ2nHkAzWkTHO6iG_QPIyc=\/0x0:1280x960\/984x0\/smart\/filters:strip_icc()\/i.s3.glbimg.com\/v1\/AUTH_59edd422c0c84a879bd37670ae4f538a\/internal_photos\/bs\/2017\/G\/E\/BOAa6UQ3iOuhUpop7gZA\/bruno-chega.jpg\" \/><\/picture><\/div>\n<\/div>\n<div class=\"content-media__description-centered \">\n<p class=\"content-media__description\"><strong>A decis\u00e3o<\/strong><br \/>\n<i class=\"content-media__description__icon theme-color-primary\"><\/i><\/p>\n<\/div>\n<\/div>\n<\/div>\n<div class=\"mc-column content-text active-extra-styles \" data-block-type=\"unstyled\" data-block-weight=\"22\">\n<p class=\"content-text__container \" data-track-category=\"Link no Texto\" data-track-links=\"\">A Primeira Turma do Supremo Tribunal Federal (STF) decidiu na tarde de ter\u00e7a-feira mandar o goleiro Bruno Fernandes de volta \u00e0 pris\u00e3o.<\/p>\n<\/div>\n<div class=\"mc-column content-text active-extra-styles \" data-block-type=\"unstyled\" data-block-weight=\"48\">\n<p class=\"content-text__container \" data-track-category=\"Link no Texto\" data-track-links=\"\">Por 3 votos a 1, os ministros decidiram derrubar uma decis\u00e3o de fevereiro do ministro Marco Aur\u00e9lio Mello, que havia determinado a liberta\u00e7\u00e3o do atleta, ap\u00f3s seis anos e meio de pris\u00e3o. A Primeira Turma \u00e9 formada por cinco ministros, mas Lu\u00eds Roberto Barroso n\u00e3o participou do julgamento.<\/p>\n<\/div>\n<div class=\"mc-column content-text active-extra-styles \" data-block-type=\"unstyled\" data-block-weight=\"26\">\n<p class=\"content-text__container \" data-track-category=\"Link no Texto\" data-track-links=\"\">Votaram a favor da volta de Bruno \u00e0 pris\u00e3o os ministros Alexandre de Moraes, Rosa Weber e Luiz Fux. O \u00fanico contr\u00e1rio foi Marco Aur\u00e9lio Mello.<\/p>\n<\/div>\n<div class=\"mc-column content-text active-extra-styles \" data-block-type=\"unstyled\" data-block-weight=\"41\">\n<p class=\"content-text__container \" data-track-category=\"Link no Texto\" data-track-links=\"\">Na sess\u00e3o, os ministros analisaram um recurso da m\u00e3e de Eliza Samudio contra a soltura, sob o argumento de que a liberdade do goleiro colocava em risco sua pr\u00f3pria integridade f\u00edsica e a de seu neto, filho de Bruno com Eliza.<\/p>\n<\/div>\n<div class=\"mc-column content-media content-media--normal content-photo\" data-block-type=\"backstage-photo\">\n<div class=\"content-media__container\">\n<div class=\"content-media__image-centered\">\n<div class=\"progressive-img can-open-lightbox\" data-max-size=\"1600x917\" data-min-size=\"1008x578\" data-max-size-url=\"http:\/\/s2.glbimg.com\/YJzw3j8xGZ6I2KYtucKQKyYh9_w=\/0x0:680x390\/1600x0\/smart\/filters:strip_icc()\/i.s3.glbimg.com\/v1\/AUTH_59edd422c0c84a879bd37670ae4f538a\/internal_photos\/bs\/2017\/f\/d\/PojDLoQ6KHA2j6zi6cdA\/brunogoleiro.jpg\" data-min-size-url=\"http:\/\/s2.glbimg.com\/rj11vxFEuNeIuQLEsag4EVoPY5o=\/0x0:680x390\/1008x0\/smart\/filters:strip_icc()\/i.s3.glbimg.com\/v1\/AUTH_59edd422c0c84a879bd37670ae4f538a\/internal_photos\/bs\/2017\/f\/d\/PojDLoQ6KHA2j6zi6cdA\/brunogoleiro.jpg\" data-media-index=\"2\">\n<div class=\"placeholder-container\"><\/div>\n<picture><source srcset=\"http:\/\/s2.glbimg.com\/e1LF1YPchdhC5m7GhKN2PwZae5c=\/0x0:680x390\/984x0\/smart\/filters:strip_icc()\/i.s3.glbimg.com\/v1\/AUTH_59edd422c0c84a879bd37670ae4f538a\/internal_photos\/bs\/2017\/f\/d\/PojDLoQ6KHA2j6zi6cdA\/brunogoleiro.jpg\" data-src=\"http:\/\/s2.glbimg.com\/e1LF1YPchdhC5m7GhKN2PwZae5c=\/0x0:680x390\/984x0\/smart\/filters:strip_icc()\/i.s3.glbimg.com\/v1\/AUTH_59edd422c0c84a879bd37670ae4f538a\/internal_photos\/bs\/2017\/f\/d\/PojDLoQ6KHA2j6zi6cdA\/brunogoleiro.jpg\" \/><img decoding=\"async\" class=\"image content-media__image progressive-loaded aligncenter\" title=\"Goleiro Bruno durante jogo do Boa Esporte (Foto: R\u00e9gis Melo)\" src=\"http:\/\/s2.glbimg.com\/e1LF1YPchdhC5m7GhKN2PwZae5c=\/0x0:680x390\/984x0\/smart\/filters:strip_icc()\/i.s3.glbimg.com\/v1\/AUTH_59edd422c0c84a879bd37670ae4f538a\/internal_photos\/bs\/2017\/f\/d\/PojDLoQ6KHA2j6zi6cdA\/brunogoleiro.jpg\" alt=\"Goleiro Bruno durante jogo do Boa Esporte (Foto: R\u00e9gis Melo)\" data-src=\"http:\/\/s2.glbimg.com\/e1LF1YPchdhC5m7GhKN2PwZae5c=\/0x0:680x390\/984x0\/smart\/filters:strip_icc()\/i.s3.glbimg.com\/v1\/AUTH_59edd422c0c84a879bd37670ae4f538a\/internal_photos\/bs\/2017\/f\/d\/PojDLoQ6KHA2j6zi6cdA\/brunogoleiro.jpg\" \/><\/picture><\/div>\n<\/div>\n<div class=\"content-media__description-centered \">\n<p class=\"content-media__description\"><strong>Titular do Boa Esporte<\/strong><br \/>\n<i class=\"content-media__description__icon theme-color-primary\"><\/i><\/p>\n<\/div>\n<\/div>\n<\/div>\n<div class=\"mc-column content-text active-extra-styles \" data-block-type=\"unstyled\" data-block-weight=\"75\">\n<p class=\"content-text__container \" data-track-category=\"Link no Texto\" data-track-links=\"\">Liberado em fevereiro deste ano, o goleiro assinou com o Boa Esporte no dia 13 de mar\u00e7o e estreou menos de um m\u00eas depois, no dia 8 de abril. Desde ent\u00e3o, foi titular da equipe na fase final do M\u00f3dulo 2 do Campeonato Mineiro e atuou em cinco partidas, onde sofreu quatro gols. A \u00faltima partida dele foi no s\u00e1bado (22), na vit\u00f3ria do Boa Esporte por 1 a 0 sobre o Nacional de Muria\u00e9.<\/p>\n<\/div>\n<div class=\"mc-column content-text active-extra-styles \" data-block-type=\"unstyled\" data-block-weight=\"55\">\n<p class=\"content-text__container \" data-track-category=\"Link no Texto\" data-track-links=\"\">Ap\u00f3s a decis\u00e3o do STF, o Boa Esporte cancelou os treinos da equipe na tarde desta ter\u00e7a-feira. No Centro de Treinamentos do clube e no hotel onde os jogadores ficam hospedados, permaneceu o sil\u00eancio. Perguntado sobre o assunto, o diretor de futebol do clube, Roberto Moraes, se limitou a dizer: &#8220;Pergunta para o advogado dele&#8221;.<\/p>\n<\/div>\n<p class=\"content-text__container \" data-track-category=\"Link no Texto\" data-track-links=\"\">Fonte: G1<\/p>\n","protected":false},"excerpt":{"rendered":"<p>O goleiro Bruno Fernandes foi transferido no in\u00edcio da noite desta quinta-feira (27) para a Penitenci\u00e1ria de Tr\u00eas Cora\u00e7\u00f5es (MG).<\/p>\n","protected":false},"author":2,"featured_media":8473,"comment_status":"closed","ping_status":"open","sticky":false,"template":"","format":"standard","meta":{"advgb_blocks_editor_width":"","advgb_blocks_columns_visual_guide":"","_exactmetrics_skip_tracking":false,"_exactmetrics_sitenote_active":false,"_exactmetrics_sitenote_note":"","_exactmetrics_sitenote_category":0,"footnotes":""},"categories":[3],"tags":[2905,1598,966,1036,3257,3232,1894,1241],"class_list":["post-8472","post","type-post","status-publish","format-standard","has-post-thumbnail","hentry","category-esportes","tag-boa","tag-cadeia","tag-esporte","tag-futebol","tag-goleiro-bruno","tag-preso","tag-tres-coracoes","tag-varginha"],"better_featured_image":{"id":8473,"alt_text":"","caption":"","description":"","media_type":"image","media_details":{"width":555,"height":479,"file":"2017\/04\/brunopreso-e1493381300741.jpg","sizes":{"thumbnail":{"file":"brunopreso-e1493381300741-150x129.jpg","width":150,"height":129,"mime-type":"image\/jpeg","source_url":"https:\/\/lavras.tv\/site\/wp-content\/uploads\/2017\/04\/brunopreso-e1493381300741-150x129.jpg"},"medium":{"file":"brunopreso-e1493381300741-300x259.jpg","width":300,"height":259,"mime-type":"image\/jpeg","source_url":"https:\/\/lavras.tv\/site\/wp-content\/uploads\/2017\/04\/brunopreso-e1493381300741-300x259.jpg"},"featured-slider-img":{"file":"brunopreso-640x480.jpg","width":640,"height":480,"mime-type":"image\/jpeg","source_url":"https:\/\/lavras.tv\/site\/wp-content\/uploads\/2017\/04\/brunopreso-640x480.jpg"},"featured-post-img":{"file":"brunopreso-e1493381300741-480x320.jpg","width":480,"height":320,"mime-type":"image\/jpeg","source_url":"https:\/\/lavras.tv\/site\/wp-content\/uploads\/2017\/04\/brunopreso-e1493381300741-480x320.jpg"},"sow-carousel-default":{"file":"brunopreso-e1493381300741-272x182.jpg","width":272,"height":182,"mime-type":"image\/jpeg","source_url":"https:\/\/lavras.tv\/site\/wp-content\/uploads\/2017\/04\/brunopreso-e1493381300741-272x182.jpg"}},"image_meta":{"aperture":"0","credit":"","camera":"","caption":"","created_timestamp":"0","copyright":"","focal_length":"0","iso":"0","shutter_speed":"0","title":"","orientation":"0","keywords":[]}},"post":8472,"source_url":"https:\/\/lavras.tv\/site\/wp-content\/uploads\/2017\/04\/brunopreso-e1493381300741.jpg"},"author_meta":{"display_name":"Lavras TV","author_link":"https:\/\/lavras.tv\/site\/author\/lavrastv\/"},"featured_img":"https:\/\/lavras.tv\/site\/wp-content\/uploads\/2017\/04\/brunopreso-e1493381300741-300x259.jpg","coauthors":[],"tax_additional":{"categories":{"linked":["<a href=\"https:\/\/lavras.tv\/site\/category\/esportes\/\" class=\"advgb-post-tax-term\">Esportes<\/a>"],"unlinked":["<span class=\"advgb-post-tax-term\">Esportes<\/span>"]},"tags":{"linked":["<a href=\"https:\/\/lavras.tv\/site\/category\/esportes\/\" class=\"advgb-post-tax-term\">BOA<\/a>","<a href=\"https:\/\/lavras.tv\/site\/category\/esportes\/\" class=\"advgb-post-tax-term\">cadeia<\/a>","<a href=\"https:\/\/lavras.tv\/site\/category\/esportes\/\" class=\"advgb-post-tax-term\">esporte<\/a>","<a href=\"https:\/\/lavras.tv\/site\/category\/esportes\/\" class=\"advgb-post-tax-term\">futebol<\/a>","<a href=\"https:\/\/lavras.tv\/site\/category\/esportes\/\" class=\"advgb-post-tax-term\">goleiro Bruno<\/a>","<a href=\"https:\/\/lavras.tv\/site\/category\/esportes\/\" class=\"advgb-post-tax-term\">preso<\/a>","<a href=\"https:\/\/lavras.tv\/site\/category\/esportes\/\" class=\"advgb-post-tax-term\">tr\u00eas cora\u00e7\u00f5es<\/a>","<a href=\"https:\/\/lavras.tv\/site\/category\/esportes\/\" class=\"advgb-post-tax-term\">varginha<\/a>"],"unlinked":["<span class=\"advgb-post-tax-term\">BOA<\/span>","<span class=\"advgb-post-tax-term\">cadeia<\/span>","<span class=\"advgb-post-tax-term\">esporte<\/span>","<span class=\"advgb-post-tax-term\">futebol<\/span>","<span class=\"advgb-post-tax-term\">goleiro Bruno<\/span>","<span class=\"advgb-post-tax-term\">preso<\/span>","<span class=\"advgb-post-tax-term\">tr\u00eas cora\u00e7\u00f5es<\/span>","<span class=\"advgb-post-tax-term\">varginha<\/span>"]}},"comment_count":"0","relative_dates":{"created":"Publicado 9 anos atr\u00e1s","modified":"Atualizado 9 anos atr\u00e1s"},"absolute_dates":{"created":"Publicado em 28 de abril de 2017","modified":"Atualizado em 28 de abril de 2017"},"absolute_dates_time":{"created":"Publicado em 28 de abril de 2017 09:08","modified":"Atualizado em 28 de abril de 2017 09:08"},"featured_img_caption":"","series_order":"","_links":{"self":[{"href":"https:\/\/lavras.tv\/site\/wp-json\/wp\/v2\/posts\/8472","targetHints":{"allow":["GET"]}}],"collection":[{"href":"https:\/\/lavras.tv\/site\/wp-json\/wp\/v2\/posts"}],"about":[{"href":"https:\/\/lavras.tv\/site\/wp-json\/wp\/v2\/types\/post"}],"author":[{"embeddable":true,"href":"https:\/\/lavras.tv\/site\/wp-json\/wp\/v2\/users\/2"}],"replies":[{"embeddable":true,"href":"https:\/\/lavras.tv\/site\/wp-json\/wp\/v2\/comments?post=8472"}],"version-history":[{"count":1,"href":"https:\/\/lavras.tv\/site\/wp-json\/wp\/v2\/posts\/8472\/revisions"}],"predecessor-version":[{"id":8474,"href":"https:\/\/lavras.tv\/site\/wp-json\/wp\/v2\/posts\/8472\/revisions\/8474"}],"wp:featuredmedia":[{"embeddable":true,"href":"https:\/\/lavras.tv\/site\/wp-json\/wp\/v2\/media\/8473"}],"wp:attachment":[{"href":"https:\/\/lavras.tv\/site\/wp-json\/wp\/v2\/media?parent=8472"}],"wp:term":[{"taxonomy":"category","embeddable":true,"href":"https:\/\/lavras.tv\/site\/wp-json\/wp\/v2\/categories?post=8472"},{"taxonomy":"post_tag","embeddable":true,"href":"https:\/\/lavras.tv\/site\/wp-json\/wp\/v2\/tags?post=8472"}],"curies":[{"name":"wp","href":"https:\/\/api.w.org\/{rel}","templated":true}]}}