{"id":852,"date":"2016-07-14T18:55:20","date_gmt":"2016-07-14T18:55:20","guid":{"rendered":"http:\/\/lavras.tv\/site\/?p=852"},"modified":"2016-07-14T18:55:20","modified_gmt":"2016-07-14T18:55:20","slug":"silas-desiste-da-reeleicao","status":"publish","type":"post","link":"https:\/\/lavras.tv\/site\/2016\/07\/14\/silas-desiste-da-reeleicao\/","title":{"rendered":"Silas desiste da reelei\u00e7\u00e3o"},"content":{"rendered":"<div class=\"lavra-antes-do-conteudo_2\" id=\"lavra-1939881049\"><div id=\"lavra-slider-27\" class=\"custom-slider lavra-slider-2678896861 lavra-slider\"><ul><li><div style=\"margin-left: auto;margin-right: auto;text-align: center;\" id=\"lavra-4237452569\"><a href=\"https:\/\/sistemas.lavras.mg.gov.br\/portalcidadao\/#df1b1a7c7b2a290bcb31e32771e610784662739a88807c0dacac58ede5f391a7530e299dc302d611ee73cb143fc22eaf93592e53e7b5bdb01b00a0b8d28dae460c141dd2ff83412e4dc1c31b16b25f33144a9e5620ea73b13f5bc1c59411d98439ad226e8af03840603796067d87afe130812cf3de24982d0e306f9e61e764e5\" aria-label=\"Lavras-TV&#8211;720x104px (1) (1)\"><img src=\"https:\/\/lavras.tv\/site\/wp-content\/uploads\/2025\/01\/Lavras-TV-720x104px-1-1.png\" alt=\"\"  srcset=\"https:\/\/lavras.tv\/site\/wp-content\/uploads\/2025\/01\/Lavras-TV-720x104px-1-1.png 720w, https:\/\/lavras.tv\/site\/wp-content\/uploads\/2025\/01\/Lavras-TV-720x104px-1-1-470x68.png 470w, https:\/\/lavras.tv\/site\/wp-content\/uploads\/2025\/01\/Lavras-TV-720x104px-1-1-170x25.png 170w, https:\/\/lavras.tv\/site\/wp-content\/uploads\/2025\/01\/Lavras-TV-720x104px-1-1-200x29.png 200w\" sizes=\"(max-width: 720px) 100vw, 720px\" width=\"720\" height=\"104\"  style=\"display: inline-block;\" \/><\/a><\/div><\/li><li><a href=\"https:\/\/sistemas.lavras.mg.gov.br\/portalcidadao\/#df1b1a7c7b2a290bcb31e32771e610784662739a88807c0dacac58ede5f391a7530e299dc302d611ee73cb143fc22eaf93592e53e7b5bdb01b00a0b8d28dae460c141dd2ff83412e4dc1c31b16b25f33144a9e5620ea73b13f5bc1c59411d98439ad226e8af03840603796067d87afe130812cf3de24982d0e306f9e61e764e5\" aria-label=\"Banner_Emprego_PortallavrasTV\"><img src=\"https:\/\/lavras.tv\/site\/wp-content\/uploads\/2025\/03\/Banner_Emprego_PortallavrasTV.png\" alt=\"\"  srcset=\"https:\/\/lavras.tv\/site\/wp-content\/uploads\/2025\/03\/Banner_Emprego_PortallavrasTV.png 720w, https:\/\/lavras.tv\/site\/wp-content\/uploads\/2025\/03\/Banner_Emprego_PortallavrasTV-470x68.png 470w, https:\/\/lavras.tv\/site\/wp-content\/uploads\/2025\/03\/Banner_Emprego_PortallavrasTV-170x25.png 170w, https:\/\/lavras.tv\/site\/wp-content\/uploads\/2025\/03\/Banner_Emprego_PortallavrasTV-200x29.png 200w\" sizes=\"(max-width: 720px) 100vw, 720px\" width=\"720\" height=\"104\"   \/><\/a><\/li><li><a href=\"https:\/\/sistemas.lavras.mg.gov.br\/portalcidadao\/#df1b1a7c7b2a290bcb31e32771e610784662739a88807c0dacac58ede5f391a7530e299dc302d611ee73cb143fc22eaf93592e53e7b5bdb01b00a0b8d28dae460c141dd2ff83412e4dc1c31b16b25f33144a9e5620ea73b13f5bc1c59411d98439ad226e8af03840603796067d87afe130812cf3de24982d0e306f9e61e764e5\" aria-label=\"Banner_Obras_PortallavrasTV\"><img src=\"https:\/\/lavras.tv\/site\/wp-content\/uploads\/2025\/03\/Banner_Obras_PortallavrasTV.png\" alt=\"\"  srcset=\"https:\/\/lavras.tv\/site\/wp-content\/uploads\/2025\/03\/Banner_Obras_PortallavrasTV.png 720w, https:\/\/lavras.tv\/site\/wp-content\/uploads\/2025\/03\/Banner_Obras_PortallavrasTV-470x68.png 470w, https:\/\/lavras.tv\/site\/wp-content\/uploads\/2025\/03\/Banner_Obras_PortallavrasTV-170x25.png 170w, https:\/\/lavras.tv\/site\/wp-content\/uploads\/2025\/03\/Banner_Obras_PortallavrasTV-200x29.png 200w\" sizes=\"(max-width: 720px) 100vw, 720px\" width=\"720\" height=\"104\"   \/><\/a><\/li><li><div style=\"margin-left: auto;margin-right: auto;text-align: center;\" id=\"lavra-379817946\"><a href=\"https:\/\/sistemas.lavras.mg.gov.br\/portalcidadao\/#df1b1a7c7b2a290bcb31e32771e610784662739a88807c0dacac58ede5f391a7530e299dc302d611ee73cb143fc22eaf93592e53e7b5bdb01b00a0b8d28dae460c141dd2ff83412e4dc1c31b16b25f33144a9e5620ea73b13f5bc1c59411d98439ad226e8af03840603796067d87afe130812cf3de24982d0e306f9e61e764e5\" aria-label=\"Banner_Educa\u00e7\u00e3o_PortallavrasTV\"><img src=\"https:\/\/lavras.tv\/site\/wp-content\/uploads\/2025\/01\/Banner_Educacao_PortallavrasTV.png\" alt=\"\"  srcset=\"https:\/\/lavras.tv\/site\/wp-content\/uploads\/2025\/01\/Banner_Educacao_PortallavrasTV.png 720w, https:\/\/lavras.tv\/site\/wp-content\/uploads\/2025\/01\/Banner_Educacao_PortallavrasTV-470x68.png 470w, https:\/\/lavras.tv\/site\/wp-content\/uploads\/2025\/01\/Banner_Educacao_PortallavrasTV-170x25.png 170w, https:\/\/lavras.tv\/site\/wp-content\/uploads\/2025\/01\/Banner_Educacao_PortallavrasTV-200x29.png 200w\" sizes=\"(max-width: 720px) 100vw, 720px\" width=\"720\" height=\"104\"  style=\"display: inline-block;\" \/><\/a><\/div><\/li><li><a href=\"https:\/\/sistemas.lavras.mg.gov.br\/portalcidadao\/#df1b1a7c7b2a290bcb31e32771e610784662739a88807c0dacac58ede5f391a7530e299dc302d611ee73cb143fc22eaf93592e53e7b5bdb01b00a0b8d28dae460c141dd2ff83412e4dc1c31b16b25f33144a9e5620ea73b13f5bc1c59411d98439ad226e8af03840603796067d87afe130812cf3de24982d0e306f9e61e764e5\" aria-label=\"Banner_Sa\u00fade_PortallavrasTV\"><img src=\"https:\/\/lavras.tv\/site\/wp-content\/uploads\/2025\/03\/Banner_Saude_PortallavrasTV.png\" alt=\"\"  srcset=\"https:\/\/lavras.tv\/site\/wp-content\/uploads\/2025\/03\/Banner_Saude_PortallavrasTV.png 720w, https:\/\/lavras.tv\/site\/wp-content\/uploads\/2025\/03\/Banner_Saude_PortallavrasTV-470x68.png 470w, https:\/\/lavras.tv\/site\/wp-content\/uploads\/2025\/03\/Banner_Saude_PortallavrasTV-170x25.png 170w, https:\/\/lavras.tv\/site\/wp-content\/uploads\/2025\/03\/Banner_Saude_PortallavrasTV-200x29.png 200w\" sizes=\"(max-width: 720px) 100vw, 720px\" width=\"720\" height=\"104\"   \/><\/a><\/li><li><div id=\"lavra-99484895\" style=\"width:720px;height:104px;background-color:#ddd;overflow:scroll;\">\n\t<strong>Sa\u00edda da depura\u00e7\u00e3o de an\u00fancios<\/strong>\n\t<br><br>\n\tO an\u00fancio n\u00e3o \u00e9 exibido na p\u00e1gina<br><br>post atual: Silas desiste da reelei\u00e7\u00e3o, ID: 852<br><br><span style=\"color: red;\">O post atual n\u00e3o \u00e9 id\u00eantico ao post principal.<\/span><br><br>An\u00fancios: ROXO - TOPO INTERNA - ROTATIVO 2 (197)<br \/>Grupo de an\u00fancios: Princ_Meio01_720x104 (27)<br><br>Condi\u00e7\u00f5es de exibi\u00e7\u00e3o<div style=\"margin-bottom: 20px; white-space: pre-wrap; font-family: monospace; width: 100%; background: #ffe9e9;\"><strong>condi\u00e7\u00f5es gerais<\/strong><table border=\"1\"><thead><tr><th><\/th><th>An\u00fancios<\/th><th>wp_the_query<\/th><\/tr><\/thead><tr><td>is_main_query<\/td><td>1<\/td><td>1<\/td><\/tr><tr><td>is_rest_api<\/td><td>0<\/td><td>1<\/td><\/tr><tr><td>page<\/td><td>0<\/td><td>1<\/td><\/tr><tr><td>numpages<\/td><td>0<\/td><td>1<\/td><\/tr><tr><td>is_archive<\/td><td>1<\/td><td><\/td><\/tr><tr><td>is_search<\/td><td>1<\/td><td><\/td><\/tr><tr><td>is_home<\/td><td>1<\/td><td><\/td><\/tr><tr><td>is_404<\/td><td>1<\/td><td><\/td><\/tr><tr><td>is_attachment<\/td><td>1<\/td><td><\/td><\/tr><tr><td>is_singular<\/td><td>1<\/td><td><\/td><\/tr><tr><td>is_front_page<\/td><td>1<\/td><td><\/td><\/tr><tr><td>is_feed<\/td><td>1<\/td><td><\/td><\/tr><\/table><\/div><br><br><span style=\"color: red;\">Seu site usa HTTPS, mas o c\u00f3digo do an\u00fancio cont\u00e9m HTTP e pode n\u00e3o funcionar.<\/span>\t<br><br>\n\t<a style=\"color: green;\" href=\"https:\/\/wpadvancedads.com\/manual\/ad-debug-mode\/?utm_source=advanced-ads&utm_medium=link&utm_campaign=ad-debug-mode\" target=\"_blank\" rel=\"nofollow\">Encontre solu\u00e7\u00f5es no manual<\/a>\n<\/div>\n<\/li><\/ul><\/div><script>( window.advanced_ads_ready || jQuery( document ).ready ).call( null, function() {var $lavraslider2678896861 = jQuery( \".lavra-slider-2678896861\" );$lavraslider2678896861.on( \"unslider.ready\", function() { jQuery( \"div.custom-slider ul li\" ).css( \"display\", \"block\" ); });$lavraslider2678896861.unslider({ delay:4000, autoplay:true, nav:false, arrows:false, infinite:true });$lavraslider2678896861.on(\"mouseover\", function() {$lavraslider2678896861.unslider(\"stop\");}).on(\"mouseout\", function() {$lavraslider2678896861.unslider(\"start\");});});<\/script><\/div><p>O prefeito de Lavras, Silas Pereira, anunciou que n\u00e3o ser\u00e1 candidato \u00e0 reelei\u00e7\u00e3o em outubro deste ano. A decis\u00e3o foi publicada atrav\u00e9s de um v\u00eddeo e de uma carta aberta \u00e0 popula\u00e7\u00e3o. No in\u00edcio do ano ele chegou a afirmar que iria tentar a vaga mas agora est\u00e1 fora da disputa de 2016. Confira a carta.<\/p>\n<p>&nbsp;<\/p>\n<p>\u201cCidad\u00e3s e cidad\u00e3os de Lavras,<\/p>\n<p>Hoje tomo uma importante decis\u00e3o na minha vida p\u00fablica e em harmonia com meu hist\u00f3rico de dedica\u00e7\u00e3o a Lavras e ao seu desenvolvimento educacional, social e econ\u00f4mico.<\/p>\n<p>Fa\u00e7o isso de forma serena, honesta e sem nenhum interesse que v\u00e1 al\u00e9m de pensar em contribuir com o futuro da cidade onde nasci e criei minha fam\u00edlia com muito trabalho e simplicidade.<\/p>\n<p>Talvez essa se torne uma das decis\u00f5es mais corajosas de minha trajet\u00f3ria p\u00fablica. Assim como tamb\u00e9m foi a minha total entrega nos anos de 1991- 1994 quando capitaniei o grupo que conseguiu realizar o sonho de transformar a ESAL na nossa UFLA. E no mesmo patamar, a minha total entrega \u00e0 responsabilidade de ser prefeito de uma cidade, ent\u00e3o, mergulhada numa crise pol\u00edtica e institucional, como estava em 2014.<\/p>\n<p>Lembro dos meus tempos de reitor da UFLA para reafirmar uma certeza: n\u00e3o \u00e9 necess\u00e1rio ter mandato para se continuar trabalhando pela cidade. Quem pensa o contr\u00e1rio, na verdade, est\u00e1 negando a import\u00e2ncia do cidad\u00e3o comum como verdadeiro protagonista da hist\u00f3ria.<\/p>\n<p>Quanto ao curto per\u00edodo de meu mandato, posso afirmar que ele teve grande intensidade e continuar\u00e1 tendo at\u00e9 o seu \u00faltimo dia.<\/p>\n<p>Quem acompanha nossa <img fetchpriority=\"high\" decoding=\"async\" class=\"size-full wp-image-853 alignleft\" src=\"http:\/\/lavras.tv\/site\/wp-content\/uploads\/2016\/07\/silas.jpg\" alt=\"silas\" width=\"523\" height=\"360\" srcset=\"https:\/\/lavras.tv\/site\/wp-content\/uploads\/2016\/07\/silas.jpg 523w, https:\/\/lavras.tv\/site\/wp-content\/uploads\/2016\/07\/silas-150x103.jpg 150w, https:\/\/lavras.tv\/site\/wp-content\/uploads\/2016\/07\/silas-300x207.jpg 300w\" sizes=\"(max-width: 523px) 100vw, 523px\" \/>trajet\u00f3ria na Prefeitura sabe que nossa equipe, como uma destemida tripula\u00e7\u00e3o, conduziu um barco, que nos foi entregue com o casco furado e pior, atravessando a maior tempestade j\u00e1 vista na hist\u00f3ria. A travessia est\u00e1 sendo poss\u00edvel porque tenho ao meu lado pessoas determinadas e &#8220;do bem&#8221;. N\u00e3o tive e nem terei espa\u00e7o para o trabalho por projetos de interesses partid\u00e1rios, de poder pelo poder ou a servi\u00e7o da &#8221; politicagem&#8221;.<\/p>\n<p>Est\u00e1 sendo preciso agir tecnicamente para se conseguir manter os servi\u00e7os p\u00fablicos que s\u00e3o de compet\u00eancia do munic\u00edpio e avan\u00e7ar naquilo que depende mais de criatividade e de decis\u00e3o t\u00e9cnica do que de recursos.<\/p>\n<p>Enquanto centenas de outros munic\u00edpios fracassaram e vivem a prejudicar o atendimento a seus cidad\u00e3os, n\u00f3s, em Lavras, nos doamos diariamente para evitar esse pior. Apesar de tudo, nosso munic\u00edpio avan\u00e7ou como nunca num espa\u00e7o de apenas 21 meses. Resolvemos problemas hist\u00f3ricos como o lix\u00e3o, as sedes da C\u00e2mara Municipal e da Secretaria de Sa\u00fade; terminamos importantes obras paradas h\u00e1 anos; reduzimos em cerca de 90% a incid\u00eancia de dengue; promovemos mudan\u00e7as corajosas e exitosas no tr\u00e2nsito; aprovamos a UPA e criamos a Procuradoria do munic\u00edpio.<\/p>\n<p>A sa\u00fade, principalmente se comparada ao que se v\u00ea pelo Brasil afora, vai muito bem. A educa\u00e7\u00e3o nunca esteve t\u00e3o bem servida de projetos realmente inovadores e eficazes.<\/p>\n<p>Todas as metas do Desenvolvimento Social est\u00e3o sendo cumpridas. Retomamos nossa vida cultural, com as Artes e seus jovens artistas a encherem as ruas de vida, sons e cores.<\/p>\n<p>Enfim, mesmo tendo o desafio de ser prefeito exatamente durante a pior crise econ\u00f4mica e pol\u00edtica da hist\u00f3ria do Brasil, conseguimos, com nosso trabalho e car\u00e1ter, minimizar os efeitos em Lavras e no corpo de servidores municipais.<\/p>\n<p>Exatamente a experi\u00eancia no cargo de prefeito, na conjuntura em que tenho que cumprir essa miss\u00e3o, me levou a consolidar minha convic\u00e7\u00e3o contr\u00e1ria \u00e0 reelei\u00e7\u00e3o.<\/p>\n<p>Criar esse artif\u00edcio para a perpetua\u00e7\u00e3o do poder foi o maior equ\u00edvoco e a pior iniciativa de todo o mandato do ent\u00e3o presidente Fernando Henrique Cardoso.<\/p>\n<p>A reelei\u00e7\u00e3o trouxe a conseq\u00fcente possibilidade de perpetua\u00e7\u00e3o de um projeto de poder partid\u00e1rio e n\u00e3o de um projeto de na\u00e7\u00e3o. Era o que o expresidente Lula e o seu partido, o PT, tramavam quando veio \u00e0 tona o Mensal\u00e3o.<\/p>\n<p>Foi por existir a reelei\u00e7\u00e3o que nosso pa\u00eds entrou nesta enrascada institucional de agora, onde se vive o mais prom\u00edscuo cap\u00edtulo da nossa hist\u00f3ria pol\u00edtica.<\/p>\n<p>Era para chegar \u00e0 reelei\u00e7\u00e3o que a senhora Dilma Rousseff enganou a na\u00e7\u00e3o e causou os males que estamos vivenciando.<\/p>\n<p>Minha meta \u00e9 entregar, para quem quer que seja, uma prefeitura organizada; com a m\u00e1quina funcionando; sem sabotagens; sem licita\u00e7\u00f5es canceladas; com boa parte da d\u00edvida que herdei devidamente quitada e principalmente, com o esp\u00edrito da honestidade e do trabalho em prol dos cidad\u00e3os comuns restabelecido como mandamento primaz e \u00fanico. Para tanto vou me concentrar em continuar minha gest\u00e3o como prioridade absoluta de meus esfor\u00e7os n\u00e3o me candidatando a novo mandato.<\/p>\n<p>Tenho obsess\u00e3o por entregar a minha cidade prosperando, principalmente no que se refere \u00e0 capacidade de seus filhos compreenderem que a &#8220;politicagem&#8221; deve ser apenas um triste e curto cap\u00edtulo da nossa grandiosa hist\u00f3ria.<\/p>\n<p>Seguindo os ensinamentos de meu saudoso pai, Paulo Costa Pereira, coloco, assim, meu car\u00e1ter acima de projetos. Cumprirei o mandato at\u00e9 o Silas Costa Pereira dia 31 de dezembro de 2016 com esse prop\u00f3sito.<\/p>\n<p>Deixo o caminho para que a disputa pol\u00edtica pela sucess\u00e3o siga seu rumo natural, dentro da legalidade por parte de todos os candidatos. Nesse tempo, estarei, todos os dias, na Prefeitura e nas ruas, trabalhando como funcion\u00e1rio de voc\u00eas, cidad\u00e3os e cidad\u00e3s lavrenses.<\/p>\n<p>Meu sonho \u00e9 de paz.<\/p>\n<p>Silas Costa Pereira\u201d<\/p>\n","protected":false},"excerpt":{"rendered":"<p>O prefeito de Lavras, Silas Pereira, anunciou que n\u00e3o ser\u00e1 candidato \u00e0 reelei\u00e7\u00e3o em outubro deste ano. A decis\u00e3o foi publicada atrav\u00e9s de um v\u00eddeo e de uma carta aberta \u00e0 popula\u00e7\u00e3o. No in\u00edcio do ano ele chegou a afirmar que iria tentar a vaga mas agora est\u00e1 fora da disputa de 2016. Confira a [&hellip;]<\/p>\n","protected":false},"author":2,"featured_media":853,"comment_status":"closed","ping_status":"open","sticky":false,"template":"","format":"standard","meta":{"advgb_blocks_editor_width":"","advgb_blocks_columns_visual_guide":"","_exactmetrics_skip_tracking":false,"_exactmetrics_sitenote_active":false,"_exactmetrics_sitenote_note":"","_exactmetrics_sitenote_category":0,"footnotes":""},"categories":[7,12],"tags":[],"class_list":["post-852","post","type-post","status-publish","format-standard","has-post-thumbnail","hentry","category-destaques","category-politica"],"better_featured_image":{"id":853,"alt_text":"","caption":"","description":"","media_type":"image","media_details":{"width":523,"height":360,"file":"2016\/07\/silas.jpg","sizes":{"thumbnail":{"file":"silas-150x103.jpg","width":150,"height":103,"mime-type":"image\/jpeg","source_url":"https:\/\/lavras.tv\/site\/wp-content\/uploads\/2016\/07\/silas-150x103.jpg"},"medium":{"file":"silas-300x207.jpg","width":300,"height":207,"mime-type":"image\/jpeg","source_url":"https:\/\/lavras.tv\/site\/wp-content\/uploads\/2016\/07\/silas-300x207.jpg"},"featured-post-img":{"file":"silas-480x320.jpg","width":480,"height":320,"mime-type":"image\/jpeg","source_url":"https:\/\/lavras.tv\/site\/wp-content\/uploads\/2016\/07\/silas-480x320.jpg"},"sow-carousel-default":{"file":"silas-272x182.jpg","width":272,"height":182,"mime-type":"image\/jpeg","source_url":"https:\/\/lavras.tv\/site\/wp-content\/uploads\/2016\/07\/silas-272x182.jpg"}},"image_meta":{"aperture":"0","credit":"","camera":"","caption":"","created_timestamp":"0","copyright":"","focal_length":"0","iso":"0","shutter_speed":"0","title":"","orientation":"0","keywords":[]}},"post":852,"source_url":"https:\/\/lavras.tv\/site\/wp-content\/uploads\/2016\/07\/silas.jpg"},"author_meta":{"display_name":"Lavras TV","author_link":"https:\/\/lavras.tv\/site\/author\/lavrastv\/"},"featured_img":"https:\/\/lavras.tv\/site\/wp-content\/uploads\/2016\/07\/silas-300x207.jpg","coauthors":[],"tax_additional":{"categories":{"linked":["<a href=\"https:\/\/lavras.tv\/site\/category\/destaques\/\" class=\"advgb-post-tax-term\">Destaques<\/a>","<a href=\"https:\/\/lavras.tv\/site\/category\/politica\/\" class=\"advgb-post-tax-term\">Pol\u00edtica<\/a>"],"unlinked":["<span class=\"advgb-post-tax-term\">Destaques<\/span>","<span class=\"advgb-post-tax-term\">Pol\u00edtica<\/span>"]}},"comment_count":"0","relative_dates":{"created":"Publicado 10 anos atr\u00e1s","modified":"Atualizado 10 anos atr\u00e1s"},"absolute_dates":{"created":"Publicado em 14 de julho de 2016","modified":"Atualizado em 14 de julho de 2016"},"absolute_dates_time":{"created":"Publicado em 14 de julho de 2016 18:55","modified":"Atualizado em 14 de julho de 2016 18:55"},"featured_img_caption":"","series_order":"","_links":{"self":[{"href":"https:\/\/lavras.tv\/site\/wp-json\/wp\/v2\/posts\/852","targetHints":{"allow":["GET"]}}],"collection":[{"href":"https:\/\/lavras.tv\/site\/wp-json\/wp\/v2\/posts"}],"about":[{"href":"https:\/\/lavras.tv\/site\/wp-json\/wp\/v2\/types\/post"}],"author":[{"embeddable":true,"href":"https:\/\/lavras.tv\/site\/wp-json\/wp\/v2\/users\/2"}],"replies":[{"embeddable":true,"href":"https:\/\/lavras.tv\/site\/wp-json\/wp\/v2\/comments?post=852"}],"version-history":[{"count":1,"href":"https:\/\/lavras.tv\/site\/wp-json\/wp\/v2\/posts\/852\/revisions"}],"predecessor-version":[{"id":854,"href":"https:\/\/lavras.tv\/site\/wp-json\/wp\/v2\/posts\/852\/revisions\/854"}],"wp:featuredmedia":[{"embeddable":true,"href":"https:\/\/lavras.tv\/site\/wp-json\/wp\/v2\/media\/853"}],"wp:attachment":[{"href":"https:\/\/lavras.tv\/site\/wp-json\/wp\/v2\/media?parent=852"}],"wp:term":[{"taxonomy":"category","embeddable":true,"href":"https:\/\/lavras.tv\/site\/wp-json\/wp\/v2\/categories?post=852"},{"taxonomy":"post_tag","embeddable":true,"href":"https:\/\/lavras.tv\/site\/wp-json\/wp\/v2\/tags?post=852"}],"curies":[{"name":"wp","href":"https:\/\/api.w.org\/{rel}","templated":true}]}}