{"id":8520,"date":"2017-05-01T09:05:24","date_gmt":"2017-05-01T12:05:24","guid":{"rendered":"http:\/\/lavras.tv\/site\/?p=8520"},"modified":"2017-05-01T09:05:24","modified_gmt":"2017-05-01T12:05:24","slug":"cruzeiro-pressiona-muito-mas-atletico-se-segura-no-mineirao-e-leva-vantagem-para-horto","status":"publish","type":"post","link":"https:\/\/lavras.tv\/site\/2017\/05\/01\/cruzeiro-pressiona-muito-mas-atletico-se-segura-no-mineirao-e-leva-vantagem-para-horto\/","title":{"rendered":"Cruzeiro pressiona muito, mas Atl\u00e9tico se segura no Mineir\u00e3o e leva vantagem para Horto"},"content":{"rendered":"<div class=\"lavra-antes-do-conteudo_2\" id=\"lavra-2647670075\"><div id=\"lavra-slider-27\" class=\"custom-slider lavra-slider-719178555 lavra-slider\"><ul><li><div style=\"margin-left: auto;margin-right: auto;text-align: center;\" id=\"lavra-1484411818\"><a href=\"https:\/\/sistemas.lavras.mg.gov.br\/portalcidadao\/#df1b1a7c7b2a290bcb31e32771e610784662739a88807c0dacac58ede5f391a7530e299dc302d611ee73cb143fc22eaf93592e53e7b5bdb01b00a0b8d28dae460c141dd2ff83412e4dc1c31b16b25f33144a9e5620ea73b13f5bc1c59411d98439ad226e8af03840603796067d87afe130812cf3de24982d0e306f9e61e764e5\" aria-label=\"Lavras-TV&#8211;720x104px (1) (1)\"><img src=\"https:\/\/lavras.tv\/site\/wp-content\/uploads\/2025\/01\/Lavras-TV-720x104px-1-1.png\" alt=\"\"  srcset=\"https:\/\/lavras.tv\/site\/wp-content\/uploads\/2025\/01\/Lavras-TV-720x104px-1-1.png 720w, https:\/\/lavras.tv\/site\/wp-content\/uploads\/2025\/01\/Lavras-TV-720x104px-1-1-470x68.png 470w, https:\/\/lavras.tv\/site\/wp-content\/uploads\/2025\/01\/Lavras-TV-720x104px-1-1-170x25.png 170w, https:\/\/lavras.tv\/site\/wp-content\/uploads\/2025\/01\/Lavras-TV-720x104px-1-1-200x29.png 200w\" sizes=\"(max-width: 720px) 100vw, 720px\" width=\"720\" height=\"104\"  style=\"display: inline-block;\" \/><\/a><\/div><\/li><li><a href=\"https:\/\/sistemas.lavras.mg.gov.br\/portalcidadao\/#df1b1a7c7b2a290bcb31e32771e610784662739a88807c0dacac58ede5f391a7530e299dc302d611ee73cb143fc22eaf93592e53e7b5bdb01b00a0b8d28dae460c141dd2ff83412e4dc1c31b16b25f33144a9e5620ea73b13f5bc1c59411d98439ad226e8af03840603796067d87afe130812cf3de24982d0e306f9e61e764e5\" aria-label=\"Banner_Emprego_PortallavrasTV\"><img src=\"https:\/\/lavras.tv\/site\/wp-content\/uploads\/2025\/03\/Banner_Emprego_PortallavrasTV.png\" alt=\"\"  srcset=\"https:\/\/lavras.tv\/site\/wp-content\/uploads\/2025\/03\/Banner_Emprego_PortallavrasTV.png 720w, https:\/\/lavras.tv\/site\/wp-content\/uploads\/2025\/03\/Banner_Emprego_PortallavrasTV-470x68.png 470w, https:\/\/lavras.tv\/site\/wp-content\/uploads\/2025\/03\/Banner_Emprego_PortallavrasTV-170x25.png 170w, https:\/\/lavras.tv\/site\/wp-content\/uploads\/2025\/03\/Banner_Emprego_PortallavrasTV-200x29.png 200w\" sizes=\"(max-width: 720px) 100vw, 720px\" width=\"720\" height=\"104\"   \/><\/a><\/li><li><a href=\"https:\/\/sistemas.lavras.mg.gov.br\/portalcidadao\/#df1b1a7c7b2a290bcb31e32771e610784662739a88807c0dacac58ede5f391a7530e299dc302d611ee73cb143fc22eaf93592e53e7b5bdb01b00a0b8d28dae460c141dd2ff83412e4dc1c31b16b25f33144a9e5620ea73b13f5bc1c59411d98439ad226e8af03840603796067d87afe130812cf3de24982d0e306f9e61e764e5\" aria-label=\"Banner_Obras_PortallavrasTV\"><img src=\"https:\/\/lavras.tv\/site\/wp-content\/uploads\/2025\/03\/Banner_Obras_PortallavrasTV.png\" alt=\"\"  srcset=\"https:\/\/lavras.tv\/site\/wp-content\/uploads\/2025\/03\/Banner_Obras_PortallavrasTV.png 720w, https:\/\/lavras.tv\/site\/wp-content\/uploads\/2025\/03\/Banner_Obras_PortallavrasTV-470x68.png 470w, https:\/\/lavras.tv\/site\/wp-content\/uploads\/2025\/03\/Banner_Obras_PortallavrasTV-170x25.png 170w, https:\/\/lavras.tv\/site\/wp-content\/uploads\/2025\/03\/Banner_Obras_PortallavrasTV-200x29.png 200w\" sizes=\"(max-width: 720px) 100vw, 720px\" width=\"720\" height=\"104\"   \/><\/a><\/li><li><div style=\"margin-left: auto;margin-right: auto;text-align: center;\" id=\"lavra-866056789\"><a href=\"https:\/\/sistemas.lavras.mg.gov.br\/portalcidadao\/#df1b1a7c7b2a290bcb31e32771e610784662739a88807c0dacac58ede5f391a7530e299dc302d611ee73cb143fc22eaf93592e53e7b5bdb01b00a0b8d28dae460c141dd2ff83412e4dc1c31b16b25f33144a9e5620ea73b13f5bc1c59411d98439ad226e8af03840603796067d87afe130812cf3de24982d0e306f9e61e764e5\" aria-label=\"Banner_Educa\u00e7\u00e3o_PortallavrasTV\"><img src=\"https:\/\/lavras.tv\/site\/wp-content\/uploads\/2025\/01\/Banner_Educacao_PortallavrasTV.png\" alt=\"\"  srcset=\"https:\/\/lavras.tv\/site\/wp-content\/uploads\/2025\/01\/Banner_Educacao_PortallavrasTV.png 720w, https:\/\/lavras.tv\/site\/wp-content\/uploads\/2025\/01\/Banner_Educacao_PortallavrasTV-470x68.png 470w, https:\/\/lavras.tv\/site\/wp-content\/uploads\/2025\/01\/Banner_Educacao_PortallavrasTV-170x25.png 170w, https:\/\/lavras.tv\/site\/wp-content\/uploads\/2025\/01\/Banner_Educacao_PortallavrasTV-200x29.png 200w\" sizes=\"(max-width: 720px) 100vw, 720px\" width=\"720\" height=\"104\"  style=\"display: inline-block;\" \/><\/a><\/div><\/li><li><a href=\"https:\/\/sistemas.lavras.mg.gov.br\/portalcidadao\/#df1b1a7c7b2a290bcb31e32771e610784662739a88807c0dacac58ede5f391a7530e299dc302d611ee73cb143fc22eaf93592e53e7b5bdb01b00a0b8d28dae460c141dd2ff83412e4dc1c31b16b25f33144a9e5620ea73b13f5bc1c59411d98439ad226e8af03840603796067d87afe130812cf3de24982d0e306f9e61e764e5\" aria-label=\"Banner_Sa\u00fade_PortallavrasTV\"><img src=\"https:\/\/lavras.tv\/site\/wp-content\/uploads\/2025\/03\/Banner_Saude_PortallavrasTV.png\" alt=\"\"  srcset=\"https:\/\/lavras.tv\/site\/wp-content\/uploads\/2025\/03\/Banner_Saude_PortallavrasTV.png 720w, https:\/\/lavras.tv\/site\/wp-content\/uploads\/2025\/03\/Banner_Saude_PortallavrasTV-470x68.png 470w, https:\/\/lavras.tv\/site\/wp-content\/uploads\/2025\/03\/Banner_Saude_PortallavrasTV-170x25.png 170w, https:\/\/lavras.tv\/site\/wp-content\/uploads\/2025\/03\/Banner_Saude_PortallavrasTV-200x29.png 200w\" sizes=\"(max-width: 720px) 100vw, 720px\" width=\"720\" height=\"104\"   \/><\/a><\/li><li><div id=\"lavra-452581586\" style=\"width:720px;height:104px;background-color:#ddd;overflow:scroll;\">\n\t<strong>Sa\u00edda da depura\u00e7\u00e3o de an\u00fancios<\/strong>\n\t<br><br>\n\tO an\u00fancio n\u00e3o \u00e9 exibido na p\u00e1gina<br><br>post atual: Cruzeiro pressiona muito, mas Atl\u00e9tico se segura no Mineir\u00e3o e leva vantagem para Horto, ID: 8520<br><br><span style=\"color: red;\">O post atual n\u00e3o \u00e9 id\u00eantico ao post principal.<\/span><br><br>An\u00fancios: ROXO - TOPO INTERNA - ROTATIVO 2 (197)<br \/>Grupo de an\u00fancios: Princ_Meio01_720x104 (27)<br><br>Condi\u00e7\u00f5es de exibi\u00e7\u00e3o<div style=\"margin-bottom: 20px; white-space: pre-wrap; font-family: monospace; width: 100%; background: #ffe9e9;\"><strong>condi\u00e7\u00f5es gerais<\/strong><table border=\"1\"><thead><tr><th><\/th><th>An\u00fancios<\/th><th>wp_the_query<\/th><\/tr><\/thead><tr><td>is_main_query<\/td><td>1<\/td><td>1<\/td><\/tr><tr><td>is_rest_api<\/td><td>0<\/td><td>1<\/td><\/tr><tr><td>page<\/td><td>0<\/td><td>1<\/td><\/tr><tr><td>numpages<\/td><td>0<\/td><td>1<\/td><\/tr><tr><td>is_archive<\/td><td>1<\/td><td><\/td><\/tr><tr><td>is_search<\/td><td>1<\/td><td><\/td><\/tr><tr><td>is_home<\/td><td>1<\/td><td><\/td><\/tr><tr><td>is_404<\/td><td>1<\/td><td><\/td><\/tr><tr><td>is_attachment<\/td><td>1<\/td><td><\/td><\/tr><tr><td>is_singular<\/td><td>1<\/td><td><\/td><\/tr><tr><td>is_front_page<\/td><td>1<\/td><td><\/td><\/tr><tr><td>is_feed<\/td><td>1<\/td><td><\/td><\/tr><\/table><\/div><br><br><span style=\"color: red;\">Seu site usa HTTPS, mas o c\u00f3digo do an\u00fancio cont\u00e9m HTTP e pode n\u00e3o funcionar.<\/span>\t<br><br>\n\t<a style=\"color: green;\" href=\"https:\/\/wpadvancedads.com\/manual\/ad-debug-mode\/?utm_source=advanced-ads&utm_medium=link&utm_campaign=ad-debug-mode\" target=\"_blank\" rel=\"nofollow\">Encontre solu\u00e7\u00f5es no manual<\/a>\n<\/div>\n<\/li><\/ul><\/div><script>( window.advanced_ads_ready || jQuery( document ).ready ).call( null, function() {var $lavraslider719178555 = jQuery( \".lavra-slider-719178555\" );$lavraslider719178555.on( \"unslider.ready\", function() { jQuery( \"div.custom-slider ul li\" ).css( \"display\", \"block\" ); });$lavraslider719178555.unslider({ delay:4000, autoplay:true, nav:false, arrows:false, infinite:true });$lavraslider719178555.on(\"mouseover\", function() {$lavraslider719178555.unslider(\"stop\");}).on(\"mouseout\", function() {$lavraslider719178555.unslider(\"start\");});});<\/script><\/div><p>Tudo igual no primeiro jogo da final do Campeonato Mineiro. <!--more-->Em um jogo de maior dom\u00ednio do Cruzeiro, que tentava reverter a vantagem do Atl\u00e9tico, o time alvinegro conseguiu se segurar bem na defesa os 90 minutos e o cl\u00e1ssico terminou empatado em 0 a 0, neste domingo, no Mineir\u00e3o.<\/p>\n<p>O primeiro tempo foi de muita press\u00e3o do Cruzeiro, que teve ampla posse de bola e n\u00e3o deixou o rival jogar. Mas na segunda etapa, o Atl\u00e9tico atacou mais, chegou bem em finaliza\u00e7\u00f5es de Fred e Elias e equilibrou o confronto nos 45 minutos finais. No geral, o time celeste teve mais chances, por\u00e9m pecou no \u00faltimo passe e n\u00e3o soube concluir as poucas oportunidades que criou.<\/p>\n<p><img fetchpriority=\"high\" decoding=\"async\" class=\"alignnone size-full wp-image-8521 aligncenter\" src=\"http:\/\/lavras.tv\/site\/wp-content\/uploads\/2017\/05\/classico.jpg\" alt=\"classico\" width=\"405\" height=\"272\" srcset=\"https:\/\/lavras.tv\/site\/wp-content\/uploads\/2017\/05\/classico.jpg 405w, https:\/\/lavras.tv\/site\/wp-content\/uploads\/2017\/05\/classico-150x101.jpg 150w, https:\/\/lavras.tv\/site\/wp-content\/uploads\/2017\/05\/classico-300x201.jpg 300w, https:\/\/lavras.tv\/site\/wp-content\/uploads\/2017\/05\/classico-272x182.jpg 272w\" sizes=\"(max-width: 405px) 100vw, 405px\" \/><\/p>\n<p>Apesar de ter ampliado o jejum do Galo no cl\u00e1ssico \u2013 agora s\u00e3o oito jogos do Alvinegro sem vencer, com tr\u00eas empates e cinco derrotas \u2013, o Cruzeiro precisar\u00e1 vencer no pr\u00f3ximo domingo, \u00e0s 16h, no Independ\u00eancia, para ser campe\u00e3o mineiro. J\u00e1 ao Atl\u00e9tico, que fez melhor campanha na fase de classifica\u00e7\u00e3o, pode at\u00e9 empatar novamente para levar o t\u00edtulo.<\/p>\n<p>Agora os dois times tiram um pouco o foco da partida decisiva, no pr\u00f3ximo domingo. Na quarta-feira, \u00e0s 19h30 (de Bras\u00edlia), o Atl\u00e9tico vai at\u00e9 a Bol\u00edvia para enfrentar o Sport Boys, pela quinta rodada do Grupo 6 da Copa Libertadores, enquanto o Cruzeiro recebe a Chapecoense, \u00e0s 21h45, no Mineir\u00e3o, pelo primeiro duelo das oitavas de final da Copa do Brasil.<\/p>\n<p><strong>O jogo<\/strong><\/p>\n<p>Em campo, os 10 primeiros minutos do cl\u00e1ssico foram de muito estudo. Os times adotaram uma postura mais defensiva e n\u00e3o se arriscavam &#8211; trocavam a maioria dos passes no pr\u00f3prio campo de defesa. Com mais posse de bola, o Cruzeiro melhorou e passou a criar mais. O problema \u00e9 que n\u00e3o conseguia concluir no gol defendido por Victor.<\/p>\n<p>O Atl\u00e9tico, bem postado na defesa, s\u00f3 conseguiu criar algumas oportunidades de ataque entre os 35 e os 40 minutos, quando chegou perto da \u00e1rea cruzeirense. A p\u00e9ssima atua\u00e7\u00e3o da dupla formada por Robinho e Fred impediu que o time alvinegro assustasse o gol de Rafael.<\/p>\n<p>Ap\u00f3s o intervalo, o t\u00e9cnico Roger Machado conseguiu corrigir o posicionamento de seu ataque e o Atl\u00e9tico voltou com mais mobilidade no setor ofensivo. Mesmo sem substitui\u00e7\u00f5es, o time passou a criar mais chances. Maicosuel e Marlone auxiliaram na arma\u00e7\u00e3o de jogadas e, por pouco, Elias e Gabriel n\u00e3o abriram o placar.<\/p>\n<p>No lado cruzeirense, a entrada do centroavante argentino Ram\u00f3n \u00c1bila no lugar do meia Thiago Neves deu mais for\u00e7a para o ataque que chegou com mais frequ\u00eancia ao gol de Victor. Em duas finaliza\u00e7\u00f5es de \u00c1bila, o goleiro atleticano teve de trabalhar e assegurar o empate no cl\u00e1ssico.<\/p>\n<p><strong>Cruzeiro 0 x 0 Atl\u00e9tico<\/strong><\/p>\n<p>Cruzeiro: Rafael; Mayke, Caicedo, L\u00e9o e Diogo Barbosa; Hudson, Henrique, Rafinha (Alisson), Thiago Neves (\u00c1bila) e Arrascaeta (\u00c9lber); Rafael Sobis. T\u00e9cnico: Mano Menezes<\/p>\n<p>Atl\u00e9tico: Victor; Marcos Rocha, Leonardo Silva, Gabriel e F\u00e1bio Santos; Rafael Carioca, Elias, Marlone (Otero), Maicosuel (Adilson) e Robinho (Cazares); Fred. T\u00e9cnico: Roger Machado<\/p>\n<p>Motivo: jogo de ida da final do Campeonato Mineiro<br \/>\nData e hor\u00e1rio: 30 de abril de 2017, domingo, \u00e0s 16h<br \/>\nLocal: Mineir\u00e3o, em Belo Horizonte<\/p>\n<p>Cart\u00e3o Amarelo: Maicosuel, Gabriel (Atl\u00e9tico)<\/p>\n<p>\u00c1rbitro: Dewson Freitas (Fifa\/Par\u00e1)<br \/>\nBandeiras: Emerson Augusto de Cavalho (Fifa\/SP) e Marcelo Cavalho Van Gasse (Fifa\/SP)<br \/>\nAssistentes adicionais: Felipe Duarte Varej\u00e3o (CBF\/ES) e Dyorgines Jos\u00e9 Padovani de Andrade (CBF\/ES)<\/p>\n<p>P\u00fablico: 40.694 presentes \/\u00a038.978 pagantes<br \/>\nRenda: R$ 1.620.951,00<\/p>\n<p>Fonte: Itatiaia<\/p>\n","protected":false},"excerpt":{"rendered":"<p>Tudo igual no primeiro jogo da final do Campeonato Mineiro.<\/p>\n","protected":false},"author":2,"featured_media":8521,"comment_status":"closed","ping_status":"open","sticky":false,"template":"","format":"standard","meta":{"advgb_blocks_editor_width":"","advgb_blocks_columns_visual_guide":"","_exactmetrics_skip_tracking":false,"_exactmetrics_sitenote_active":false,"_exactmetrics_sitenote_note":"","_exactmetrics_sitenote_category":0,"footnotes":""},"categories":[3],"tags":[923,2843,3038,908,966,1703,1036,530],"class_list":["post-8520","post","type-post","status-publish","format-standard","has-post-thumbnail","hentry","category-esportes","tag-atletico","tag-campeonato-mineiro","tag-classico","tag-cruzeiro","tag-esporte","tag-final","tag-futebol","tag-minas-gerais"],"better_featured_image":{"id":8521,"alt_text":"","caption":"","description":"","media_type":"image","media_details":{"width":405,"height":272,"file":"2017\/05\/classico.jpg","sizes":{"thumbnail":{"file":"classico-150x101.jpg","width":150,"height":101,"mime-type":"image\/jpeg","source_url":"https:\/\/lavras.tv\/site\/wp-content\/uploads\/2017\/05\/classico-150x101.jpg"},"medium":{"file":"classico-300x201.jpg","width":300,"height":201,"mime-type":"image\/jpeg","source_url":"https:\/\/lavras.tv\/site\/wp-content\/uploads\/2017\/05\/classico-300x201.jpg"},"sow-carousel-default":{"file":"classico-272x182.jpg","width":272,"height":182,"mime-type":"image\/jpeg","source_url":"https:\/\/lavras.tv\/site\/wp-content\/uploads\/2017\/05\/classico-272x182.jpg"}},"image_meta":{"aperture":"0","credit":"","camera":"","caption":"","created_timestamp":"0","copyright":"","focal_length":"0","iso":"0","shutter_speed":"0","title":"","orientation":"0","keywords":[]}},"post":8520,"source_url":"https:\/\/lavras.tv\/site\/wp-content\/uploads\/2017\/05\/classico.jpg"},"author_meta":{"display_name":"Lavras TV","author_link":"https:\/\/lavras.tv\/site\/author\/lavrastv\/"},"featured_img":"https:\/\/lavras.tv\/site\/wp-content\/uploads\/2017\/05\/classico-300x201.jpg","coauthors":[],"tax_additional":{"categories":{"linked":["<a href=\"https:\/\/lavras.tv\/site\/category\/esportes\/\" class=\"advgb-post-tax-term\">Esportes<\/a>"],"unlinked":["<span class=\"advgb-post-tax-term\">Esportes<\/span>"]},"tags":{"linked":["<a href=\"https:\/\/lavras.tv\/site\/category\/esportes\/\" class=\"advgb-post-tax-term\">atl\u00e9tico<\/a>","<a href=\"https:\/\/lavras.tv\/site\/category\/esportes\/\" class=\"advgb-post-tax-term\">campeonato mineiro<\/a>","<a href=\"https:\/\/lavras.tv\/site\/category\/esportes\/\" class=\"advgb-post-tax-term\">cl\u00e1ssico<\/a>","<a href=\"https:\/\/lavras.tv\/site\/category\/esportes\/\" class=\"advgb-post-tax-term\">cruzeiro<\/a>","<a href=\"https:\/\/lavras.tv\/site\/category\/esportes\/\" class=\"advgb-post-tax-term\">esporte<\/a>","<a href=\"https:\/\/lavras.tv\/site\/category\/esportes\/\" class=\"advgb-post-tax-term\">final<\/a>","<a href=\"https:\/\/lavras.tv\/site\/category\/esportes\/\" class=\"advgb-post-tax-term\">futebol<\/a>","<a href=\"https:\/\/lavras.tv\/site\/category\/esportes\/\" class=\"advgb-post-tax-term\">minas gerais<\/a>"],"unlinked":["<span class=\"advgb-post-tax-term\">atl\u00e9tico<\/span>","<span class=\"advgb-post-tax-term\">campeonato mineiro<\/span>","<span class=\"advgb-post-tax-term\">cl\u00e1ssico<\/span>","<span class=\"advgb-post-tax-term\">cruzeiro<\/span>","<span class=\"advgb-post-tax-term\">esporte<\/span>","<span class=\"advgb-post-tax-term\">final<\/span>","<span class=\"advgb-post-tax-term\">futebol<\/span>","<span class=\"advgb-post-tax-term\">minas gerais<\/span>"]}},"comment_count":"0","relative_dates":{"created":"Publicado 9 anos atr\u00e1s","modified":"Atualizado 9 anos atr\u00e1s"},"absolute_dates":{"created":"Publicado em 1 de maio de 2017","modified":"Atualizado em 1 de maio de 2017"},"absolute_dates_time":{"created":"Publicado em 1 de maio de 2017 09:05","modified":"Atualizado em 1 de maio de 2017 09:05"},"featured_img_caption":"","series_order":"","_links":{"self":[{"href":"https:\/\/lavras.tv\/site\/wp-json\/wp\/v2\/posts\/8520","targetHints":{"allow":["GET"]}}],"collection":[{"href":"https:\/\/lavras.tv\/site\/wp-json\/wp\/v2\/posts"}],"about":[{"href":"https:\/\/lavras.tv\/site\/wp-json\/wp\/v2\/types\/post"}],"author":[{"embeddable":true,"href":"https:\/\/lavras.tv\/site\/wp-json\/wp\/v2\/users\/2"}],"replies":[{"embeddable":true,"href":"https:\/\/lavras.tv\/site\/wp-json\/wp\/v2\/comments?post=8520"}],"version-history":[{"count":2,"href":"https:\/\/lavras.tv\/site\/wp-json\/wp\/v2\/posts\/8520\/revisions"}],"predecessor-version":[{"id":8523,"href":"https:\/\/lavras.tv\/site\/wp-json\/wp\/v2\/posts\/8520\/revisions\/8523"}],"wp:featuredmedia":[{"embeddable":true,"href":"https:\/\/lavras.tv\/site\/wp-json\/wp\/v2\/media\/8521"}],"wp:attachment":[{"href":"https:\/\/lavras.tv\/site\/wp-json\/wp\/v2\/media?parent=8520"}],"wp:term":[{"taxonomy":"category","embeddable":true,"href":"https:\/\/lavras.tv\/site\/wp-json\/wp\/v2\/categories?post=8520"},{"taxonomy":"post_tag","embeddable":true,"href":"https:\/\/lavras.tv\/site\/wp-json\/wp\/v2\/tags?post=8520"}],"curies":[{"name":"wp","href":"https:\/\/api.w.org\/{rel}","templated":true}]}}